{"id":32102,"date":"2022-06-13T21:39:15","date_gmt":"2022-06-14T03:39:15","guid":{"rendered":"https:\/\/elinformativotam.com\/?p=32102"},"modified":"2022-06-13T21:39:15","modified_gmt":"2022-06-14T03:39:15","slug":"municipio-interpondra-denuncia-contra-el-responsable-del-incendio-en-el-mercado-juarez","status":"publish","type":"post","link":"https:\/\/elinformativotam.com\/index.php\/2022\/06\/13\/municipio-interpondra-denuncia-contra-el-responsable-del-incendio-en-el-mercado-juarez\/","title":{"rendered":"MUNICIPIO INTERPONDRA DENUNCIA CONTRA EL RESPONSABLE DEL INCENDIO EN EL MERCADO &#8220;JU\u00c1REZ&#8221;."},"content":{"rendered":"<p><em>El ayuntamiento de Tampico interpondra denuncia en contra del responsable por provocar el incendio en uno de los locales del mercado &#8220;Benito Ju\u00e1rez&#8221; en pasado domingo, dejando solo da\u00f1os materiales.<\/em><\/p>\n<p><em>\u00a0<\/em><\/p>\n<p><em>El alcalde Jes\u00fas Nader indic\u00f3 que lo sucedido pude ser a causa de un conflicto personal entre los mismos locatarios, por tal motivo realizar\u00e1n las averiguaciones pertinentes para deslindar responsables.<\/em><\/p>\n<p><em>\u00a0<\/em><\/p>\n<p><em>&#8220;Es un incidente que se tuvo el fin de semana, afortunadamente no hubo pedidas humanas y el da\u00f1o a la infraestructura fue m\u00ednimo, sabemos que fue algo provocado, que se gener\u00f3 quiz\u00e1s por rencillas, por conflictos internos&#8221;, dijo.<\/em><\/p>\n<p><em>\u00a0<\/em><\/p>\n<p><em>Mencion\u00f3 que las condiciones del mercado no son las adecuadas, por tal motivo pude ser peor el suceso registrado el fin de semana, indic\u00f3 que la seguridad en esa zona del mercado ha disminuido por tal motivo no pudieron percatarse del responsable. <\/em><\/p>\n<p><em>\u00a0<\/em><\/p>\n<p><em>&#8220;Sabemos que fue provocado, por alg\u00fan tipo de problema, fue algo que no paso a mayores, s\u00f3lo perdidas material, pero el hecho se va a investigar y se esperamos que los due\u00f1os del local pongan las denuncias, el municipio har\u00e1 lo propio &#8220;, coment\u00f3.<\/em><\/p>\n","protected":false},"excerpt":{"rendered":"<p>El ayuntamiento de Tampico interpondra denuncia en contra del responsable por provocar el incendio en uno de los locales del&hellip;<\/p>\n","protected":false},"author":1,"featured_media":32103,"comment_status":"open","ping_status":"open","sticky":false,"template":"","format":"standard","meta":{"footnotes":""},"categories":[3],"tags":[],"class_list":["post-32102","post","type-post","status-publish","format-standard","has-post-thumbnail","hentry","category-tampico"],"yoast_head":"<!-- This site is optimized with the Yoast SEO plugin v27.4 - https:\/\/yoast.com\/product\/yoast-seo-wordpress\/ -->\n<title>MUNICIPIO INTERPONDRA DENUNCIA CONTRA EL RESPONSABLE DEL INCENDIO EN EL MERCADO &quot;JU\u00c1REZ&quot;. - EL INFORMATIVO DE TAMAULIPAS<\/title>\n<meta name=\"description\" content=\"El ayuntamiento de Tampico interpondra denuncia en contra del responsable por provocar el incendio en uno de los locales del mercado &quot;Benito Ju\u00e1rez&quot; en\" \/>\n<meta name=\"robots\" content=\"index, follow, max-snippet:-1, max-image-preview:large, max-video-preview:-1\" \/>\n<link rel=\"canonical\" href=\"https:\/\/elinformativotam.com\/index.php\/2022\/06\/13\/municipio-interpondra-denuncia-contra-el-responsable-del-incendio-en-el-mercado-juarez\/\" \/>\n<meta property=\"og:locale\" content=\"es_MX\" \/>\n<meta property=\"og:type\" content=\"article\" \/>\n<meta property=\"og:title\" content=\"MUNICIPIO INTERPONDRA DENUNCIA CONTRA EL RESPONSABLE DEL INCENDIO EN EL MERCADO &quot;JU\u00c1REZ&quot;. - EL INFORMATIVO DE TAMAULIPAS\" \/>\n<meta property=\"og:description\" content=\"El ayuntamiento de Tampico interpondra denuncia en contra del responsable por provocar el incendio en uno de los locales del mercado &quot;Benito Ju\u00e1rez&quot; en\" \/>\n<meta property=\"og:url\" content=\"https:\/\/elinformativotam.com\/index.php\/2022\/06\/13\/municipio-interpondra-denuncia-contra-el-responsable-del-incendio-en-el-mercado-juarez\/\" \/>\n<meta property=\"og:site_name\" content=\"EL INFORMATIVO DE TAMAULIPAS\" \/>\n<meta property=\"article:published_time\" content=\"2022-06-14T03:39:15+00:00\" \/>\n<meta property=\"og:image\" content=\"https:\/\/elinformativotam.com\/wp-content\/uploads\/2022\/06\/Mercado.jpg\" \/>\n\t<meta property=\"og:image:width\" content=\"1600\" \/>\n\t<meta property=\"og:image:height\" content=\"1200\" \/>\n\t<meta property=\"og:image:type\" content=\"image\/jpeg\" \/>\n<meta name=\"author\" content=\"El Informativo Tam\" \/>\n<meta name=\"twitter:card\" content=\"summary_large_image\" \/>\n<meta name=\"twitter:label1\" content=\"Escrito por\" \/>\n\t<meta name=\"twitter:data1\" content=\"El Informativo Tam\" \/>\n\t<meta name=\"twitter:label2\" content=\"Tiempo de lectura\" \/>\n\t<meta name=\"twitter:data2\" content=\"1 minuto\" \/>\n<script type=\"application\/ld+json\" class=\"yoast-schema-graph\">{\"@context\":\"https:\\\/\\\/schema.org\",\"@graph\":[{\"@type\":\"Article\",\"@id\":\"https:\\\/\\\/elinformativotam.com\\\/index.php\\\/2022\\\/06\\\/13\\\/municipio-interpondra-denuncia-contra-el-responsable-del-incendio-en-el-mercado-juarez\\\/#article\",\"isPartOf\":{\"@id\":\"https:\\\/\\\/elinformativotam.com\\\/index.php\\\/2022\\\/06\\\/13\\\/municipio-interpondra-denuncia-contra-el-responsable-del-incendio-en-el-mercado-juarez\\\/\"},\"author\":{\"name\":\"El Informativo Tam\",\"@id\":\"https:\\\/\\\/elinformativotam.com\\\/#\\\/schema\\\/person\\\/78e08040eed0f6110f0c5f83b6153590\"},\"headline\":\"MUNICIPIO INTERPONDRA DENUNCIA CONTRA EL RESPONSABLE DEL INCENDIO EN EL MERCADO &#8220;JU\u00c1REZ&#8221;.\",\"datePublished\":\"2022-06-14T03:39:15+00:00\",\"mainEntityOfPage\":{\"@id\":\"https:\\\/\\\/elinformativotam.com\\\/index.php\\\/2022\\\/06\\\/13\\\/municipio-interpondra-denuncia-contra-el-responsable-del-incendio-en-el-mercado-juarez\\\/\"},\"wordCount\":206,\"commentCount\":0,\"publisher\":{\"@id\":\"https:\\\/\\\/elinformativotam.com\\\/#organization\"},\"image\":{\"@id\":\"https:\\\/\\\/elinformativotam.com\\\/index.php\\\/2022\\\/06\\\/13\\\/municipio-interpondra-denuncia-contra-el-responsable-del-incendio-en-el-mercado-juarez\\\/#primaryimage\"},\"thumbnailUrl\":\"https:\\\/\\\/elinformativotam.com\\\/wp-content\\\/uploads\\\/2022\\\/06\\\/Mercado.jpg\",\"articleSection\":[\"Tampico\"],\"inLanguage\":\"es\",\"potentialAction\":[{\"@type\":\"CommentAction\",\"name\":\"Comment\",\"target\":[\"https:\\\/\\\/elinformativotam.com\\\/index.php\\\/2022\\\/06\\\/13\\\/municipio-interpondra-denuncia-contra-el-responsable-del-incendio-en-el-mercado-juarez\\\/#respond\"]}]},{\"@type\":\"WebPage\",\"@id\":\"https:\\\/\\\/elinformativotam.com\\\/index.php\\\/2022\\\/06\\\/13\\\/municipio-interpondra-denuncia-contra-el-responsable-del-incendio-en-el-mercado-juarez\\\/\",\"url\":\"https:\\\/\\\/elinformativotam.com\\\/index.php\\\/2022\\\/06\\\/13\\\/municipio-interpondra-denuncia-contra-el-responsable-del-incendio-en-el-mercado-juarez\\\/\",\"name\":\"MUNICIPIO INTERPONDRA DENUNCIA CONTRA EL RESPONSABLE DEL INCENDIO EN EL MERCADO \\\"JU\u00c1REZ\\\". - EL INFORMATIVO DE TAMAULIPAS\",\"isPartOf\":{\"@id\":\"https:\\\/\\\/elinformativotam.com\\\/#website\"},\"primaryImageOfPage\":{\"@id\":\"https:\\\/\\\/elinformativotam.com\\\/index.php\\\/2022\\\/06\\\/13\\\/municipio-interpondra-denuncia-contra-el-responsable-del-incendio-en-el-mercado-juarez\\\/#primaryimage\"},\"image\":{\"@id\":\"https:\\\/\\\/elinformativotam.com\\\/index.php\\\/2022\\\/06\\\/13\\\/municipio-interpondra-denuncia-contra-el-responsable-del-incendio-en-el-mercado-juarez\\\/#primaryimage\"},\"thumbnailUrl\":\"https:\\\/\\\/elinformativotam.com\\\/wp-content\\\/uploads\\\/2022\\\/06\\\/Mercado.jpg\",\"datePublished\":\"2022-06-14T03:39:15+00:00\",\"description\":\"El ayuntamiento de Tampico interpondra denuncia en contra del responsable por provocar el incendio en uno de los locales del mercado \\\"Benito Ju\u00e1rez\\\" en\",\"inLanguage\":\"es\",\"potentialAction\":[{\"@type\":\"ReadAction\",\"target\":[\"https:\\\/\\\/elinformativotam.com\\\/index.php\\\/2022\\\/06\\\/13\\\/municipio-interpondra-denuncia-contra-el-responsable-del-incendio-en-el-mercado-juarez\\\/\"]}]},{\"@type\":\"ImageObject\",\"inLanguage\":\"es\",\"@id\":\"https:\\\/\\\/elinformativotam.com\\\/index.php\\\/2022\\\/06\\\/13\\\/municipio-interpondra-denuncia-contra-el-responsable-del-incendio-en-el-mercado-juarez\\\/#primaryimage\",\"url\":\"https:\\\/\\\/elinformativotam.com\\\/wp-content\\\/uploads\\\/2022\\\/06\\\/Mercado.jpg\",\"contentUrl\":\"https:\\\/\\\/elinformativotam.com\\\/wp-content\\\/uploads\\\/2022\\\/06\\\/Mercado.jpg\",\"width\":1600,\"height\":1200},{\"@type\":\"WebSite\",\"@id\":\"https:\\\/\\\/elinformativotam.com\\\/#website\",\"url\":\"https:\\\/\\\/elinformativotam.com\\\/\",\"name\":\"EL INFORMATIVO DE TAMAULIPAS\",\"description\":\"Desde la Zona Metropolitana Para Todo M\u00e9xico\",\"publisher\":{\"@id\":\"https:\\\/\\\/elinformativotam.com\\\/#organization\"},\"potentialAction\":[{\"@type\":\"SearchAction\",\"target\":{\"@type\":\"EntryPoint\",\"urlTemplate\":\"https:\\\/\\\/elinformativotam.com\\\/?s={search_term_string}\"},\"query-input\":{\"@type\":\"PropertyValueSpecification\",\"valueRequired\":true,\"valueName\":\"search_term_string\"}}],\"inLanguage\":\"es\"},{\"@type\":\"Organization\",\"@id\":\"https:\\\/\\\/elinformativotam.com\\\/#organization\",\"name\":\"EL INFORMATIVO DE TAMAULIPAS\",\"url\":\"https:\\\/\\\/elinformativotam.com\\\/\",\"logo\":{\"@type\":\"ImageObject\",\"inLanguage\":\"es\",\"@id\":\"https:\\\/\\\/elinformativotam.com\\\/#\\\/schema\\\/logo\\\/image\\\/\",\"url\":\"https:\\\/\\\/elinformativotam.com\\\/wp-content\\\/uploads\\\/2026\\\/02\\\/Cabezal.png\",\"contentUrl\":\"https:\\\/\\\/elinformativotam.com\\\/wp-content\\\/uploads\\\/2026\\\/02\\\/Cabezal.png\",\"width\":960,\"height\":640,\"caption\":\"EL INFORMATIVO DE TAMAULIPAS\"},\"image\":{\"@id\":\"https:\\\/\\\/elinformativotam.com\\\/#\\\/schema\\\/logo\\\/image\\\/\"}},{\"@type\":\"Person\",\"@id\":\"https:\\\/\\\/elinformativotam.com\\\/#\\\/schema\\\/person\\\/78e08040eed0f6110f0c5f83b6153590\",\"name\":\"El Informativo Tam\",\"image\":{\"@type\":\"ImageObject\",\"inLanguage\":\"es\",\"@id\":\"https:\\\/\\\/secure.gravatar.com\\\/avatar\\\/f3b7ad3af540688955925ac610647be00b0cf41feea9c4978b73a707ee86bc53?s=96&d=mm&r=g\",\"url\":\"https:\\\/\\\/secure.gravatar.com\\\/avatar\\\/f3b7ad3af540688955925ac610647be00b0cf41feea9c4978b73a707ee86bc53?s=96&d=mm&r=g\",\"contentUrl\":\"https:\\\/\\\/secure.gravatar.com\\\/avatar\\\/f3b7ad3af540688955925ac610647be00b0cf41feea9c4978b73a707ee86bc53?s=96&d=mm&r=g\",\"caption\":\"El Informativo Tam\"}}]}<\/script>\n<!-- \/ Yoast SEO plugin. -->","yoast_head_json":{"title":"MUNICIPIO INTERPONDRA DENUNCIA CONTRA EL RESPONSABLE DEL INCENDIO EN EL MERCADO \"JU\u00c1REZ\". - EL INFORMATIVO DE TAMAULIPAS","description":"El ayuntamiento de Tampico interpondra denuncia en contra del responsable por provocar el incendio en uno de los locales del mercado \"Benito Ju\u00e1rez\" en","robots":{"index":"index","follow":"follow","max-snippet":"max-snippet:-1","max-image-preview":"max-image-preview:large","max-video-preview":"max-video-preview:-1"},"canonical":"https:\/\/elinformativotam.com\/index.php\/2022\/06\/13\/municipio-interpondra-denuncia-contra-el-responsable-del-incendio-en-el-mercado-juarez\/","og_locale":"es_MX","og_type":"article","og_title":"MUNICIPIO INTERPONDRA DENUNCIA CONTRA EL RESPONSABLE DEL INCENDIO EN EL MERCADO \"JU\u00c1REZ\". - EL INFORMATIVO DE TAMAULIPAS","og_description":"El ayuntamiento de Tampico interpondra denuncia en contra del responsable por provocar el incendio en uno de los locales del mercado \"Benito Ju\u00e1rez\" en","og_url":"https:\/\/elinformativotam.com\/index.php\/2022\/06\/13\/municipio-interpondra-denuncia-contra-el-responsable-del-incendio-en-el-mercado-juarez\/","og_site_name":"EL INFORMATIVO DE TAMAULIPAS","article_published_time":"2022-06-14T03:39:15+00:00","og_image":[{"width":1600,"height":1200,"url":"https:\/\/elinformativotam.com\/wp-content\/uploads\/2022\/06\/Mercado.jpg","type":"image\/jpeg"}],"author":"El Informativo Tam","twitter_card":"summary_large_image","twitter_misc":{"Escrito por":"El Informativo Tam","Tiempo de lectura":"1 minuto"},"schema":{"@context":"https:\/\/schema.org","@graph":[{"@type":"Article","@id":"https:\/\/elinformativotam.com\/index.php\/2022\/06\/13\/municipio-interpondra-denuncia-contra-el-responsable-del-incendio-en-el-mercado-juarez\/#article","isPartOf":{"@id":"https:\/\/elinformativotam.com\/index.php\/2022\/06\/13\/municipio-interpondra-denuncia-contra-el-responsable-del-incendio-en-el-mercado-juarez\/"},"author":{"name":"El Informativo Tam","@id":"https:\/\/elinformativotam.com\/#\/schema\/person\/78e08040eed0f6110f0c5f83b6153590"},"headline":"MUNICIPIO INTERPONDRA DENUNCIA CONTRA EL RESPONSABLE DEL INCENDIO EN EL MERCADO &#8220;JU\u00c1REZ&#8221;.","datePublished":"2022-06-14T03:39:15+00:00","mainEntityOfPage":{"@id":"https:\/\/elinformativotam.com\/index.php\/2022\/06\/13\/municipio-interpondra-denuncia-contra-el-responsable-del-incendio-en-el-mercado-juarez\/"},"wordCount":206,"commentCount":0,"publisher":{"@id":"https:\/\/elinformativotam.com\/#organization"},"image":{"@id":"https:\/\/elinformativotam.com\/index.php\/2022\/06\/13\/municipio-interpondra-denuncia-contra-el-responsable-del-incendio-en-el-mercado-juarez\/#primaryimage"},"thumbnailUrl":"https:\/\/elinformativotam.com\/wp-content\/uploads\/2022\/06\/Mercado.jpg","articleSection":["Tampico"],"inLanguage":"es","potentialAction":[{"@type":"CommentAction","name":"Comment","target":["https:\/\/elinformativotam.com\/index.php\/2022\/06\/13\/municipio-interpondra-denuncia-contra-el-responsable-del-incendio-en-el-mercado-juarez\/#respond"]}]},{"@type":"WebPage","@id":"https:\/\/elinformativotam.com\/index.php\/2022\/06\/13\/municipio-interpondra-denuncia-contra-el-responsable-del-incendio-en-el-mercado-juarez\/","url":"https:\/\/elinformativotam.com\/index.php\/2022\/06\/13\/municipio-interpondra-denuncia-contra-el-responsable-del-incendio-en-el-mercado-juarez\/","name":"MUNICIPIO INTERPONDRA DENUNCIA CONTRA EL RESPONSABLE DEL INCENDIO EN EL MERCADO \"JU\u00c1REZ\". - EL INFORMATIVO DE TAMAULIPAS","isPartOf":{"@id":"https:\/\/elinformativotam.com\/#website"},"primaryImageOfPage":{"@id":"https:\/\/elinformativotam.com\/index.php\/2022\/06\/13\/municipio-interpondra-denuncia-contra-el-responsable-del-incendio-en-el-mercado-juarez\/#primaryimage"},"image":{"@id":"https:\/\/elinformativotam.com\/index.php\/2022\/06\/13\/municipio-interpondra-denuncia-contra-el-responsable-del-incendio-en-el-mercado-juarez\/#primaryimage"},"thumbnailUrl":"https:\/\/elinformativotam.com\/wp-content\/uploads\/2022\/06\/Mercado.jpg","datePublished":"2022-06-14T03:39:15+00:00","description":"El ayuntamiento de Tampico interpondra denuncia en contra del responsable por provocar el incendio en uno de los locales del mercado \"Benito Ju\u00e1rez\" en","inLanguage":"es","potentialAction":[{"@type":"ReadAction","target":["https:\/\/elinformativotam.com\/index.php\/2022\/06\/13\/municipio-interpondra-denuncia-contra-el-responsable-del-incendio-en-el-mercado-juarez\/"]}]},{"@type":"ImageObject","inLanguage":"es","@id":"https:\/\/elinformativotam.com\/index.php\/2022\/06\/13\/municipio-interpondra-denuncia-contra-el-responsable-del-incendio-en-el-mercado-juarez\/#primaryimage","url":"https:\/\/elinformativotam.com\/wp-content\/uploads\/2022\/06\/Mercado.jpg","contentUrl":"https:\/\/elinformativotam.com\/wp-content\/uploads\/2022\/06\/Mercado.jpg","width":1600,"height":1200},{"@type":"WebSite","@id":"https:\/\/elinformativotam.com\/#website","url":"https:\/\/elinformativotam.com\/","name":"EL INFORMATIVO DE TAMAULIPAS","description":"Desde la Zona Metropolitana Para Todo M\u00e9xico","publisher":{"@id":"https:\/\/elinformativotam.com\/#organization"},"potentialAction":[{"@type":"SearchAction","target":{"@type":"EntryPoint","urlTemplate":"https:\/\/elinformativotam.com\/?s={search_term_string}"},"query-input":{"@type":"PropertyValueSpecification","valueRequired":true,"valueName":"search_term_string"}}],"inLanguage":"es"},{"@type":"Organization","@id":"https:\/\/elinformativotam.com\/#organization","name":"EL INFORMATIVO DE TAMAULIPAS","url":"https:\/\/elinformativotam.com\/","logo":{"@type":"ImageObject","inLanguage":"es","@id":"https:\/\/elinformativotam.com\/#\/schema\/logo\/image\/","url":"https:\/\/elinformativotam.com\/wp-content\/uploads\/2026\/02\/Cabezal.png","contentUrl":"https:\/\/elinformativotam.com\/wp-content\/uploads\/2026\/02\/Cabezal.png","width":960,"height":640,"caption":"EL INFORMATIVO DE TAMAULIPAS"},"image":{"@id":"https:\/\/elinformativotam.com\/#\/schema\/logo\/image\/"}},{"@type":"Person","@id":"https:\/\/elinformativotam.com\/#\/schema\/person\/78e08040eed0f6110f0c5f83b6153590","name":"El Informativo Tam","image":{"@type":"ImageObject","inLanguage":"es","@id":"https:\/\/secure.gravatar.com\/avatar\/f3b7ad3af540688955925ac610647be00b0cf41feea9c4978b73a707ee86bc53?s=96&d=mm&r=g","url":"https:\/\/secure.gravatar.com\/avatar\/f3b7ad3af540688955925ac610647be00b0cf41feea9c4978b73a707ee86bc53?s=96&d=mm&r=g","contentUrl":"https:\/\/secure.gravatar.com\/avatar\/f3b7ad3af540688955925ac610647be00b0cf41feea9c4978b73a707ee86bc53?s=96&d=mm&r=g","caption":"El Informativo Tam"}}]}},"_links":{"self":[{"href":"https:\/\/elinformativotam.com\/index.php\/wp-json\/wp\/v2\/posts\/32102","targetHints":{"allow":["GET"]}}],"collection":[{"href":"https:\/\/elinformativotam.com\/index.php\/wp-json\/wp\/v2\/posts"}],"about":[{"href":"https:\/\/elinformativotam.com\/index.php\/wp-json\/wp\/v2\/types\/post"}],"author":[{"embeddable":true,"href":"https:\/\/elinformativotam.com\/index.php\/wp-json\/wp\/v2\/users\/1"}],"replies":[{"embeddable":true,"href":"https:\/\/elinformativotam.com\/index.php\/wp-json\/wp\/v2\/comments?post=32102"}],"version-history":[{"count":1,"href":"https:\/\/elinformativotam.com\/index.php\/wp-json\/wp\/v2\/posts\/32102\/revisions"}],"predecessor-version":[{"id":32104,"href":"https:\/\/elinformativotam.com\/index.php\/wp-json\/wp\/v2\/posts\/32102\/revisions\/32104"}],"wp:featuredmedia":[{"embeddable":true,"href":"https:\/\/elinformativotam.com\/index.php\/wp-json\/wp\/v2\/media\/32103"}],"wp:attachment":[{"href":"https:\/\/elinformativotam.com\/index.php\/wp-json\/wp\/v2\/media?parent=32102"}],"wp:term":[{"taxonomy":"category","embeddable":true,"href":"https:\/\/elinformativotam.com\/index.php\/wp-json\/wp\/v2\/categories?post=32102"},{"taxonomy":"post_tag","embeddable":true,"href":"https:\/\/elinformativotam.com\/index.php\/wp-json\/wp\/v2\/tags?post=32102"}],"curies":[{"name":"wp","href":"https:\/\/api.w.org\/{rel}","templated":true}]}}