{"id":32093,"date":"2022-06-13T17:15:51","date_gmt":"2022-06-13T23:15:51","guid":{"rendered":"https:\/\/elinformativotam.com\/?p=32093"},"modified":"2022-06-13T17:15:51","modified_gmt":"2022-06-13T23:15:51","slug":"encabeza-alcalde-instalacion-del-consejo-municipal-de-proteccion-civil","status":"publish","type":"post","link":"https:\/\/elinformativotam.com\/index.php\/2022\/06\/13\/encabeza-alcalde-instalacion-del-consejo-municipal-de-proteccion-civil\/","title":{"rendered":"ENCABEZA ALCALDE INSTALACI\u00d3N DEL CONSEJO MUNICIPAL DE PROTECCI\u00d3N CIVIL"},"content":{"rendered":"<p><em>Luego del inicio de la Temporada de Lluvias y Huracanes para el Oc\u00e9ano Atl\u00e1ntico y Golfo de M\u00e9xico, este lunes el Presidente Municipal Chucho Nader encabez\u00f3 la instalaci\u00f3n del Consejo Permanente de Protecci\u00f3n Civil en el que participan las diferentes dependencias de seguridad de los tres niveles de gobierno, as\u00ed como organismos sociales, p\u00fablicos y privados encargados de brindar protecci\u00f3n y seguridad a la poblaci\u00f3n.<\/em><\/p>\n<p><em>\u00a0<\/em><\/p>\n<p><em>En el evento efectuado en la Casa de la Cultura, el jefe edilicio, acompa\u00f1ado de su esposa, A\u00edda F\u00e9res de Nader, Presidenta del Sistema DIF, destac\u00f3 la extraordinaria coordinaci\u00f3n que existe entre todos los integrantes del Consejo y subray\u00f3 en la responsabilidad que cada ente p\u00fablico y privado tiene para salvaguardar la vida y el patrimonio de la poblaci\u00f3n tampique\u00f1a.<\/em><\/p>\n<p><em>\u00a0<\/em><\/p>\n<p><em>&#8220;Me da mucho gusto constatar la plena disposici\u00f3n que existe entre todos para trabajar unidos en preservar la seguridad y la vida de las familias tampique\u00f1as en esta nueva temporada de lluvias y huracanes; les felicito y deseo que este Consejo responda con oportunidad a las necesidades que requiera la poblaci\u00f3n&#8221;, expres\u00f3.<\/em><\/p>\n<p><em>\u00a0<\/em><\/p>\n<p><em>Al detallar el pron\u00f3stico contemplado para la presente temporada, el titular de Protecci\u00f3n Civil en el municipio Pedro Romero S\u00e1nchez explic\u00f3 que se esperan de 16 a 21 ciclones para el Golfo de M\u00e9xico, de los cuales 10 ser\u00e1n tormentas tropicales, de cuatro a seis corresponden a ciclones categor\u00edas 1 y 2; y de dos a cuatro a cuatro ser\u00e1n huracanes categor\u00eda 3, 4 y 5.<\/em><\/p>\n<p><em>\u00a0<\/em><\/p>\n<p><em>&#8220;Estaremos monitoreando y vigilando el comportamiento de cada de estos fen\u00f3menos con el prop\u00f3sito de que todos y cada uno de los equipos de trabajo que tenemos en el municipio en coordinaci\u00f3n con las organizaciones civiles y dem\u00e1s organismos privados, estemos listos para actuar&#8221;, dijo.<\/em><\/p>\n<p><em>\u00a0<\/em><\/p>\n<p><em>Por su parte el Comandante del Quinceavo Batall\u00f3n de Infanter\u00eda, Coronel Nicasio Sol\u00eds, explic\u00f3 que en caso de una contingencia, la Secretar\u00eda de la Defensa Nacional cuenta con el plan DN3 para actuar en apoyo a la ciudadan\u00eda.<\/em><\/p>\n<p><em>\u00a0<\/em><\/p>\n<p><em>En el mismo sentido se manifest\u00f3 el representante de la Primera Zona Naval Militar, Contraalmirante, Francisco Morgado S\u00e1nchez; y el Coordinador Regional de la Guardia Nacional, Teniente, Tom\u00e1s Mar Gonz\u00e1lez, quienes destacaron el compromiso de sus respectivas instituciones con el bienestar de la poblaci\u00f3n tampique\u00f1a y surtamaulipeca.<\/em><\/p>\n<p><em>\u00a0<\/em><\/p>\n<p><em>A la instalaci\u00f3n del Consejo asistieron adem\u00e1s; Fernando Luj\u00e1n Portes, Coordinador de la Polic\u00eda Estatal en la zona conurbada; Blas Enrique Rodr\u00edguez Altamirano, Coordinador jurisdiccional de la COEPRIS; Jos\u00e9 Luis S\u00e1nchez Sustaita, Jefe de la Jurisdicci\u00f3n Sanitaria n\u00famero dos; los Regidores integrantes de la Comisi\u00f3n de Protecci\u00f3n Civil en el municipio, Homero Peraza Guerra, Francisco Ontiveros Salinas y Mar\u00eda de la Luz Mar Estrada; as\u00ed como representantes de CFE, Conagua, API Tampico, Tel\u00e9fonos de M\u00e9xico, Cruz Roja, Canaco, y titulares de las diferentes dependencias del gobierno local.<\/em><\/p>\n","protected":false},"excerpt":{"rendered":"<p>Luego del inicio de la Temporada de Lluvias y Huracanes para el Oc\u00e9ano Atl\u00e1ntico y Golfo de M\u00e9xico, este lunes&hellip;<\/p>\n","protected":false},"author":1,"featured_media":32094,"comment_status":"open","ping_status":"open","sticky":false,"template":"","format":"standard","meta":{"footnotes":""},"categories":[3],"tags":[],"class_list":["post-32093","post","type-post","status-publish","format-standard","has-post-thumbnail","hentry","category-tampico"],"yoast_head":"<!-- This site is optimized with the Yoast SEO plugin v27.4 - https:\/\/yoast.com\/product\/yoast-seo-wordpress\/ -->\n<title>ENCABEZA ALCALDE INSTALACI\u00d3N DEL CONSEJO MUNICIPAL DE PROTECCI\u00d3N CIVIL - EL INFORMATIVO DE TAMAULIPAS<\/title>\n<meta name=\"description\" content=\"Luego del inicio de la Temporada de Lluvias y Huracanes para el Oc\u00e9ano Atl\u00e1ntico y Golfo de M\u00e9xico, este lunes el Presidente Municipal Chucho Nader\" \/>\n<meta name=\"robots\" content=\"index, follow, max-snippet:-1, max-image-preview:large, max-video-preview:-1\" \/>\n<link rel=\"canonical\" href=\"https:\/\/elinformativotam.com\/index.php\/2022\/06\/13\/encabeza-alcalde-instalacion-del-consejo-municipal-de-proteccion-civil\/\" \/>\n<meta property=\"og:locale\" content=\"es_MX\" \/>\n<meta property=\"og:type\" content=\"article\" \/>\n<meta property=\"og:title\" content=\"ENCABEZA ALCALDE INSTALACI\u00d3N DEL CONSEJO MUNICIPAL DE PROTECCI\u00d3N CIVIL - EL INFORMATIVO DE TAMAULIPAS\" \/>\n<meta property=\"og:description\" content=\"Luego del inicio de la Temporada de Lluvias y Huracanes para el Oc\u00e9ano Atl\u00e1ntico y Golfo de M\u00e9xico, este lunes el Presidente Municipal Chucho Nader\" \/>\n<meta property=\"og:url\" content=\"https:\/\/elinformativotam.com\/index.php\/2022\/06\/13\/encabeza-alcalde-instalacion-del-consejo-municipal-de-proteccion-civil\/\" \/>\n<meta property=\"og:site_name\" content=\"EL INFORMATIVO DE TAMAULIPAS\" \/>\n<meta property=\"article:published_time\" content=\"2022-06-13T23:15:51+00:00\" \/>\n<meta property=\"og:image\" content=\"https:\/\/elinformativotam.com\/wp-content\/uploads\/2022\/06\/Tampico.jpg\" \/>\n\t<meta property=\"og:image:width\" content=\"1600\" \/>\n\t<meta property=\"og:image:height\" content=\"1066\" \/>\n\t<meta property=\"og:image:type\" content=\"image\/jpeg\" \/>\n<meta name=\"author\" content=\"El Informativo Tam\" \/>\n<meta name=\"twitter:card\" content=\"summary_large_image\" \/>\n<meta name=\"twitter:label1\" content=\"Escrito por\" \/>\n\t<meta name=\"twitter:data1\" content=\"El Informativo Tam\" \/>\n\t<meta name=\"twitter:label2\" content=\"Tiempo de lectura\" \/>\n\t<meta name=\"twitter:data2\" content=\"3 minutos\" \/>\n<script type=\"application\/ld+json\" class=\"yoast-schema-graph\">{\"@context\":\"https:\\\/\\\/schema.org\",\"@graph\":[{\"@type\":\"Article\",\"@id\":\"https:\\\/\\\/elinformativotam.com\\\/index.php\\\/2022\\\/06\\\/13\\\/encabeza-alcalde-instalacion-del-consejo-municipal-de-proteccion-civil\\\/#article\",\"isPartOf\":{\"@id\":\"https:\\\/\\\/elinformativotam.com\\\/index.php\\\/2022\\\/06\\\/13\\\/encabeza-alcalde-instalacion-del-consejo-municipal-de-proteccion-civil\\\/\"},\"author\":{\"name\":\"El Informativo Tam\",\"@id\":\"https:\\\/\\\/elinformativotam.com\\\/#\\\/schema\\\/person\\\/78e08040eed0f6110f0c5f83b6153590\"},\"headline\":\"ENCABEZA ALCALDE INSTALACI\u00d3N DEL CONSEJO MUNICIPAL DE PROTECCI\u00d3N CIVIL\",\"datePublished\":\"2022-06-13T23:15:51+00:00\",\"mainEntityOfPage\":{\"@id\":\"https:\\\/\\\/elinformativotam.com\\\/index.php\\\/2022\\\/06\\\/13\\\/encabeza-alcalde-instalacion-del-consejo-municipal-de-proteccion-civil\\\/\"},\"wordCount\":516,\"commentCount\":0,\"publisher\":{\"@id\":\"https:\\\/\\\/elinformativotam.com\\\/#organization\"},\"image\":{\"@id\":\"https:\\\/\\\/elinformativotam.com\\\/index.php\\\/2022\\\/06\\\/13\\\/encabeza-alcalde-instalacion-del-consejo-municipal-de-proteccion-civil\\\/#primaryimage\"},\"thumbnailUrl\":\"https:\\\/\\\/elinformativotam.com\\\/wp-content\\\/uploads\\\/2022\\\/06\\\/Tampico.jpg\",\"articleSection\":[\"Tampico\"],\"inLanguage\":\"es\",\"potentialAction\":[{\"@type\":\"CommentAction\",\"name\":\"Comment\",\"target\":[\"https:\\\/\\\/elinformativotam.com\\\/index.php\\\/2022\\\/06\\\/13\\\/encabeza-alcalde-instalacion-del-consejo-municipal-de-proteccion-civil\\\/#respond\"]}]},{\"@type\":\"WebPage\",\"@id\":\"https:\\\/\\\/elinformativotam.com\\\/index.php\\\/2022\\\/06\\\/13\\\/encabeza-alcalde-instalacion-del-consejo-municipal-de-proteccion-civil\\\/\",\"url\":\"https:\\\/\\\/elinformativotam.com\\\/index.php\\\/2022\\\/06\\\/13\\\/encabeza-alcalde-instalacion-del-consejo-municipal-de-proteccion-civil\\\/\",\"name\":\"ENCABEZA ALCALDE INSTALACI\u00d3N DEL CONSEJO MUNICIPAL DE PROTECCI\u00d3N CIVIL - EL INFORMATIVO DE TAMAULIPAS\",\"isPartOf\":{\"@id\":\"https:\\\/\\\/elinformativotam.com\\\/#website\"},\"primaryImageOfPage\":{\"@id\":\"https:\\\/\\\/elinformativotam.com\\\/index.php\\\/2022\\\/06\\\/13\\\/encabeza-alcalde-instalacion-del-consejo-municipal-de-proteccion-civil\\\/#primaryimage\"},\"image\":{\"@id\":\"https:\\\/\\\/elinformativotam.com\\\/index.php\\\/2022\\\/06\\\/13\\\/encabeza-alcalde-instalacion-del-consejo-municipal-de-proteccion-civil\\\/#primaryimage\"},\"thumbnailUrl\":\"https:\\\/\\\/elinformativotam.com\\\/wp-content\\\/uploads\\\/2022\\\/06\\\/Tampico.jpg\",\"datePublished\":\"2022-06-13T23:15:51+00:00\",\"description\":\"Luego del inicio de la Temporada de Lluvias y Huracanes para el Oc\u00e9ano Atl\u00e1ntico y Golfo de M\u00e9xico, este lunes el Presidente Municipal Chucho Nader\",\"inLanguage\":\"es\",\"potentialAction\":[{\"@type\":\"ReadAction\",\"target\":[\"https:\\\/\\\/elinformativotam.com\\\/index.php\\\/2022\\\/06\\\/13\\\/encabeza-alcalde-instalacion-del-consejo-municipal-de-proteccion-civil\\\/\"]}]},{\"@type\":\"ImageObject\",\"inLanguage\":\"es\",\"@id\":\"https:\\\/\\\/elinformativotam.com\\\/index.php\\\/2022\\\/06\\\/13\\\/encabeza-alcalde-instalacion-del-consejo-municipal-de-proteccion-civil\\\/#primaryimage\",\"url\":\"https:\\\/\\\/elinformativotam.com\\\/wp-content\\\/uploads\\\/2022\\\/06\\\/Tampico.jpg\",\"contentUrl\":\"https:\\\/\\\/elinformativotam.com\\\/wp-content\\\/uploads\\\/2022\\\/06\\\/Tampico.jpg\",\"width\":1600,\"height\":1066},{\"@type\":\"WebSite\",\"@id\":\"https:\\\/\\\/elinformativotam.com\\\/#website\",\"url\":\"https:\\\/\\\/elinformativotam.com\\\/\",\"name\":\"EL INFORMATIVO DE TAMAULIPAS\",\"description\":\"Desde la Zona Metropolitana Para Todo M\u00e9xico\",\"publisher\":{\"@id\":\"https:\\\/\\\/elinformativotam.com\\\/#organization\"},\"potentialAction\":[{\"@type\":\"SearchAction\",\"target\":{\"@type\":\"EntryPoint\",\"urlTemplate\":\"https:\\\/\\\/elinformativotam.com\\\/?s={search_term_string}\"},\"query-input\":{\"@type\":\"PropertyValueSpecification\",\"valueRequired\":true,\"valueName\":\"search_term_string\"}}],\"inLanguage\":\"es\"},{\"@type\":\"Organization\",\"@id\":\"https:\\\/\\\/elinformativotam.com\\\/#organization\",\"name\":\"EL INFORMATIVO DE TAMAULIPAS\",\"url\":\"https:\\\/\\\/elinformativotam.com\\\/\",\"logo\":{\"@type\":\"ImageObject\",\"inLanguage\":\"es\",\"@id\":\"https:\\\/\\\/elinformativotam.com\\\/#\\\/schema\\\/logo\\\/image\\\/\",\"url\":\"https:\\\/\\\/elinformativotam.com\\\/wp-content\\\/uploads\\\/2026\\\/02\\\/Cabezal.png\",\"contentUrl\":\"https:\\\/\\\/elinformativotam.com\\\/wp-content\\\/uploads\\\/2026\\\/02\\\/Cabezal.png\",\"width\":960,\"height\":640,\"caption\":\"EL INFORMATIVO DE TAMAULIPAS\"},\"image\":{\"@id\":\"https:\\\/\\\/elinformativotam.com\\\/#\\\/schema\\\/logo\\\/image\\\/\"}},{\"@type\":\"Person\",\"@id\":\"https:\\\/\\\/elinformativotam.com\\\/#\\\/schema\\\/person\\\/78e08040eed0f6110f0c5f83b6153590\",\"name\":\"El Informativo Tam\",\"image\":{\"@type\":\"ImageObject\",\"inLanguage\":\"es\",\"@id\":\"https:\\\/\\\/secure.gravatar.com\\\/avatar\\\/f3b7ad3af540688955925ac610647be00b0cf41feea9c4978b73a707ee86bc53?s=96&d=mm&r=g\",\"url\":\"https:\\\/\\\/secure.gravatar.com\\\/avatar\\\/f3b7ad3af540688955925ac610647be00b0cf41feea9c4978b73a707ee86bc53?s=96&d=mm&r=g\",\"contentUrl\":\"https:\\\/\\\/secure.gravatar.com\\\/avatar\\\/f3b7ad3af540688955925ac610647be00b0cf41feea9c4978b73a707ee86bc53?s=96&d=mm&r=g\",\"caption\":\"El Informativo Tam\"}}]}<\/script>\n<!-- \/ Yoast SEO plugin. -->","yoast_head_json":{"title":"ENCABEZA ALCALDE INSTALACI\u00d3N DEL CONSEJO MUNICIPAL DE PROTECCI\u00d3N CIVIL - EL INFORMATIVO DE TAMAULIPAS","description":"Luego del inicio de la Temporada de Lluvias y Huracanes para el Oc\u00e9ano Atl\u00e1ntico y Golfo de M\u00e9xico, este lunes el Presidente Municipal Chucho Nader","robots":{"index":"index","follow":"follow","max-snippet":"max-snippet:-1","max-image-preview":"max-image-preview:large","max-video-preview":"max-video-preview:-1"},"canonical":"https:\/\/elinformativotam.com\/index.php\/2022\/06\/13\/encabeza-alcalde-instalacion-del-consejo-municipal-de-proteccion-civil\/","og_locale":"es_MX","og_type":"article","og_title":"ENCABEZA ALCALDE INSTALACI\u00d3N DEL CONSEJO MUNICIPAL DE PROTECCI\u00d3N CIVIL - EL INFORMATIVO DE TAMAULIPAS","og_description":"Luego del inicio de la Temporada de Lluvias y Huracanes para el Oc\u00e9ano Atl\u00e1ntico y Golfo de M\u00e9xico, este lunes el Presidente Municipal Chucho Nader","og_url":"https:\/\/elinformativotam.com\/index.php\/2022\/06\/13\/encabeza-alcalde-instalacion-del-consejo-municipal-de-proteccion-civil\/","og_site_name":"EL INFORMATIVO DE TAMAULIPAS","article_published_time":"2022-06-13T23:15:51+00:00","og_image":[{"width":1600,"height":1066,"url":"https:\/\/elinformativotam.com\/wp-content\/uploads\/2022\/06\/Tampico.jpg","type":"image\/jpeg"}],"author":"El Informativo Tam","twitter_card":"summary_large_image","twitter_misc":{"Escrito por":"El Informativo Tam","Tiempo de lectura":"3 minutos"},"schema":{"@context":"https:\/\/schema.org","@graph":[{"@type":"Article","@id":"https:\/\/elinformativotam.com\/index.php\/2022\/06\/13\/encabeza-alcalde-instalacion-del-consejo-municipal-de-proteccion-civil\/#article","isPartOf":{"@id":"https:\/\/elinformativotam.com\/index.php\/2022\/06\/13\/encabeza-alcalde-instalacion-del-consejo-municipal-de-proteccion-civil\/"},"author":{"name":"El Informativo Tam","@id":"https:\/\/elinformativotam.com\/#\/schema\/person\/78e08040eed0f6110f0c5f83b6153590"},"headline":"ENCABEZA ALCALDE INSTALACI\u00d3N DEL CONSEJO MUNICIPAL DE PROTECCI\u00d3N CIVIL","datePublished":"2022-06-13T23:15:51+00:00","mainEntityOfPage":{"@id":"https:\/\/elinformativotam.com\/index.php\/2022\/06\/13\/encabeza-alcalde-instalacion-del-consejo-municipal-de-proteccion-civil\/"},"wordCount":516,"commentCount":0,"publisher":{"@id":"https:\/\/elinformativotam.com\/#organization"},"image":{"@id":"https:\/\/elinformativotam.com\/index.php\/2022\/06\/13\/encabeza-alcalde-instalacion-del-consejo-municipal-de-proteccion-civil\/#primaryimage"},"thumbnailUrl":"https:\/\/elinformativotam.com\/wp-content\/uploads\/2022\/06\/Tampico.jpg","articleSection":["Tampico"],"inLanguage":"es","potentialAction":[{"@type":"CommentAction","name":"Comment","target":["https:\/\/elinformativotam.com\/index.php\/2022\/06\/13\/encabeza-alcalde-instalacion-del-consejo-municipal-de-proteccion-civil\/#respond"]}]},{"@type":"WebPage","@id":"https:\/\/elinformativotam.com\/index.php\/2022\/06\/13\/encabeza-alcalde-instalacion-del-consejo-municipal-de-proteccion-civil\/","url":"https:\/\/elinformativotam.com\/index.php\/2022\/06\/13\/encabeza-alcalde-instalacion-del-consejo-municipal-de-proteccion-civil\/","name":"ENCABEZA ALCALDE INSTALACI\u00d3N DEL CONSEJO MUNICIPAL DE PROTECCI\u00d3N CIVIL - EL INFORMATIVO DE TAMAULIPAS","isPartOf":{"@id":"https:\/\/elinformativotam.com\/#website"},"primaryImageOfPage":{"@id":"https:\/\/elinformativotam.com\/index.php\/2022\/06\/13\/encabeza-alcalde-instalacion-del-consejo-municipal-de-proteccion-civil\/#primaryimage"},"image":{"@id":"https:\/\/elinformativotam.com\/index.php\/2022\/06\/13\/encabeza-alcalde-instalacion-del-consejo-municipal-de-proteccion-civil\/#primaryimage"},"thumbnailUrl":"https:\/\/elinformativotam.com\/wp-content\/uploads\/2022\/06\/Tampico.jpg","datePublished":"2022-06-13T23:15:51+00:00","description":"Luego del inicio de la Temporada de Lluvias y Huracanes para el Oc\u00e9ano Atl\u00e1ntico y Golfo de M\u00e9xico, este lunes el Presidente Municipal Chucho Nader","inLanguage":"es","potentialAction":[{"@type":"ReadAction","target":["https:\/\/elinformativotam.com\/index.php\/2022\/06\/13\/encabeza-alcalde-instalacion-del-consejo-municipal-de-proteccion-civil\/"]}]},{"@type":"ImageObject","inLanguage":"es","@id":"https:\/\/elinformativotam.com\/index.php\/2022\/06\/13\/encabeza-alcalde-instalacion-del-consejo-municipal-de-proteccion-civil\/#primaryimage","url":"https:\/\/elinformativotam.com\/wp-content\/uploads\/2022\/06\/Tampico.jpg","contentUrl":"https:\/\/elinformativotam.com\/wp-content\/uploads\/2022\/06\/Tampico.jpg","width":1600,"height":1066},{"@type":"WebSite","@id":"https:\/\/elinformativotam.com\/#website","url":"https:\/\/elinformativotam.com\/","name":"EL INFORMATIVO DE TAMAULIPAS","description":"Desde la Zona Metropolitana Para Todo M\u00e9xico","publisher":{"@id":"https:\/\/elinformativotam.com\/#organization"},"potentialAction":[{"@type":"SearchAction","target":{"@type":"EntryPoint","urlTemplate":"https:\/\/elinformativotam.com\/?s={search_term_string}"},"query-input":{"@type":"PropertyValueSpecification","valueRequired":true,"valueName":"search_term_string"}}],"inLanguage":"es"},{"@type":"Organization","@id":"https:\/\/elinformativotam.com\/#organization","name":"EL INFORMATIVO DE TAMAULIPAS","url":"https:\/\/elinformativotam.com\/","logo":{"@type":"ImageObject","inLanguage":"es","@id":"https:\/\/elinformativotam.com\/#\/schema\/logo\/image\/","url":"https:\/\/elinformativotam.com\/wp-content\/uploads\/2026\/02\/Cabezal.png","contentUrl":"https:\/\/elinformativotam.com\/wp-content\/uploads\/2026\/02\/Cabezal.png","width":960,"height":640,"caption":"EL INFORMATIVO DE TAMAULIPAS"},"image":{"@id":"https:\/\/elinformativotam.com\/#\/schema\/logo\/image\/"}},{"@type":"Person","@id":"https:\/\/elinformativotam.com\/#\/schema\/person\/78e08040eed0f6110f0c5f83b6153590","name":"El Informativo Tam","image":{"@type":"ImageObject","inLanguage":"es","@id":"https:\/\/secure.gravatar.com\/avatar\/f3b7ad3af540688955925ac610647be00b0cf41feea9c4978b73a707ee86bc53?s=96&d=mm&r=g","url":"https:\/\/secure.gravatar.com\/avatar\/f3b7ad3af540688955925ac610647be00b0cf41feea9c4978b73a707ee86bc53?s=96&d=mm&r=g","contentUrl":"https:\/\/secure.gravatar.com\/avatar\/f3b7ad3af540688955925ac610647be00b0cf41feea9c4978b73a707ee86bc53?s=96&d=mm&r=g","caption":"El Informativo Tam"}}]}},"_links":{"self":[{"href":"https:\/\/elinformativotam.com\/index.php\/wp-json\/wp\/v2\/posts\/32093","targetHints":{"allow":["GET"]}}],"collection":[{"href":"https:\/\/elinformativotam.com\/index.php\/wp-json\/wp\/v2\/posts"}],"about":[{"href":"https:\/\/elinformativotam.com\/index.php\/wp-json\/wp\/v2\/types\/post"}],"author":[{"embeddable":true,"href":"https:\/\/elinformativotam.com\/index.php\/wp-json\/wp\/v2\/users\/1"}],"replies":[{"embeddable":true,"href":"https:\/\/elinformativotam.com\/index.php\/wp-json\/wp\/v2\/comments?post=32093"}],"version-history":[{"count":1,"href":"https:\/\/elinformativotam.com\/index.php\/wp-json\/wp\/v2\/posts\/32093\/revisions"}],"predecessor-version":[{"id":32095,"href":"https:\/\/elinformativotam.com\/index.php\/wp-json\/wp\/v2\/posts\/32093\/revisions\/32095"}],"wp:featuredmedia":[{"embeddable":true,"href":"https:\/\/elinformativotam.com\/index.php\/wp-json\/wp\/v2\/media\/32094"}],"wp:attachment":[{"href":"https:\/\/elinformativotam.com\/index.php\/wp-json\/wp\/v2\/media?parent=32093"}],"wp:term":[{"taxonomy":"category","embeddable":true,"href":"https:\/\/elinformativotam.com\/index.php\/wp-json\/wp\/v2\/categories?post=32093"},{"taxonomy":"post_tag","embeddable":true,"href":"https:\/\/elinformativotam.com\/index.php\/wp-json\/wp\/v2\/tags?post=32093"}],"curies":[{"name":"wp","href":"https:\/\/api.w.org\/{rel}","templated":true}]}}