{"id":32090,"date":"2022-06-13T17:11:25","date_gmt":"2022-06-13T23:11:25","guid":{"rendered":"https:\/\/elinformativotam.com\/?p=32090"},"modified":"2022-06-13T17:11:25","modified_gmt":"2022-06-13T23:11:25","slug":"reprueba-mon-maron-violencia-y-disturbios-ocasionados-por-legisladores-de-oposicion-en-el-congreso-del-estado","status":"publish","type":"post","link":"https:\/\/elinformativotam.com\/index.php\/2022\/06\/13\/reprueba-mon-maron-violencia-y-disturbios-ocasionados-por-legisladores-de-oposicion-en-el-congreso-del-estado\/","title":{"rendered":"REPRUEBA MON MARON  VIOLENCIA Y DISTURBIOS OCASIONADOS POR  LEGISLADORES DE OPOSICI\u00d3N EN EL CONGRESO DEL ESTADO"},"content":{"rendered":"<p><em>Ante los disturbios y actos de violencia que se vivieron en el Congreso de Tamaulipas provocado por Legisladores integrantes del\u00a0 Partido de Oposici\u00f3n , el Diputado Local\u00a0 por Tampico\u00a0 Mon Maron rechaz\u00f3 categ\u00f3ricamente estas formas de vandalismo y conducta violenta\u00a0 como expresi\u00f3n pol\u00edtica que afectan los trabajos y ponen en riesgo la integridad f\u00edsica de sus hom\u00f3logos del PAN.<\/em><\/p>\n<p><em>\u00a0<\/em><\/p>\n<p><em>\u201cEl Congreso de Tamaulipas es un lugar de respeto en donde acudimos a trabajar y a legislar , a promover cosas positivas y por ning\u00fan se debe dar ning\u00fan acto de violencia o vandalismo&#8221; dijo <\/em><\/p>\n<p><em>\u00a0<\/em><\/p>\n<p><em>Indic\u00f3 que ingresaron a interrumpir los trabajos legislativos y agredir a los diputados locales del PAN\u00a0 con mucha violencia y generando un ambiente de mucho temor, por los \u00e1nimos que demostraban.<\/em><\/p>\n<p><em>\u00a0<\/em><\/p>\n<p><em>Lamentablemente , dijo el Legislador Panista estas circunstancias negativas provocadas por los Diputados de Oposici\u00f3n\u00a0 impiden que se desarrolle el trabajo legislativo , que se presenten exhortos e iniciativas , por lo que la ciudadan\u00eda debe tener conocimiento de los lamentables hechos que se viene presentando\u00a0 en el congreso del estado.<\/em><\/p>\n<p><em>\u00a0<\/em><\/p>\n<p><em>Finalmente dijo que los Tamaulipecos merecen respeto y seguramente no aprueban estas actitudes violentas y agresiones al Poder Legislativo del Estado , sitio en donde el respeto , paz , sensibilidad , buenas acciones , di\u00e1logo y pluralidad debe prevalecer ante todo.<\/em><\/p>\n<p><em>\u00a0<\/em><\/p>\n<p><em>Municipio interpondra denuncia contra el responsable del incendio en el mercado &#8220;Ju\u00e1rez&#8221;.<\/em><\/p>\n<p><em>\u00a0<\/em><\/p>\n<p><em>El ayuntamiento de Tampico interpondra denuncia en contra del responsable por provocar el incendio en uno de los locales del mercado &#8220;Benito Ju\u00e1rez&#8221; en pasado domingo, dejando solo da\u00f1os materiales.<\/em><\/p>\n<p><em>\u00a0<\/em><\/p>\n<p><em>El alcalde Jes\u00fas Nader indic\u00f3 que lo sucedido pude ser a causa de un conflicto personal entre los mismos locatarios, por tal motivo realizar\u00e1n las averiguaciones pertinentes para deslindar responsables.<\/em><\/p>\n<p><em>\u00a0<\/em><\/p>\n<p><em>&#8220;Es un incidente que se tuvo el fin de semana, afortunadamente no hubo pedidas humanas y el da\u00f1o a la infraestructura fue m\u00ednimo, sabemos que fue algo provocado, que se gener\u00f3 quiz\u00e1s por rencillas, por conflictos internos&#8221;, dijo.<\/em><\/p>\n<p><em>\u00a0<\/em><\/p>\n<p><em>Mencion\u00f3 que las condiciones del mercado no son las adecuadas, por tal motivo pude ser peor el suceso registrado el fin de semana, indic\u00f3 que la seguridad en esa zona del mercado ha disminuido por tal motivo no pudieron percatarse del responsable. <\/em><\/p>\n<p><em>\u00a0<\/em><\/p>\n<p><em>&#8220;Sabemos que fue provocado, por alg\u00fan tipo de problema, fue algo que no paso a mayores, s\u00f3lo perdidas material, pero el hecho se va a investigar y se esperamos que los due\u00f1os del local pongan las denuncias, el municipio har\u00e1 lo propio &#8220;, coment\u00f3.<\/em><\/p>\n","protected":false},"excerpt":{"rendered":"<p>Ante los disturbios y actos de violencia que se vivieron en el Congreso de Tamaulipas provocado por Legisladores integrantes del\u00a0&hellip;<\/p>\n","protected":false},"author":1,"featured_media":32091,"comment_status":"open","ping_status":"open","sticky":false,"template":"","format":"standard","meta":{"footnotes":""},"categories":[3],"tags":[],"class_list":["post-32090","post","type-post","status-publish","format-standard","has-post-thumbnail","hentry","category-tampico"],"yoast_head":"<!-- This site is optimized with the Yoast SEO plugin v27.4 - https:\/\/yoast.com\/product\/yoast-seo-wordpress\/ -->\n<title>REPRUEBA MON MARON VIOLENCIA Y DISTURBIOS OCASIONADOS POR LEGISLADORES DE OPOSICI\u00d3N EN EL CONGRESO DEL ESTADO - EL INFORMATIVO DE TAMAULIPAS<\/title>\n<meta name=\"description\" content=\"Ante los disturbios y actos de violencia que se vivieron en el Congreso de Tamaulipas provocado por Legisladores integrantes del\u00a0 Partido de Oposici\u00f3n ,\" \/>\n<meta name=\"robots\" content=\"index, follow, max-snippet:-1, max-image-preview:large, max-video-preview:-1\" \/>\n<link rel=\"canonical\" href=\"https:\/\/elinformativotam.com\/index.php\/2022\/06\/13\/reprueba-mon-maron-violencia-y-disturbios-ocasionados-por-legisladores-de-oposicion-en-el-congreso-del-estado\/\" \/>\n<meta property=\"og:locale\" content=\"es_MX\" \/>\n<meta property=\"og:type\" content=\"article\" \/>\n<meta property=\"og:title\" content=\"REPRUEBA MON MARON VIOLENCIA Y DISTURBIOS OCASIONADOS POR LEGISLADORES DE OPOSICI\u00d3N EN EL CONGRESO DEL ESTADO - EL INFORMATIVO DE TAMAULIPAS\" \/>\n<meta property=\"og:description\" content=\"Ante los disturbios y actos de violencia que se vivieron en el Congreso de Tamaulipas provocado por Legisladores integrantes del\u00a0 Partido de Oposici\u00f3n ,\" \/>\n<meta property=\"og:url\" content=\"https:\/\/elinformativotam.com\/index.php\/2022\/06\/13\/reprueba-mon-maron-violencia-y-disturbios-ocasionados-por-legisladores-de-oposicion-en-el-congreso-del-estado\/\" \/>\n<meta property=\"og:site_name\" content=\"EL INFORMATIVO DE TAMAULIPAS\" \/>\n<meta property=\"article:published_time\" content=\"2022-06-13T23:11:25+00:00\" \/>\n<meta property=\"og:image\" content=\"https:\/\/elinformativotam.com\/wp-content\/uploads\/2022\/06\/Mon.jpg\" \/>\n\t<meta property=\"og:image:width\" content=\"1024\" \/>\n\t<meta property=\"og:image:height\" content=\"568\" \/>\n\t<meta property=\"og:image:type\" content=\"image\/jpeg\" \/>\n<meta name=\"author\" content=\"El Informativo Tam\" \/>\n<meta name=\"twitter:card\" content=\"summary_large_image\" \/>\n<meta name=\"twitter:label1\" content=\"Escrito por\" \/>\n\t<meta name=\"twitter:data1\" content=\"El Informativo Tam\" \/>\n\t<meta name=\"twitter:label2\" content=\"Tiempo de lectura\" \/>\n\t<meta name=\"twitter:data2\" content=\"2 minutos\" \/>\n<script type=\"application\/ld+json\" class=\"yoast-schema-graph\">{\"@context\":\"https:\\\/\\\/schema.org\",\"@graph\":[{\"@type\":\"Article\",\"@id\":\"https:\\\/\\\/elinformativotam.com\\\/index.php\\\/2022\\\/06\\\/13\\\/reprueba-mon-maron-violencia-y-disturbios-ocasionados-por-legisladores-de-oposicion-en-el-congreso-del-estado\\\/#article\",\"isPartOf\":{\"@id\":\"https:\\\/\\\/elinformativotam.com\\\/index.php\\\/2022\\\/06\\\/13\\\/reprueba-mon-maron-violencia-y-disturbios-ocasionados-por-legisladores-de-oposicion-en-el-congreso-del-estado\\\/\"},\"author\":{\"name\":\"El Informativo Tam\",\"@id\":\"https:\\\/\\\/elinformativotam.com\\\/#\\\/schema\\\/person\\\/78e08040eed0f6110f0c5f83b6153590\"},\"headline\":\"REPRUEBA MON MARON VIOLENCIA Y DISTURBIOS OCASIONADOS POR LEGISLADORES DE OPOSICI\u00d3N EN EL CONGRESO DEL ESTADO\",\"datePublished\":\"2022-06-13T23:11:25+00:00\",\"mainEntityOfPage\":{\"@id\":\"https:\\\/\\\/elinformativotam.com\\\/index.php\\\/2022\\\/06\\\/13\\\/reprueba-mon-maron-violencia-y-disturbios-ocasionados-por-legisladores-de-oposicion-en-el-congreso-del-estado\\\/\"},\"wordCount\":442,\"commentCount\":0,\"publisher\":{\"@id\":\"https:\\\/\\\/elinformativotam.com\\\/#organization\"},\"image\":{\"@id\":\"https:\\\/\\\/elinformativotam.com\\\/index.php\\\/2022\\\/06\\\/13\\\/reprueba-mon-maron-violencia-y-disturbios-ocasionados-por-legisladores-de-oposicion-en-el-congreso-del-estado\\\/#primaryimage\"},\"thumbnailUrl\":\"https:\\\/\\\/elinformativotam.com\\\/wp-content\\\/uploads\\\/2022\\\/06\\\/Mon.jpg\",\"articleSection\":[\"Tampico\"],\"inLanguage\":\"es\",\"potentialAction\":[{\"@type\":\"CommentAction\",\"name\":\"Comment\",\"target\":[\"https:\\\/\\\/elinformativotam.com\\\/index.php\\\/2022\\\/06\\\/13\\\/reprueba-mon-maron-violencia-y-disturbios-ocasionados-por-legisladores-de-oposicion-en-el-congreso-del-estado\\\/#respond\"]}]},{\"@type\":\"WebPage\",\"@id\":\"https:\\\/\\\/elinformativotam.com\\\/index.php\\\/2022\\\/06\\\/13\\\/reprueba-mon-maron-violencia-y-disturbios-ocasionados-por-legisladores-de-oposicion-en-el-congreso-del-estado\\\/\",\"url\":\"https:\\\/\\\/elinformativotam.com\\\/index.php\\\/2022\\\/06\\\/13\\\/reprueba-mon-maron-violencia-y-disturbios-ocasionados-por-legisladores-de-oposicion-en-el-congreso-del-estado\\\/\",\"name\":\"REPRUEBA MON MARON VIOLENCIA Y DISTURBIOS OCASIONADOS POR LEGISLADORES DE OPOSICI\u00d3N EN EL CONGRESO DEL ESTADO - EL INFORMATIVO DE TAMAULIPAS\",\"isPartOf\":{\"@id\":\"https:\\\/\\\/elinformativotam.com\\\/#website\"},\"primaryImageOfPage\":{\"@id\":\"https:\\\/\\\/elinformativotam.com\\\/index.php\\\/2022\\\/06\\\/13\\\/reprueba-mon-maron-violencia-y-disturbios-ocasionados-por-legisladores-de-oposicion-en-el-congreso-del-estado\\\/#primaryimage\"},\"image\":{\"@id\":\"https:\\\/\\\/elinformativotam.com\\\/index.php\\\/2022\\\/06\\\/13\\\/reprueba-mon-maron-violencia-y-disturbios-ocasionados-por-legisladores-de-oposicion-en-el-congreso-del-estado\\\/#primaryimage\"},\"thumbnailUrl\":\"https:\\\/\\\/elinformativotam.com\\\/wp-content\\\/uploads\\\/2022\\\/06\\\/Mon.jpg\",\"datePublished\":\"2022-06-13T23:11:25+00:00\",\"description\":\"Ante los disturbios y actos de violencia que se vivieron en el Congreso de Tamaulipas provocado por Legisladores integrantes del\u00a0 Partido de Oposici\u00f3n ,\",\"inLanguage\":\"es\",\"potentialAction\":[{\"@type\":\"ReadAction\",\"target\":[\"https:\\\/\\\/elinformativotam.com\\\/index.php\\\/2022\\\/06\\\/13\\\/reprueba-mon-maron-violencia-y-disturbios-ocasionados-por-legisladores-de-oposicion-en-el-congreso-del-estado\\\/\"]}]},{\"@type\":\"ImageObject\",\"inLanguage\":\"es\",\"@id\":\"https:\\\/\\\/elinformativotam.com\\\/index.php\\\/2022\\\/06\\\/13\\\/reprueba-mon-maron-violencia-y-disturbios-ocasionados-por-legisladores-de-oposicion-en-el-congreso-del-estado\\\/#primaryimage\",\"url\":\"https:\\\/\\\/elinformativotam.com\\\/wp-content\\\/uploads\\\/2022\\\/06\\\/Mon.jpg\",\"contentUrl\":\"https:\\\/\\\/elinformativotam.com\\\/wp-content\\\/uploads\\\/2022\\\/06\\\/Mon.jpg\",\"width\":1024,\"height\":568},{\"@type\":\"WebSite\",\"@id\":\"https:\\\/\\\/elinformativotam.com\\\/#website\",\"url\":\"https:\\\/\\\/elinformativotam.com\\\/\",\"name\":\"EL INFORMATIVO DE TAMAULIPAS\",\"description\":\"Desde la Zona Metropolitana Para Todo M\u00e9xico\",\"publisher\":{\"@id\":\"https:\\\/\\\/elinformativotam.com\\\/#organization\"},\"potentialAction\":[{\"@type\":\"SearchAction\",\"target\":{\"@type\":\"EntryPoint\",\"urlTemplate\":\"https:\\\/\\\/elinformativotam.com\\\/?s={search_term_string}\"},\"query-input\":{\"@type\":\"PropertyValueSpecification\",\"valueRequired\":true,\"valueName\":\"search_term_string\"}}],\"inLanguage\":\"es\"},{\"@type\":\"Organization\",\"@id\":\"https:\\\/\\\/elinformativotam.com\\\/#organization\",\"name\":\"EL INFORMATIVO DE TAMAULIPAS\",\"url\":\"https:\\\/\\\/elinformativotam.com\\\/\",\"logo\":{\"@type\":\"ImageObject\",\"inLanguage\":\"es\",\"@id\":\"https:\\\/\\\/elinformativotam.com\\\/#\\\/schema\\\/logo\\\/image\\\/\",\"url\":\"https:\\\/\\\/elinformativotam.com\\\/wp-content\\\/uploads\\\/2026\\\/02\\\/Cabezal.png\",\"contentUrl\":\"https:\\\/\\\/elinformativotam.com\\\/wp-content\\\/uploads\\\/2026\\\/02\\\/Cabezal.png\",\"width\":960,\"height\":640,\"caption\":\"EL INFORMATIVO DE TAMAULIPAS\"},\"image\":{\"@id\":\"https:\\\/\\\/elinformativotam.com\\\/#\\\/schema\\\/logo\\\/image\\\/\"}},{\"@type\":\"Person\",\"@id\":\"https:\\\/\\\/elinformativotam.com\\\/#\\\/schema\\\/person\\\/78e08040eed0f6110f0c5f83b6153590\",\"name\":\"El Informativo Tam\",\"image\":{\"@type\":\"ImageObject\",\"inLanguage\":\"es\",\"@id\":\"https:\\\/\\\/secure.gravatar.com\\\/avatar\\\/f3b7ad3af540688955925ac610647be00b0cf41feea9c4978b73a707ee86bc53?s=96&d=mm&r=g\",\"url\":\"https:\\\/\\\/secure.gravatar.com\\\/avatar\\\/f3b7ad3af540688955925ac610647be00b0cf41feea9c4978b73a707ee86bc53?s=96&d=mm&r=g\",\"contentUrl\":\"https:\\\/\\\/secure.gravatar.com\\\/avatar\\\/f3b7ad3af540688955925ac610647be00b0cf41feea9c4978b73a707ee86bc53?s=96&d=mm&r=g\",\"caption\":\"El Informativo Tam\"}}]}<\/script>\n<!-- \/ Yoast SEO plugin. -->","yoast_head_json":{"title":"REPRUEBA MON MARON VIOLENCIA Y DISTURBIOS OCASIONADOS POR LEGISLADORES DE OPOSICI\u00d3N EN EL CONGRESO DEL ESTADO - EL INFORMATIVO DE TAMAULIPAS","description":"Ante los disturbios y actos de violencia que se vivieron en el Congreso de Tamaulipas provocado por Legisladores integrantes del\u00a0 Partido de Oposici\u00f3n ,","robots":{"index":"index","follow":"follow","max-snippet":"max-snippet:-1","max-image-preview":"max-image-preview:large","max-video-preview":"max-video-preview:-1"},"canonical":"https:\/\/elinformativotam.com\/index.php\/2022\/06\/13\/reprueba-mon-maron-violencia-y-disturbios-ocasionados-por-legisladores-de-oposicion-en-el-congreso-del-estado\/","og_locale":"es_MX","og_type":"article","og_title":"REPRUEBA MON MARON VIOLENCIA Y DISTURBIOS OCASIONADOS POR LEGISLADORES DE OPOSICI\u00d3N EN EL CONGRESO DEL ESTADO - EL INFORMATIVO DE TAMAULIPAS","og_description":"Ante los disturbios y actos de violencia que se vivieron en el Congreso de Tamaulipas provocado por Legisladores integrantes del\u00a0 Partido de Oposici\u00f3n ,","og_url":"https:\/\/elinformativotam.com\/index.php\/2022\/06\/13\/reprueba-mon-maron-violencia-y-disturbios-ocasionados-por-legisladores-de-oposicion-en-el-congreso-del-estado\/","og_site_name":"EL INFORMATIVO DE TAMAULIPAS","article_published_time":"2022-06-13T23:11:25+00:00","og_image":[{"width":1024,"height":568,"url":"https:\/\/elinformativotam.com\/wp-content\/uploads\/2022\/06\/Mon.jpg","type":"image\/jpeg"}],"author":"El Informativo Tam","twitter_card":"summary_large_image","twitter_misc":{"Escrito por":"El Informativo Tam","Tiempo de lectura":"2 minutos"},"schema":{"@context":"https:\/\/schema.org","@graph":[{"@type":"Article","@id":"https:\/\/elinformativotam.com\/index.php\/2022\/06\/13\/reprueba-mon-maron-violencia-y-disturbios-ocasionados-por-legisladores-de-oposicion-en-el-congreso-del-estado\/#article","isPartOf":{"@id":"https:\/\/elinformativotam.com\/index.php\/2022\/06\/13\/reprueba-mon-maron-violencia-y-disturbios-ocasionados-por-legisladores-de-oposicion-en-el-congreso-del-estado\/"},"author":{"name":"El Informativo Tam","@id":"https:\/\/elinformativotam.com\/#\/schema\/person\/78e08040eed0f6110f0c5f83b6153590"},"headline":"REPRUEBA MON MARON VIOLENCIA Y DISTURBIOS OCASIONADOS POR LEGISLADORES DE OPOSICI\u00d3N EN EL CONGRESO DEL ESTADO","datePublished":"2022-06-13T23:11:25+00:00","mainEntityOfPage":{"@id":"https:\/\/elinformativotam.com\/index.php\/2022\/06\/13\/reprueba-mon-maron-violencia-y-disturbios-ocasionados-por-legisladores-de-oposicion-en-el-congreso-del-estado\/"},"wordCount":442,"commentCount":0,"publisher":{"@id":"https:\/\/elinformativotam.com\/#organization"},"image":{"@id":"https:\/\/elinformativotam.com\/index.php\/2022\/06\/13\/reprueba-mon-maron-violencia-y-disturbios-ocasionados-por-legisladores-de-oposicion-en-el-congreso-del-estado\/#primaryimage"},"thumbnailUrl":"https:\/\/elinformativotam.com\/wp-content\/uploads\/2022\/06\/Mon.jpg","articleSection":["Tampico"],"inLanguage":"es","potentialAction":[{"@type":"CommentAction","name":"Comment","target":["https:\/\/elinformativotam.com\/index.php\/2022\/06\/13\/reprueba-mon-maron-violencia-y-disturbios-ocasionados-por-legisladores-de-oposicion-en-el-congreso-del-estado\/#respond"]}]},{"@type":"WebPage","@id":"https:\/\/elinformativotam.com\/index.php\/2022\/06\/13\/reprueba-mon-maron-violencia-y-disturbios-ocasionados-por-legisladores-de-oposicion-en-el-congreso-del-estado\/","url":"https:\/\/elinformativotam.com\/index.php\/2022\/06\/13\/reprueba-mon-maron-violencia-y-disturbios-ocasionados-por-legisladores-de-oposicion-en-el-congreso-del-estado\/","name":"REPRUEBA MON MARON VIOLENCIA Y DISTURBIOS OCASIONADOS POR LEGISLADORES DE OPOSICI\u00d3N EN EL CONGRESO DEL ESTADO - EL INFORMATIVO DE TAMAULIPAS","isPartOf":{"@id":"https:\/\/elinformativotam.com\/#website"},"primaryImageOfPage":{"@id":"https:\/\/elinformativotam.com\/index.php\/2022\/06\/13\/reprueba-mon-maron-violencia-y-disturbios-ocasionados-por-legisladores-de-oposicion-en-el-congreso-del-estado\/#primaryimage"},"image":{"@id":"https:\/\/elinformativotam.com\/index.php\/2022\/06\/13\/reprueba-mon-maron-violencia-y-disturbios-ocasionados-por-legisladores-de-oposicion-en-el-congreso-del-estado\/#primaryimage"},"thumbnailUrl":"https:\/\/elinformativotam.com\/wp-content\/uploads\/2022\/06\/Mon.jpg","datePublished":"2022-06-13T23:11:25+00:00","description":"Ante los disturbios y actos de violencia que se vivieron en el Congreso de Tamaulipas provocado por Legisladores integrantes del\u00a0 Partido de Oposici\u00f3n ,","inLanguage":"es","potentialAction":[{"@type":"ReadAction","target":["https:\/\/elinformativotam.com\/index.php\/2022\/06\/13\/reprueba-mon-maron-violencia-y-disturbios-ocasionados-por-legisladores-de-oposicion-en-el-congreso-del-estado\/"]}]},{"@type":"ImageObject","inLanguage":"es","@id":"https:\/\/elinformativotam.com\/index.php\/2022\/06\/13\/reprueba-mon-maron-violencia-y-disturbios-ocasionados-por-legisladores-de-oposicion-en-el-congreso-del-estado\/#primaryimage","url":"https:\/\/elinformativotam.com\/wp-content\/uploads\/2022\/06\/Mon.jpg","contentUrl":"https:\/\/elinformativotam.com\/wp-content\/uploads\/2022\/06\/Mon.jpg","width":1024,"height":568},{"@type":"WebSite","@id":"https:\/\/elinformativotam.com\/#website","url":"https:\/\/elinformativotam.com\/","name":"EL INFORMATIVO DE TAMAULIPAS","description":"Desde la Zona Metropolitana Para Todo M\u00e9xico","publisher":{"@id":"https:\/\/elinformativotam.com\/#organization"},"potentialAction":[{"@type":"SearchAction","target":{"@type":"EntryPoint","urlTemplate":"https:\/\/elinformativotam.com\/?s={search_term_string}"},"query-input":{"@type":"PropertyValueSpecification","valueRequired":true,"valueName":"search_term_string"}}],"inLanguage":"es"},{"@type":"Organization","@id":"https:\/\/elinformativotam.com\/#organization","name":"EL INFORMATIVO DE TAMAULIPAS","url":"https:\/\/elinformativotam.com\/","logo":{"@type":"ImageObject","inLanguage":"es","@id":"https:\/\/elinformativotam.com\/#\/schema\/logo\/image\/","url":"https:\/\/elinformativotam.com\/wp-content\/uploads\/2026\/02\/Cabezal.png","contentUrl":"https:\/\/elinformativotam.com\/wp-content\/uploads\/2026\/02\/Cabezal.png","width":960,"height":640,"caption":"EL INFORMATIVO DE TAMAULIPAS"},"image":{"@id":"https:\/\/elinformativotam.com\/#\/schema\/logo\/image\/"}},{"@type":"Person","@id":"https:\/\/elinformativotam.com\/#\/schema\/person\/78e08040eed0f6110f0c5f83b6153590","name":"El Informativo Tam","image":{"@type":"ImageObject","inLanguage":"es","@id":"https:\/\/secure.gravatar.com\/avatar\/f3b7ad3af540688955925ac610647be00b0cf41feea9c4978b73a707ee86bc53?s=96&d=mm&r=g","url":"https:\/\/secure.gravatar.com\/avatar\/f3b7ad3af540688955925ac610647be00b0cf41feea9c4978b73a707ee86bc53?s=96&d=mm&r=g","contentUrl":"https:\/\/secure.gravatar.com\/avatar\/f3b7ad3af540688955925ac610647be00b0cf41feea9c4978b73a707ee86bc53?s=96&d=mm&r=g","caption":"El Informativo Tam"}}]}},"_links":{"self":[{"href":"https:\/\/elinformativotam.com\/index.php\/wp-json\/wp\/v2\/posts\/32090","targetHints":{"allow":["GET"]}}],"collection":[{"href":"https:\/\/elinformativotam.com\/index.php\/wp-json\/wp\/v2\/posts"}],"about":[{"href":"https:\/\/elinformativotam.com\/index.php\/wp-json\/wp\/v2\/types\/post"}],"author":[{"embeddable":true,"href":"https:\/\/elinformativotam.com\/index.php\/wp-json\/wp\/v2\/users\/1"}],"replies":[{"embeddable":true,"href":"https:\/\/elinformativotam.com\/index.php\/wp-json\/wp\/v2\/comments?post=32090"}],"version-history":[{"count":1,"href":"https:\/\/elinformativotam.com\/index.php\/wp-json\/wp\/v2\/posts\/32090\/revisions"}],"predecessor-version":[{"id":32092,"href":"https:\/\/elinformativotam.com\/index.php\/wp-json\/wp\/v2\/posts\/32090\/revisions\/32092"}],"wp:featuredmedia":[{"embeddable":true,"href":"https:\/\/elinformativotam.com\/index.php\/wp-json\/wp\/v2\/media\/32091"}],"wp:attachment":[{"href":"https:\/\/elinformativotam.com\/index.php\/wp-json\/wp\/v2\/media?parent=32090"}],"wp:term":[{"taxonomy":"category","embeddable":true,"href":"https:\/\/elinformativotam.com\/index.php\/wp-json\/wp\/v2\/categories?post=32090"},{"taxonomy":"post_tag","embeddable":true,"href":"https:\/\/elinformativotam.com\/index.php\/wp-json\/wp\/v2\/tags?post=32090"}],"curies":[{"name":"wp","href":"https:\/\/api.w.org\/{rel}","templated":true}]}}