{"id":3179,"date":"2020-03-02T20:51:34","date_gmt":"2020-03-03T02:51:34","guid":{"rendered":"http:\/\/elinformativotam.com\/?p=3179"},"modified":"2020-03-02T20:51:34","modified_gmt":"2020-03-03T02:51:34","slug":"estamos-cumpliendo-el-compromiso-de-transformar-tampico-chucho-nader","status":"publish","type":"post","link":"https:\/\/elinformativotam.com\/index.php\/2020\/03\/02\/estamos-cumpliendo-el-compromiso-de-transformar-tampico-chucho-nader\/","title":{"rendered":"ESTAMOS CUMPLIENDO EL COMPROMISO DE TRANSFORMAR TAMPICO: CHUCHO NADER"},"content":{"rendered":"<h2><em><strong>*Inaugura Una Nueva Vialidad En La Colonia Latinoamericana<\/strong><\/em><\/h2>\n<p>&nbsp;<\/p>\n<p>Mediante una inversi\u00f3n cercana al mill\u00f3n de pesos, el Presidente Municipal Chucho Nader, acompa\u00f1ado de su esposa, A\u00edda F\u00e9res de Nader, Presidenta del Sistema DIF Tampico inaugur\u00f3 este lunes, la pavimentaci\u00f3n a base de concreto asf\u00e1ltico de las calle Rep\u00fablica de Chile, entre Nicaragua y Canad\u00e1 de la colonia Latinoamericana.<\/p>\n<p>&nbsp;<\/p>\n<p>La obra cuya longitud de 145 metros lineales, cubre una superficie de cercana a los mil metros cuadrados fue realizada con recursos del orden municipal derivados del manejo eficiente y transparente de las finanzas p\u00fablicas, asegur\u00f3 el Jefe de la Comuna.<\/p>\n<p>&nbsp;<\/p>\n<p>Chucho Nader destac\u00f3 que la transformaci\u00f3n de Tampico en una ciudad de calidad, con mayor bienestar social y mejor imagen urbana, ha sido el resultado del trabajo en equipo entre el Gobierno del Estado, el municipio y la ciudadan\u00eda.<\/p>\n<p>&nbsp;<\/p>\n<p>&#8220;Estamos atendiendo los sectores con mayor rezago en materia de pavimentaci\u00f3n, gracias al apoyo que hemos recibido por parte del Gobernador, Francisco Garc\u00eda Cabeza de Vaca y a la participaci\u00f3n de la ciudadan\u00eda en el cumplimiento de sus contribuciones fiscales, como el pago del impuesto predial, lo que nos permite seguir mejorando las calles en muchas colonias de Tampico&#8221;, dijo.<\/p>\n<p>&nbsp;<\/p>\n<p>El alcalde revel\u00f3 que en tan solo quince meses de trabajo se han pavimentado m\u00e1s de 260 cuadras y asegur\u00f3 que en las pr\u00f3ximas semanas se estar\u00e1 rebasando la meta de las 300.<\/p>\n<p>&nbsp;<\/p>\n<p>&#8220;Estamos respondiendo, de esta manera, a la confianza que nos han depositado las familias tampique\u00f1as; y as\u00ed vamos a seguir, aplicando de manera correcta y eficiente los recursos, tanto federales, estatales y municipales para seguir mejorando la calidad de vida de todos los tampique\u00f1os y sobre todo ir construyendo una ciudad m\u00e1s competitiva&#8221;, resalt\u00f3.<\/p>\n<p>&nbsp;<\/p>\n<p>Al detallar las condiciones de la obra, Pedro Pablo Rangel Cerrillo titular de la Secretar\u00eda Obras P\u00fablicas, explic\u00f3 que en los trabajos se coloc\u00f3 una capa subrasante de 15 cent\u00edmetros de espesor; una base m\u00e1s con material de relleno y calhidra de veinte cent\u00edmetros; adem\u00e1s de la capa de concreto asf\u00e1ltico y riego de sello.<\/p>\n<p>&nbsp;<\/p>\n<p>A nombre de los vecinos, Amisadai Olarte Marcial agradeci\u00f3 la pavimentaci\u00f3n de la vialidad y reconoci\u00f3 la tarea que al frente de la administraci\u00f3n ha desarrollado el Presidente Municipal.<\/p>\n<p>&nbsp;<\/p>\n<p>&#8220;Esta obra viene a incrementar el valor de nuestras propiedades, y a brindarnos una mejor calidad de vida. Usted (Chucho Nader) es un hombre apasionado, por servir a la gente, un hombre de palabra que lo que dice lo cumple; tenaz porque todos los d\u00edas lucha para darnos mayor bienestar a las familias tampique\u00f1as; pero tambi\u00e9n es una persona de retos y sue\u00f1os por que ama profundamente a Tampico y ha logrado proyectar a nuestra ciudad a nivel nacional y transformar a nuestro puerto como la capital de las huastecas&#8221;, puntualiz\u00f3.<\/p>\n<p>&nbsp;<\/p>\n<p>A la ceremonia inaugural asistieron tambi\u00e9n, los Regidores Cristina Franco Aldape y Jos\u00e9 Antonio Luengas Dond\u00e9; el Secretario de Bienestar Social y Deportes, Ren\u00e9 Sent\u00edes Barrios; el Delegado Municipal de la Zona Norte, Lamberto Gonz\u00e1lez de la Maza; y dem\u00e1s miembros del Cabildo.<\/p>\n<p>&nbsp;<\/p>\n","protected":false},"excerpt":{"rendered":"<p>*Inaugura Una Nueva Vialidad En La Colonia Latinoamericana &nbsp; Mediante una inversi\u00f3n cercana al mill\u00f3n de pesos, el Presidente Municipal&hellip;<\/p>\n","protected":false},"author":1,"featured_media":0,"comment_status":"open","ping_status":"open","sticky":false,"template":"","format":"standard","meta":{"footnotes":""},"categories":[3],"tags":[],"class_list":["post-3179","post","type-post","status-publish","format-standard","hentry","category-tampico"],"yoast_head":"<!-- This site is optimized with the Yoast SEO plugin v27.5 - https:\/\/yoast.com\/product\/yoast-seo-wordpress\/ -->\n<title>ESTAMOS CUMPLIENDO EL COMPROMISO DE TRANSFORMAR TAMPICO: CHUCHO NADER - EL INFORMATIVO DE TAMAULIPAS<\/title>\n<meta name=\"description\" content=\"*Inaugura Una Nueva Vialidad En La Colonia Latinoamericana &nbsp; Mediante una inversi\u00f3n cercana al mill\u00f3n de pesos, el Presidente Municipal Chucho Nader,\" \/>\n<meta name=\"robots\" content=\"index, follow, max-snippet:-1, max-image-preview:large, max-video-preview:-1\" \/>\n<link rel=\"canonical\" href=\"https:\/\/elinformativotam.com\/index.php\/2020\/03\/02\/estamos-cumpliendo-el-compromiso-de-transformar-tampico-chucho-nader\/\" \/>\n<meta property=\"og:locale\" content=\"es_MX\" \/>\n<meta property=\"og:type\" content=\"article\" \/>\n<meta property=\"og:title\" content=\"ESTAMOS CUMPLIENDO EL COMPROMISO DE TRANSFORMAR TAMPICO: CHUCHO NADER - EL INFORMATIVO DE TAMAULIPAS\" \/>\n<meta property=\"og:description\" content=\"*Inaugura Una Nueva Vialidad En La Colonia Latinoamericana &nbsp; Mediante una inversi\u00f3n cercana al mill\u00f3n de pesos, el Presidente Municipal Chucho Nader,\" \/>\n<meta property=\"og:url\" content=\"https:\/\/elinformativotam.com\/index.php\/2020\/03\/02\/estamos-cumpliendo-el-compromiso-de-transformar-tampico-chucho-nader\/\" \/>\n<meta property=\"og:site_name\" content=\"EL INFORMATIVO DE TAMAULIPAS\" \/>\n<meta property=\"article:published_time\" content=\"2020-03-03T02:51:34+00:00\" \/>\n<meta name=\"author\" content=\"El Informativo Tam\" \/>\n<meta name=\"twitter:card\" content=\"summary_large_image\" \/>\n<meta name=\"twitter:label1\" content=\"Escrito por\" \/>\n\t<meta name=\"twitter:data1\" content=\"El Informativo Tam\" \/>\n\t<meta name=\"twitter:label2\" content=\"Tiempo de lectura\" \/>\n\t<meta name=\"twitter:data2\" content=\"3 minutos\" \/>\n<script type=\"application\/ld+json\" class=\"yoast-schema-graph\">{\"@context\":\"https:\\\/\\\/schema.org\",\"@graph\":[{\"@type\":\"Article\",\"@id\":\"https:\\\/\\\/elinformativotam.com\\\/index.php\\\/2020\\\/03\\\/02\\\/estamos-cumpliendo-el-compromiso-de-transformar-tampico-chucho-nader\\\/#article\",\"isPartOf\":{\"@id\":\"https:\\\/\\\/elinformativotam.com\\\/index.php\\\/2020\\\/03\\\/02\\\/estamos-cumpliendo-el-compromiso-de-transformar-tampico-chucho-nader\\\/\"},\"author\":{\"name\":\"El Informativo Tam\",\"@id\":\"https:\\\/\\\/elinformativotam.com\\\/#\\\/schema\\\/person\\\/78e08040eed0f6110f0c5f83b6153590\"},\"headline\":\"ESTAMOS CUMPLIENDO EL COMPROMISO DE TRANSFORMAR TAMPICO: CHUCHO NADER\",\"datePublished\":\"2020-03-03T02:51:34+00:00\",\"mainEntityOfPage\":{\"@id\":\"https:\\\/\\\/elinformativotam.com\\\/index.php\\\/2020\\\/03\\\/02\\\/estamos-cumpliendo-el-compromiso-de-transformar-tampico-chucho-nader\\\/\"},\"wordCount\":556,\"commentCount\":0,\"publisher\":{\"@id\":\"https:\\\/\\\/elinformativotam.com\\\/#organization\"},\"articleSection\":[\"Tampico\"],\"inLanguage\":\"es\",\"potentialAction\":[{\"@type\":\"CommentAction\",\"name\":\"Comment\",\"target\":[\"https:\\\/\\\/elinformativotam.com\\\/index.php\\\/2020\\\/03\\\/02\\\/estamos-cumpliendo-el-compromiso-de-transformar-tampico-chucho-nader\\\/#respond\"]}]},{\"@type\":\"WebPage\",\"@id\":\"https:\\\/\\\/elinformativotam.com\\\/index.php\\\/2020\\\/03\\\/02\\\/estamos-cumpliendo-el-compromiso-de-transformar-tampico-chucho-nader\\\/\",\"url\":\"https:\\\/\\\/elinformativotam.com\\\/index.php\\\/2020\\\/03\\\/02\\\/estamos-cumpliendo-el-compromiso-de-transformar-tampico-chucho-nader\\\/\",\"name\":\"ESTAMOS CUMPLIENDO EL COMPROMISO DE TRANSFORMAR TAMPICO: CHUCHO NADER - EL INFORMATIVO DE TAMAULIPAS\",\"isPartOf\":{\"@id\":\"https:\\\/\\\/elinformativotam.com\\\/#website\"},\"datePublished\":\"2020-03-03T02:51:34+00:00\",\"description\":\"*Inaugura Una Nueva Vialidad En La Colonia Latinoamericana &nbsp; Mediante una inversi\u00f3n cercana al mill\u00f3n de pesos, el Presidente Municipal Chucho Nader,\",\"inLanguage\":\"es\",\"potentialAction\":[{\"@type\":\"ReadAction\",\"target\":[\"https:\\\/\\\/elinformativotam.com\\\/index.php\\\/2020\\\/03\\\/02\\\/estamos-cumpliendo-el-compromiso-de-transformar-tampico-chucho-nader\\\/\"]}]},{\"@type\":\"WebSite\",\"@id\":\"https:\\\/\\\/elinformativotam.com\\\/#website\",\"url\":\"https:\\\/\\\/elinformativotam.com\\\/\",\"name\":\"EL INFORMATIVO DE TAMAULIPAS\",\"description\":\"Desde la Zona Metropolitana Para Todo M\u00e9xico\",\"publisher\":{\"@id\":\"https:\\\/\\\/elinformativotam.com\\\/#organization\"},\"potentialAction\":[{\"@type\":\"SearchAction\",\"target\":{\"@type\":\"EntryPoint\",\"urlTemplate\":\"https:\\\/\\\/elinformativotam.com\\\/?s={search_term_string}\"},\"query-input\":{\"@type\":\"PropertyValueSpecification\",\"valueRequired\":true,\"valueName\":\"search_term_string\"}}],\"inLanguage\":\"es\"},{\"@type\":\"Organization\",\"@id\":\"https:\\\/\\\/elinformativotam.com\\\/#organization\",\"name\":\"EL INFORMATIVO DE TAMAULIPAS\",\"url\":\"https:\\\/\\\/elinformativotam.com\\\/\",\"logo\":{\"@type\":\"ImageObject\",\"inLanguage\":\"es\",\"@id\":\"https:\\\/\\\/elinformativotam.com\\\/#\\\/schema\\\/logo\\\/image\\\/\",\"url\":\"https:\\\/\\\/elinformativotam.com\\\/wp-content\\\/uploads\\\/2026\\\/02\\\/Cabezal.png\",\"contentUrl\":\"https:\\\/\\\/elinformativotam.com\\\/wp-content\\\/uploads\\\/2026\\\/02\\\/Cabezal.png\",\"width\":960,\"height\":640,\"caption\":\"EL INFORMATIVO DE TAMAULIPAS\"},\"image\":{\"@id\":\"https:\\\/\\\/elinformativotam.com\\\/#\\\/schema\\\/logo\\\/image\\\/\"}},{\"@type\":\"Person\",\"@id\":\"https:\\\/\\\/elinformativotam.com\\\/#\\\/schema\\\/person\\\/78e08040eed0f6110f0c5f83b6153590\",\"name\":\"El Informativo Tam\",\"image\":{\"@type\":\"ImageObject\",\"inLanguage\":\"es\",\"@id\":\"https:\\\/\\\/secure.gravatar.com\\\/avatar\\\/f3b7ad3af540688955925ac610647be00b0cf41feea9c4978b73a707ee86bc53?s=96&d=mm&r=g\",\"url\":\"https:\\\/\\\/secure.gravatar.com\\\/avatar\\\/f3b7ad3af540688955925ac610647be00b0cf41feea9c4978b73a707ee86bc53?s=96&d=mm&r=g\",\"contentUrl\":\"https:\\\/\\\/secure.gravatar.com\\\/avatar\\\/f3b7ad3af540688955925ac610647be00b0cf41feea9c4978b73a707ee86bc53?s=96&d=mm&r=g\",\"caption\":\"El Informativo Tam\"}}]}<\/script>\n<!-- \/ Yoast SEO plugin. -->","yoast_head_json":{"title":"ESTAMOS CUMPLIENDO EL COMPROMISO DE TRANSFORMAR TAMPICO: CHUCHO NADER - EL INFORMATIVO DE TAMAULIPAS","description":"*Inaugura Una Nueva Vialidad En La Colonia Latinoamericana &nbsp; Mediante una inversi\u00f3n cercana al mill\u00f3n de pesos, el Presidente Municipal Chucho Nader,","robots":{"index":"index","follow":"follow","max-snippet":"max-snippet:-1","max-image-preview":"max-image-preview:large","max-video-preview":"max-video-preview:-1"},"canonical":"https:\/\/elinformativotam.com\/index.php\/2020\/03\/02\/estamos-cumpliendo-el-compromiso-de-transformar-tampico-chucho-nader\/","og_locale":"es_MX","og_type":"article","og_title":"ESTAMOS CUMPLIENDO EL COMPROMISO DE TRANSFORMAR TAMPICO: CHUCHO NADER - EL INFORMATIVO DE TAMAULIPAS","og_description":"*Inaugura Una Nueva Vialidad En La Colonia Latinoamericana &nbsp; Mediante una inversi\u00f3n cercana al mill\u00f3n de pesos, el Presidente Municipal Chucho Nader,","og_url":"https:\/\/elinformativotam.com\/index.php\/2020\/03\/02\/estamos-cumpliendo-el-compromiso-de-transformar-tampico-chucho-nader\/","og_site_name":"EL INFORMATIVO DE TAMAULIPAS","article_published_time":"2020-03-03T02:51:34+00:00","author":"El Informativo Tam","twitter_card":"summary_large_image","twitter_misc":{"Escrito por":"El Informativo Tam","Tiempo de lectura":"3 minutos"},"schema":{"@context":"https:\/\/schema.org","@graph":[{"@type":"Article","@id":"https:\/\/elinformativotam.com\/index.php\/2020\/03\/02\/estamos-cumpliendo-el-compromiso-de-transformar-tampico-chucho-nader\/#article","isPartOf":{"@id":"https:\/\/elinformativotam.com\/index.php\/2020\/03\/02\/estamos-cumpliendo-el-compromiso-de-transformar-tampico-chucho-nader\/"},"author":{"name":"El Informativo Tam","@id":"https:\/\/elinformativotam.com\/#\/schema\/person\/78e08040eed0f6110f0c5f83b6153590"},"headline":"ESTAMOS CUMPLIENDO EL COMPROMISO DE TRANSFORMAR TAMPICO: CHUCHO NADER","datePublished":"2020-03-03T02:51:34+00:00","mainEntityOfPage":{"@id":"https:\/\/elinformativotam.com\/index.php\/2020\/03\/02\/estamos-cumpliendo-el-compromiso-de-transformar-tampico-chucho-nader\/"},"wordCount":556,"commentCount":0,"publisher":{"@id":"https:\/\/elinformativotam.com\/#organization"},"articleSection":["Tampico"],"inLanguage":"es","potentialAction":[{"@type":"CommentAction","name":"Comment","target":["https:\/\/elinformativotam.com\/index.php\/2020\/03\/02\/estamos-cumpliendo-el-compromiso-de-transformar-tampico-chucho-nader\/#respond"]}]},{"@type":"WebPage","@id":"https:\/\/elinformativotam.com\/index.php\/2020\/03\/02\/estamos-cumpliendo-el-compromiso-de-transformar-tampico-chucho-nader\/","url":"https:\/\/elinformativotam.com\/index.php\/2020\/03\/02\/estamos-cumpliendo-el-compromiso-de-transformar-tampico-chucho-nader\/","name":"ESTAMOS CUMPLIENDO EL COMPROMISO DE TRANSFORMAR TAMPICO: CHUCHO NADER - EL INFORMATIVO DE TAMAULIPAS","isPartOf":{"@id":"https:\/\/elinformativotam.com\/#website"},"datePublished":"2020-03-03T02:51:34+00:00","description":"*Inaugura Una Nueva Vialidad En La Colonia Latinoamericana &nbsp; Mediante una inversi\u00f3n cercana al mill\u00f3n de pesos, el Presidente Municipal Chucho Nader,","inLanguage":"es","potentialAction":[{"@type":"ReadAction","target":["https:\/\/elinformativotam.com\/index.php\/2020\/03\/02\/estamos-cumpliendo-el-compromiso-de-transformar-tampico-chucho-nader\/"]}]},{"@type":"WebSite","@id":"https:\/\/elinformativotam.com\/#website","url":"https:\/\/elinformativotam.com\/","name":"EL INFORMATIVO DE TAMAULIPAS","description":"Desde la Zona Metropolitana Para Todo M\u00e9xico","publisher":{"@id":"https:\/\/elinformativotam.com\/#organization"},"potentialAction":[{"@type":"SearchAction","target":{"@type":"EntryPoint","urlTemplate":"https:\/\/elinformativotam.com\/?s={search_term_string}"},"query-input":{"@type":"PropertyValueSpecification","valueRequired":true,"valueName":"search_term_string"}}],"inLanguage":"es"},{"@type":"Organization","@id":"https:\/\/elinformativotam.com\/#organization","name":"EL INFORMATIVO DE TAMAULIPAS","url":"https:\/\/elinformativotam.com\/","logo":{"@type":"ImageObject","inLanguage":"es","@id":"https:\/\/elinformativotam.com\/#\/schema\/logo\/image\/","url":"https:\/\/elinformativotam.com\/wp-content\/uploads\/2026\/02\/Cabezal.png","contentUrl":"https:\/\/elinformativotam.com\/wp-content\/uploads\/2026\/02\/Cabezal.png","width":960,"height":640,"caption":"EL INFORMATIVO DE TAMAULIPAS"},"image":{"@id":"https:\/\/elinformativotam.com\/#\/schema\/logo\/image\/"}},{"@type":"Person","@id":"https:\/\/elinformativotam.com\/#\/schema\/person\/78e08040eed0f6110f0c5f83b6153590","name":"El Informativo Tam","image":{"@type":"ImageObject","inLanguage":"es","@id":"https:\/\/secure.gravatar.com\/avatar\/f3b7ad3af540688955925ac610647be00b0cf41feea9c4978b73a707ee86bc53?s=96&d=mm&r=g","url":"https:\/\/secure.gravatar.com\/avatar\/f3b7ad3af540688955925ac610647be00b0cf41feea9c4978b73a707ee86bc53?s=96&d=mm&r=g","contentUrl":"https:\/\/secure.gravatar.com\/avatar\/f3b7ad3af540688955925ac610647be00b0cf41feea9c4978b73a707ee86bc53?s=96&d=mm&r=g","caption":"El Informativo Tam"}}]}},"_links":{"self":[{"href":"https:\/\/elinformativotam.com\/index.php\/wp-json\/wp\/v2\/posts\/3179","targetHints":{"allow":["GET"]}}],"collection":[{"href":"https:\/\/elinformativotam.com\/index.php\/wp-json\/wp\/v2\/posts"}],"about":[{"href":"https:\/\/elinformativotam.com\/index.php\/wp-json\/wp\/v2\/types\/post"}],"author":[{"embeddable":true,"href":"https:\/\/elinformativotam.com\/index.php\/wp-json\/wp\/v2\/users\/1"}],"replies":[{"embeddable":true,"href":"https:\/\/elinformativotam.com\/index.php\/wp-json\/wp\/v2\/comments?post=3179"}],"version-history":[{"count":0,"href":"https:\/\/elinformativotam.com\/index.php\/wp-json\/wp\/v2\/posts\/3179\/revisions"}],"wp:attachment":[{"href":"https:\/\/elinformativotam.com\/index.php\/wp-json\/wp\/v2\/media?parent=3179"}],"wp:term":[{"taxonomy":"category","embeddable":true,"href":"https:\/\/elinformativotam.com\/index.php\/wp-json\/wp\/v2\/categories?post=3179"},{"taxonomy":"post_tag","embeddable":true,"href":"https:\/\/elinformativotam.com\/index.php\/wp-json\/wp\/v2\/tags?post=3179"}],"curies":[{"name":"wp","href":"https:\/\/api.w.org\/{rel}","templated":true}]}}