{"id":30614,"date":"2022-05-04T22:39:56","date_gmt":"2022-05-05T04:39:56","guid":{"rendered":"https:\/\/elinformativotam.com\/?p=30614"},"modified":"2022-05-04T22:39:56","modified_gmt":"2022-05-05T04:39:56","slug":"pandemia-y-clases-en-linea-provocaron-rezago-educativo-hasta-del-80-por-ciento","status":"publish","type":"post","link":"https:\/\/elinformativotam.com\/index.php\/2022\/05\/04\/pandemia-y-clases-en-linea-provocaron-rezago-educativo-hasta-del-80-por-ciento\/","title":{"rendered":"PANDEMIA Y CLASES EN L\u00cdNEA PROVOCARON REZAGO EDUCATIVO HASTA DEL 80 POR CIENTO."},"content":{"rendered":"<p><em>Cd. Madero, Tamaulipas.- Las clases en l\u00ednea s\u00ed provocaron un retraso en lo que es el aprovechamiento de los estudiantes de nivel primaria,\u00a0 algo que se est\u00e1 viendo en este momento, que ya regresaron los alumnos a tomar clases de manera presencial. <\/em><\/p>\n<p><em>\u00a0<\/em><\/p>\n<p><em>El director de la escuela primaria &#8220;20 de Noviembre&#8221;, Edgar Augusto Ontiveros Garc\u00eda, se\u00f1al\u00f3 que esta es una situaci\u00f3n que los maestros est\u00e1n detectando en sus alumnos, siendo diferentes las actividades en las cuales existe un rezago importante.<\/em><\/p>\n<p><em>\u00a0<\/em><\/p>\n<p><em>Indic\u00f3 que en los niveles de primero, segundo y tercer grado,\u00a0 es un 80% de rezago en actividades como escritura,\u00a0 lectura, y en materias como matem\u00e1ticas, mientras que en los grados superiores, es decir cuarto, quinto y sexto, el rezago educativo que se tiene es del 70% aproximadamente, el cual tambi\u00e9n se considera alto en las mismas \u00e1reas.<\/em><\/p>\n<p><em>\u00a0<\/em><\/p>\n<p><em>Destac\u00f3 que se est\u00e1 trabajando con los maestros para llevar a cabo la detecci\u00f3n de aquellos alumnos que tienen un poco m\u00e1s de problemas para el desarrollo de sus actividades en la escuela, con la finalidad de ayudarlos en conjunto con los padres de familia.<\/em><\/p>\n<p><em>\u00a0<\/em><\/p>\n<p><em>Mencion\u00f3 que durante la pandemia y las clases en l\u00ednea, la actividad de los padres de familia fue muy importante, ya que pr\u00e1cticamente ocuparon el lugar de los maestros y se hizo el esfuerzo para que sus hijos salieran adelante, por lo que ahora tocar\u00e1 a los planteles educativos llevar a cabo la regularizaci\u00f3n de dichos estudiantes, con la finalidad de que se acabe este rezago educativo.<\/em><\/p>\n","protected":false},"excerpt":{"rendered":"<p>Cd. Madero, Tamaulipas.- Las clases en l\u00ednea s\u00ed provocaron un retraso en lo que es el aprovechamiento de los estudiantes&hellip;<\/p>\n","protected":false},"author":1,"featured_media":30615,"comment_status":"open","ping_status":"open","sticky":false,"template":"","format":"standard","meta":{"footnotes":""},"categories":[4],"tags":[],"class_list":["post-30614","post","type-post","status-publish","format-standard","has-post-thumbnail","hentry","category-madero"],"yoast_head":"<!-- This site is optimized with the Yoast SEO plugin v27.4 - https:\/\/yoast.com\/product\/yoast-seo-wordpress\/ -->\n<title>PANDEMIA Y CLASES EN L\u00cdNEA PROVOCARON REZAGO EDUCATIVO HASTA DEL 80 POR CIENTO. - EL INFORMATIVO DE TAMAULIPAS<\/title>\n<meta name=\"description\" content=\"Cd. Madero, Tamaulipas.- Las clases en l\u00ednea s\u00ed provocaron un retraso en lo que es el aprovechamiento de los estudiantes de nivel primaria,\u00a0 algo que se\" \/>\n<meta name=\"robots\" content=\"index, follow, max-snippet:-1, max-image-preview:large, max-video-preview:-1\" \/>\n<link rel=\"canonical\" href=\"https:\/\/elinformativotam.com\/index.php\/2022\/05\/04\/pandemia-y-clases-en-linea-provocaron-rezago-educativo-hasta-del-80-por-ciento\/\" \/>\n<meta property=\"og:locale\" content=\"es_MX\" \/>\n<meta property=\"og:type\" content=\"article\" \/>\n<meta property=\"og:title\" content=\"PANDEMIA Y CLASES EN L\u00cdNEA PROVOCARON REZAGO EDUCATIVO HASTA DEL 80 POR CIENTO. - EL INFORMATIVO DE TAMAULIPAS\" \/>\n<meta property=\"og:description\" content=\"Cd. Madero, Tamaulipas.- Las clases en l\u00ednea s\u00ed provocaron un retraso en lo que es el aprovechamiento de los estudiantes de nivel primaria,\u00a0 algo que se\" \/>\n<meta property=\"og:url\" content=\"https:\/\/elinformativotam.com\/index.php\/2022\/05\/04\/pandemia-y-clases-en-linea-provocaron-rezago-educativo-hasta-del-80-por-ciento\/\" \/>\n<meta property=\"og:site_name\" content=\"EL INFORMATIVO DE TAMAULIPAS\" \/>\n<meta property=\"article:published_time\" content=\"2022-05-05T04:39:56+00:00\" \/>\n<meta property=\"og:image\" content=\"https:\/\/elinformativotam.com\/wp-content\/uploads\/2022\/05\/Augsto.jpg\" \/>\n\t<meta property=\"og:image:width\" content=\"1040\" \/>\n\t<meta property=\"og:image:height\" content=\"500\" \/>\n\t<meta property=\"og:image:type\" content=\"image\/jpeg\" \/>\n<meta name=\"author\" content=\"El Informativo Tam\" \/>\n<meta name=\"twitter:card\" content=\"summary_large_image\" \/>\n<meta name=\"twitter:label1\" content=\"Escrito por\" \/>\n\t<meta name=\"twitter:data1\" content=\"El Informativo Tam\" \/>\n\t<meta name=\"twitter:label2\" content=\"Tiempo de lectura\" \/>\n\t<meta name=\"twitter:data2\" content=\"1 minuto\" \/>\n<script type=\"application\/ld+json\" class=\"yoast-schema-graph\">{\"@context\":\"https:\\\/\\\/schema.org\",\"@graph\":[{\"@type\":\"Article\",\"@id\":\"https:\\\/\\\/elinformativotam.com\\\/index.php\\\/2022\\\/05\\\/04\\\/pandemia-y-clases-en-linea-provocaron-rezago-educativo-hasta-del-80-por-ciento\\\/#article\",\"isPartOf\":{\"@id\":\"https:\\\/\\\/elinformativotam.com\\\/index.php\\\/2022\\\/05\\\/04\\\/pandemia-y-clases-en-linea-provocaron-rezago-educativo-hasta-del-80-por-ciento\\\/\"},\"author\":{\"name\":\"El Informativo Tam\",\"@id\":\"https:\\\/\\\/elinformativotam.com\\\/#\\\/schema\\\/person\\\/78e08040eed0f6110f0c5f83b6153590\"},\"headline\":\"PANDEMIA Y CLASES EN L\u00cdNEA PROVOCARON REZAGO EDUCATIVO HASTA DEL 80 POR CIENTO.\",\"datePublished\":\"2022-05-05T04:39:56+00:00\",\"mainEntityOfPage\":{\"@id\":\"https:\\\/\\\/elinformativotam.com\\\/index.php\\\/2022\\\/05\\\/04\\\/pandemia-y-clases-en-linea-provocaron-rezago-educativo-hasta-del-80-por-ciento\\\/\"},\"wordCount\":273,\"commentCount\":0,\"publisher\":{\"@id\":\"https:\\\/\\\/elinformativotam.com\\\/#organization\"},\"image\":{\"@id\":\"https:\\\/\\\/elinformativotam.com\\\/index.php\\\/2022\\\/05\\\/04\\\/pandemia-y-clases-en-linea-provocaron-rezago-educativo-hasta-del-80-por-ciento\\\/#primaryimage\"},\"thumbnailUrl\":\"https:\\\/\\\/elinformativotam.com\\\/wp-content\\\/uploads\\\/2022\\\/05\\\/Augsto.jpg\",\"articleSection\":[\"Cd Madero\"],\"inLanguage\":\"es\",\"potentialAction\":[{\"@type\":\"CommentAction\",\"name\":\"Comment\",\"target\":[\"https:\\\/\\\/elinformativotam.com\\\/index.php\\\/2022\\\/05\\\/04\\\/pandemia-y-clases-en-linea-provocaron-rezago-educativo-hasta-del-80-por-ciento\\\/#respond\"]}]},{\"@type\":\"WebPage\",\"@id\":\"https:\\\/\\\/elinformativotam.com\\\/index.php\\\/2022\\\/05\\\/04\\\/pandemia-y-clases-en-linea-provocaron-rezago-educativo-hasta-del-80-por-ciento\\\/\",\"url\":\"https:\\\/\\\/elinformativotam.com\\\/index.php\\\/2022\\\/05\\\/04\\\/pandemia-y-clases-en-linea-provocaron-rezago-educativo-hasta-del-80-por-ciento\\\/\",\"name\":\"PANDEMIA Y CLASES EN L\u00cdNEA PROVOCARON REZAGO EDUCATIVO HASTA DEL 80 POR CIENTO. - EL INFORMATIVO DE TAMAULIPAS\",\"isPartOf\":{\"@id\":\"https:\\\/\\\/elinformativotam.com\\\/#website\"},\"primaryImageOfPage\":{\"@id\":\"https:\\\/\\\/elinformativotam.com\\\/index.php\\\/2022\\\/05\\\/04\\\/pandemia-y-clases-en-linea-provocaron-rezago-educativo-hasta-del-80-por-ciento\\\/#primaryimage\"},\"image\":{\"@id\":\"https:\\\/\\\/elinformativotam.com\\\/index.php\\\/2022\\\/05\\\/04\\\/pandemia-y-clases-en-linea-provocaron-rezago-educativo-hasta-del-80-por-ciento\\\/#primaryimage\"},\"thumbnailUrl\":\"https:\\\/\\\/elinformativotam.com\\\/wp-content\\\/uploads\\\/2022\\\/05\\\/Augsto.jpg\",\"datePublished\":\"2022-05-05T04:39:56+00:00\",\"description\":\"Cd. Madero, Tamaulipas.- Las clases en l\u00ednea s\u00ed provocaron un retraso en lo que es el aprovechamiento de los estudiantes de nivel primaria,\u00a0 algo que se\",\"inLanguage\":\"es\",\"potentialAction\":[{\"@type\":\"ReadAction\",\"target\":[\"https:\\\/\\\/elinformativotam.com\\\/index.php\\\/2022\\\/05\\\/04\\\/pandemia-y-clases-en-linea-provocaron-rezago-educativo-hasta-del-80-por-ciento\\\/\"]}]},{\"@type\":\"ImageObject\",\"inLanguage\":\"es\",\"@id\":\"https:\\\/\\\/elinformativotam.com\\\/index.php\\\/2022\\\/05\\\/04\\\/pandemia-y-clases-en-linea-provocaron-rezago-educativo-hasta-del-80-por-ciento\\\/#primaryimage\",\"url\":\"https:\\\/\\\/elinformativotam.com\\\/wp-content\\\/uploads\\\/2022\\\/05\\\/Augsto.jpg\",\"contentUrl\":\"https:\\\/\\\/elinformativotam.com\\\/wp-content\\\/uploads\\\/2022\\\/05\\\/Augsto.jpg\",\"width\":1040,\"height\":500},{\"@type\":\"WebSite\",\"@id\":\"https:\\\/\\\/elinformativotam.com\\\/#website\",\"url\":\"https:\\\/\\\/elinformativotam.com\\\/\",\"name\":\"EL INFORMATIVO DE TAMAULIPAS\",\"description\":\"Desde la Zona Metropolitana Para Todo M\u00e9xico\",\"publisher\":{\"@id\":\"https:\\\/\\\/elinformativotam.com\\\/#organization\"},\"potentialAction\":[{\"@type\":\"SearchAction\",\"target\":{\"@type\":\"EntryPoint\",\"urlTemplate\":\"https:\\\/\\\/elinformativotam.com\\\/?s={search_term_string}\"},\"query-input\":{\"@type\":\"PropertyValueSpecification\",\"valueRequired\":true,\"valueName\":\"search_term_string\"}}],\"inLanguage\":\"es\"},{\"@type\":\"Organization\",\"@id\":\"https:\\\/\\\/elinformativotam.com\\\/#organization\",\"name\":\"EL INFORMATIVO DE TAMAULIPAS\",\"url\":\"https:\\\/\\\/elinformativotam.com\\\/\",\"logo\":{\"@type\":\"ImageObject\",\"inLanguage\":\"es\",\"@id\":\"https:\\\/\\\/elinformativotam.com\\\/#\\\/schema\\\/logo\\\/image\\\/\",\"url\":\"https:\\\/\\\/elinformativotam.com\\\/wp-content\\\/uploads\\\/2026\\\/02\\\/Cabezal.png\",\"contentUrl\":\"https:\\\/\\\/elinformativotam.com\\\/wp-content\\\/uploads\\\/2026\\\/02\\\/Cabezal.png\",\"width\":960,\"height\":640,\"caption\":\"EL INFORMATIVO DE TAMAULIPAS\"},\"image\":{\"@id\":\"https:\\\/\\\/elinformativotam.com\\\/#\\\/schema\\\/logo\\\/image\\\/\"}},{\"@type\":\"Person\",\"@id\":\"https:\\\/\\\/elinformativotam.com\\\/#\\\/schema\\\/person\\\/78e08040eed0f6110f0c5f83b6153590\",\"name\":\"El Informativo Tam\",\"image\":{\"@type\":\"ImageObject\",\"inLanguage\":\"es\",\"@id\":\"https:\\\/\\\/secure.gravatar.com\\\/avatar\\\/f3b7ad3af540688955925ac610647be00b0cf41feea9c4978b73a707ee86bc53?s=96&d=mm&r=g\",\"url\":\"https:\\\/\\\/secure.gravatar.com\\\/avatar\\\/f3b7ad3af540688955925ac610647be00b0cf41feea9c4978b73a707ee86bc53?s=96&d=mm&r=g\",\"contentUrl\":\"https:\\\/\\\/secure.gravatar.com\\\/avatar\\\/f3b7ad3af540688955925ac610647be00b0cf41feea9c4978b73a707ee86bc53?s=96&d=mm&r=g\",\"caption\":\"El Informativo Tam\"}}]}<\/script>\n<!-- \/ Yoast SEO plugin. -->","yoast_head_json":{"title":"PANDEMIA Y CLASES EN L\u00cdNEA PROVOCARON REZAGO EDUCATIVO HASTA DEL 80 POR CIENTO. - EL INFORMATIVO DE TAMAULIPAS","description":"Cd. Madero, Tamaulipas.- Las clases en l\u00ednea s\u00ed provocaron un retraso en lo que es el aprovechamiento de los estudiantes de nivel primaria,\u00a0 algo que se","robots":{"index":"index","follow":"follow","max-snippet":"max-snippet:-1","max-image-preview":"max-image-preview:large","max-video-preview":"max-video-preview:-1"},"canonical":"https:\/\/elinformativotam.com\/index.php\/2022\/05\/04\/pandemia-y-clases-en-linea-provocaron-rezago-educativo-hasta-del-80-por-ciento\/","og_locale":"es_MX","og_type":"article","og_title":"PANDEMIA Y CLASES EN L\u00cdNEA PROVOCARON REZAGO EDUCATIVO HASTA DEL 80 POR CIENTO. - EL INFORMATIVO DE TAMAULIPAS","og_description":"Cd. Madero, Tamaulipas.- Las clases en l\u00ednea s\u00ed provocaron un retraso en lo que es el aprovechamiento de los estudiantes de nivel primaria,\u00a0 algo que se","og_url":"https:\/\/elinformativotam.com\/index.php\/2022\/05\/04\/pandemia-y-clases-en-linea-provocaron-rezago-educativo-hasta-del-80-por-ciento\/","og_site_name":"EL INFORMATIVO DE TAMAULIPAS","article_published_time":"2022-05-05T04:39:56+00:00","og_image":[{"width":1040,"height":500,"url":"https:\/\/elinformativotam.com\/wp-content\/uploads\/2022\/05\/Augsto.jpg","type":"image\/jpeg"}],"author":"El Informativo Tam","twitter_card":"summary_large_image","twitter_misc":{"Escrito por":"El Informativo Tam","Tiempo de lectura":"1 minuto"},"schema":{"@context":"https:\/\/schema.org","@graph":[{"@type":"Article","@id":"https:\/\/elinformativotam.com\/index.php\/2022\/05\/04\/pandemia-y-clases-en-linea-provocaron-rezago-educativo-hasta-del-80-por-ciento\/#article","isPartOf":{"@id":"https:\/\/elinformativotam.com\/index.php\/2022\/05\/04\/pandemia-y-clases-en-linea-provocaron-rezago-educativo-hasta-del-80-por-ciento\/"},"author":{"name":"El Informativo Tam","@id":"https:\/\/elinformativotam.com\/#\/schema\/person\/78e08040eed0f6110f0c5f83b6153590"},"headline":"PANDEMIA Y CLASES EN L\u00cdNEA PROVOCARON REZAGO EDUCATIVO HASTA DEL 80 POR CIENTO.","datePublished":"2022-05-05T04:39:56+00:00","mainEntityOfPage":{"@id":"https:\/\/elinformativotam.com\/index.php\/2022\/05\/04\/pandemia-y-clases-en-linea-provocaron-rezago-educativo-hasta-del-80-por-ciento\/"},"wordCount":273,"commentCount":0,"publisher":{"@id":"https:\/\/elinformativotam.com\/#organization"},"image":{"@id":"https:\/\/elinformativotam.com\/index.php\/2022\/05\/04\/pandemia-y-clases-en-linea-provocaron-rezago-educativo-hasta-del-80-por-ciento\/#primaryimage"},"thumbnailUrl":"https:\/\/elinformativotam.com\/wp-content\/uploads\/2022\/05\/Augsto.jpg","articleSection":["Cd Madero"],"inLanguage":"es","potentialAction":[{"@type":"CommentAction","name":"Comment","target":["https:\/\/elinformativotam.com\/index.php\/2022\/05\/04\/pandemia-y-clases-en-linea-provocaron-rezago-educativo-hasta-del-80-por-ciento\/#respond"]}]},{"@type":"WebPage","@id":"https:\/\/elinformativotam.com\/index.php\/2022\/05\/04\/pandemia-y-clases-en-linea-provocaron-rezago-educativo-hasta-del-80-por-ciento\/","url":"https:\/\/elinformativotam.com\/index.php\/2022\/05\/04\/pandemia-y-clases-en-linea-provocaron-rezago-educativo-hasta-del-80-por-ciento\/","name":"PANDEMIA Y CLASES EN L\u00cdNEA PROVOCARON REZAGO EDUCATIVO HASTA DEL 80 POR CIENTO. - EL INFORMATIVO DE TAMAULIPAS","isPartOf":{"@id":"https:\/\/elinformativotam.com\/#website"},"primaryImageOfPage":{"@id":"https:\/\/elinformativotam.com\/index.php\/2022\/05\/04\/pandemia-y-clases-en-linea-provocaron-rezago-educativo-hasta-del-80-por-ciento\/#primaryimage"},"image":{"@id":"https:\/\/elinformativotam.com\/index.php\/2022\/05\/04\/pandemia-y-clases-en-linea-provocaron-rezago-educativo-hasta-del-80-por-ciento\/#primaryimage"},"thumbnailUrl":"https:\/\/elinformativotam.com\/wp-content\/uploads\/2022\/05\/Augsto.jpg","datePublished":"2022-05-05T04:39:56+00:00","description":"Cd. Madero, Tamaulipas.- Las clases en l\u00ednea s\u00ed provocaron un retraso en lo que es el aprovechamiento de los estudiantes de nivel primaria,\u00a0 algo que se","inLanguage":"es","potentialAction":[{"@type":"ReadAction","target":["https:\/\/elinformativotam.com\/index.php\/2022\/05\/04\/pandemia-y-clases-en-linea-provocaron-rezago-educativo-hasta-del-80-por-ciento\/"]}]},{"@type":"ImageObject","inLanguage":"es","@id":"https:\/\/elinformativotam.com\/index.php\/2022\/05\/04\/pandemia-y-clases-en-linea-provocaron-rezago-educativo-hasta-del-80-por-ciento\/#primaryimage","url":"https:\/\/elinformativotam.com\/wp-content\/uploads\/2022\/05\/Augsto.jpg","contentUrl":"https:\/\/elinformativotam.com\/wp-content\/uploads\/2022\/05\/Augsto.jpg","width":1040,"height":500},{"@type":"WebSite","@id":"https:\/\/elinformativotam.com\/#website","url":"https:\/\/elinformativotam.com\/","name":"EL INFORMATIVO DE TAMAULIPAS","description":"Desde la Zona Metropolitana Para Todo M\u00e9xico","publisher":{"@id":"https:\/\/elinformativotam.com\/#organization"},"potentialAction":[{"@type":"SearchAction","target":{"@type":"EntryPoint","urlTemplate":"https:\/\/elinformativotam.com\/?s={search_term_string}"},"query-input":{"@type":"PropertyValueSpecification","valueRequired":true,"valueName":"search_term_string"}}],"inLanguage":"es"},{"@type":"Organization","@id":"https:\/\/elinformativotam.com\/#organization","name":"EL INFORMATIVO DE TAMAULIPAS","url":"https:\/\/elinformativotam.com\/","logo":{"@type":"ImageObject","inLanguage":"es","@id":"https:\/\/elinformativotam.com\/#\/schema\/logo\/image\/","url":"https:\/\/elinformativotam.com\/wp-content\/uploads\/2026\/02\/Cabezal.png","contentUrl":"https:\/\/elinformativotam.com\/wp-content\/uploads\/2026\/02\/Cabezal.png","width":960,"height":640,"caption":"EL INFORMATIVO DE TAMAULIPAS"},"image":{"@id":"https:\/\/elinformativotam.com\/#\/schema\/logo\/image\/"}},{"@type":"Person","@id":"https:\/\/elinformativotam.com\/#\/schema\/person\/78e08040eed0f6110f0c5f83b6153590","name":"El Informativo Tam","image":{"@type":"ImageObject","inLanguage":"es","@id":"https:\/\/secure.gravatar.com\/avatar\/f3b7ad3af540688955925ac610647be00b0cf41feea9c4978b73a707ee86bc53?s=96&d=mm&r=g","url":"https:\/\/secure.gravatar.com\/avatar\/f3b7ad3af540688955925ac610647be00b0cf41feea9c4978b73a707ee86bc53?s=96&d=mm&r=g","contentUrl":"https:\/\/secure.gravatar.com\/avatar\/f3b7ad3af540688955925ac610647be00b0cf41feea9c4978b73a707ee86bc53?s=96&d=mm&r=g","caption":"El Informativo Tam"}}]}},"_links":{"self":[{"href":"https:\/\/elinformativotam.com\/index.php\/wp-json\/wp\/v2\/posts\/30614","targetHints":{"allow":["GET"]}}],"collection":[{"href":"https:\/\/elinformativotam.com\/index.php\/wp-json\/wp\/v2\/posts"}],"about":[{"href":"https:\/\/elinformativotam.com\/index.php\/wp-json\/wp\/v2\/types\/post"}],"author":[{"embeddable":true,"href":"https:\/\/elinformativotam.com\/index.php\/wp-json\/wp\/v2\/users\/1"}],"replies":[{"embeddable":true,"href":"https:\/\/elinformativotam.com\/index.php\/wp-json\/wp\/v2\/comments?post=30614"}],"version-history":[{"count":1,"href":"https:\/\/elinformativotam.com\/index.php\/wp-json\/wp\/v2\/posts\/30614\/revisions"}],"predecessor-version":[{"id":30616,"href":"https:\/\/elinformativotam.com\/index.php\/wp-json\/wp\/v2\/posts\/30614\/revisions\/30616"}],"wp:featuredmedia":[{"embeddable":true,"href":"https:\/\/elinformativotam.com\/index.php\/wp-json\/wp\/v2\/media\/30615"}],"wp:attachment":[{"href":"https:\/\/elinformativotam.com\/index.php\/wp-json\/wp\/v2\/media?parent=30614"}],"wp:term":[{"taxonomy":"category","embeddable":true,"href":"https:\/\/elinformativotam.com\/index.php\/wp-json\/wp\/v2\/categories?post=30614"},{"taxonomy":"post_tag","embeddable":true,"href":"https:\/\/elinformativotam.com\/index.php\/wp-json\/wp\/v2\/tags?post=30614"}],"curies":[{"name":"wp","href":"https:\/\/api.w.org\/{rel}","templated":true}]}}