{"id":30595,"date":"2022-05-04T19:40:12","date_gmt":"2022-05-05T01:40:12","guid":{"rendered":"https:\/\/elinformativotam.com\/?p=30595"},"modified":"2022-05-04T19:40:12","modified_gmt":"2022-05-05T01:40:12","slug":"ratifica-americo-compromiso-de-construir-la-segunda-linea-del-acueducto","status":"publish","type":"post","link":"https:\/\/elinformativotam.com\/index.php\/2022\/05\/04\/ratifica-americo-compromiso-de-construir-la-segunda-linea-del-acueducto\/","title":{"rendered":"RATIFICA AM\u00c9RICO COMPROMISO DE CONSTRUIR LA SEGUNDA L\u00cdNEA DEL ACUEDUCTO"},"content":{"rendered":"<p><em>Ciudad Victoria, Tam. &#8211; Al pie de la sierra madre y ante cientos de mujeres y hombres de la colonia \u201cVamos Tamaulipas\u201d, el doctor Am\u00e9rico Villarreal Anaya ratific\u00f3 el compromiso de construir la segunda l\u00ednea del acueducto \u201cVicente Guerrero\u201d, para que la capital del estado no sufra el desabasto del vital l\u00edquido.<\/em><\/p>\n<p><em>\u00a0<\/em><\/p>\n<p><em>&#8220;Si mi padre, el ingeniero Am\u00e9rico Villarreal Guerra cuando fue gobernador de Tamaulipas construy\u00f3 el primer acueducto para traer el agua de la presa a la capital, a m\u00ed me toca lo mismo, pero construir la segunda fase&#8221;, menciono.<\/em><\/p>\n<p><em>\u00a0<\/em><\/p>\n<p><em>Desde el \u00e1rea verde de la segunda etapa de la colonia Vamos Tamaulipas, fundada hace m\u00e1s de 20 a\u00f1os, el doctor Am\u00e9rico Villarreal de la candidatura com\u00fan \u201cJuntos Hacemos Historia\u201d de Morena, PT y PVEM, ofreci\u00f3 que, al favorecerle el voto, desde el Gobierno del Estado devolver\u00e1 las becas a la juventud para que se sigan preparando y tengan mayores oportunidades y calidad de vida.<\/em><\/p>\n<p><em>\u00a0<\/em><\/p>\n<p><em>En el encuentro con colonos y l\u00edderes seccionales de San Luisito, Hacienda del Bosque, la Presita, la Libertad, la Enrique C\u00e1rdenas, y la Estrella, entre otras del sector poniente de la ciudad, el doctor Am\u00e9rico Villarreal, reiter\u00f3 que el mejor patrimonio que un padre le puede dejar a sus hijos, es la educaci\u00f3n.<\/em><\/p>\n<p><em>\u00a0<\/em><\/p>\n<p><em>\u00a0Impulsaremos una serie de programas para que todas las familias tengan acceso a los servicios de salud, educaci\u00f3n, deporte, cultura y seguridad, adem\u00e1s de apoyar a los agricultores, ganaderos y citricultores para incrementar la productividad.<\/em><\/p>\n<p><em>\u00a0<\/em><\/p>\n<p><em>Durante su mensaje, el doctor Am\u00e9rico Villarreal recibi\u00f3 mediante porras y banderillas el respaldo de los colonos del sector poniente de la ciudad para llegar a la gubernatura del Estado.<\/em><\/p>\n<p><em>\u00a0<\/em><\/p>\n<p><em>Por su parte, la doctora Mar\u00eda de Villarreal pidi\u00f3 a las mujeres vitamina hacer un llamado a los hombres para que se integren a ser \u201ccaballeros vitamina\u201d.<\/em><\/p>\n<p><em>\u00a0<\/em><\/p>\n<p><em>&#8220;Es un honor estar con el doctor\u201d, \u201cse puede, claro que se puede\u201d y &#8220;gobernador, gobernador, gobernador&#8221;, gritaban los presentes. <\/em><\/p>\n<p><em>\u00a0<\/em><\/p>\n<p><em>La l\u00edder de colonia, Martha Obreg\u00f3n Castillo agradeci\u00f3 la visita del candidato a este sector de la ciudad y con firmeza, dijo, \u201ceste cinco de junio no solo vamos a ganar, vamos a arrasar\u201d.<\/em><\/p>\n<p><em>\u00a0<\/em><\/p>\n<p><em>El vendedor de aguas Francisco Hern\u00e1ndez Morales, en cuya hielera, portaba un pegote del doctor Am\u00e9rico Villarreal, mencion\u00f3 \u201cyo y mi familia vamos a votar por el doctor porque es una persona sincera, pero sobre todo honesta\u201d.<\/em><\/p>\n<p><em>\u00a0<\/em><\/p>\n<p><em>Por su parte, don Maleno Garc\u00eda que tiene una tiendita de abarrotes en la esquina, resalt\u00f3 que conoci\u00f3 al ingeniero Am\u00e9rico Villarreal Guerra a quien le guarda mucho aprecio porque cuando fue gobernador llev\u00f3 al cuarto distrito un programa que se llamaba \u201ccanje de sementales\u201d donde se vieron beneficiados cientos de campesinos al mejorar la calidad del ganad<\/em>o.<\/p>\n","protected":false},"excerpt":{"rendered":"<p>Ciudad Victoria, Tam. &#8211; Al pie de la sierra madre y ante cientos de mujeres y hombres de la colonia&hellip;<\/p>\n","protected":false},"author":1,"featured_media":30596,"comment_status":"open","ping_status":"open","sticky":false,"template":"","format":"standard","meta":{"footnotes":""},"categories":[6],"tags":[],"class_list":["post-30595","post","type-post","status-publish","format-standard","has-post-thumbnail","hentry","category-tamaulipas"],"yoast_head":"<!-- This site is optimized with the Yoast SEO plugin v27.4 - https:\/\/yoast.com\/product\/yoast-seo-wordpress\/ -->\n<title>RATIFICA AM\u00c9RICO COMPROMISO DE CONSTRUIR LA SEGUNDA L\u00cdNEA DEL ACUEDUCTO - EL INFORMATIVO DE TAMAULIPAS<\/title>\n<meta name=\"description\" content=\"Ciudad Victoria, Tam. - Al pie de la sierra madre y ante cientos de mujeres y hombres de la colonia \u201cVamos Tamaulipas\u201d, el doctor Am\u00e9rico Villarreal Anaya\" \/>\n<meta name=\"robots\" content=\"index, follow, max-snippet:-1, max-image-preview:large, max-video-preview:-1\" \/>\n<link rel=\"canonical\" href=\"https:\/\/elinformativotam.com\/index.php\/2022\/05\/04\/ratifica-americo-compromiso-de-construir-la-segunda-linea-del-acueducto\/\" \/>\n<meta property=\"og:locale\" content=\"es_MX\" \/>\n<meta property=\"og:type\" content=\"article\" \/>\n<meta property=\"og:title\" content=\"RATIFICA AM\u00c9RICO COMPROMISO DE CONSTRUIR LA SEGUNDA L\u00cdNEA DEL ACUEDUCTO - EL INFORMATIVO DE TAMAULIPAS\" \/>\n<meta property=\"og:description\" content=\"Ciudad Victoria, Tam. - Al pie de la sierra madre y ante cientos de mujeres y hombres de la colonia \u201cVamos Tamaulipas\u201d, el doctor Am\u00e9rico Villarreal Anaya\" \/>\n<meta property=\"og:url\" content=\"https:\/\/elinformativotam.com\/index.php\/2022\/05\/04\/ratifica-americo-compromiso-de-construir-la-segunda-linea-del-acueducto\/\" \/>\n<meta property=\"og:site_name\" content=\"EL INFORMATIVO DE TAMAULIPAS\" \/>\n<meta property=\"article:published_time\" content=\"2022-05-05T01:40:12+00:00\" \/>\n<meta property=\"og:image\" content=\"https:\/\/elinformativotam.com\/wp-content\/uploads\/2022\/05\/Americo-1.jpg\" \/>\n\t<meta property=\"og:image:width\" content=\"1600\" \/>\n\t<meta property=\"og:image:height\" content=\"1016\" \/>\n\t<meta property=\"og:image:type\" content=\"image\/jpeg\" \/>\n<meta name=\"author\" content=\"El Informativo Tam\" \/>\n<meta name=\"twitter:card\" content=\"summary_large_image\" \/>\n<meta name=\"twitter:label1\" content=\"Escrito por\" \/>\n\t<meta name=\"twitter:data1\" content=\"El Informativo Tam\" \/>\n\t<meta name=\"twitter:label2\" content=\"Tiempo de lectura\" \/>\n\t<meta name=\"twitter:data2\" content=\"3 minutos\" \/>\n<script type=\"application\/ld+json\" class=\"yoast-schema-graph\">{\"@context\":\"https:\\\/\\\/schema.org\",\"@graph\":[{\"@type\":\"Article\",\"@id\":\"https:\\\/\\\/elinformativotam.com\\\/index.php\\\/2022\\\/05\\\/04\\\/ratifica-americo-compromiso-de-construir-la-segunda-linea-del-acueducto\\\/#article\",\"isPartOf\":{\"@id\":\"https:\\\/\\\/elinformativotam.com\\\/index.php\\\/2022\\\/05\\\/04\\\/ratifica-americo-compromiso-de-construir-la-segunda-linea-del-acueducto\\\/\"},\"author\":{\"name\":\"El Informativo Tam\",\"@id\":\"https:\\\/\\\/elinformativotam.com\\\/#\\\/schema\\\/person\\\/78e08040eed0f6110f0c5f83b6153590\"},\"headline\":\"RATIFICA AM\u00c9RICO COMPROMISO DE CONSTRUIR LA SEGUNDA L\u00cdNEA DEL ACUEDUCTO\",\"datePublished\":\"2022-05-05T01:40:12+00:00\",\"mainEntityOfPage\":{\"@id\":\"https:\\\/\\\/elinformativotam.com\\\/index.php\\\/2022\\\/05\\\/04\\\/ratifica-americo-compromiso-de-construir-la-segunda-linea-del-acueducto\\\/\"},\"wordCount\":483,\"commentCount\":0,\"publisher\":{\"@id\":\"https:\\\/\\\/elinformativotam.com\\\/#organization\"},\"image\":{\"@id\":\"https:\\\/\\\/elinformativotam.com\\\/index.php\\\/2022\\\/05\\\/04\\\/ratifica-americo-compromiso-de-construir-la-segunda-linea-del-acueducto\\\/#primaryimage\"},\"thumbnailUrl\":\"https:\\\/\\\/elinformativotam.com\\\/wp-content\\\/uploads\\\/2022\\\/05\\\/Americo-1.jpg\",\"articleSection\":[\"Tamaulipas\"],\"inLanguage\":\"es\",\"potentialAction\":[{\"@type\":\"CommentAction\",\"name\":\"Comment\",\"target\":[\"https:\\\/\\\/elinformativotam.com\\\/index.php\\\/2022\\\/05\\\/04\\\/ratifica-americo-compromiso-de-construir-la-segunda-linea-del-acueducto\\\/#respond\"]}]},{\"@type\":\"WebPage\",\"@id\":\"https:\\\/\\\/elinformativotam.com\\\/index.php\\\/2022\\\/05\\\/04\\\/ratifica-americo-compromiso-de-construir-la-segunda-linea-del-acueducto\\\/\",\"url\":\"https:\\\/\\\/elinformativotam.com\\\/index.php\\\/2022\\\/05\\\/04\\\/ratifica-americo-compromiso-de-construir-la-segunda-linea-del-acueducto\\\/\",\"name\":\"RATIFICA AM\u00c9RICO COMPROMISO DE CONSTRUIR LA SEGUNDA L\u00cdNEA DEL ACUEDUCTO - EL INFORMATIVO DE TAMAULIPAS\",\"isPartOf\":{\"@id\":\"https:\\\/\\\/elinformativotam.com\\\/#website\"},\"primaryImageOfPage\":{\"@id\":\"https:\\\/\\\/elinformativotam.com\\\/index.php\\\/2022\\\/05\\\/04\\\/ratifica-americo-compromiso-de-construir-la-segunda-linea-del-acueducto\\\/#primaryimage\"},\"image\":{\"@id\":\"https:\\\/\\\/elinformativotam.com\\\/index.php\\\/2022\\\/05\\\/04\\\/ratifica-americo-compromiso-de-construir-la-segunda-linea-del-acueducto\\\/#primaryimage\"},\"thumbnailUrl\":\"https:\\\/\\\/elinformativotam.com\\\/wp-content\\\/uploads\\\/2022\\\/05\\\/Americo-1.jpg\",\"datePublished\":\"2022-05-05T01:40:12+00:00\",\"description\":\"Ciudad Victoria, Tam. - Al pie de la sierra madre y ante cientos de mujeres y hombres de la colonia \u201cVamos Tamaulipas\u201d, el doctor Am\u00e9rico Villarreal Anaya\",\"inLanguage\":\"es\",\"potentialAction\":[{\"@type\":\"ReadAction\",\"target\":[\"https:\\\/\\\/elinformativotam.com\\\/index.php\\\/2022\\\/05\\\/04\\\/ratifica-americo-compromiso-de-construir-la-segunda-linea-del-acueducto\\\/\"]}]},{\"@type\":\"ImageObject\",\"inLanguage\":\"es\",\"@id\":\"https:\\\/\\\/elinformativotam.com\\\/index.php\\\/2022\\\/05\\\/04\\\/ratifica-americo-compromiso-de-construir-la-segunda-linea-del-acueducto\\\/#primaryimage\",\"url\":\"https:\\\/\\\/elinformativotam.com\\\/wp-content\\\/uploads\\\/2022\\\/05\\\/Americo-1.jpg\",\"contentUrl\":\"https:\\\/\\\/elinformativotam.com\\\/wp-content\\\/uploads\\\/2022\\\/05\\\/Americo-1.jpg\",\"width\":1600,\"height\":1016},{\"@type\":\"WebSite\",\"@id\":\"https:\\\/\\\/elinformativotam.com\\\/#website\",\"url\":\"https:\\\/\\\/elinformativotam.com\\\/\",\"name\":\"EL INFORMATIVO DE TAMAULIPAS\",\"description\":\"Desde la Zona Metropolitana Para Todo M\u00e9xico\",\"publisher\":{\"@id\":\"https:\\\/\\\/elinformativotam.com\\\/#organization\"},\"potentialAction\":[{\"@type\":\"SearchAction\",\"target\":{\"@type\":\"EntryPoint\",\"urlTemplate\":\"https:\\\/\\\/elinformativotam.com\\\/?s={search_term_string}\"},\"query-input\":{\"@type\":\"PropertyValueSpecification\",\"valueRequired\":true,\"valueName\":\"search_term_string\"}}],\"inLanguage\":\"es\"},{\"@type\":\"Organization\",\"@id\":\"https:\\\/\\\/elinformativotam.com\\\/#organization\",\"name\":\"EL INFORMATIVO DE TAMAULIPAS\",\"url\":\"https:\\\/\\\/elinformativotam.com\\\/\",\"logo\":{\"@type\":\"ImageObject\",\"inLanguage\":\"es\",\"@id\":\"https:\\\/\\\/elinformativotam.com\\\/#\\\/schema\\\/logo\\\/image\\\/\",\"url\":\"https:\\\/\\\/elinformativotam.com\\\/wp-content\\\/uploads\\\/2026\\\/02\\\/Cabezal.png\",\"contentUrl\":\"https:\\\/\\\/elinformativotam.com\\\/wp-content\\\/uploads\\\/2026\\\/02\\\/Cabezal.png\",\"width\":960,\"height\":640,\"caption\":\"EL INFORMATIVO DE TAMAULIPAS\"},\"image\":{\"@id\":\"https:\\\/\\\/elinformativotam.com\\\/#\\\/schema\\\/logo\\\/image\\\/\"}},{\"@type\":\"Person\",\"@id\":\"https:\\\/\\\/elinformativotam.com\\\/#\\\/schema\\\/person\\\/78e08040eed0f6110f0c5f83b6153590\",\"name\":\"El Informativo Tam\",\"image\":{\"@type\":\"ImageObject\",\"inLanguage\":\"es\",\"@id\":\"https:\\\/\\\/secure.gravatar.com\\\/avatar\\\/f3b7ad3af540688955925ac610647be00b0cf41feea9c4978b73a707ee86bc53?s=96&d=mm&r=g\",\"url\":\"https:\\\/\\\/secure.gravatar.com\\\/avatar\\\/f3b7ad3af540688955925ac610647be00b0cf41feea9c4978b73a707ee86bc53?s=96&d=mm&r=g\",\"contentUrl\":\"https:\\\/\\\/secure.gravatar.com\\\/avatar\\\/f3b7ad3af540688955925ac610647be00b0cf41feea9c4978b73a707ee86bc53?s=96&d=mm&r=g\",\"caption\":\"El Informativo Tam\"}}]}<\/script>\n<!-- \/ Yoast SEO plugin. -->","yoast_head_json":{"title":"RATIFICA AM\u00c9RICO COMPROMISO DE CONSTRUIR LA SEGUNDA L\u00cdNEA DEL ACUEDUCTO - EL INFORMATIVO DE TAMAULIPAS","description":"Ciudad Victoria, Tam. - Al pie de la sierra madre y ante cientos de mujeres y hombres de la colonia \u201cVamos Tamaulipas\u201d, el doctor Am\u00e9rico Villarreal Anaya","robots":{"index":"index","follow":"follow","max-snippet":"max-snippet:-1","max-image-preview":"max-image-preview:large","max-video-preview":"max-video-preview:-1"},"canonical":"https:\/\/elinformativotam.com\/index.php\/2022\/05\/04\/ratifica-americo-compromiso-de-construir-la-segunda-linea-del-acueducto\/","og_locale":"es_MX","og_type":"article","og_title":"RATIFICA AM\u00c9RICO COMPROMISO DE CONSTRUIR LA SEGUNDA L\u00cdNEA DEL ACUEDUCTO - EL INFORMATIVO DE TAMAULIPAS","og_description":"Ciudad Victoria, Tam. - Al pie de la sierra madre y ante cientos de mujeres y hombres de la colonia \u201cVamos Tamaulipas\u201d, el doctor Am\u00e9rico Villarreal Anaya","og_url":"https:\/\/elinformativotam.com\/index.php\/2022\/05\/04\/ratifica-americo-compromiso-de-construir-la-segunda-linea-del-acueducto\/","og_site_name":"EL INFORMATIVO DE TAMAULIPAS","article_published_time":"2022-05-05T01:40:12+00:00","og_image":[{"width":1600,"height":1016,"url":"https:\/\/elinformativotam.com\/wp-content\/uploads\/2022\/05\/Americo-1.jpg","type":"image\/jpeg"}],"author":"El Informativo Tam","twitter_card":"summary_large_image","twitter_misc":{"Escrito por":"El Informativo Tam","Tiempo de lectura":"3 minutos"},"schema":{"@context":"https:\/\/schema.org","@graph":[{"@type":"Article","@id":"https:\/\/elinformativotam.com\/index.php\/2022\/05\/04\/ratifica-americo-compromiso-de-construir-la-segunda-linea-del-acueducto\/#article","isPartOf":{"@id":"https:\/\/elinformativotam.com\/index.php\/2022\/05\/04\/ratifica-americo-compromiso-de-construir-la-segunda-linea-del-acueducto\/"},"author":{"name":"El Informativo Tam","@id":"https:\/\/elinformativotam.com\/#\/schema\/person\/78e08040eed0f6110f0c5f83b6153590"},"headline":"RATIFICA AM\u00c9RICO COMPROMISO DE CONSTRUIR LA SEGUNDA L\u00cdNEA DEL ACUEDUCTO","datePublished":"2022-05-05T01:40:12+00:00","mainEntityOfPage":{"@id":"https:\/\/elinformativotam.com\/index.php\/2022\/05\/04\/ratifica-americo-compromiso-de-construir-la-segunda-linea-del-acueducto\/"},"wordCount":483,"commentCount":0,"publisher":{"@id":"https:\/\/elinformativotam.com\/#organization"},"image":{"@id":"https:\/\/elinformativotam.com\/index.php\/2022\/05\/04\/ratifica-americo-compromiso-de-construir-la-segunda-linea-del-acueducto\/#primaryimage"},"thumbnailUrl":"https:\/\/elinformativotam.com\/wp-content\/uploads\/2022\/05\/Americo-1.jpg","articleSection":["Tamaulipas"],"inLanguage":"es","potentialAction":[{"@type":"CommentAction","name":"Comment","target":["https:\/\/elinformativotam.com\/index.php\/2022\/05\/04\/ratifica-americo-compromiso-de-construir-la-segunda-linea-del-acueducto\/#respond"]}]},{"@type":"WebPage","@id":"https:\/\/elinformativotam.com\/index.php\/2022\/05\/04\/ratifica-americo-compromiso-de-construir-la-segunda-linea-del-acueducto\/","url":"https:\/\/elinformativotam.com\/index.php\/2022\/05\/04\/ratifica-americo-compromiso-de-construir-la-segunda-linea-del-acueducto\/","name":"RATIFICA AM\u00c9RICO COMPROMISO DE CONSTRUIR LA SEGUNDA L\u00cdNEA DEL ACUEDUCTO - EL INFORMATIVO DE TAMAULIPAS","isPartOf":{"@id":"https:\/\/elinformativotam.com\/#website"},"primaryImageOfPage":{"@id":"https:\/\/elinformativotam.com\/index.php\/2022\/05\/04\/ratifica-americo-compromiso-de-construir-la-segunda-linea-del-acueducto\/#primaryimage"},"image":{"@id":"https:\/\/elinformativotam.com\/index.php\/2022\/05\/04\/ratifica-americo-compromiso-de-construir-la-segunda-linea-del-acueducto\/#primaryimage"},"thumbnailUrl":"https:\/\/elinformativotam.com\/wp-content\/uploads\/2022\/05\/Americo-1.jpg","datePublished":"2022-05-05T01:40:12+00:00","description":"Ciudad Victoria, Tam. - Al pie de la sierra madre y ante cientos de mujeres y hombres de la colonia \u201cVamos Tamaulipas\u201d, el doctor Am\u00e9rico Villarreal Anaya","inLanguage":"es","potentialAction":[{"@type":"ReadAction","target":["https:\/\/elinformativotam.com\/index.php\/2022\/05\/04\/ratifica-americo-compromiso-de-construir-la-segunda-linea-del-acueducto\/"]}]},{"@type":"ImageObject","inLanguage":"es","@id":"https:\/\/elinformativotam.com\/index.php\/2022\/05\/04\/ratifica-americo-compromiso-de-construir-la-segunda-linea-del-acueducto\/#primaryimage","url":"https:\/\/elinformativotam.com\/wp-content\/uploads\/2022\/05\/Americo-1.jpg","contentUrl":"https:\/\/elinformativotam.com\/wp-content\/uploads\/2022\/05\/Americo-1.jpg","width":1600,"height":1016},{"@type":"WebSite","@id":"https:\/\/elinformativotam.com\/#website","url":"https:\/\/elinformativotam.com\/","name":"EL INFORMATIVO DE TAMAULIPAS","description":"Desde la Zona Metropolitana Para Todo M\u00e9xico","publisher":{"@id":"https:\/\/elinformativotam.com\/#organization"},"potentialAction":[{"@type":"SearchAction","target":{"@type":"EntryPoint","urlTemplate":"https:\/\/elinformativotam.com\/?s={search_term_string}"},"query-input":{"@type":"PropertyValueSpecification","valueRequired":true,"valueName":"search_term_string"}}],"inLanguage":"es"},{"@type":"Organization","@id":"https:\/\/elinformativotam.com\/#organization","name":"EL INFORMATIVO DE TAMAULIPAS","url":"https:\/\/elinformativotam.com\/","logo":{"@type":"ImageObject","inLanguage":"es","@id":"https:\/\/elinformativotam.com\/#\/schema\/logo\/image\/","url":"https:\/\/elinformativotam.com\/wp-content\/uploads\/2026\/02\/Cabezal.png","contentUrl":"https:\/\/elinformativotam.com\/wp-content\/uploads\/2026\/02\/Cabezal.png","width":960,"height":640,"caption":"EL INFORMATIVO DE TAMAULIPAS"},"image":{"@id":"https:\/\/elinformativotam.com\/#\/schema\/logo\/image\/"}},{"@type":"Person","@id":"https:\/\/elinformativotam.com\/#\/schema\/person\/78e08040eed0f6110f0c5f83b6153590","name":"El Informativo Tam","image":{"@type":"ImageObject","inLanguage":"es","@id":"https:\/\/secure.gravatar.com\/avatar\/f3b7ad3af540688955925ac610647be00b0cf41feea9c4978b73a707ee86bc53?s=96&d=mm&r=g","url":"https:\/\/secure.gravatar.com\/avatar\/f3b7ad3af540688955925ac610647be00b0cf41feea9c4978b73a707ee86bc53?s=96&d=mm&r=g","contentUrl":"https:\/\/secure.gravatar.com\/avatar\/f3b7ad3af540688955925ac610647be00b0cf41feea9c4978b73a707ee86bc53?s=96&d=mm&r=g","caption":"El Informativo Tam"}}]}},"_links":{"self":[{"href":"https:\/\/elinformativotam.com\/index.php\/wp-json\/wp\/v2\/posts\/30595","targetHints":{"allow":["GET"]}}],"collection":[{"href":"https:\/\/elinformativotam.com\/index.php\/wp-json\/wp\/v2\/posts"}],"about":[{"href":"https:\/\/elinformativotam.com\/index.php\/wp-json\/wp\/v2\/types\/post"}],"author":[{"embeddable":true,"href":"https:\/\/elinformativotam.com\/index.php\/wp-json\/wp\/v2\/users\/1"}],"replies":[{"embeddable":true,"href":"https:\/\/elinformativotam.com\/index.php\/wp-json\/wp\/v2\/comments?post=30595"}],"version-history":[{"count":1,"href":"https:\/\/elinformativotam.com\/index.php\/wp-json\/wp\/v2\/posts\/30595\/revisions"}],"predecessor-version":[{"id":30597,"href":"https:\/\/elinformativotam.com\/index.php\/wp-json\/wp\/v2\/posts\/30595\/revisions\/30597"}],"wp:featuredmedia":[{"embeddable":true,"href":"https:\/\/elinformativotam.com\/index.php\/wp-json\/wp\/v2\/media\/30596"}],"wp:attachment":[{"href":"https:\/\/elinformativotam.com\/index.php\/wp-json\/wp\/v2\/media?parent=30595"}],"wp:term":[{"taxonomy":"category","embeddable":true,"href":"https:\/\/elinformativotam.com\/index.php\/wp-json\/wp\/v2\/categories?post=30595"},{"taxonomy":"post_tag","embeddable":true,"href":"https:\/\/elinformativotam.com\/index.php\/wp-json\/wp\/v2\/tags?post=30595"}],"curies":[{"name":"wp","href":"https:\/\/api.w.org\/{rel}","templated":true}]}}