{"id":30591,"date":"2022-05-04T17:10:27","date_gmt":"2022-05-04T23:10:27","guid":{"rendered":"https:\/\/elinformativotam.com\/?p=30591"},"modified":"2022-05-04T17:10:27","modified_gmt":"2022-05-04T23:10:27","slug":"encuentro-regional-de-cronistas-en-altamira","status":"publish","type":"post","link":"https:\/\/elinformativotam.com\/index.php\/2022\/05\/04\/encuentro-regional-de-cronistas-en-altamira\/","title":{"rendered":"ENCUENTRO REGIONAL DE CRONISTAS EN ALTAMIRA"},"content":{"rendered":"<p><em>Un enriquecedor encuentro entre cronistas de diversos municipios de Tamaulipas, San Luis Potos\u00ed y Veracruz tuvo lugar la tarde de este mi\u00e9rcoles en las instalaciones de la sala de Cabildo de Altamira, esto para compartir historias y abonar al quehacer educativo que realizan los historiadores. <\/em><\/p>\n<p><em>\u00a0<\/em><\/p>\n<p><em>\u00a0<\/em><\/p>\n<p><em>Fueron alrededor de 25 los asistentes a esta reuni\u00f3n para compartir puntos de opini\u00f3n en relaci\u00f3n a la importante labor que desempe\u00f1an, as\u00ed tambi\u00e9n cada uno comparti\u00f3 una rese\u00f1a de la ciudad a la que representaban en el lugar de encuentro, mismo que estuvo encabezado por el presidente municipal Mtro. Armando Mart\u00ednez Manr\u00edquez. <\/em><\/p>\n<p><em>\u00a0<\/em><\/p>\n<p><em>\u00a0<\/em><\/p>\n<p><em>Al respecto, el edil indic\u00f3 que Altamira es un municipio con una historia impresionante, y aprovech\u00f3 para compartir detalles de la fundaci\u00f3n de la urbe industrial, que este mes est\u00e1 cumpliendo 273 a\u00f1os. <\/em><\/p>\n<p><em>\u00a0<\/em><\/p>\n<p><em>\u00a0<\/em><\/p>\n<p><em>El mun\u00edcipe estuvo adem\u00e1s acompa\u00f1ado por Alina S\u00e1nchez de la Vega, hija de un ilustre altamirense; Cuco S\u00e1nchez. Al respecto, la hija del cantante de la \u00e9poca del cine de oro refiri\u00f3 que lo que m\u00e1s aprendi\u00f3 de sus padres fue el amor por su lugar de origen, y que su pap\u00e1 al lugar que fuera compart\u00eda con orgullo ser de Altamira, Tamaulipas.<\/em><\/p>\n<p><em>\u00a0<\/em><\/p>\n<p><em>\u00a0<\/em><\/p>\n<p><em>Por \u00faltimo, expres\u00f3 Mart\u00ednez Manr\u00edquez: \u201clos altamirenses traemos la historia en la piel, pues nuestra ciudad ha sido cuna de grandes acontecimientos en la historia de este pa\u00eds\u201d. <\/em><\/p>\n<p><em>\u00a0<\/em><\/p>\n<p><em>\u00a0<\/em><\/p>\n<p><em>A este encuentro acudieron tambi\u00e9n la titular del Sistema DIF Altamira, Rossy Luque de Mart\u00ednez; la regidora presidenta de la Comisi\u00f3n de Cultura en el Cabildo, Giovanna Flores Torres; la directora de Cultura en el municipio, Brenda Denisse de la Cruz L\u00f3pez; el cronista de la ciudad, Dr. Francisco Castellanos Saucedo; as\u00ed como Marvin Osiris Huerta M\u00e1rquez, Presidente de la Asociaci\u00f3n de Cronistas de Ciudades y Villas de Tamaulipas.<\/em><\/p>\n","protected":false},"excerpt":{"rendered":"<p>Un enriquecedor encuentro entre cronistas de diversos municipios de Tamaulipas, San Luis Potos\u00ed y Veracruz tuvo lugar la tarde de&hellip;<\/p>\n","protected":false},"author":1,"featured_media":30592,"comment_status":"open","ping_status":"open","sticky":false,"template":"","format":"standard","meta":{"footnotes":""},"categories":[5],"tags":[],"class_list":["post-30591","post","type-post","status-publish","format-standard","has-post-thumbnail","hentry","category-altamira"],"yoast_head":"<!-- This site is optimized with the Yoast SEO plugin v27.4 - https:\/\/yoast.com\/product\/yoast-seo-wordpress\/ -->\n<title>ENCUENTRO REGIONAL DE CRONISTAS EN ALTAMIRA - EL INFORMATIVO DE TAMAULIPAS<\/title>\n<meta name=\"description\" content=\"Un enriquecedor encuentro entre cronistas de diversos municipios de Tamaulipas, San Luis Potos\u00ed y Veracruz tuvo lugar la tarde de este mi\u00e9rcoles en las\" \/>\n<meta name=\"robots\" content=\"index, follow, max-snippet:-1, max-image-preview:large, max-video-preview:-1\" \/>\n<link rel=\"canonical\" href=\"https:\/\/elinformativotam.com\/index.php\/2022\/05\/04\/encuentro-regional-de-cronistas-en-altamira\/\" \/>\n<meta property=\"og:locale\" content=\"es_MX\" \/>\n<meta property=\"og:type\" content=\"article\" \/>\n<meta property=\"og:title\" content=\"ENCUENTRO REGIONAL DE CRONISTAS EN ALTAMIRA - EL INFORMATIVO DE TAMAULIPAS\" \/>\n<meta property=\"og:description\" content=\"Un enriquecedor encuentro entre cronistas de diversos municipios de Tamaulipas, San Luis Potos\u00ed y Veracruz tuvo lugar la tarde de este mi\u00e9rcoles en las\" \/>\n<meta property=\"og:url\" content=\"https:\/\/elinformativotam.com\/index.php\/2022\/05\/04\/encuentro-regional-de-cronistas-en-altamira\/\" \/>\n<meta property=\"og:site_name\" content=\"EL INFORMATIVO DE TAMAULIPAS\" \/>\n<meta property=\"article:published_time\" content=\"2022-05-04T23:10:27+00:00\" \/>\n<meta property=\"og:image\" content=\"https:\/\/elinformativotam.com\/wp-content\/uploads\/2022\/05\/Cabildo.jpg\" \/>\n\t<meta property=\"og:image:width\" content=\"1280\" \/>\n\t<meta property=\"og:image:height\" content=\"853\" \/>\n\t<meta property=\"og:image:type\" content=\"image\/jpeg\" \/>\n<meta name=\"author\" content=\"El Informativo Tam\" \/>\n<meta name=\"twitter:card\" content=\"summary_large_image\" \/>\n<meta name=\"twitter:label1\" content=\"Escrito por\" \/>\n\t<meta name=\"twitter:data1\" content=\"El Informativo Tam\" \/>\n\t<meta name=\"twitter:label2\" content=\"Tiempo de lectura\" \/>\n\t<meta name=\"twitter:data2\" content=\"2 minutos\" \/>\n<script type=\"application\/ld+json\" class=\"yoast-schema-graph\">{\"@context\":\"https:\\\/\\\/schema.org\",\"@graph\":[{\"@type\":\"Article\",\"@id\":\"https:\\\/\\\/elinformativotam.com\\\/index.php\\\/2022\\\/05\\\/04\\\/encuentro-regional-de-cronistas-en-altamira\\\/#article\",\"isPartOf\":{\"@id\":\"https:\\\/\\\/elinformativotam.com\\\/index.php\\\/2022\\\/05\\\/04\\\/encuentro-regional-de-cronistas-en-altamira\\\/\"},\"author\":{\"name\":\"El Informativo Tam\",\"@id\":\"https:\\\/\\\/elinformativotam.com\\\/#\\\/schema\\\/person\\\/78e08040eed0f6110f0c5f83b6153590\"},\"headline\":\"ENCUENTRO REGIONAL DE CRONISTAS EN ALTAMIRA\",\"datePublished\":\"2022-05-04T23:10:27+00:00\",\"mainEntityOfPage\":{\"@id\":\"https:\\\/\\\/elinformativotam.com\\\/index.php\\\/2022\\\/05\\\/04\\\/encuentro-regional-de-cronistas-en-altamira\\\/\"},\"wordCount\":322,\"commentCount\":0,\"publisher\":{\"@id\":\"https:\\\/\\\/elinformativotam.com\\\/#organization\"},\"image\":{\"@id\":\"https:\\\/\\\/elinformativotam.com\\\/index.php\\\/2022\\\/05\\\/04\\\/encuentro-regional-de-cronistas-en-altamira\\\/#primaryimage\"},\"thumbnailUrl\":\"https:\\\/\\\/elinformativotam.com\\\/wp-content\\\/uploads\\\/2022\\\/05\\\/Cabildo.jpg\",\"articleSection\":[\"Altamira\"],\"inLanguage\":\"es\",\"potentialAction\":[{\"@type\":\"CommentAction\",\"name\":\"Comment\",\"target\":[\"https:\\\/\\\/elinformativotam.com\\\/index.php\\\/2022\\\/05\\\/04\\\/encuentro-regional-de-cronistas-en-altamira\\\/#respond\"]}]},{\"@type\":\"WebPage\",\"@id\":\"https:\\\/\\\/elinformativotam.com\\\/index.php\\\/2022\\\/05\\\/04\\\/encuentro-regional-de-cronistas-en-altamira\\\/\",\"url\":\"https:\\\/\\\/elinformativotam.com\\\/index.php\\\/2022\\\/05\\\/04\\\/encuentro-regional-de-cronistas-en-altamira\\\/\",\"name\":\"ENCUENTRO REGIONAL DE CRONISTAS EN ALTAMIRA - EL INFORMATIVO DE TAMAULIPAS\",\"isPartOf\":{\"@id\":\"https:\\\/\\\/elinformativotam.com\\\/#website\"},\"primaryImageOfPage\":{\"@id\":\"https:\\\/\\\/elinformativotam.com\\\/index.php\\\/2022\\\/05\\\/04\\\/encuentro-regional-de-cronistas-en-altamira\\\/#primaryimage\"},\"image\":{\"@id\":\"https:\\\/\\\/elinformativotam.com\\\/index.php\\\/2022\\\/05\\\/04\\\/encuentro-regional-de-cronistas-en-altamira\\\/#primaryimage\"},\"thumbnailUrl\":\"https:\\\/\\\/elinformativotam.com\\\/wp-content\\\/uploads\\\/2022\\\/05\\\/Cabildo.jpg\",\"datePublished\":\"2022-05-04T23:10:27+00:00\",\"description\":\"Un enriquecedor encuentro entre cronistas de diversos municipios de Tamaulipas, San Luis Potos\u00ed y Veracruz tuvo lugar la tarde de este mi\u00e9rcoles en las\",\"inLanguage\":\"es\",\"potentialAction\":[{\"@type\":\"ReadAction\",\"target\":[\"https:\\\/\\\/elinformativotam.com\\\/index.php\\\/2022\\\/05\\\/04\\\/encuentro-regional-de-cronistas-en-altamira\\\/\"]}]},{\"@type\":\"ImageObject\",\"inLanguage\":\"es\",\"@id\":\"https:\\\/\\\/elinformativotam.com\\\/index.php\\\/2022\\\/05\\\/04\\\/encuentro-regional-de-cronistas-en-altamira\\\/#primaryimage\",\"url\":\"https:\\\/\\\/elinformativotam.com\\\/wp-content\\\/uploads\\\/2022\\\/05\\\/Cabildo.jpg\",\"contentUrl\":\"https:\\\/\\\/elinformativotam.com\\\/wp-content\\\/uploads\\\/2022\\\/05\\\/Cabildo.jpg\",\"width\":1280,\"height\":853},{\"@type\":\"WebSite\",\"@id\":\"https:\\\/\\\/elinformativotam.com\\\/#website\",\"url\":\"https:\\\/\\\/elinformativotam.com\\\/\",\"name\":\"EL INFORMATIVO DE TAMAULIPAS\",\"description\":\"Desde la Zona Metropolitana Para Todo M\u00e9xico\",\"publisher\":{\"@id\":\"https:\\\/\\\/elinformativotam.com\\\/#organization\"},\"potentialAction\":[{\"@type\":\"SearchAction\",\"target\":{\"@type\":\"EntryPoint\",\"urlTemplate\":\"https:\\\/\\\/elinformativotam.com\\\/?s={search_term_string}\"},\"query-input\":{\"@type\":\"PropertyValueSpecification\",\"valueRequired\":true,\"valueName\":\"search_term_string\"}}],\"inLanguage\":\"es\"},{\"@type\":\"Organization\",\"@id\":\"https:\\\/\\\/elinformativotam.com\\\/#organization\",\"name\":\"EL INFORMATIVO DE TAMAULIPAS\",\"url\":\"https:\\\/\\\/elinformativotam.com\\\/\",\"logo\":{\"@type\":\"ImageObject\",\"inLanguage\":\"es\",\"@id\":\"https:\\\/\\\/elinformativotam.com\\\/#\\\/schema\\\/logo\\\/image\\\/\",\"url\":\"https:\\\/\\\/elinformativotam.com\\\/wp-content\\\/uploads\\\/2026\\\/02\\\/Cabezal.png\",\"contentUrl\":\"https:\\\/\\\/elinformativotam.com\\\/wp-content\\\/uploads\\\/2026\\\/02\\\/Cabezal.png\",\"width\":960,\"height\":640,\"caption\":\"EL INFORMATIVO DE TAMAULIPAS\"},\"image\":{\"@id\":\"https:\\\/\\\/elinformativotam.com\\\/#\\\/schema\\\/logo\\\/image\\\/\"}},{\"@type\":\"Person\",\"@id\":\"https:\\\/\\\/elinformativotam.com\\\/#\\\/schema\\\/person\\\/78e08040eed0f6110f0c5f83b6153590\",\"name\":\"El Informativo Tam\",\"image\":{\"@type\":\"ImageObject\",\"inLanguage\":\"es\",\"@id\":\"https:\\\/\\\/secure.gravatar.com\\\/avatar\\\/f3b7ad3af540688955925ac610647be00b0cf41feea9c4978b73a707ee86bc53?s=96&d=mm&r=g\",\"url\":\"https:\\\/\\\/secure.gravatar.com\\\/avatar\\\/f3b7ad3af540688955925ac610647be00b0cf41feea9c4978b73a707ee86bc53?s=96&d=mm&r=g\",\"contentUrl\":\"https:\\\/\\\/secure.gravatar.com\\\/avatar\\\/f3b7ad3af540688955925ac610647be00b0cf41feea9c4978b73a707ee86bc53?s=96&d=mm&r=g\",\"caption\":\"El Informativo Tam\"}}]}<\/script>\n<!-- \/ Yoast SEO plugin. -->","yoast_head_json":{"title":"ENCUENTRO REGIONAL DE CRONISTAS EN ALTAMIRA - EL INFORMATIVO DE TAMAULIPAS","description":"Un enriquecedor encuentro entre cronistas de diversos municipios de Tamaulipas, San Luis Potos\u00ed y Veracruz tuvo lugar la tarde de este mi\u00e9rcoles en las","robots":{"index":"index","follow":"follow","max-snippet":"max-snippet:-1","max-image-preview":"max-image-preview:large","max-video-preview":"max-video-preview:-1"},"canonical":"https:\/\/elinformativotam.com\/index.php\/2022\/05\/04\/encuentro-regional-de-cronistas-en-altamira\/","og_locale":"es_MX","og_type":"article","og_title":"ENCUENTRO REGIONAL DE CRONISTAS EN ALTAMIRA - EL INFORMATIVO DE TAMAULIPAS","og_description":"Un enriquecedor encuentro entre cronistas de diversos municipios de Tamaulipas, San Luis Potos\u00ed y Veracruz tuvo lugar la tarde de este mi\u00e9rcoles en las","og_url":"https:\/\/elinformativotam.com\/index.php\/2022\/05\/04\/encuentro-regional-de-cronistas-en-altamira\/","og_site_name":"EL INFORMATIVO DE TAMAULIPAS","article_published_time":"2022-05-04T23:10:27+00:00","og_image":[{"width":1280,"height":853,"url":"https:\/\/elinformativotam.com\/wp-content\/uploads\/2022\/05\/Cabildo.jpg","type":"image\/jpeg"}],"author":"El Informativo Tam","twitter_card":"summary_large_image","twitter_misc":{"Escrito por":"El Informativo Tam","Tiempo de lectura":"2 minutos"},"schema":{"@context":"https:\/\/schema.org","@graph":[{"@type":"Article","@id":"https:\/\/elinformativotam.com\/index.php\/2022\/05\/04\/encuentro-regional-de-cronistas-en-altamira\/#article","isPartOf":{"@id":"https:\/\/elinformativotam.com\/index.php\/2022\/05\/04\/encuentro-regional-de-cronistas-en-altamira\/"},"author":{"name":"El Informativo Tam","@id":"https:\/\/elinformativotam.com\/#\/schema\/person\/78e08040eed0f6110f0c5f83b6153590"},"headline":"ENCUENTRO REGIONAL DE CRONISTAS EN ALTAMIRA","datePublished":"2022-05-04T23:10:27+00:00","mainEntityOfPage":{"@id":"https:\/\/elinformativotam.com\/index.php\/2022\/05\/04\/encuentro-regional-de-cronistas-en-altamira\/"},"wordCount":322,"commentCount":0,"publisher":{"@id":"https:\/\/elinformativotam.com\/#organization"},"image":{"@id":"https:\/\/elinformativotam.com\/index.php\/2022\/05\/04\/encuentro-regional-de-cronistas-en-altamira\/#primaryimage"},"thumbnailUrl":"https:\/\/elinformativotam.com\/wp-content\/uploads\/2022\/05\/Cabildo.jpg","articleSection":["Altamira"],"inLanguage":"es","potentialAction":[{"@type":"CommentAction","name":"Comment","target":["https:\/\/elinformativotam.com\/index.php\/2022\/05\/04\/encuentro-regional-de-cronistas-en-altamira\/#respond"]}]},{"@type":"WebPage","@id":"https:\/\/elinformativotam.com\/index.php\/2022\/05\/04\/encuentro-regional-de-cronistas-en-altamira\/","url":"https:\/\/elinformativotam.com\/index.php\/2022\/05\/04\/encuentro-regional-de-cronistas-en-altamira\/","name":"ENCUENTRO REGIONAL DE CRONISTAS EN ALTAMIRA - EL INFORMATIVO DE TAMAULIPAS","isPartOf":{"@id":"https:\/\/elinformativotam.com\/#website"},"primaryImageOfPage":{"@id":"https:\/\/elinformativotam.com\/index.php\/2022\/05\/04\/encuentro-regional-de-cronistas-en-altamira\/#primaryimage"},"image":{"@id":"https:\/\/elinformativotam.com\/index.php\/2022\/05\/04\/encuentro-regional-de-cronistas-en-altamira\/#primaryimage"},"thumbnailUrl":"https:\/\/elinformativotam.com\/wp-content\/uploads\/2022\/05\/Cabildo.jpg","datePublished":"2022-05-04T23:10:27+00:00","description":"Un enriquecedor encuentro entre cronistas de diversos municipios de Tamaulipas, San Luis Potos\u00ed y Veracruz tuvo lugar la tarde de este mi\u00e9rcoles en las","inLanguage":"es","potentialAction":[{"@type":"ReadAction","target":["https:\/\/elinformativotam.com\/index.php\/2022\/05\/04\/encuentro-regional-de-cronistas-en-altamira\/"]}]},{"@type":"ImageObject","inLanguage":"es","@id":"https:\/\/elinformativotam.com\/index.php\/2022\/05\/04\/encuentro-regional-de-cronistas-en-altamira\/#primaryimage","url":"https:\/\/elinformativotam.com\/wp-content\/uploads\/2022\/05\/Cabildo.jpg","contentUrl":"https:\/\/elinformativotam.com\/wp-content\/uploads\/2022\/05\/Cabildo.jpg","width":1280,"height":853},{"@type":"WebSite","@id":"https:\/\/elinformativotam.com\/#website","url":"https:\/\/elinformativotam.com\/","name":"EL INFORMATIVO DE TAMAULIPAS","description":"Desde la Zona Metropolitana Para Todo M\u00e9xico","publisher":{"@id":"https:\/\/elinformativotam.com\/#organization"},"potentialAction":[{"@type":"SearchAction","target":{"@type":"EntryPoint","urlTemplate":"https:\/\/elinformativotam.com\/?s={search_term_string}"},"query-input":{"@type":"PropertyValueSpecification","valueRequired":true,"valueName":"search_term_string"}}],"inLanguage":"es"},{"@type":"Organization","@id":"https:\/\/elinformativotam.com\/#organization","name":"EL INFORMATIVO DE TAMAULIPAS","url":"https:\/\/elinformativotam.com\/","logo":{"@type":"ImageObject","inLanguage":"es","@id":"https:\/\/elinformativotam.com\/#\/schema\/logo\/image\/","url":"https:\/\/elinformativotam.com\/wp-content\/uploads\/2026\/02\/Cabezal.png","contentUrl":"https:\/\/elinformativotam.com\/wp-content\/uploads\/2026\/02\/Cabezal.png","width":960,"height":640,"caption":"EL INFORMATIVO DE TAMAULIPAS"},"image":{"@id":"https:\/\/elinformativotam.com\/#\/schema\/logo\/image\/"}},{"@type":"Person","@id":"https:\/\/elinformativotam.com\/#\/schema\/person\/78e08040eed0f6110f0c5f83b6153590","name":"El Informativo Tam","image":{"@type":"ImageObject","inLanguage":"es","@id":"https:\/\/secure.gravatar.com\/avatar\/f3b7ad3af540688955925ac610647be00b0cf41feea9c4978b73a707ee86bc53?s=96&d=mm&r=g","url":"https:\/\/secure.gravatar.com\/avatar\/f3b7ad3af540688955925ac610647be00b0cf41feea9c4978b73a707ee86bc53?s=96&d=mm&r=g","contentUrl":"https:\/\/secure.gravatar.com\/avatar\/f3b7ad3af540688955925ac610647be00b0cf41feea9c4978b73a707ee86bc53?s=96&d=mm&r=g","caption":"El Informativo Tam"}}]}},"_links":{"self":[{"href":"https:\/\/elinformativotam.com\/index.php\/wp-json\/wp\/v2\/posts\/30591","targetHints":{"allow":["GET"]}}],"collection":[{"href":"https:\/\/elinformativotam.com\/index.php\/wp-json\/wp\/v2\/posts"}],"about":[{"href":"https:\/\/elinformativotam.com\/index.php\/wp-json\/wp\/v2\/types\/post"}],"author":[{"embeddable":true,"href":"https:\/\/elinformativotam.com\/index.php\/wp-json\/wp\/v2\/users\/1"}],"replies":[{"embeddable":true,"href":"https:\/\/elinformativotam.com\/index.php\/wp-json\/wp\/v2\/comments?post=30591"}],"version-history":[{"count":1,"href":"https:\/\/elinformativotam.com\/index.php\/wp-json\/wp\/v2\/posts\/30591\/revisions"}],"predecessor-version":[{"id":30593,"href":"https:\/\/elinformativotam.com\/index.php\/wp-json\/wp\/v2\/posts\/30591\/revisions\/30593"}],"wp:featuredmedia":[{"embeddable":true,"href":"https:\/\/elinformativotam.com\/index.php\/wp-json\/wp\/v2\/media\/30592"}],"wp:attachment":[{"href":"https:\/\/elinformativotam.com\/index.php\/wp-json\/wp\/v2\/media?parent=30591"}],"wp:term":[{"taxonomy":"category","embeddable":true,"href":"https:\/\/elinformativotam.com\/index.php\/wp-json\/wp\/v2\/categories?post=30591"},{"taxonomy":"post_tag","embeddable":true,"href":"https:\/\/elinformativotam.com\/index.php\/wp-json\/wp\/v2\/tags?post=30591"}],"curies":[{"name":"wp","href":"https:\/\/api.w.org\/{rel}","templated":true}]}}