{"id":30562,"date":"2022-05-03T19:19:24","date_gmt":"2022-05-04T01:19:24","guid":{"rendered":"https:\/\/elinformativotam.com\/?p=30562"},"modified":"2022-05-03T19:19:24","modified_gmt":"2022-05-04T01:19:24","slug":"se-pulveriza-el-salario-minimo-ante-escalada-de-precios-cecotur","status":"publish","type":"post","link":"https:\/\/elinformativotam.com\/index.php\/2022\/05\/03\/se-pulveriza-el-salario-minimo-ante-escalada-de-precios-cecotur\/","title":{"rendered":"SE PULVERIZA EL SALARIO M\u00cdNIMO ANTE ESCALADA DE PRECIOS: CECOTUR."},"content":{"rendered":"<p><em>Cd. Madero, Tamaulipas.- El salario m\u00ednimo se ha &#8220;pulverizado&#8221;, debido al incremento a los productos de la canasta b\u00e1sica, esto derivado de la inflaci\u00f3n que existe a nivel mundial.<\/em><\/p>\n<p><em>\u00a0<\/em><\/p>\n<p><em>El presidente del Consejo Empresarial, Comercial y Tur\u00edstico de Madero, Ram\u00f3n G\u00f3mez Narv\u00e1ez, se\u00f1al\u00f3 que pese haber sido algo hist\u00f3rico El incremento al m\u00ednimo este a\u00f1o, con la escalada de precios pr\u00e1cticamente no representa casi nada, pues este se encuentra en 141.70.<\/em><\/p>\n<p><em>\u00a0<\/em><\/p>\n<p><em>Destac\u00f3 que esto pretend\u00eda ser una ayuda para las familias, pero no fue as\u00ed.<\/em><\/p>\n<p><em>\u00a0<\/em><\/p>\n<p><em>&#8220;Se ha hablado de un control de precios qu\u00e9 es el precio tope que pueden manejar los negocios a su clientela, lo cual ayudar\u00eda mucho&#8221;.<\/em><\/p>\n<p><em>\u00a0<\/em><\/p>\n<p><em>Se\u00f1al\u00f3 que esta escalada de precios es algo que se est\u00e1 viviendo a nivel mundial, ya que no es algo exclusivo de M\u00e9xico.<\/em><\/p>\n<p><em>\u00a0<\/em><\/p>\n<p><em>Expuso por ejemplo, que productos como el aguacate, tiene un costo hasta de 130 pesos el kilo, mientras que el huevo se encuentra entre los 70 a los 80 pesos la tapa.<\/em><\/p>\n","protected":false},"excerpt":{"rendered":"<p>Cd. Madero, Tamaulipas.- El salario m\u00ednimo se ha &#8220;pulverizado&#8221;, debido al incremento a los productos de la canasta b\u00e1sica, esto&hellip;<\/p>\n","protected":false},"author":1,"featured_media":30563,"comment_status":"open","ping_status":"open","sticky":false,"template":"","format":"standard","meta":{"footnotes":""},"categories":[4],"tags":[],"class_list":["post-30562","post","type-post","status-publish","format-standard","has-post-thumbnail","hentry","category-madero"],"yoast_head":"<!-- This site is optimized with the Yoast SEO plugin v27.4 - https:\/\/yoast.com\/product\/yoast-seo-wordpress\/ -->\n<title>SE PULVERIZA EL SALARIO M\u00cdNIMO ANTE ESCALADA DE PRECIOS: CECOTUR. - EL INFORMATIVO DE TAMAULIPAS<\/title>\n<meta name=\"description\" content=\"Cd. Madero, Tamaulipas.- El salario m\u00ednimo se ha &quot;pulverizado&quot;, debido al incremento a los productos de la canasta b\u00e1sica, esto derivado de la inflaci\u00f3n\" \/>\n<meta name=\"robots\" content=\"index, follow, max-snippet:-1, max-image-preview:large, max-video-preview:-1\" \/>\n<link rel=\"canonical\" href=\"https:\/\/elinformativotam.com\/index.php\/2022\/05\/03\/se-pulveriza-el-salario-minimo-ante-escalada-de-precios-cecotur\/\" \/>\n<meta property=\"og:locale\" content=\"es_MX\" \/>\n<meta property=\"og:type\" content=\"article\" \/>\n<meta property=\"og:title\" content=\"SE PULVERIZA EL SALARIO M\u00cdNIMO ANTE ESCALADA DE PRECIOS: CECOTUR. - EL INFORMATIVO DE TAMAULIPAS\" \/>\n<meta property=\"og:description\" content=\"Cd. Madero, Tamaulipas.- El salario m\u00ednimo se ha &quot;pulverizado&quot;, debido al incremento a los productos de la canasta b\u00e1sica, esto derivado de la inflaci\u00f3n\" \/>\n<meta property=\"og:url\" content=\"https:\/\/elinformativotam.com\/index.php\/2022\/05\/03\/se-pulveriza-el-salario-minimo-ante-escalada-de-precios-cecotur\/\" \/>\n<meta property=\"og:site_name\" content=\"EL INFORMATIVO DE TAMAULIPAS\" \/>\n<meta property=\"article:published_time\" content=\"2022-05-04T01:19:24+00:00\" \/>\n<meta property=\"og:image\" content=\"https:\/\/elinformativotam.com\/wp-content\/uploads\/2022\/05\/Ramon.jpg\" \/>\n\t<meta property=\"og:image:width\" content=\"1040\" \/>\n\t<meta property=\"og:image:height\" content=\"500\" \/>\n\t<meta property=\"og:image:type\" content=\"image\/jpeg\" \/>\n<meta name=\"author\" content=\"El Informativo Tam\" \/>\n<meta name=\"twitter:card\" content=\"summary_large_image\" \/>\n<meta name=\"twitter:label1\" content=\"Escrito por\" \/>\n\t<meta name=\"twitter:data1\" content=\"El Informativo Tam\" \/>\n\t<meta name=\"twitter:label2\" content=\"Tiempo de lectura\" \/>\n\t<meta name=\"twitter:data2\" content=\"1 minuto\" \/>\n<script type=\"application\/ld+json\" class=\"yoast-schema-graph\">{\"@context\":\"https:\\\/\\\/schema.org\",\"@graph\":[{\"@type\":\"Article\",\"@id\":\"https:\\\/\\\/elinformativotam.com\\\/index.php\\\/2022\\\/05\\\/03\\\/se-pulveriza-el-salario-minimo-ante-escalada-de-precios-cecotur\\\/#article\",\"isPartOf\":{\"@id\":\"https:\\\/\\\/elinformativotam.com\\\/index.php\\\/2022\\\/05\\\/03\\\/se-pulveriza-el-salario-minimo-ante-escalada-de-precios-cecotur\\\/\"},\"author\":{\"name\":\"El Informativo Tam\",\"@id\":\"https:\\\/\\\/elinformativotam.com\\\/#\\\/schema\\\/person\\\/78e08040eed0f6110f0c5f83b6153590\"},\"headline\":\"SE PULVERIZA EL SALARIO M\u00cdNIMO ANTE ESCALADA DE PRECIOS: CECOTUR.\",\"datePublished\":\"2022-05-04T01:19:24+00:00\",\"mainEntityOfPage\":{\"@id\":\"https:\\\/\\\/elinformativotam.com\\\/index.php\\\/2022\\\/05\\\/03\\\/se-pulveriza-el-salario-minimo-ante-escalada-de-precios-cecotur\\\/\"},\"wordCount\":189,\"commentCount\":0,\"publisher\":{\"@id\":\"https:\\\/\\\/elinformativotam.com\\\/#organization\"},\"image\":{\"@id\":\"https:\\\/\\\/elinformativotam.com\\\/index.php\\\/2022\\\/05\\\/03\\\/se-pulveriza-el-salario-minimo-ante-escalada-de-precios-cecotur\\\/#primaryimage\"},\"thumbnailUrl\":\"https:\\\/\\\/elinformativotam.com\\\/wp-content\\\/uploads\\\/2022\\\/05\\\/Ramon.jpg\",\"articleSection\":[\"Cd Madero\"],\"inLanguage\":\"es\",\"potentialAction\":[{\"@type\":\"CommentAction\",\"name\":\"Comment\",\"target\":[\"https:\\\/\\\/elinformativotam.com\\\/index.php\\\/2022\\\/05\\\/03\\\/se-pulveriza-el-salario-minimo-ante-escalada-de-precios-cecotur\\\/#respond\"]}]},{\"@type\":\"WebPage\",\"@id\":\"https:\\\/\\\/elinformativotam.com\\\/index.php\\\/2022\\\/05\\\/03\\\/se-pulveriza-el-salario-minimo-ante-escalada-de-precios-cecotur\\\/\",\"url\":\"https:\\\/\\\/elinformativotam.com\\\/index.php\\\/2022\\\/05\\\/03\\\/se-pulveriza-el-salario-minimo-ante-escalada-de-precios-cecotur\\\/\",\"name\":\"SE PULVERIZA EL SALARIO M\u00cdNIMO ANTE ESCALADA DE PRECIOS: CECOTUR. - EL INFORMATIVO DE TAMAULIPAS\",\"isPartOf\":{\"@id\":\"https:\\\/\\\/elinformativotam.com\\\/#website\"},\"primaryImageOfPage\":{\"@id\":\"https:\\\/\\\/elinformativotam.com\\\/index.php\\\/2022\\\/05\\\/03\\\/se-pulveriza-el-salario-minimo-ante-escalada-de-precios-cecotur\\\/#primaryimage\"},\"image\":{\"@id\":\"https:\\\/\\\/elinformativotam.com\\\/index.php\\\/2022\\\/05\\\/03\\\/se-pulveriza-el-salario-minimo-ante-escalada-de-precios-cecotur\\\/#primaryimage\"},\"thumbnailUrl\":\"https:\\\/\\\/elinformativotam.com\\\/wp-content\\\/uploads\\\/2022\\\/05\\\/Ramon.jpg\",\"datePublished\":\"2022-05-04T01:19:24+00:00\",\"description\":\"Cd. Madero, Tamaulipas.- El salario m\u00ednimo se ha \\\"pulverizado\\\", debido al incremento a los productos de la canasta b\u00e1sica, esto derivado de la inflaci\u00f3n\",\"inLanguage\":\"es\",\"potentialAction\":[{\"@type\":\"ReadAction\",\"target\":[\"https:\\\/\\\/elinformativotam.com\\\/index.php\\\/2022\\\/05\\\/03\\\/se-pulveriza-el-salario-minimo-ante-escalada-de-precios-cecotur\\\/\"]}]},{\"@type\":\"ImageObject\",\"inLanguage\":\"es\",\"@id\":\"https:\\\/\\\/elinformativotam.com\\\/index.php\\\/2022\\\/05\\\/03\\\/se-pulveriza-el-salario-minimo-ante-escalada-de-precios-cecotur\\\/#primaryimage\",\"url\":\"https:\\\/\\\/elinformativotam.com\\\/wp-content\\\/uploads\\\/2022\\\/05\\\/Ramon.jpg\",\"contentUrl\":\"https:\\\/\\\/elinformativotam.com\\\/wp-content\\\/uploads\\\/2022\\\/05\\\/Ramon.jpg\",\"width\":1040,\"height\":500},{\"@type\":\"WebSite\",\"@id\":\"https:\\\/\\\/elinformativotam.com\\\/#website\",\"url\":\"https:\\\/\\\/elinformativotam.com\\\/\",\"name\":\"EL INFORMATIVO DE TAMAULIPAS\",\"description\":\"Desde la Zona Metropolitana Para Todo M\u00e9xico\",\"publisher\":{\"@id\":\"https:\\\/\\\/elinformativotam.com\\\/#organization\"},\"potentialAction\":[{\"@type\":\"SearchAction\",\"target\":{\"@type\":\"EntryPoint\",\"urlTemplate\":\"https:\\\/\\\/elinformativotam.com\\\/?s={search_term_string}\"},\"query-input\":{\"@type\":\"PropertyValueSpecification\",\"valueRequired\":true,\"valueName\":\"search_term_string\"}}],\"inLanguage\":\"es\"},{\"@type\":\"Organization\",\"@id\":\"https:\\\/\\\/elinformativotam.com\\\/#organization\",\"name\":\"EL INFORMATIVO DE TAMAULIPAS\",\"url\":\"https:\\\/\\\/elinformativotam.com\\\/\",\"logo\":{\"@type\":\"ImageObject\",\"inLanguage\":\"es\",\"@id\":\"https:\\\/\\\/elinformativotam.com\\\/#\\\/schema\\\/logo\\\/image\\\/\",\"url\":\"https:\\\/\\\/elinformativotam.com\\\/wp-content\\\/uploads\\\/2026\\\/02\\\/Cabezal.png\",\"contentUrl\":\"https:\\\/\\\/elinformativotam.com\\\/wp-content\\\/uploads\\\/2026\\\/02\\\/Cabezal.png\",\"width\":960,\"height\":640,\"caption\":\"EL INFORMATIVO DE TAMAULIPAS\"},\"image\":{\"@id\":\"https:\\\/\\\/elinformativotam.com\\\/#\\\/schema\\\/logo\\\/image\\\/\"}},{\"@type\":\"Person\",\"@id\":\"https:\\\/\\\/elinformativotam.com\\\/#\\\/schema\\\/person\\\/78e08040eed0f6110f0c5f83b6153590\",\"name\":\"El Informativo Tam\",\"image\":{\"@type\":\"ImageObject\",\"inLanguage\":\"es\",\"@id\":\"https:\\\/\\\/secure.gravatar.com\\\/avatar\\\/f3b7ad3af540688955925ac610647be00b0cf41feea9c4978b73a707ee86bc53?s=96&d=mm&r=g\",\"url\":\"https:\\\/\\\/secure.gravatar.com\\\/avatar\\\/f3b7ad3af540688955925ac610647be00b0cf41feea9c4978b73a707ee86bc53?s=96&d=mm&r=g\",\"contentUrl\":\"https:\\\/\\\/secure.gravatar.com\\\/avatar\\\/f3b7ad3af540688955925ac610647be00b0cf41feea9c4978b73a707ee86bc53?s=96&d=mm&r=g\",\"caption\":\"El Informativo Tam\"}}]}<\/script>\n<!-- \/ Yoast SEO plugin. -->","yoast_head_json":{"title":"SE PULVERIZA EL SALARIO M\u00cdNIMO ANTE ESCALADA DE PRECIOS: CECOTUR. - EL INFORMATIVO DE TAMAULIPAS","description":"Cd. Madero, Tamaulipas.- El salario m\u00ednimo se ha \"pulverizado\", debido al incremento a los productos de la canasta b\u00e1sica, esto derivado de la inflaci\u00f3n","robots":{"index":"index","follow":"follow","max-snippet":"max-snippet:-1","max-image-preview":"max-image-preview:large","max-video-preview":"max-video-preview:-1"},"canonical":"https:\/\/elinformativotam.com\/index.php\/2022\/05\/03\/se-pulveriza-el-salario-minimo-ante-escalada-de-precios-cecotur\/","og_locale":"es_MX","og_type":"article","og_title":"SE PULVERIZA EL SALARIO M\u00cdNIMO ANTE ESCALADA DE PRECIOS: CECOTUR. - EL INFORMATIVO DE TAMAULIPAS","og_description":"Cd. Madero, Tamaulipas.- El salario m\u00ednimo se ha \"pulverizado\", debido al incremento a los productos de la canasta b\u00e1sica, esto derivado de la inflaci\u00f3n","og_url":"https:\/\/elinformativotam.com\/index.php\/2022\/05\/03\/se-pulveriza-el-salario-minimo-ante-escalada-de-precios-cecotur\/","og_site_name":"EL INFORMATIVO DE TAMAULIPAS","article_published_time":"2022-05-04T01:19:24+00:00","og_image":[{"width":1040,"height":500,"url":"https:\/\/elinformativotam.com\/wp-content\/uploads\/2022\/05\/Ramon.jpg","type":"image\/jpeg"}],"author":"El Informativo Tam","twitter_card":"summary_large_image","twitter_misc":{"Escrito por":"El Informativo Tam","Tiempo de lectura":"1 minuto"},"schema":{"@context":"https:\/\/schema.org","@graph":[{"@type":"Article","@id":"https:\/\/elinformativotam.com\/index.php\/2022\/05\/03\/se-pulveriza-el-salario-minimo-ante-escalada-de-precios-cecotur\/#article","isPartOf":{"@id":"https:\/\/elinformativotam.com\/index.php\/2022\/05\/03\/se-pulveriza-el-salario-minimo-ante-escalada-de-precios-cecotur\/"},"author":{"name":"El Informativo Tam","@id":"https:\/\/elinformativotam.com\/#\/schema\/person\/78e08040eed0f6110f0c5f83b6153590"},"headline":"SE PULVERIZA EL SALARIO M\u00cdNIMO ANTE ESCALADA DE PRECIOS: CECOTUR.","datePublished":"2022-05-04T01:19:24+00:00","mainEntityOfPage":{"@id":"https:\/\/elinformativotam.com\/index.php\/2022\/05\/03\/se-pulveriza-el-salario-minimo-ante-escalada-de-precios-cecotur\/"},"wordCount":189,"commentCount":0,"publisher":{"@id":"https:\/\/elinformativotam.com\/#organization"},"image":{"@id":"https:\/\/elinformativotam.com\/index.php\/2022\/05\/03\/se-pulveriza-el-salario-minimo-ante-escalada-de-precios-cecotur\/#primaryimage"},"thumbnailUrl":"https:\/\/elinformativotam.com\/wp-content\/uploads\/2022\/05\/Ramon.jpg","articleSection":["Cd Madero"],"inLanguage":"es","potentialAction":[{"@type":"CommentAction","name":"Comment","target":["https:\/\/elinformativotam.com\/index.php\/2022\/05\/03\/se-pulveriza-el-salario-minimo-ante-escalada-de-precios-cecotur\/#respond"]}]},{"@type":"WebPage","@id":"https:\/\/elinformativotam.com\/index.php\/2022\/05\/03\/se-pulveriza-el-salario-minimo-ante-escalada-de-precios-cecotur\/","url":"https:\/\/elinformativotam.com\/index.php\/2022\/05\/03\/se-pulveriza-el-salario-minimo-ante-escalada-de-precios-cecotur\/","name":"SE PULVERIZA EL SALARIO M\u00cdNIMO ANTE ESCALADA DE PRECIOS: CECOTUR. - EL INFORMATIVO DE TAMAULIPAS","isPartOf":{"@id":"https:\/\/elinformativotam.com\/#website"},"primaryImageOfPage":{"@id":"https:\/\/elinformativotam.com\/index.php\/2022\/05\/03\/se-pulveriza-el-salario-minimo-ante-escalada-de-precios-cecotur\/#primaryimage"},"image":{"@id":"https:\/\/elinformativotam.com\/index.php\/2022\/05\/03\/se-pulveriza-el-salario-minimo-ante-escalada-de-precios-cecotur\/#primaryimage"},"thumbnailUrl":"https:\/\/elinformativotam.com\/wp-content\/uploads\/2022\/05\/Ramon.jpg","datePublished":"2022-05-04T01:19:24+00:00","description":"Cd. Madero, Tamaulipas.- El salario m\u00ednimo se ha \"pulverizado\", debido al incremento a los productos de la canasta b\u00e1sica, esto derivado de la inflaci\u00f3n","inLanguage":"es","potentialAction":[{"@type":"ReadAction","target":["https:\/\/elinformativotam.com\/index.php\/2022\/05\/03\/se-pulveriza-el-salario-minimo-ante-escalada-de-precios-cecotur\/"]}]},{"@type":"ImageObject","inLanguage":"es","@id":"https:\/\/elinformativotam.com\/index.php\/2022\/05\/03\/se-pulveriza-el-salario-minimo-ante-escalada-de-precios-cecotur\/#primaryimage","url":"https:\/\/elinformativotam.com\/wp-content\/uploads\/2022\/05\/Ramon.jpg","contentUrl":"https:\/\/elinformativotam.com\/wp-content\/uploads\/2022\/05\/Ramon.jpg","width":1040,"height":500},{"@type":"WebSite","@id":"https:\/\/elinformativotam.com\/#website","url":"https:\/\/elinformativotam.com\/","name":"EL INFORMATIVO DE TAMAULIPAS","description":"Desde la Zona Metropolitana Para Todo M\u00e9xico","publisher":{"@id":"https:\/\/elinformativotam.com\/#organization"},"potentialAction":[{"@type":"SearchAction","target":{"@type":"EntryPoint","urlTemplate":"https:\/\/elinformativotam.com\/?s={search_term_string}"},"query-input":{"@type":"PropertyValueSpecification","valueRequired":true,"valueName":"search_term_string"}}],"inLanguage":"es"},{"@type":"Organization","@id":"https:\/\/elinformativotam.com\/#organization","name":"EL INFORMATIVO DE TAMAULIPAS","url":"https:\/\/elinformativotam.com\/","logo":{"@type":"ImageObject","inLanguage":"es","@id":"https:\/\/elinformativotam.com\/#\/schema\/logo\/image\/","url":"https:\/\/elinformativotam.com\/wp-content\/uploads\/2026\/02\/Cabezal.png","contentUrl":"https:\/\/elinformativotam.com\/wp-content\/uploads\/2026\/02\/Cabezal.png","width":960,"height":640,"caption":"EL INFORMATIVO DE TAMAULIPAS"},"image":{"@id":"https:\/\/elinformativotam.com\/#\/schema\/logo\/image\/"}},{"@type":"Person","@id":"https:\/\/elinformativotam.com\/#\/schema\/person\/78e08040eed0f6110f0c5f83b6153590","name":"El Informativo Tam","image":{"@type":"ImageObject","inLanguage":"es","@id":"https:\/\/secure.gravatar.com\/avatar\/f3b7ad3af540688955925ac610647be00b0cf41feea9c4978b73a707ee86bc53?s=96&d=mm&r=g","url":"https:\/\/secure.gravatar.com\/avatar\/f3b7ad3af540688955925ac610647be00b0cf41feea9c4978b73a707ee86bc53?s=96&d=mm&r=g","contentUrl":"https:\/\/secure.gravatar.com\/avatar\/f3b7ad3af540688955925ac610647be00b0cf41feea9c4978b73a707ee86bc53?s=96&d=mm&r=g","caption":"El Informativo Tam"}}]}},"_links":{"self":[{"href":"https:\/\/elinformativotam.com\/index.php\/wp-json\/wp\/v2\/posts\/30562","targetHints":{"allow":["GET"]}}],"collection":[{"href":"https:\/\/elinformativotam.com\/index.php\/wp-json\/wp\/v2\/posts"}],"about":[{"href":"https:\/\/elinformativotam.com\/index.php\/wp-json\/wp\/v2\/types\/post"}],"author":[{"embeddable":true,"href":"https:\/\/elinformativotam.com\/index.php\/wp-json\/wp\/v2\/users\/1"}],"replies":[{"embeddable":true,"href":"https:\/\/elinformativotam.com\/index.php\/wp-json\/wp\/v2\/comments?post=30562"}],"version-history":[{"count":1,"href":"https:\/\/elinformativotam.com\/index.php\/wp-json\/wp\/v2\/posts\/30562\/revisions"}],"predecessor-version":[{"id":30564,"href":"https:\/\/elinformativotam.com\/index.php\/wp-json\/wp\/v2\/posts\/30562\/revisions\/30564"}],"wp:featuredmedia":[{"embeddable":true,"href":"https:\/\/elinformativotam.com\/index.php\/wp-json\/wp\/v2\/media\/30563"}],"wp:attachment":[{"href":"https:\/\/elinformativotam.com\/index.php\/wp-json\/wp\/v2\/media?parent=30562"}],"wp:term":[{"taxonomy":"category","embeddable":true,"href":"https:\/\/elinformativotam.com\/index.php\/wp-json\/wp\/v2\/categories?post=30562"},{"taxonomy":"post_tag","embeddable":true,"href":"https:\/\/elinformativotam.com\/index.php\/wp-json\/wp\/v2\/tags?post=30562"}],"curies":[{"name":"wp","href":"https:\/\/api.w.org\/{rel}","templated":true}]}}