{"id":30556,"date":"2022-05-03T19:12:57","date_gmt":"2022-05-04T01:12:57","guid":{"rendered":"https:\/\/elinformativotam.com\/?p=30556"},"modified":"2022-05-03T19:12:57","modified_gmt":"2022-05-04T01:12:57","slug":"denuncian-a-directora-del-cbtis-164-por-presunto-desvio-de-recursos-del-plantel","status":"publish","type":"post","link":"https:\/\/elinformativotam.com\/index.php\/2022\/05\/03\/denuncian-a-directora-del-cbtis-164-por-presunto-desvio-de-recursos-del-plantel\/","title":{"rendered":"DENUNCIAN A DIRECTORA DEL CBTIS 164 POR PRESUNTO DESV\u00cdO DE RECURSOS DEL PLANTEL."},"content":{"rendered":"<p><em>Cd. Madero, Tamaulipas.- integrantes de la sociedad de padres de familia del CBTIS 164 de Ciudad Madero, presentaron una denuncia ante la Fiscal\u00eda de Justicia del Estado, contra la directora del plantel, por supuesto desv\u00edo de recursos econ\u00f3micos de la escuela.<\/em><\/p>\n<p><em>\u00a0<\/em><\/p>\n<p><em>Eduardo Ram\u00f3n D\u00edaz Canales, Padre de familia, se\u00f1al\u00f3 que se tiene conocimiento de la presunta aplicaci\u00f3n de recursos, para el supuesto mantenimiento de los aires acondicionados y otros trabajos, esto por un monto de 80 mil pesos, cifra que consideran elevada.<\/em><\/p>\n<p><em>\u00a0<\/em><\/p>\n<p><em>Destac\u00f3 que se solicit\u00f3 mayor informaci\u00f3n a la directora, pero esta no proporcion\u00f3 nada y al contrario, se neg\u00f3 a brindarles cualquier dato, lo que consideran como algo sospechoso.<\/em><\/p>\n<p><em>\u00a0<\/em><\/p>\n<p><em>Indic\u00f3 que por esta raz\u00f3n es que se interpuso el recurso legal contra la directora, por lo que fue citada ante el juez conciliador, pero la encargada del plantel no lleg\u00f3 a la cita, por lo que ahora ser\u00e1 otra instancia quien revise el caso. <\/em><\/p>\n<p><em>\u00a0<\/em><\/p>\n<p><em>A\u00f1adi\u00f3 que la directora, Juana Mar\u00eda N, deber\u00e1 en su momento presentarse y responder por los se\u00f1alamientos que se le hacen en torno a los recursos que son de las cuotas voluntarias de los padres de familia y de los cuales no puede ella echar mano sin autorizaci\u00f3n de la sociedad de padres.<\/em><\/p>\n","protected":false},"excerpt":{"rendered":"<p>Cd. Madero, Tamaulipas.- integrantes de la sociedad de padres de familia del CBTIS 164 de Ciudad Madero, presentaron una denuncia&hellip;<\/p>\n","protected":false},"author":1,"featured_media":30557,"comment_status":"open","ping_status":"open","sticky":false,"template":"","format":"standard","meta":{"footnotes":""},"categories":[4],"tags":[],"class_list":["post-30556","post","type-post","status-publish","format-standard","has-post-thumbnail","hentry","category-madero"],"yoast_head":"<!-- This site is optimized with the Yoast SEO plugin v27.4 - https:\/\/yoast.com\/product\/yoast-seo-wordpress\/ -->\n<title>DENUNCIAN A DIRECTORA DEL CBTIS 164 POR PRESUNTO DESV\u00cdO DE RECURSOS DEL PLANTEL. - EL INFORMATIVO DE TAMAULIPAS<\/title>\n<meta name=\"description\" content=\"Cd. Madero, Tamaulipas.- integrantes de la sociedad de padres de familia del CBTIS 164 de Ciudad Madero, presentaron una denuncia ante la Fiscal\u00eda de\" \/>\n<meta name=\"robots\" content=\"index, follow, max-snippet:-1, max-image-preview:large, max-video-preview:-1\" \/>\n<link rel=\"canonical\" href=\"https:\/\/elinformativotam.com\/index.php\/2022\/05\/03\/denuncian-a-directora-del-cbtis-164-por-presunto-desvio-de-recursos-del-plantel\/\" \/>\n<meta property=\"og:locale\" content=\"es_MX\" \/>\n<meta property=\"og:type\" content=\"article\" \/>\n<meta property=\"og:title\" content=\"DENUNCIAN A DIRECTORA DEL CBTIS 164 POR PRESUNTO DESV\u00cdO DE RECURSOS DEL PLANTEL. - EL INFORMATIVO DE TAMAULIPAS\" \/>\n<meta property=\"og:description\" content=\"Cd. Madero, Tamaulipas.- integrantes de la sociedad de padres de familia del CBTIS 164 de Ciudad Madero, presentaron una denuncia ante la Fiscal\u00eda de\" \/>\n<meta property=\"og:url\" content=\"https:\/\/elinformativotam.com\/index.php\/2022\/05\/03\/denuncian-a-directora-del-cbtis-164-por-presunto-desvio-de-recursos-del-plantel\/\" \/>\n<meta property=\"og:site_name\" content=\"EL INFORMATIVO DE TAMAULIPAS\" \/>\n<meta property=\"article:published_time\" content=\"2022-05-04T01:12:57+00:00\" \/>\n<meta property=\"og:image\" content=\"https:\/\/elinformativotam.com\/wp-content\/uploads\/2022\/05\/Denuncia.jpg\" \/>\n\t<meta property=\"og:image:width\" content=\"769\" \/>\n\t<meta property=\"og:image:height\" content=\"1600\" \/>\n\t<meta property=\"og:image:type\" content=\"image\/jpeg\" \/>\n<meta name=\"author\" content=\"El Informativo Tam\" \/>\n<meta name=\"twitter:card\" content=\"summary_large_image\" \/>\n<meta name=\"twitter:label1\" content=\"Escrito por\" \/>\n\t<meta name=\"twitter:data1\" content=\"El Informativo Tam\" \/>\n\t<meta name=\"twitter:label2\" content=\"Tiempo de lectura\" \/>\n\t<meta name=\"twitter:data2\" content=\"1 minuto\" \/>\n<script type=\"application\/ld+json\" class=\"yoast-schema-graph\">{\"@context\":\"https:\\\/\\\/schema.org\",\"@graph\":[{\"@type\":\"Article\",\"@id\":\"https:\\\/\\\/elinformativotam.com\\\/index.php\\\/2022\\\/05\\\/03\\\/denuncian-a-directora-del-cbtis-164-por-presunto-desvio-de-recursos-del-plantel\\\/#article\",\"isPartOf\":{\"@id\":\"https:\\\/\\\/elinformativotam.com\\\/index.php\\\/2022\\\/05\\\/03\\\/denuncian-a-directora-del-cbtis-164-por-presunto-desvio-de-recursos-del-plantel\\\/\"},\"author\":{\"name\":\"El Informativo Tam\",\"@id\":\"https:\\\/\\\/elinformativotam.com\\\/#\\\/schema\\\/person\\\/78e08040eed0f6110f0c5f83b6153590\"},\"headline\":\"DENUNCIAN A DIRECTORA DEL CBTIS 164 POR PRESUNTO DESV\u00cdO DE RECURSOS DEL PLANTEL.\",\"datePublished\":\"2022-05-04T01:12:57+00:00\",\"mainEntityOfPage\":{\"@id\":\"https:\\\/\\\/elinformativotam.com\\\/index.php\\\/2022\\\/05\\\/03\\\/denuncian-a-directora-del-cbtis-164-por-presunto-desvio-de-recursos-del-plantel\\\/\"},\"wordCount\":234,\"commentCount\":0,\"publisher\":{\"@id\":\"https:\\\/\\\/elinformativotam.com\\\/#organization\"},\"image\":{\"@id\":\"https:\\\/\\\/elinformativotam.com\\\/index.php\\\/2022\\\/05\\\/03\\\/denuncian-a-directora-del-cbtis-164-por-presunto-desvio-de-recursos-del-plantel\\\/#primaryimage\"},\"thumbnailUrl\":\"https:\\\/\\\/elinformativotam.com\\\/wp-content\\\/uploads\\\/2022\\\/05\\\/Denuncia.jpg\",\"articleSection\":[\"Cd Madero\"],\"inLanguage\":\"es\",\"potentialAction\":[{\"@type\":\"CommentAction\",\"name\":\"Comment\",\"target\":[\"https:\\\/\\\/elinformativotam.com\\\/index.php\\\/2022\\\/05\\\/03\\\/denuncian-a-directora-del-cbtis-164-por-presunto-desvio-de-recursos-del-plantel\\\/#respond\"]}]},{\"@type\":\"WebPage\",\"@id\":\"https:\\\/\\\/elinformativotam.com\\\/index.php\\\/2022\\\/05\\\/03\\\/denuncian-a-directora-del-cbtis-164-por-presunto-desvio-de-recursos-del-plantel\\\/\",\"url\":\"https:\\\/\\\/elinformativotam.com\\\/index.php\\\/2022\\\/05\\\/03\\\/denuncian-a-directora-del-cbtis-164-por-presunto-desvio-de-recursos-del-plantel\\\/\",\"name\":\"DENUNCIAN A DIRECTORA DEL CBTIS 164 POR PRESUNTO DESV\u00cdO DE RECURSOS DEL PLANTEL. - EL INFORMATIVO DE TAMAULIPAS\",\"isPartOf\":{\"@id\":\"https:\\\/\\\/elinformativotam.com\\\/#website\"},\"primaryImageOfPage\":{\"@id\":\"https:\\\/\\\/elinformativotam.com\\\/index.php\\\/2022\\\/05\\\/03\\\/denuncian-a-directora-del-cbtis-164-por-presunto-desvio-de-recursos-del-plantel\\\/#primaryimage\"},\"image\":{\"@id\":\"https:\\\/\\\/elinformativotam.com\\\/index.php\\\/2022\\\/05\\\/03\\\/denuncian-a-directora-del-cbtis-164-por-presunto-desvio-de-recursos-del-plantel\\\/#primaryimage\"},\"thumbnailUrl\":\"https:\\\/\\\/elinformativotam.com\\\/wp-content\\\/uploads\\\/2022\\\/05\\\/Denuncia.jpg\",\"datePublished\":\"2022-05-04T01:12:57+00:00\",\"description\":\"Cd. Madero, Tamaulipas.- integrantes de la sociedad de padres de familia del CBTIS 164 de Ciudad Madero, presentaron una denuncia ante la Fiscal\u00eda de\",\"inLanguage\":\"es\",\"potentialAction\":[{\"@type\":\"ReadAction\",\"target\":[\"https:\\\/\\\/elinformativotam.com\\\/index.php\\\/2022\\\/05\\\/03\\\/denuncian-a-directora-del-cbtis-164-por-presunto-desvio-de-recursos-del-plantel\\\/\"]}]},{\"@type\":\"ImageObject\",\"inLanguage\":\"es\",\"@id\":\"https:\\\/\\\/elinformativotam.com\\\/index.php\\\/2022\\\/05\\\/03\\\/denuncian-a-directora-del-cbtis-164-por-presunto-desvio-de-recursos-del-plantel\\\/#primaryimage\",\"url\":\"https:\\\/\\\/elinformativotam.com\\\/wp-content\\\/uploads\\\/2022\\\/05\\\/Denuncia.jpg\",\"contentUrl\":\"https:\\\/\\\/elinformativotam.com\\\/wp-content\\\/uploads\\\/2022\\\/05\\\/Denuncia.jpg\",\"width\":769,\"height\":1600},{\"@type\":\"WebSite\",\"@id\":\"https:\\\/\\\/elinformativotam.com\\\/#website\",\"url\":\"https:\\\/\\\/elinformativotam.com\\\/\",\"name\":\"EL INFORMATIVO DE TAMAULIPAS\",\"description\":\"Desde la Zona Metropolitana Para Todo M\u00e9xico\",\"publisher\":{\"@id\":\"https:\\\/\\\/elinformativotam.com\\\/#organization\"},\"potentialAction\":[{\"@type\":\"SearchAction\",\"target\":{\"@type\":\"EntryPoint\",\"urlTemplate\":\"https:\\\/\\\/elinformativotam.com\\\/?s={search_term_string}\"},\"query-input\":{\"@type\":\"PropertyValueSpecification\",\"valueRequired\":true,\"valueName\":\"search_term_string\"}}],\"inLanguage\":\"es\"},{\"@type\":\"Organization\",\"@id\":\"https:\\\/\\\/elinformativotam.com\\\/#organization\",\"name\":\"EL INFORMATIVO DE TAMAULIPAS\",\"url\":\"https:\\\/\\\/elinformativotam.com\\\/\",\"logo\":{\"@type\":\"ImageObject\",\"inLanguage\":\"es\",\"@id\":\"https:\\\/\\\/elinformativotam.com\\\/#\\\/schema\\\/logo\\\/image\\\/\",\"url\":\"https:\\\/\\\/elinformativotam.com\\\/wp-content\\\/uploads\\\/2026\\\/02\\\/Cabezal.png\",\"contentUrl\":\"https:\\\/\\\/elinformativotam.com\\\/wp-content\\\/uploads\\\/2026\\\/02\\\/Cabezal.png\",\"width\":960,\"height\":640,\"caption\":\"EL INFORMATIVO DE TAMAULIPAS\"},\"image\":{\"@id\":\"https:\\\/\\\/elinformativotam.com\\\/#\\\/schema\\\/logo\\\/image\\\/\"}},{\"@type\":\"Person\",\"@id\":\"https:\\\/\\\/elinformativotam.com\\\/#\\\/schema\\\/person\\\/78e08040eed0f6110f0c5f83b6153590\",\"name\":\"El Informativo Tam\",\"image\":{\"@type\":\"ImageObject\",\"inLanguage\":\"es\",\"@id\":\"https:\\\/\\\/secure.gravatar.com\\\/avatar\\\/f3b7ad3af540688955925ac610647be00b0cf41feea9c4978b73a707ee86bc53?s=96&d=mm&r=g\",\"url\":\"https:\\\/\\\/secure.gravatar.com\\\/avatar\\\/f3b7ad3af540688955925ac610647be00b0cf41feea9c4978b73a707ee86bc53?s=96&d=mm&r=g\",\"contentUrl\":\"https:\\\/\\\/secure.gravatar.com\\\/avatar\\\/f3b7ad3af540688955925ac610647be00b0cf41feea9c4978b73a707ee86bc53?s=96&d=mm&r=g\",\"caption\":\"El Informativo Tam\"}}]}<\/script>\n<!-- \/ Yoast SEO plugin. -->","yoast_head_json":{"title":"DENUNCIAN A DIRECTORA DEL CBTIS 164 POR PRESUNTO DESV\u00cdO DE RECURSOS DEL PLANTEL. - EL INFORMATIVO DE TAMAULIPAS","description":"Cd. Madero, Tamaulipas.- integrantes de la sociedad de padres de familia del CBTIS 164 de Ciudad Madero, presentaron una denuncia ante la Fiscal\u00eda de","robots":{"index":"index","follow":"follow","max-snippet":"max-snippet:-1","max-image-preview":"max-image-preview:large","max-video-preview":"max-video-preview:-1"},"canonical":"https:\/\/elinformativotam.com\/index.php\/2022\/05\/03\/denuncian-a-directora-del-cbtis-164-por-presunto-desvio-de-recursos-del-plantel\/","og_locale":"es_MX","og_type":"article","og_title":"DENUNCIAN A DIRECTORA DEL CBTIS 164 POR PRESUNTO DESV\u00cdO DE RECURSOS DEL PLANTEL. - EL INFORMATIVO DE TAMAULIPAS","og_description":"Cd. Madero, Tamaulipas.- integrantes de la sociedad de padres de familia del CBTIS 164 de Ciudad Madero, presentaron una denuncia ante la Fiscal\u00eda de","og_url":"https:\/\/elinformativotam.com\/index.php\/2022\/05\/03\/denuncian-a-directora-del-cbtis-164-por-presunto-desvio-de-recursos-del-plantel\/","og_site_name":"EL INFORMATIVO DE TAMAULIPAS","article_published_time":"2022-05-04T01:12:57+00:00","og_image":[{"width":769,"height":1600,"url":"https:\/\/elinformativotam.com\/wp-content\/uploads\/2022\/05\/Denuncia.jpg","type":"image\/jpeg"}],"author":"El Informativo Tam","twitter_card":"summary_large_image","twitter_misc":{"Escrito por":"El Informativo Tam","Tiempo de lectura":"1 minuto"},"schema":{"@context":"https:\/\/schema.org","@graph":[{"@type":"Article","@id":"https:\/\/elinformativotam.com\/index.php\/2022\/05\/03\/denuncian-a-directora-del-cbtis-164-por-presunto-desvio-de-recursos-del-plantel\/#article","isPartOf":{"@id":"https:\/\/elinformativotam.com\/index.php\/2022\/05\/03\/denuncian-a-directora-del-cbtis-164-por-presunto-desvio-de-recursos-del-plantel\/"},"author":{"name":"El Informativo Tam","@id":"https:\/\/elinformativotam.com\/#\/schema\/person\/78e08040eed0f6110f0c5f83b6153590"},"headline":"DENUNCIAN A DIRECTORA DEL CBTIS 164 POR PRESUNTO DESV\u00cdO DE RECURSOS DEL PLANTEL.","datePublished":"2022-05-04T01:12:57+00:00","mainEntityOfPage":{"@id":"https:\/\/elinformativotam.com\/index.php\/2022\/05\/03\/denuncian-a-directora-del-cbtis-164-por-presunto-desvio-de-recursos-del-plantel\/"},"wordCount":234,"commentCount":0,"publisher":{"@id":"https:\/\/elinformativotam.com\/#organization"},"image":{"@id":"https:\/\/elinformativotam.com\/index.php\/2022\/05\/03\/denuncian-a-directora-del-cbtis-164-por-presunto-desvio-de-recursos-del-plantel\/#primaryimage"},"thumbnailUrl":"https:\/\/elinformativotam.com\/wp-content\/uploads\/2022\/05\/Denuncia.jpg","articleSection":["Cd Madero"],"inLanguage":"es","potentialAction":[{"@type":"CommentAction","name":"Comment","target":["https:\/\/elinformativotam.com\/index.php\/2022\/05\/03\/denuncian-a-directora-del-cbtis-164-por-presunto-desvio-de-recursos-del-plantel\/#respond"]}]},{"@type":"WebPage","@id":"https:\/\/elinformativotam.com\/index.php\/2022\/05\/03\/denuncian-a-directora-del-cbtis-164-por-presunto-desvio-de-recursos-del-plantel\/","url":"https:\/\/elinformativotam.com\/index.php\/2022\/05\/03\/denuncian-a-directora-del-cbtis-164-por-presunto-desvio-de-recursos-del-plantel\/","name":"DENUNCIAN A DIRECTORA DEL CBTIS 164 POR PRESUNTO DESV\u00cdO DE RECURSOS DEL PLANTEL. - EL INFORMATIVO DE TAMAULIPAS","isPartOf":{"@id":"https:\/\/elinformativotam.com\/#website"},"primaryImageOfPage":{"@id":"https:\/\/elinformativotam.com\/index.php\/2022\/05\/03\/denuncian-a-directora-del-cbtis-164-por-presunto-desvio-de-recursos-del-plantel\/#primaryimage"},"image":{"@id":"https:\/\/elinformativotam.com\/index.php\/2022\/05\/03\/denuncian-a-directora-del-cbtis-164-por-presunto-desvio-de-recursos-del-plantel\/#primaryimage"},"thumbnailUrl":"https:\/\/elinformativotam.com\/wp-content\/uploads\/2022\/05\/Denuncia.jpg","datePublished":"2022-05-04T01:12:57+00:00","description":"Cd. Madero, Tamaulipas.- integrantes de la sociedad de padres de familia del CBTIS 164 de Ciudad Madero, presentaron una denuncia ante la Fiscal\u00eda de","inLanguage":"es","potentialAction":[{"@type":"ReadAction","target":["https:\/\/elinformativotam.com\/index.php\/2022\/05\/03\/denuncian-a-directora-del-cbtis-164-por-presunto-desvio-de-recursos-del-plantel\/"]}]},{"@type":"ImageObject","inLanguage":"es","@id":"https:\/\/elinformativotam.com\/index.php\/2022\/05\/03\/denuncian-a-directora-del-cbtis-164-por-presunto-desvio-de-recursos-del-plantel\/#primaryimage","url":"https:\/\/elinformativotam.com\/wp-content\/uploads\/2022\/05\/Denuncia.jpg","contentUrl":"https:\/\/elinformativotam.com\/wp-content\/uploads\/2022\/05\/Denuncia.jpg","width":769,"height":1600},{"@type":"WebSite","@id":"https:\/\/elinformativotam.com\/#website","url":"https:\/\/elinformativotam.com\/","name":"EL INFORMATIVO DE TAMAULIPAS","description":"Desde la Zona Metropolitana Para Todo M\u00e9xico","publisher":{"@id":"https:\/\/elinformativotam.com\/#organization"},"potentialAction":[{"@type":"SearchAction","target":{"@type":"EntryPoint","urlTemplate":"https:\/\/elinformativotam.com\/?s={search_term_string}"},"query-input":{"@type":"PropertyValueSpecification","valueRequired":true,"valueName":"search_term_string"}}],"inLanguage":"es"},{"@type":"Organization","@id":"https:\/\/elinformativotam.com\/#organization","name":"EL INFORMATIVO DE TAMAULIPAS","url":"https:\/\/elinformativotam.com\/","logo":{"@type":"ImageObject","inLanguage":"es","@id":"https:\/\/elinformativotam.com\/#\/schema\/logo\/image\/","url":"https:\/\/elinformativotam.com\/wp-content\/uploads\/2026\/02\/Cabezal.png","contentUrl":"https:\/\/elinformativotam.com\/wp-content\/uploads\/2026\/02\/Cabezal.png","width":960,"height":640,"caption":"EL INFORMATIVO DE TAMAULIPAS"},"image":{"@id":"https:\/\/elinformativotam.com\/#\/schema\/logo\/image\/"}},{"@type":"Person","@id":"https:\/\/elinformativotam.com\/#\/schema\/person\/78e08040eed0f6110f0c5f83b6153590","name":"El Informativo Tam","image":{"@type":"ImageObject","inLanguage":"es","@id":"https:\/\/secure.gravatar.com\/avatar\/f3b7ad3af540688955925ac610647be00b0cf41feea9c4978b73a707ee86bc53?s=96&d=mm&r=g","url":"https:\/\/secure.gravatar.com\/avatar\/f3b7ad3af540688955925ac610647be00b0cf41feea9c4978b73a707ee86bc53?s=96&d=mm&r=g","contentUrl":"https:\/\/secure.gravatar.com\/avatar\/f3b7ad3af540688955925ac610647be00b0cf41feea9c4978b73a707ee86bc53?s=96&d=mm&r=g","caption":"El Informativo Tam"}}]}},"_links":{"self":[{"href":"https:\/\/elinformativotam.com\/index.php\/wp-json\/wp\/v2\/posts\/30556","targetHints":{"allow":["GET"]}}],"collection":[{"href":"https:\/\/elinformativotam.com\/index.php\/wp-json\/wp\/v2\/posts"}],"about":[{"href":"https:\/\/elinformativotam.com\/index.php\/wp-json\/wp\/v2\/types\/post"}],"author":[{"embeddable":true,"href":"https:\/\/elinformativotam.com\/index.php\/wp-json\/wp\/v2\/users\/1"}],"replies":[{"embeddable":true,"href":"https:\/\/elinformativotam.com\/index.php\/wp-json\/wp\/v2\/comments?post=30556"}],"version-history":[{"count":1,"href":"https:\/\/elinformativotam.com\/index.php\/wp-json\/wp\/v2\/posts\/30556\/revisions"}],"predecessor-version":[{"id":30558,"href":"https:\/\/elinformativotam.com\/index.php\/wp-json\/wp\/v2\/posts\/30556\/revisions\/30558"}],"wp:featuredmedia":[{"embeddable":true,"href":"https:\/\/elinformativotam.com\/index.php\/wp-json\/wp\/v2\/media\/30557"}],"wp:attachment":[{"href":"https:\/\/elinformativotam.com\/index.php\/wp-json\/wp\/v2\/media?parent=30556"}],"wp:term":[{"taxonomy":"category","embeddable":true,"href":"https:\/\/elinformativotam.com\/index.php\/wp-json\/wp\/v2\/categories?post=30556"},{"taxonomy":"post_tag","embeddable":true,"href":"https:\/\/elinformativotam.com\/index.php\/wp-json\/wp\/v2\/tags?post=30556"}],"curies":[{"name":"wp","href":"https:\/\/api.w.org\/{rel}","templated":true}]}}