{"id":30544,"date":"2022-05-03T16:25:14","date_gmt":"2022-05-03T22:25:14","guid":{"rendered":"https:\/\/elinformativotam.com\/?p=30544"},"modified":"2022-05-03T16:25:14","modified_gmt":"2022-05-03T22:25:14","slug":"el-campo-se-suma-con-truko-truko-tiene-las-caracteristicas-para-ser-nuestro-gobernador","status":"publish","type":"post","link":"https:\/\/elinformativotam.com\/index.php\/2022\/05\/03\/el-campo-se-suma-con-truko-truko-tiene-las-caracteristicas-para-ser-nuestro-gobernador\/","title":{"rendered":"El Campo Se Suma Con Truko ..Truko Tiene Las Caracter\u00edsticas Para Ser Nuestro Gobernador"},"content":{"rendered":"<p>&nbsp;<\/p>\n<p>Llera, Tamaulipas. &#8211; Por los recortes federales que se han registrado en programas fundamentales para el campo, se requiere de un gobernador que<br \/>\nconozca el trabajo de la tierra y las necesidades que enfrenta.<\/p>\n<p>A nombre de los llerenses, el citricultor, Lorenzo L\u00f3pez Castro, reconoci\u00f3 el trabajo de C\u00e9sar Truko Ver\u00e1stegui. \u201cQueremos un gobernador que su cosecha venga del campo, del trabajo y del esfuerzo, no queremos uno que venga de herencias \u201c.<\/p>\n<p>Record\u00f3 que cuando el candidato de la coalici\u00f3n Va por Tamaulipas a estado en cargos p\u00fablicos nunca los desampar\u00f3.<\/p>\n<p>\u201cNo se nos olvida los apoyos que siempre nos gestion\u00f3\u201d, usted sabe y conoce de los problemas que enfrentamos la gente que vive en el campo.<\/p>\n<p>Por ello el compromiso de no desaprovechar esta oportunidad para que el pr\u00f3ximo gobernador sea de la regi\u00f3n ca\u00f1era. \u201cLo necesitamos porque necesitamos de los programas que nos quitaron, como el prospera y el seguro popular\u201d<br \/>\nPor su parte el candidato, se comprometi\u00f3 en implementar el programa de Telemedicina y equipar los centros de salud con personal y todo el material necesario.<\/p>\n<p>De igual forma el aplicar esquemas que permitan dar soluci\u00f3n a los citricultores que han sido afectados por el pulg\u00f3n amarillo y por la falta de apoyos federales.<\/p>\n<p>Resalt\u00f3 que est\u00e1 en contra de aquellos que estando en el senado aprobaron para que se eliminaran apoyos para el medicamento oncol\u00f3gicos y el pr\u00f3spero.<\/p>\n<p>\u201cPor eso les digo me la voy a partir por Llera y por Tamaulipas\u201d, expuso tras remarcar que \u00e9l sabe perfectamente de las necesidades del campo y de su gente.<\/p>\n","protected":false},"excerpt":{"rendered":"<p>&nbsp; Llera, Tamaulipas. &#8211; Por los recortes federales que se han registrado en programas fundamentales para el campo, se requiere&hellip;<\/p>\n","protected":false},"author":1,"featured_media":30545,"comment_status":"open","ping_status":"open","sticky":false,"template":"","format":"standard","meta":{"footnotes":""},"categories":[6],"tags":[],"class_list":["post-30544","post","type-post","status-publish","format-standard","has-post-thumbnail","hentry","category-tamaulipas"],"yoast_head":"<!-- This site is optimized with the Yoast SEO plugin v27.4 - https:\/\/yoast.com\/product\/yoast-seo-wordpress\/ -->\n<title>El Campo Se Suma Con Truko ..Truko Tiene Las Caracter\u00edsticas Para Ser Nuestro Gobernador - EL INFORMATIVO DE TAMAULIPAS<\/title>\n<meta name=\"description\" content=\"&nbsp; Llera, Tamaulipas. - Por los recortes federales que se han registrado en programas fundamentales para el campo, se requiere de un gobernador que\" \/>\n<meta name=\"robots\" content=\"index, follow, max-snippet:-1, max-image-preview:large, max-video-preview:-1\" \/>\n<link rel=\"canonical\" href=\"https:\/\/elinformativotam.com\/index.php\/2022\/05\/03\/el-campo-se-suma-con-truko-truko-tiene-las-caracteristicas-para-ser-nuestro-gobernador\/\" \/>\n<meta property=\"og:locale\" content=\"es_MX\" \/>\n<meta property=\"og:type\" content=\"article\" \/>\n<meta property=\"og:title\" content=\"El Campo Se Suma Con Truko ..Truko Tiene Las Caracter\u00edsticas Para Ser Nuestro Gobernador - EL INFORMATIVO DE TAMAULIPAS\" \/>\n<meta property=\"og:description\" content=\"&nbsp; Llera, Tamaulipas. - Por los recortes federales que se han registrado en programas fundamentales para el campo, se requiere de un gobernador que\" \/>\n<meta property=\"og:url\" content=\"https:\/\/elinformativotam.com\/index.php\/2022\/05\/03\/el-campo-se-suma-con-truko-truko-tiene-las-caracteristicas-para-ser-nuestro-gobernador\/\" \/>\n<meta property=\"og:site_name\" content=\"EL INFORMATIVO DE TAMAULIPAS\" \/>\n<meta property=\"article:published_time\" content=\"2022-05-03T22:25:14+00:00\" \/>\n<meta property=\"og:image\" content=\"https:\/\/elinformativotam.com\/wp-content\/uploads\/2022\/05\/IMG-20220503-WA0060.jpg\" \/>\n\t<meta property=\"og:image:width\" content=\"1600\" \/>\n\t<meta property=\"og:image:height\" content=\"1067\" \/>\n\t<meta property=\"og:image:type\" content=\"image\/jpeg\" \/>\n<meta name=\"author\" content=\"El Informativo Tam\" \/>\n<meta name=\"twitter:card\" content=\"summary_large_image\" \/>\n<meta name=\"twitter:label1\" content=\"Escrito por\" \/>\n\t<meta name=\"twitter:data1\" content=\"El Informativo Tam\" \/>\n\t<meta name=\"twitter:label2\" content=\"Tiempo de lectura\" \/>\n\t<meta name=\"twitter:data2\" content=\"2 minutos\" \/>\n<script type=\"application\/ld+json\" class=\"yoast-schema-graph\">{\"@context\":\"https:\\\/\\\/schema.org\",\"@graph\":[{\"@type\":\"Article\",\"@id\":\"https:\\\/\\\/elinformativotam.com\\\/index.php\\\/2022\\\/05\\\/03\\\/el-campo-se-suma-con-truko-truko-tiene-las-caracteristicas-para-ser-nuestro-gobernador\\\/#article\",\"isPartOf\":{\"@id\":\"https:\\\/\\\/elinformativotam.com\\\/index.php\\\/2022\\\/05\\\/03\\\/el-campo-se-suma-con-truko-truko-tiene-las-caracteristicas-para-ser-nuestro-gobernador\\\/\"},\"author\":{\"name\":\"El Informativo Tam\",\"@id\":\"https:\\\/\\\/elinformativotam.com\\\/#\\\/schema\\\/person\\\/78e08040eed0f6110f0c5f83b6153590\"},\"headline\":\"El Campo Se Suma Con Truko ..Truko Tiene Las Caracter\u00edsticas Para Ser Nuestro Gobernador\",\"datePublished\":\"2022-05-03T22:25:14+00:00\",\"mainEntityOfPage\":{\"@id\":\"https:\\\/\\\/elinformativotam.com\\\/index.php\\\/2022\\\/05\\\/03\\\/el-campo-se-suma-con-truko-truko-tiene-las-caracteristicas-para-ser-nuestro-gobernador\\\/\"},\"wordCount\":290,\"commentCount\":0,\"publisher\":{\"@id\":\"https:\\\/\\\/elinformativotam.com\\\/#organization\"},\"image\":{\"@id\":\"https:\\\/\\\/elinformativotam.com\\\/index.php\\\/2022\\\/05\\\/03\\\/el-campo-se-suma-con-truko-truko-tiene-las-caracteristicas-para-ser-nuestro-gobernador\\\/#primaryimage\"},\"thumbnailUrl\":\"https:\\\/\\\/elinformativotam.com\\\/wp-content\\\/uploads\\\/2022\\\/05\\\/IMG-20220503-WA0060.jpg\",\"articleSection\":[\"Tamaulipas\"],\"inLanguage\":\"es\",\"potentialAction\":[{\"@type\":\"CommentAction\",\"name\":\"Comment\",\"target\":[\"https:\\\/\\\/elinformativotam.com\\\/index.php\\\/2022\\\/05\\\/03\\\/el-campo-se-suma-con-truko-truko-tiene-las-caracteristicas-para-ser-nuestro-gobernador\\\/#respond\"]}]},{\"@type\":\"WebPage\",\"@id\":\"https:\\\/\\\/elinformativotam.com\\\/index.php\\\/2022\\\/05\\\/03\\\/el-campo-se-suma-con-truko-truko-tiene-las-caracteristicas-para-ser-nuestro-gobernador\\\/\",\"url\":\"https:\\\/\\\/elinformativotam.com\\\/index.php\\\/2022\\\/05\\\/03\\\/el-campo-se-suma-con-truko-truko-tiene-las-caracteristicas-para-ser-nuestro-gobernador\\\/\",\"name\":\"El Campo Se Suma Con Truko ..Truko Tiene Las Caracter\u00edsticas Para Ser Nuestro Gobernador - EL INFORMATIVO DE TAMAULIPAS\",\"isPartOf\":{\"@id\":\"https:\\\/\\\/elinformativotam.com\\\/#website\"},\"primaryImageOfPage\":{\"@id\":\"https:\\\/\\\/elinformativotam.com\\\/index.php\\\/2022\\\/05\\\/03\\\/el-campo-se-suma-con-truko-truko-tiene-las-caracteristicas-para-ser-nuestro-gobernador\\\/#primaryimage\"},\"image\":{\"@id\":\"https:\\\/\\\/elinformativotam.com\\\/index.php\\\/2022\\\/05\\\/03\\\/el-campo-se-suma-con-truko-truko-tiene-las-caracteristicas-para-ser-nuestro-gobernador\\\/#primaryimage\"},\"thumbnailUrl\":\"https:\\\/\\\/elinformativotam.com\\\/wp-content\\\/uploads\\\/2022\\\/05\\\/IMG-20220503-WA0060.jpg\",\"datePublished\":\"2022-05-03T22:25:14+00:00\",\"description\":\"&nbsp; Llera, Tamaulipas. - Por los recortes federales que se han registrado en programas fundamentales para el campo, se requiere de un gobernador que\",\"inLanguage\":\"es\",\"potentialAction\":[{\"@type\":\"ReadAction\",\"target\":[\"https:\\\/\\\/elinformativotam.com\\\/index.php\\\/2022\\\/05\\\/03\\\/el-campo-se-suma-con-truko-truko-tiene-las-caracteristicas-para-ser-nuestro-gobernador\\\/\"]}]},{\"@type\":\"ImageObject\",\"inLanguage\":\"es\",\"@id\":\"https:\\\/\\\/elinformativotam.com\\\/index.php\\\/2022\\\/05\\\/03\\\/el-campo-se-suma-con-truko-truko-tiene-las-caracteristicas-para-ser-nuestro-gobernador\\\/#primaryimage\",\"url\":\"https:\\\/\\\/elinformativotam.com\\\/wp-content\\\/uploads\\\/2022\\\/05\\\/IMG-20220503-WA0060.jpg\",\"contentUrl\":\"https:\\\/\\\/elinformativotam.com\\\/wp-content\\\/uploads\\\/2022\\\/05\\\/IMG-20220503-WA0060.jpg\",\"width\":1600,\"height\":1067},{\"@type\":\"WebSite\",\"@id\":\"https:\\\/\\\/elinformativotam.com\\\/#website\",\"url\":\"https:\\\/\\\/elinformativotam.com\\\/\",\"name\":\"EL INFORMATIVO DE TAMAULIPAS\",\"description\":\"Desde la Zona Metropolitana Para Todo M\u00e9xico\",\"publisher\":{\"@id\":\"https:\\\/\\\/elinformativotam.com\\\/#organization\"},\"potentialAction\":[{\"@type\":\"SearchAction\",\"target\":{\"@type\":\"EntryPoint\",\"urlTemplate\":\"https:\\\/\\\/elinformativotam.com\\\/?s={search_term_string}\"},\"query-input\":{\"@type\":\"PropertyValueSpecification\",\"valueRequired\":true,\"valueName\":\"search_term_string\"}}],\"inLanguage\":\"es\"},{\"@type\":\"Organization\",\"@id\":\"https:\\\/\\\/elinformativotam.com\\\/#organization\",\"name\":\"EL INFORMATIVO DE TAMAULIPAS\",\"url\":\"https:\\\/\\\/elinformativotam.com\\\/\",\"logo\":{\"@type\":\"ImageObject\",\"inLanguage\":\"es\",\"@id\":\"https:\\\/\\\/elinformativotam.com\\\/#\\\/schema\\\/logo\\\/image\\\/\",\"url\":\"https:\\\/\\\/elinformativotam.com\\\/wp-content\\\/uploads\\\/2026\\\/02\\\/Cabezal.png\",\"contentUrl\":\"https:\\\/\\\/elinformativotam.com\\\/wp-content\\\/uploads\\\/2026\\\/02\\\/Cabezal.png\",\"width\":960,\"height\":640,\"caption\":\"EL INFORMATIVO DE TAMAULIPAS\"},\"image\":{\"@id\":\"https:\\\/\\\/elinformativotam.com\\\/#\\\/schema\\\/logo\\\/image\\\/\"}},{\"@type\":\"Person\",\"@id\":\"https:\\\/\\\/elinformativotam.com\\\/#\\\/schema\\\/person\\\/78e08040eed0f6110f0c5f83b6153590\",\"name\":\"El Informativo Tam\",\"image\":{\"@type\":\"ImageObject\",\"inLanguage\":\"es\",\"@id\":\"https:\\\/\\\/secure.gravatar.com\\\/avatar\\\/f3b7ad3af540688955925ac610647be00b0cf41feea9c4978b73a707ee86bc53?s=96&d=mm&r=g\",\"url\":\"https:\\\/\\\/secure.gravatar.com\\\/avatar\\\/f3b7ad3af540688955925ac610647be00b0cf41feea9c4978b73a707ee86bc53?s=96&d=mm&r=g\",\"contentUrl\":\"https:\\\/\\\/secure.gravatar.com\\\/avatar\\\/f3b7ad3af540688955925ac610647be00b0cf41feea9c4978b73a707ee86bc53?s=96&d=mm&r=g\",\"caption\":\"El Informativo Tam\"}}]}<\/script>\n<!-- \/ Yoast SEO plugin. -->","yoast_head_json":{"title":"El Campo Se Suma Con Truko ..Truko Tiene Las Caracter\u00edsticas Para Ser Nuestro Gobernador - EL INFORMATIVO DE TAMAULIPAS","description":"&nbsp; Llera, Tamaulipas. - Por los recortes federales que se han registrado en programas fundamentales para el campo, se requiere de un gobernador que","robots":{"index":"index","follow":"follow","max-snippet":"max-snippet:-1","max-image-preview":"max-image-preview:large","max-video-preview":"max-video-preview:-1"},"canonical":"https:\/\/elinformativotam.com\/index.php\/2022\/05\/03\/el-campo-se-suma-con-truko-truko-tiene-las-caracteristicas-para-ser-nuestro-gobernador\/","og_locale":"es_MX","og_type":"article","og_title":"El Campo Se Suma Con Truko ..Truko Tiene Las Caracter\u00edsticas Para Ser Nuestro Gobernador - EL INFORMATIVO DE TAMAULIPAS","og_description":"&nbsp; Llera, Tamaulipas. - Por los recortes federales que se han registrado en programas fundamentales para el campo, se requiere de un gobernador que","og_url":"https:\/\/elinformativotam.com\/index.php\/2022\/05\/03\/el-campo-se-suma-con-truko-truko-tiene-las-caracteristicas-para-ser-nuestro-gobernador\/","og_site_name":"EL INFORMATIVO DE TAMAULIPAS","article_published_time":"2022-05-03T22:25:14+00:00","og_image":[{"width":1600,"height":1067,"url":"https:\/\/elinformativotam.com\/wp-content\/uploads\/2022\/05\/IMG-20220503-WA0060.jpg","type":"image\/jpeg"}],"author":"El Informativo Tam","twitter_card":"summary_large_image","twitter_misc":{"Escrito por":"El Informativo Tam","Tiempo de lectura":"2 minutos"},"schema":{"@context":"https:\/\/schema.org","@graph":[{"@type":"Article","@id":"https:\/\/elinformativotam.com\/index.php\/2022\/05\/03\/el-campo-se-suma-con-truko-truko-tiene-las-caracteristicas-para-ser-nuestro-gobernador\/#article","isPartOf":{"@id":"https:\/\/elinformativotam.com\/index.php\/2022\/05\/03\/el-campo-se-suma-con-truko-truko-tiene-las-caracteristicas-para-ser-nuestro-gobernador\/"},"author":{"name":"El Informativo Tam","@id":"https:\/\/elinformativotam.com\/#\/schema\/person\/78e08040eed0f6110f0c5f83b6153590"},"headline":"El Campo Se Suma Con Truko ..Truko Tiene Las Caracter\u00edsticas Para Ser Nuestro Gobernador","datePublished":"2022-05-03T22:25:14+00:00","mainEntityOfPage":{"@id":"https:\/\/elinformativotam.com\/index.php\/2022\/05\/03\/el-campo-se-suma-con-truko-truko-tiene-las-caracteristicas-para-ser-nuestro-gobernador\/"},"wordCount":290,"commentCount":0,"publisher":{"@id":"https:\/\/elinformativotam.com\/#organization"},"image":{"@id":"https:\/\/elinformativotam.com\/index.php\/2022\/05\/03\/el-campo-se-suma-con-truko-truko-tiene-las-caracteristicas-para-ser-nuestro-gobernador\/#primaryimage"},"thumbnailUrl":"https:\/\/elinformativotam.com\/wp-content\/uploads\/2022\/05\/IMG-20220503-WA0060.jpg","articleSection":["Tamaulipas"],"inLanguage":"es","potentialAction":[{"@type":"CommentAction","name":"Comment","target":["https:\/\/elinformativotam.com\/index.php\/2022\/05\/03\/el-campo-se-suma-con-truko-truko-tiene-las-caracteristicas-para-ser-nuestro-gobernador\/#respond"]}]},{"@type":"WebPage","@id":"https:\/\/elinformativotam.com\/index.php\/2022\/05\/03\/el-campo-se-suma-con-truko-truko-tiene-las-caracteristicas-para-ser-nuestro-gobernador\/","url":"https:\/\/elinformativotam.com\/index.php\/2022\/05\/03\/el-campo-se-suma-con-truko-truko-tiene-las-caracteristicas-para-ser-nuestro-gobernador\/","name":"El Campo Se Suma Con Truko ..Truko Tiene Las Caracter\u00edsticas Para Ser Nuestro Gobernador - EL INFORMATIVO DE TAMAULIPAS","isPartOf":{"@id":"https:\/\/elinformativotam.com\/#website"},"primaryImageOfPage":{"@id":"https:\/\/elinformativotam.com\/index.php\/2022\/05\/03\/el-campo-se-suma-con-truko-truko-tiene-las-caracteristicas-para-ser-nuestro-gobernador\/#primaryimage"},"image":{"@id":"https:\/\/elinformativotam.com\/index.php\/2022\/05\/03\/el-campo-se-suma-con-truko-truko-tiene-las-caracteristicas-para-ser-nuestro-gobernador\/#primaryimage"},"thumbnailUrl":"https:\/\/elinformativotam.com\/wp-content\/uploads\/2022\/05\/IMG-20220503-WA0060.jpg","datePublished":"2022-05-03T22:25:14+00:00","description":"&nbsp; Llera, Tamaulipas. - Por los recortes federales que se han registrado en programas fundamentales para el campo, se requiere de un gobernador que","inLanguage":"es","potentialAction":[{"@type":"ReadAction","target":["https:\/\/elinformativotam.com\/index.php\/2022\/05\/03\/el-campo-se-suma-con-truko-truko-tiene-las-caracteristicas-para-ser-nuestro-gobernador\/"]}]},{"@type":"ImageObject","inLanguage":"es","@id":"https:\/\/elinformativotam.com\/index.php\/2022\/05\/03\/el-campo-se-suma-con-truko-truko-tiene-las-caracteristicas-para-ser-nuestro-gobernador\/#primaryimage","url":"https:\/\/elinformativotam.com\/wp-content\/uploads\/2022\/05\/IMG-20220503-WA0060.jpg","contentUrl":"https:\/\/elinformativotam.com\/wp-content\/uploads\/2022\/05\/IMG-20220503-WA0060.jpg","width":1600,"height":1067},{"@type":"WebSite","@id":"https:\/\/elinformativotam.com\/#website","url":"https:\/\/elinformativotam.com\/","name":"EL INFORMATIVO DE TAMAULIPAS","description":"Desde la Zona Metropolitana Para Todo M\u00e9xico","publisher":{"@id":"https:\/\/elinformativotam.com\/#organization"},"potentialAction":[{"@type":"SearchAction","target":{"@type":"EntryPoint","urlTemplate":"https:\/\/elinformativotam.com\/?s={search_term_string}"},"query-input":{"@type":"PropertyValueSpecification","valueRequired":true,"valueName":"search_term_string"}}],"inLanguage":"es"},{"@type":"Organization","@id":"https:\/\/elinformativotam.com\/#organization","name":"EL INFORMATIVO DE TAMAULIPAS","url":"https:\/\/elinformativotam.com\/","logo":{"@type":"ImageObject","inLanguage":"es","@id":"https:\/\/elinformativotam.com\/#\/schema\/logo\/image\/","url":"https:\/\/elinformativotam.com\/wp-content\/uploads\/2026\/02\/Cabezal.png","contentUrl":"https:\/\/elinformativotam.com\/wp-content\/uploads\/2026\/02\/Cabezal.png","width":960,"height":640,"caption":"EL INFORMATIVO DE TAMAULIPAS"},"image":{"@id":"https:\/\/elinformativotam.com\/#\/schema\/logo\/image\/"}},{"@type":"Person","@id":"https:\/\/elinformativotam.com\/#\/schema\/person\/78e08040eed0f6110f0c5f83b6153590","name":"El Informativo Tam","image":{"@type":"ImageObject","inLanguage":"es","@id":"https:\/\/secure.gravatar.com\/avatar\/f3b7ad3af540688955925ac610647be00b0cf41feea9c4978b73a707ee86bc53?s=96&d=mm&r=g","url":"https:\/\/secure.gravatar.com\/avatar\/f3b7ad3af540688955925ac610647be00b0cf41feea9c4978b73a707ee86bc53?s=96&d=mm&r=g","contentUrl":"https:\/\/secure.gravatar.com\/avatar\/f3b7ad3af540688955925ac610647be00b0cf41feea9c4978b73a707ee86bc53?s=96&d=mm&r=g","caption":"El Informativo Tam"}}]}},"_links":{"self":[{"href":"https:\/\/elinformativotam.com\/index.php\/wp-json\/wp\/v2\/posts\/30544","targetHints":{"allow":["GET"]}}],"collection":[{"href":"https:\/\/elinformativotam.com\/index.php\/wp-json\/wp\/v2\/posts"}],"about":[{"href":"https:\/\/elinformativotam.com\/index.php\/wp-json\/wp\/v2\/types\/post"}],"author":[{"embeddable":true,"href":"https:\/\/elinformativotam.com\/index.php\/wp-json\/wp\/v2\/users\/1"}],"replies":[{"embeddable":true,"href":"https:\/\/elinformativotam.com\/index.php\/wp-json\/wp\/v2\/comments?post=30544"}],"version-history":[{"count":1,"href":"https:\/\/elinformativotam.com\/index.php\/wp-json\/wp\/v2\/posts\/30544\/revisions"}],"predecessor-version":[{"id":30546,"href":"https:\/\/elinformativotam.com\/index.php\/wp-json\/wp\/v2\/posts\/30544\/revisions\/30546"}],"wp:featuredmedia":[{"embeddable":true,"href":"https:\/\/elinformativotam.com\/index.php\/wp-json\/wp\/v2\/media\/30545"}],"wp:attachment":[{"href":"https:\/\/elinformativotam.com\/index.php\/wp-json\/wp\/v2\/media?parent=30544"}],"wp:term":[{"taxonomy":"category","embeddable":true,"href":"https:\/\/elinformativotam.com\/index.php\/wp-json\/wp\/v2\/categories?post=30544"},{"taxonomy":"post_tag","embeddable":true,"href":"https:\/\/elinformativotam.com\/index.php\/wp-json\/wp\/v2\/tags?post=30544"}],"curies":[{"name":"wp","href":"https:\/\/api.w.org\/{rel}","templated":true}]}}