{"id":30540,"date":"2022-05-03T15:58:33","date_gmt":"2022-05-03T21:58:33","guid":{"rendered":"https:\/\/elinformativotam.com\/?p=30540"},"modified":"2022-05-03T16:00:34","modified_gmt":"2022-05-03T22:00:34","slug":"apertura-carrera-de-tecnico-en-autotransporte-conatraml","status":"publish","type":"post","link":"https:\/\/elinformativotam.com\/index.php\/2022\/05\/03\/apertura-carrera-de-tecnico-en-autotransporte-conatraml\/","title":{"rendered":"Apertura Carrera De T\u00e9cnico En Autotransporte : CONATRAMl"},"content":{"rendered":"<p>&nbsp;<\/p>\n<p>ALTAMIRA, TAM.- El pasado lunes, fue anunciada la carrera de t\u00e9cnico en autotransportes, despu\u00e9s de 8 a\u00f1os de haber tocado puertas y tratando de traerla al sur de Tamaulipas, finalmente a partir de agosto iniciara el ciclo escolar y en junio comenzaran las inscripciones, se\u00f1alo Eduardo Tijerina Delegado de CONATRAM.<\/p>\n<p>&#8220;Es muy importante y positivo para el transporte porque hay d\u00e9ficit de 3 mil 500 operadores, esto vendr\u00e1 ayudar pero tambi\u00e9n a la comunidad y al pa\u00eds porque ser\u00e1n nuevas generaciones con otras formas de pensar y preparados&#8221;, refiri\u00f3 el dirigente de la confederaci\u00f3n transportista.<\/p>\n<p>Para poder acreditarla \u00fanicamente se les pide la secundaria terminada y tendr\u00e1 una duraci\u00f3n de 3 a\u00f1os, los mayores de edad que solo tengan secundaria terminada tambien podran cursar esta carrera, incluso si tienen mas de 18 a\u00f1os en el transcurso de la carrera puede tramitar la licencia federal A B y E, para que cuando terminen sus estudios puedan ingresar al campo laboral inmediatamente.<\/p>\n<p>Destaco que otro problema al que se enfrenta el autotransporte y que se pretende erradicar es el uso de drogas para mantenerse despiertos, especialmente medicamentos, que se han usado por varias generaciones, &#8220;la vieja guardia de operadores est\u00e1n jubil\u00e1ndose y los que quedan tienen problemas de adicci\u00f3n&#8221;.<\/p>\n<p>Los operadores conducen drogados y se han registrado el 15 por ciento de accidentes, la mayor parte toman pastillas para no dormir hasta tres d\u00edas seguidos y los reflejos no son los mismos, un operador hace el trabajo de m\u00e1s operadores aunado a los tiempo de carga, pero tambi\u00e9n porque ellos as\u00ed fueron educados desde hace mas de 30 a\u00f1os.<\/p>\n<p>Enfatizo en que hay antidoping aleatorios porque al autotransporte le interesa que no sucedan estas cosas, &#8220;estuvimos luchando por muchos a\u00f1os por esta carrera, en el trascurso de este tiempo estaremos facilitando tracto camiones e instalaciones, adem\u00e1s ya tiene valides oficial y van a salir certificados para poder trabajar en agencias aduanales e incluso en otros pa\u00edses&#8221;.<\/p>\n<p>Destaco que los que cursen esta carrera tienen derecho a becas y el transporte va apoyar porque es mejor apostarle a algo que va redituar que tener parado un cami\u00f3n, &#8220;es una gran ventaja porque la poblaci\u00f3n hace un gran esfuerzo para mandar a sus hijos a las instituciones y con esto el 95 por ciento tendr\u00eda trabajo asegurado porque hay muchos camiones parados, los trabajadores locales de 3 mil a 6 mil pesos por semana y for\u00e1neos hasta 12 mil por semana&#8221;.<\/p>\n","protected":false},"excerpt":{"rendered":"<p>&nbsp; ALTAMIRA, TAM.- El pasado lunes, fue anunciada la carrera de t\u00e9cnico en autotransportes, despu\u00e9s de 8 a\u00f1os de haber&hellip;<\/p>\n","protected":false},"author":1,"featured_media":30541,"comment_status":"open","ping_status":"open","sticky":false,"template":"","format":"standard","meta":{"footnotes":""},"categories":[5],"tags":[],"class_list":["post-30540","post","type-post","status-publish","format-standard","has-post-thumbnail","hentry","category-altamira"],"yoast_head":"<!-- This site is optimized with the Yoast SEO plugin v27.4 - https:\/\/yoast.com\/product\/yoast-seo-wordpress\/ -->\n<title>Apertura Carrera De T\u00e9cnico En Autotransporte : CONATRAMl - EL INFORMATIVO DE TAMAULIPAS<\/title>\n<meta name=\"description\" content=\"&nbsp; ALTAMIRA, TAM.- El pasado lunes, fue anunciada la carrera de t\u00e9cnico en autotransportes, despu\u00e9s de 8 a\u00f1os de haber tocado puertas y tratando de\" \/>\n<meta name=\"robots\" content=\"index, follow, max-snippet:-1, max-image-preview:large, max-video-preview:-1\" \/>\n<link rel=\"canonical\" href=\"https:\/\/elinformativotam.com\/index.php\/2022\/05\/03\/apertura-carrera-de-tecnico-en-autotransporte-conatraml\/\" \/>\n<meta property=\"og:locale\" content=\"es_MX\" \/>\n<meta property=\"og:type\" content=\"article\" \/>\n<meta property=\"og:title\" content=\"Apertura Carrera De T\u00e9cnico En Autotransporte : CONATRAMl - EL INFORMATIVO DE TAMAULIPAS\" \/>\n<meta property=\"og:description\" content=\"&nbsp; ALTAMIRA, TAM.- El pasado lunes, fue anunciada la carrera de t\u00e9cnico en autotransportes, despu\u00e9s de 8 a\u00f1os de haber tocado puertas y tratando de\" \/>\n<meta property=\"og:url\" content=\"https:\/\/elinformativotam.com\/index.php\/2022\/05\/03\/apertura-carrera-de-tecnico-en-autotransporte-conatraml\/\" \/>\n<meta property=\"og:site_name\" content=\"EL INFORMATIVO DE TAMAULIPAS\" \/>\n<meta property=\"article:published_time\" content=\"2022-05-03T21:58:33+00:00\" \/>\n<meta property=\"article:modified_time\" content=\"2022-05-03T22:00:34+00:00\" \/>\n<meta property=\"og:image\" content=\"https:\/\/elinformativotam.com\/wp-content\/uploads\/2022\/05\/download.jpg\" \/>\n\t<meta property=\"og:image:width\" content=\"274\" \/>\n\t<meta property=\"og:image:height\" content=\"184\" \/>\n\t<meta property=\"og:image:type\" content=\"image\/jpeg\" \/>\n<meta name=\"author\" content=\"El Informativo Tam\" \/>\n<meta name=\"twitter:card\" content=\"summary_large_image\" \/>\n<meta name=\"twitter:label1\" content=\"Escrito por\" \/>\n\t<meta name=\"twitter:data1\" content=\"El Informativo Tam\" \/>\n\t<meta name=\"twitter:label2\" content=\"Tiempo de lectura\" \/>\n\t<meta name=\"twitter:data2\" content=\"2 minutos\" \/>\n<script type=\"application\/ld+json\" class=\"yoast-schema-graph\">{\"@context\":\"https:\\\/\\\/schema.org\",\"@graph\":[{\"@type\":\"Article\",\"@id\":\"https:\\\/\\\/elinformativotam.com\\\/index.php\\\/2022\\\/05\\\/03\\\/apertura-carrera-de-tecnico-en-autotransporte-conatraml\\\/#article\",\"isPartOf\":{\"@id\":\"https:\\\/\\\/elinformativotam.com\\\/index.php\\\/2022\\\/05\\\/03\\\/apertura-carrera-de-tecnico-en-autotransporte-conatraml\\\/\"},\"author\":{\"name\":\"El Informativo Tam\",\"@id\":\"https:\\\/\\\/elinformativotam.com\\\/#\\\/schema\\\/person\\\/78e08040eed0f6110f0c5f83b6153590\"},\"headline\":\"Apertura Carrera De T\u00e9cnico En Autotransporte : CONATRAMl\",\"datePublished\":\"2022-05-03T21:58:33+00:00\",\"dateModified\":\"2022-05-03T22:00:34+00:00\",\"mainEntityOfPage\":{\"@id\":\"https:\\\/\\\/elinformativotam.com\\\/index.php\\\/2022\\\/05\\\/03\\\/apertura-carrera-de-tecnico-en-autotransporte-conatraml\\\/\"},\"wordCount\":432,\"commentCount\":0,\"publisher\":{\"@id\":\"https:\\\/\\\/elinformativotam.com\\\/#organization\"},\"image\":{\"@id\":\"https:\\\/\\\/elinformativotam.com\\\/index.php\\\/2022\\\/05\\\/03\\\/apertura-carrera-de-tecnico-en-autotransporte-conatraml\\\/#primaryimage\"},\"thumbnailUrl\":\"https:\\\/\\\/elinformativotam.com\\\/wp-content\\\/uploads\\\/2022\\\/05\\\/download.jpg\",\"articleSection\":[\"Altamira\"],\"inLanguage\":\"es\",\"potentialAction\":[{\"@type\":\"CommentAction\",\"name\":\"Comment\",\"target\":[\"https:\\\/\\\/elinformativotam.com\\\/index.php\\\/2022\\\/05\\\/03\\\/apertura-carrera-de-tecnico-en-autotransporte-conatraml\\\/#respond\"]}]},{\"@type\":\"WebPage\",\"@id\":\"https:\\\/\\\/elinformativotam.com\\\/index.php\\\/2022\\\/05\\\/03\\\/apertura-carrera-de-tecnico-en-autotransporte-conatraml\\\/\",\"url\":\"https:\\\/\\\/elinformativotam.com\\\/index.php\\\/2022\\\/05\\\/03\\\/apertura-carrera-de-tecnico-en-autotransporte-conatraml\\\/\",\"name\":\"Apertura Carrera De T\u00e9cnico En Autotransporte : CONATRAMl - EL INFORMATIVO DE TAMAULIPAS\",\"isPartOf\":{\"@id\":\"https:\\\/\\\/elinformativotam.com\\\/#website\"},\"primaryImageOfPage\":{\"@id\":\"https:\\\/\\\/elinformativotam.com\\\/index.php\\\/2022\\\/05\\\/03\\\/apertura-carrera-de-tecnico-en-autotransporte-conatraml\\\/#primaryimage\"},\"image\":{\"@id\":\"https:\\\/\\\/elinformativotam.com\\\/index.php\\\/2022\\\/05\\\/03\\\/apertura-carrera-de-tecnico-en-autotransporte-conatraml\\\/#primaryimage\"},\"thumbnailUrl\":\"https:\\\/\\\/elinformativotam.com\\\/wp-content\\\/uploads\\\/2022\\\/05\\\/download.jpg\",\"datePublished\":\"2022-05-03T21:58:33+00:00\",\"dateModified\":\"2022-05-03T22:00:34+00:00\",\"description\":\"&nbsp; ALTAMIRA, TAM.- El pasado lunes, fue anunciada la carrera de t\u00e9cnico en autotransportes, despu\u00e9s de 8 a\u00f1os de haber tocado puertas y tratando de\",\"inLanguage\":\"es\",\"potentialAction\":[{\"@type\":\"ReadAction\",\"target\":[\"https:\\\/\\\/elinformativotam.com\\\/index.php\\\/2022\\\/05\\\/03\\\/apertura-carrera-de-tecnico-en-autotransporte-conatraml\\\/\"]}]},{\"@type\":\"ImageObject\",\"inLanguage\":\"es\",\"@id\":\"https:\\\/\\\/elinformativotam.com\\\/index.php\\\/2022\\\/05\\\/03\\\/apertura-carrera-de-tecnico-en-autotransporte-conatraml\\\/#primaryimage\",\"url\":\"https:\\\/\\\/elinformativotam.com\\\/wp-content\\\/uploads\\\/2022\\\/05\\\/download.jpg\",\"contentUrl\":\"https:\\\/\\\/elinformativotam.com\\\/wp-content\\\/uploads\\\/2022\\\/05\\\/download.jpg\",\"width\":274,\"height\":184},{\"@type\":\"WebSite\",\"@id\":\"https:\\\/\\\/elinformativotam.com\\\/#website\",\"url\":\"https:\\\/\\\/elinformativotam.com\\\/\",\"name\":\"EL INFORMATIVO DE TAMAULIPAS\",\"description\":\"Desde la Zona Metropolitana Para Todo M\u00e9xico\",\"publisher\":{\"@id\":\"https:\\\/\\\/elinformativotam.com\\\/#organization\"},\"potentialAction\":[{\"@type\":\"SearchAction\",\"target\":{\"@type\":\"EntryPoint\",\"urlTemplate\":\"https:\\\/\\\/elinformativotam.com\\\/?s={search_term_string}\"},\"query-input\":{\"@type\":\"PropertyValueSpecification\",\"valueRequired\":true,\"valueName\":\"search_term_string\"}}],\"inLanguage\":\"es\"},{\"@type\":\"Organization\",\"@id\":\"https:\\\/\\\/elinformativotam.com\\\/#organization\",\"name\":\"EL INFORMATIVO DE TAMAULIPAS\",\"url\":\"https:\\\/\\\/elinformativotam.com\\\/\",\"logo\":{\"@type\":\"ImageObject\",\"inLanguage\":\"es\",\"@id\":\"https:\\\/\\\/elinformativotam.com\\\/#\\\/schema\\\/logo\\\/image\\\/\",\"url\":\"https:\\\/\\\/elinformativotam.com\\\/wp-content\\\/uploads\\\/2026\\\/02\\\/Cabezal.png\",\"contentUrl\":\"https:\\\/\\\/elinformativotam.com\\\/wp-content\\\/uploads\\\/2026\\\/02\\\/Cabezal.png\",\"width\":960,\"height\":640,\"caption\":\"EL INFORMATIVO DE TAMAULIPAS\"},\"image\":{\"@id\":\"https:\\\/\\\/elinformativotam.com\\\/#\\\/schema\\\/logo\\\/image\\\/\"}},{\"@type\":\"Person\",\"@id\":\"https:\\\/\\\/elinformativotam.com\\\/#\\\/schema\\\/person\\\/78e08040eed0f6110f0c5f83b6153590\",\"name\":\"El Informativo Tam\",\"image\":{\"@type\":\"ImageObject\",\"inLanguage\":\"es\",\"@id\":\"https:\\\/\\\/secure.gravatar.com\\\/avatar\\\/f3b7ad3af540688955925ac610647be00b0cf41feea9c4978b73a707ee86bc53?s=96&d=mm&r=g\",\"url\":\"https:\\\/\\\/secure.gravatar.com\\\/avatar\\\/f3b7ad3af540688955925ac610647be00b0cf41feea9c4978b73a707ee86bc53?s=96&d=mm&r=g\",\"contentUrl\":\"https:\\\/\\\/secure.gravatar.com\\\/avatar\\\/f3b7ad3af540688955925ac610647be00b0cf41feea9c4978b73a707ee86bc53?s=96&d=mm&r=g\",\"caption\":\"El Informativo Tam\"}}]}<\/script>\n<!-- \/ Yoast SEO plugin. -->","yoast_head_json":{"title":"Apertura Carrera De T\u00e9cnico En Autotransporte : CONATRAMl - EL INFORMATIVO DE TAMAULIPAS","description":"&nbsp; ALTAMIRA, TAM.- El pasado lunes, fue anunciada la carrera de t\u00e9cnico en autotransportes, despu\u00e9s de 8 a\u00f1os de haber tocado puertas y tratando de","robots":{"index":"index","follow":"follow","max-snippet":"max-snippet:-1","max-image-preview":"max-image-preview:large","max-video-preview":"max-video-preview:-1"},"canonical":"https:\/\/elinformativotam.com\/index.php\/2022\/05\/03\/apertura-carrera-de-tecnico-en-autotransporte-conatraml\/","og_locale":"es_MX","og_type":"article","og_title":"Apertura Carrera De T\u00e9cnico En Autotransporte : CONATRAMl - EL INFORMATIVO DE TAMAULIPAS","og_description":"&nbsp; ALTAMIRA, TAM.- El pasado lunes, fue anunciada la carrera de t\u00e9cnico en autotransportes, despu\u00e9s de 8 a\u00f1os de haber tocado puertas y tratando de","og_url":"https:\/\/elinformativotam.com\/index.php\/2022\/05\/03\/apertura-carrera-de-tecnico-en-autotransporte-conatraml\/","og_site_name":"EL INFORMATIVO DE TAMAULIPAS","article_published_time":"2022-05-03T21:58:33+00:00","article_modified_time":"2022-05-03T22:00:34+00:00","og_image":[{"width":274,"height":184,"url":"https:\/\/elinformativotam.com\/wp-content\/uploads\/2022\/05\/download.jpg","type":"image\/jpeg"}],"author":"El Informativo Tam","twitter_card":"summary_large_image","twitter_misc":{"Escrito por":"El Informativo Tam","Tiempo de lectura":"2 minutos"},"schema":{"@context":"https:\/\/schema.org","@graph":[{"@type":"Article","@id":"https:\/\/elinformativotam.com\/index.php\/2022\/05\/03\/apertura-carrera-de-tecnico-en-autotransporte-conatraml\/#article","isPartOf":{"@id":"https:\/\/elinformativotam.com\/index.php\/2022\/05\/03\/apertura-carrera-de-tecnico-en-autotransporte-conatraml\/"},"author":{"name":"El Informativo Tam","@id":"https:\/\/elinformativotam.com\/#\/schema\/person\/78e08040eed0f6110f0c5f83b6153590"},"headline":"Apertura Carrera De T\u00e9cnico En Autotransporte : CONATRAMl","datePublished":"2022-05-03T21:58:33+00:00","dateModified":"2022-05-03T22:00:34+00:00","mainEntityOfPage":{"@id":"https:\/\/elinformativotam.com\/index.php\/2022\/05\/03\/apertura-carrera-de-tecnico-en-autotransporte-conatraml\/"},"wordCount":432,"commentCount":0,"publisher":{"@id":"https:\/\/elinformativotam.com\/#organization"},"image":{"@id":"https:\/\/elinformativotam.com\/index.php\/2022\/05\/03\/apertura-carrera-de-tecnico-en-autotransporte-conatraml\/#primaryimage"},"thumbnailUrl":"https:\/\/elinformativotam.com\/wp-content\/uploads\/2022\/05\/download.jpg","articleSection":["Altamira"],"inLanguage":"es","potentialAction":[{"@type":"CommentAction","name":"Comment","target":["https:\/\/elinformativotam.com\/index.php\/2022\/05\/03\/apertura-carrera-de-tecnico-en-autotransporte-conatraml\/#respond"]}]},{"@type":"WebPage","@id":"https:\/\/elinformativotam.com\/index.php\/2022\/05\/03\/apertura-carrera-de-tecnico-en-autotransporte-conatraml\/","url":"https:\/\/elinformativotam.com\/index.php\/2022\/05\/03\/apertura-carrera-de-tecnico-en-autotransporte-conatraml\/","name":"Apertura Carrera De T\u00e9cnico En Autotransporte : CONATRAMl - EL INFORMATIVO DE TAMAULIPAS","isPartOf":{"@id":"https:\/\/elinformativotam.com\/#website"},"primaryImageOfPage":{"@id":"https:\/\/elinformativotam.com\/index.php\/2022\/05\/03\/apertura-carrera-de-tecnico-en-autotransporte-conatraml\/#primaryimage"},"image":{"@id":"https:\/\/elinformativotam.com\/index.php\/2022\/05\/03\/apertura-carrera-de-tecnico-en-autotransporte-conatraml\/#primaryimage"},"thumbnailUrl":"https:\/\/elinformativotam.com\/wp-content\/uploads\/2022\/05\/download.jpg","datePublished":"2022-05-03T21:58:33+00:00","dateModified":"2022-05-03T22:00:34+00:00","description":"&nbsp; ALTAMIRA, TAM.- El pasado lunes, fue anunciada la carrera de t\u00e9cnico en autotransportes, despu\u00e9s de 8 a\u00f1os de haber tocado puertas y tratando de","inLanguage":"es","potentialAction":[{"@type":"ReadAction","target":["https:\/\/elinformativotam.com\/index.php\/2022\/05\/03\/apertura-carrera-de-tecnico-en-autotransporte-conatraml\/"]}]},{"@type":"ImageObject","inLanguage":"es","@id":"https:\/\/elinformativotam.com\/index.php\/2022\/05\/03\/apertura-carrera-de-tecnico-en-autotransporte-conatraml\/#primaryimage","url":"https:\/\/elinformativotam.com\/wp-content\/uploads\/2022\/05\/download.jpg","contentUrl":"https:\/\/elinformativotam.com\/wp-content\/uploads\/2022\/05\/download.jpg","width":274,"height":184},{"@type":"WebSite","@id":"https:\/\/elinformativotam.com\/#website","url":"https:\/\/elinformativotam.com\/","name":"EL INFORMATIVO DE TAMAULIPAS","description":"Desde la Zona Metropolitana Para Todo M\u00e9xico","publisher":{"@id":"https:\/\/elinformativotam.com\/#organization"},"potentialAction":[{"@type":"SearchAction","target":{"@type":"EntryPoint","urlTemplate":"https:\/\/elinformativotam.com\/?s={search_term_string}"},"query-input":{"@type":"PropertyValueSpecification","valueRequired":true,"valueName":"search_term_string"}}],"inLanguage":"es"},{"@type":"Organization","@id":"https:\/\/elinformativotam.com\/#organization","name":"EL INFORMATIVO DE TAMAULIPAS","url":"https:\/\/elinformativotam.com\/","logo":{"@type":"ImageObject","inLanguage":"es","@id":"https:\/\/elinformativotam.com\/#\/schema\/logo\/image\/","url":"https:\/\/elinformativotam.com\/wp-content\/uploads\/2026\/02\/Cabezal.png","contentUrl":"https:\/\/elinformativotam.com\/wp-content\/uploads\/2026\/02\/Cabezal.png","width":960,"height":640,"caption":"EL INFORMATIVO DE TAMAULIPAS"},"image":{"@id":"https:\/\/elinformativotam.com\/#\/schema\/logo\/image\/"}},{"@type":"Person","@id":"https:\/\/elinformativotam.com\/#\/schema\/person\/78e08040eed0f6110f0c5f83b6153590","name":"El Informativo Tam","image":{"@type":"ImageObject","inLanguage":"es","@id":"https:\/\/secure.gravatar.com\/avatar\/f3b7ad3af540688955925ac610647be00b0cf41feea9c4978b73a707ee86bc53?s=96&d=mm&r=g","url":"https:\/\/secure.gravatar.com\/avatar\/f3b7ad3af540688955925ac610647be00b0cf41feea9c4978b73a707ee86bc53?s=96&d=mm&r=g","contentUrl":"https:\/\/secure.gravatar.com\/avatar\/f3b7ad3af540688955925ac610647be00b0cf41feea9c4978b73a707ee86bc53?s=96&d=mm&r=g","caption":"El Informativo Tam"}}]}},"_links":{"self":[{"href":"https:\/\/elinformativotam.com\/index.php\/wp-json\/wp\/v2\/posts\/30540","targetHints":{"allow":["GET"]}}],"collection":[{"href":"https:\/\/elinformativotam.com\/index.php\/wp-json\/wp\/v2\/posts"}],"about":[{"href":"https:\/\/elinformativotam.com\/index.php\/wp-json\/wp\/v2\/types\/post"}],"author":[{"embeddable":true,"href":"https:\/\/elinformativotam.com\/index.php\/wp-json\/wp\/v2\/users\/1"}],"replies":[{"embeddable":true,"href":"https:\/\/elinformativotam.com\/index.php\/wp-json\/wp\/v2\/comments?post=30540"}],"version-history":[{"count":1,"href":"https:\/\/elinformativotam.com\/index.php\/wp-json\/wp\/v2\/posts\/30540\/revisions"}],"predecessor-version":[{"id":30542,"href":"https:\/\/elinformativotam.com\/index.php\/wp-json\/wp\/v2\/posts\/30540\/revisions\/30542"}],"wp:featuredmedia":[{"embeddable":true,"href":"https:\/\/elinformativotam.com\/index.php\/wp-json\/wp\/v2\/media\/30541"}],"wp:attachment":[{"href":"https:\/\/elinformativotam.com\/index.php\/wp-json\/wp\/v2\/media?parent=30540"}],"wp:term":[{"taxonomy":"category","embeddable":true,"href":"https:\/\/elinformativotam.com\/index.php\/wp-json\/wp\/v2\/categories?post=30540"},{"taxonomy":"post_tag","embeddable":true,"href":"https:\/\/elinformativotam.com\/index.php\/wp-json\/wp\/v2\/tags?post=30540"}],"curies":[{"name":"wp","href":"https:\/\/api.w.org\/{rel}","templated":true}]}}