{"id":30537,"date":"2022-05-03T15:53:24","date_gmt":"2022-05-03T21:53:24","guid":{"rendered":"https:\/\/elinformativotam.com\/?p=30537"},"modified":"2022-05-03T15:53:24","modified_gmt":"2022-05-03T21:53:24","slug":"homenaje-a-mujer-policia-altamirense-abatida-en-reynosa","status":"publish","type":"post","link":"https:\/\/elinformativotam.com\/index.php\/2022\/05\/03\/homenaje-a-mujer-policia-altamirense-abatida-en-reynosa\/","title":{"rendered":"Homenaje A Mujer Polic\u00eda Altamirense Abatida En Reynosa"},"content":{"rendered":"<p>&nbsp;<\/p>\n<p>ALTAMIRA, TAM.- Familiares, amigos, compa\u00f1eros y mandos dieron el \u00faltimo adi\u00f3s a Raquel Oca\u00f1a, la mujer Polic\u00eda Estatal que fue privada de la vida cobardemente el pasado domingo en una emboscada cuando realizaban labores de patrullaje en la carretera Reynosa &#8211; San Fernando.<\/p>\n<p>Alrededor de las 14:30 horas arribo un convoy a la sede del Complejo de Seguridad de &#8220;La Retama&#8221;, donde una carrosa f\u00fanebre trasladaba a la finada Raquel Oca\u00f1a, escoltada por patrullas de la Polic\u00eda Estatal, quienes previamente recorrieron las calles desde el velatorio del IMSS.<\/p>\n<p>En la ceremonia de cuerpo presente la banda de guerra enton\u00f3 el toque de silencio, por el duelo ante la muerte de la polic\u00eda que en vida llevara el nombre de Raquel Oca\u00f1a, quien radicaba en el fraccionamiento Los Olivos y adem\u00e1s era conocida altamirense por haber desempe\u00f1ado labores a\u00f1os atr\u00e1s en el \u00e1rea del DIF municipal.<\/p>\n<p>Cabe destacar que otro atentado se registro esta ma\u00f1ana en Reynosa donde por fortuna no se registraron lesionados, en respuesta a la guerra que ha declarado el Gobierno de Francisco Garc\u00eda Cabeza de Vaca contra el Crimen Organizado, donde se ha informado que no descansaran hasta dar con los responsables del por la muerte de polic\u00edas en la entidad.<\/p>\n","protected":false},"excerpt":{"rendered":"<p>&nbsp; ALTAMIRA, TAM.- Familiares, amigos, compa\u00f1eros y mandos dieron el \u00faltimo adi\u00f3s a Raquel Oca\u00f1a, la mujer Polic\u00eda Estatal que&hellip;<\/p>\n","protected":false},"author":1,"featured_media":30538,"comment_status":"open","ping_status":"open","sticky":false,"template":"","format":"standard","meta":{"footnotes":""},"categories":[5],"tags":[],"class_list":["post-30537","post","type-post","status-publish","format-standard","has-post-thumbnail","hentry","category-altamira"],"yoast_head":"<!-- This site is optimized with the Yoast SEO plugin v27.4 - https:\/\/yoast.com\/product\/yoast-seo-wordpress\/ -->\n<title>Homenaje A Mujer Polic\u00eda Altamirense Abatida En Reynosa - EL INFORMATIVO DE TAMAULIPAS<\/title>\n<meta name=\"description\" content=\"&nbsp; ALTAMIRA, TAM.- Familiares, amigos, compa\u00f1eros y mandos dieron el \u00faltimo adi\u00f3s a Raquel Oca\u00f1a, la mujer Polic\u00eda Estatal que fue privada de la vida\" \/>\n<meta name=\"robots\" content=\"index, follow, max-snippet:-1, max-image-preview:large, max-video-preview:-1\" \/>\n<link rel=\"canonical\" href=\"https:\/\/elinformativotam.com\/index.php\/2022\/05\/03\/homenaje-a-mujer-policia-altamirense-abatida-en-reynosa\/\" \/>\n<meta property=\"og:locale\" content=\"es_MX\" \/>\n<meta property=\"og:type\" content=\"article\" \/>\n<meta property=\"og:title\" content=\"Homenaje A Mujer Polic\u00eda Altamirense Abatida En Reynosa - EL INFORMATIVO DE TAMAULIPAS\" \/>\n<meta property=\"og:description\" content=\"&nbsp; ALTAMIRA, TAM.- Familiares, amigos, compa\u00f1eros y mandos dieron el \u00faltimo adi\u00f3s a Raquel Oca\u00f1a, la mujer Polic\u00eda Estatal que fue privada de la vida\" \/>\n<meta property=\"og:url\" content=\"https:\/\/elinformativotam.com\/index.php\/2022\/05\/03\/homenaje-a-mujer-policia-altamirense-abatida-en-reynosa\/\" \/>\n<meta property=\"og:site_name\" content=\"EL INFORMATIVO DE TAMAULIPAS\" \/>\n<meta property=\"article:published_time\" content=\"2022-05-03T21:53:24+00:00\" \/>\n<meta property=\"og:image\" content=\"https:\/\/elinformativotam.com\/wp-content\/uploads\/2022\/05\/IMG-20220503-WA0002.jpg\" \/>\n\t<meta property=\"og:image:width\" content=\"1080\" \/>\n\t<meta property=\"og:image:height\" content=\"993\" \/>\n\t<meta property=\"og:image:type\" content=\"image\/jpeg\" \/>\n<meta name=\"author\" content=\"El Informativo Tam\" \/>\n<meta name=\"twitter:card\" content=\"summary_large_image\" \/>\n<meta name=\"twitter:label1\" content=\"Escrito por\" \/>\n\t<meta name=\"twitter:data1\" content=\"El Informativo Tam\" \/>\n\t<meta name=\"twitter:label2\" content=\"Tiempo de lectura\" \/>\n\t<meta name=\"twitter:data2\" content=\"1 minuto\" \/>\n<script type=\"application\/ld+json\" class=\"yoast-schema-graph\">{\"@context\":\"https:\\\/\\\/schema.org\",\"@graph\":[{\"@type\":\"Article\",\"@id\":\"https:\\\/\\\/elinformativotam.com\\\/index.php\\\/2022\\\/05\\\/03\\\/homenaje-a-mujer-policia-altamirense-abatida-en-reynosa\\\/#article\",\"isPartOf\":{\"@id\":\"https:\\\/\\\/elinformativotam.com\\\/index.php\\\/2022\\\/05\\\/03\\\/homenaje-a-mujer-policia-altamirense-abatida-en-reynosa\\\/\"},\"author\":{\"name\":\"El Informativo Tam\",\"@id\":\"https:\\\/\\\/elinformativotam.com\\\/#\\\/schema\\\/person\\\/78e08040eed0f6110f0c5f83b6153590\"},\"headline\":\"Homenaje A Mujer Polic\u00eda Altamirense Abatida En Reynosa\",\"datePublished\":\"2022-05-03T21:53:24+00:00\",\"mainEntityOfPage\":{\"@id\":\"https:\\\/\\\/elinformativotam.com\\\/index.php\\\/2022\\\/05\\\/03\\\/homenaje-a-mujer-policia-altamirense-abatida-en-reynosa\\\/\"},\"wordCount\":230,\"commentCount\":0,\"publisher\":{\"@id\":\"https:\\\/\\\/elinformativotam.com\\\/#organization\"},\"image\":{\"@id\":\"https:\\\/\\\/elinformativotam.com\\\/index.php\\\/2022\\\/05\\\/03\\\/homenaje-a-mujer-policia-altamirense-abatida-en-reynosa\\\/#primaryimage\"},\"thumbnailUrl\":\"https:\\\/\\\/elinformativotam.com\\\/wp-content\\\/uploads\\\/2022\\\/05\\\/IMG-20220503-WA0002.jpg\",\"articleSection\":[\"Altamira\"],\"inLanguage\":\"es\",\"potentialAction\":[{\"@type\":\"CommentAction\",\"name\":\"Comment\",\"target\":[\"https:\\\/\\\/elinformativotam.com\\\/index.php\\\/2022\\\/05\\\/03\\\/homenaje-a-mujer-policia-altamirense-abatida-en-reynosa\\\/#respond\"]}]},{\"@type\":\"WebPage\",\"@id\":\"https:\\\/\\\/elinformativotam.com\\\/index.php\\\/2022\\\/05\\\/03\\\/homenaje-a-mujer-policia-altamirense-abatida-en-reynosa\\\/\",\"url\":\"https:\\\/\\\/elinformativotam.com\\\/index.php\\\/2022\\\/05\\\/03\\\/homenaje-a-mujer-policia-altamirense-abatida-en-reynosa\\\/\",\"name\":\"Homenaje A Mujer Polic\u00eda Altamirense Abatida En Reynosa - EL INFORMATIVO DE TAMAULIPAS\",\"isPartOf\":{\"@id\":\"https:\\\/\\\/elinformativotam.com\\\/#website\"},\"primaryImageOfPage\":{\"@id\":\"https:\\\/\\\/elinformativotam.com\\\/index.php\\\/2022\\\/05\\\/03\\\/homenaje-a-mujer-policia-altamirense-abatida-en-reynosa\\\/#primaryimage\"},\"image\":{\"@id\":\"https:\\\/\\\/elinformativotam.com\\\/index.php\\\/2022\\\/05\\\/03\\\/homenaje-a-mujer-policia-altamirense-abatida-en-reynosa\\\/#primaryimage\"},\"thumbnailUrl\":\"https:\\\/\\\/elinformativotam.com\\\/wp-content\\\/uploads\\\/2022\\\/05\\\/IMG-20220503-WA0002.jpg\",\"datePublished\":\"2022-05-03T21:53:24+00:00\",\"description\":\"&nbsp; ALTAMIRA, TAM.- Familiares, amigos, compa\u00f1eros y mandos dieron el \u00faltimo adi\u00f3s a Raquel Oca\u00f1a, la mujer Polic\u00eda Estatal que fue privada de la vida\",\"inLanguage\":\"es\",\"potentialAction\":[{\"@type\":\"ReadAction\",\"target\":[\"https:\\\/\\\/elinformativotam.com\\\/index.php\\\/2022\\\/05\\\/03\\\/homenaje-a-mujer-policia-altamirense-abatida-en-reynosa\\\/\"]}]},{\"@type\":\"ImageObject\",\"inLanguage\":\"es\",\"@id\":\"https:\\\/\\\/elinformativotam.com\\\/index.php\\\/2022\\\/05\\\/03\\\/homenaje-a-mujer-policia-altamirense-abatida-en-reynosa\\\/#primaryimage\",\"url\":\"https:\\\/\\\/elinformativotam.com\\\/wp-content\\\/uploads\\\/2022\\\/05\\\/IMG-20220503-WA0002.jpg\",\"contentUrl\":\"https:\\\/\\\/elinformativotam.com\\\/wp-content\\\/uploads\\\/2022\\\/05\\\/IMG-20220503-WA0002.jpg\",\"width\":1080,\"height\":993},{\"@type\":\"WebSite\",\"@id\":\"https:\\\/\\\/elinformativotam.com\\\/#website\",\"url\":\"https:\\\/\\\/elinformativotam.com\\\/\",\"name\":\"EL INFORMATIVO DE TAMAULIPAS\",\"description\":\"Desde la Zona Metropolitana Para Todo M\u00e9xico\",\"publisher\":{\"@id\":\"https:\\\/\\\/elinformativotam.com\\\/#organization\"},\"potentialAction\":[{\"@type\":\"SearchAction\",\"target\":{\"@type\":\"EntryPoint\",\"urlTemplate\":\"https:\\\/\\\/elinformativotam.com\\\/?s={search_term_string}\"},\"query-input\":{\"@type\":\"PropertyValueSpecification\",\"valueRequired\":true,\"valueName\":\"search_term_string\"}}],\"inLanguage\":\"es\"},{\"@type\":\"Organization\",\"@id\":\"https:\\\/\\\/elinformativotam.com\\\/#organization\",\"name\":\"EL INFORMATIVO DE TAMAULIPAS\",\"url\":\"https:\\\/\\\/elinformativotam.com\\\/\",\"logo\":{\"@type\":\"ImageObject\",\"inLanguage\":\"es\",\"@id\":\"https:\\\/\\\/elinformativotam.com\\\/#\\\/schema\\\/logo\\\/image\\\/\",\"url\":\"https:\\\/\\\/elinformativotam.com\\\/wp-content\\\/uploads\\\/2026\\\/02\\\/Cabezal.png\",\"contentUrl\":\"https:\\\/\\\/elinformativotam.com\\\/wp-content\\\/uploads\\\/2026\\\/02\\\/Cabezal.png\",\"width\":960,\"height\":640,\"caption\":\"EL INFORMATIVO DE TAMAULIPAS\"},\"image\":{\"@id\":\"https:\\\/\\\/elinformativotam.com\\\/#\\\/schema\\\/logo\\\/image\\\/\"}},{\"@type\":\"Person\",\"@id\":\"https:\\\/\\\/elinformativotam.com\\\/#\\\/schema\\\/person\\\/78e08040eed0f6110f0c5f83b6153590\",\"name\":\"El Informativo Tam\",\"image\":{\"@type\":\"ImageObject\",\"inLanguage\":\"es\",\"@id\":\"https:\\\/\\\/secure.gravatar.com\\\/avatar\\\/f3b7ad3af540688955925ac610647be00b0cf41feea9c4978b73a707ee86bc53?s=96&d=mm&r=g\",\"url\":\"https:\\\/\\\/secure.gravatar.com\\\/avatar\\\/f3b7ad3af540688955925ac610647be00b0cf41feea9c4978b73a707ee86bc53?s=96&d=mm&r=g\",\"contentUrl\":\"https:\\\/\\\/secure.gravatar.com\\\/avatar\\\/f3b7ad3af540688955925ac610647be00b0cf41feea9c4978b73a707ee86bc53?s=96&d=mm&r=g\",\"caption\":\"El Informativo Tam\"}}]}<\/script>\n<!-- \/ Yoast SEO plugin. -->","yoast_head_json":{"title":"Homenaje A Mujer Polic\u00eda Altamirense Abatida En Reynosa - EL INFORMATIVO DE TAMAULIPAS","description":"&nbsp; ALTAMIRA, TAM.- Familiares, amigos, compa\u00f1eros y mandos dieron el \u00faltimo adi\u00f3s a Raquel Oca\u00f1a, la mujer Polic\u00eda Estatal que fue privada de la vida","robots":{"index":"index","follow":"follow","max-snippet":"max-snippet:-1","max-image-preview":"max-image-preview:large","max-video-preview":"max-video-preview:-1"},"canonical":"https:\/\/elinformativotam.com\/index.php\/2022\/05\/03\/homenaje-a-mujer-policia-altamirense-abatida-en-reynosa\/","og_locale":"es_MX","og_type":"article","og_title":"Homenaje A Mujer Polic\u00eda Altamirense Abatida En Reynosa - EL INFORMATIVO DE TAMAULIPAS","og_description":"&nbsp; ALTAMIRA, TAM.- Familiares, amigos, compa\u00f1eros y mandos dieron el \u00faltimo adi\u00f3s a Raquel Oca\u00f1a, la mujer Polic\u00eda Estatal que fue privada de la vida","og_url":"https:\/\/elinformativotam.com\/index.php\/2022\/05\/03\/homenaje-a-mujer-policia-altamirense-abatida-en-reynosa\/","og_site_name":"EL INFORMATIVO DE TAMAULIPAS","article_published_time":"2022-05-03T21:53:24+00:00","og_image":[{"width":1080,"height":993,"url":"https:\/\/elinformativotam.com\/wp-content\/uploads\/2022\/05\/IMG-20220503-WA0002.jpg","type":"image\/jpeg"}],"author":"El Informativo Tam","twitter_card":"summary_large_image","twitter_misc":{"Escrito por":"El Informativo Tam","Tiempo de lectura":"1 minuto"},"schema":{"@context":"https:\/\/schema.org","@graph":[{"@type":"Article","@id":"https:\/\/elinformativotam.com\/index.php\/2022\/05\/03\/homenaje-a-mujer-policia-altamirense-abatida-en-reynosa\/#article","isPartOf":{"@id":"https:\/\/elinformativotam.com\/index.php\/2022\/05\/03\/homenaje-a-mujer-policia-altamirense-abatida-en-reynosa\/"},"author":{"name":"El Informativo Tam","@id":"https:\/\/elinformativotam.com\/#\/schema\/person\/78e08040eed0f6110f0c5f83b6153590"},"headline":"Homenaje A Mujer Polic\u00eda Altamirense Abatida En Reynosa","datePublished":"2022-05-03T21:53:24+00:00","mainEntityOfPage":{"@id":"https:\/\/elinformativotam.com\/index.php\/2022\/05\/03\/homenaje-a-mujer-policia-altamirense-abatida-en-reynosa\/"},"wordCount":230,"commentCount":0,"publisher":{"@id":"https:\/\/elinformativotam.com\/#organization"},"image":{"@id":"https:\/\/elinformativotam.com\/index.php\/2022\/05\/03\/homenaje-a-mujer-policia-altamirense-abatida-en-reynosa\/#primaryimage"},"thumbnailUrl":"https:\/\/elinformativotam.com\/wp-content\/uploads\/2022\/05\/IMG-20220503-WA0002.jpg","articleSection":["Altamira"],"inLanguage":"es","potentialAction":[{"@type":"CommentAction","name":"Comment","target":["https:\/\/elinformativotam.com\/index.php\/2022\/05\/03\/homenaje-a-mujer-policia-altamirense-abatida-en-reynosa\/#respond"]}]},{"@type":"WebPage","@id":"https:\/\/elinformativotam.com\/index.php\/2022\/05\/03\/homenaje-a-mujer-policia-altamirense-abatida-en-reynosa\/","url":"https:\/\/elinformativotam.com\/index.php\/2022\/05\/03\/homenaje-a-mujer-policia-altamirense-abatida-en-reynosa\/","name":"Homenaje A Mujer Polic\u00eda Altamirense Abatida En Reynosa - EL INFORMATIVO DE TAMAULIPAS","isPartOf":{"@id":"https:\/\/elinformativotam.com\/#website"},"primaryImageOfPage":{"@id":"https:\/\/elinformativotam.com\/index.php\/2022\/05\/03\/homenaje-a-mujer-policia-altamirense-abatida-en-reynosa\/#primaryimage"},"image":{"@id":"https:\/\/elinformativotam.com\/index.php\/2022\/05\/03\/homenaje-a-mujer-policia-altamirense-abatida-en-reynosa\/#primaryimage"},"thumbnailUrl":"https:\/\/elinformativotam.com\/wp-content\/uploads\/2022\/05\/IMG-20220503-WA0002.jpg","datePublished":"2022-05-03T21:53:24+00:00","description":"&nbsp; ALTAMIRA, TAM.- Familiares, amigos, compa\u00f1eros y mandos dieron el \u00faltimo adi\u00f3s a Raquel Oca\u00f1a, la mujer Polic\u00eda Estatal que fue privada de la vida","inLanguage":"es","potentialAction":[{"@type":"ReadAction","target":["https:\/\/elinformativotam.com\/index.php\/2022\/05\/03\/homenaje-a-mujer-policia-altamirense-abatida-en-reynosa\/"]}]},{"@type":"ImageObject","inLanguage":"es","@id":"https:\/\/elinformativotam.com\/index.php\/2022\/05\/03\/homenaje-a-mujer-policia-altamirense-abatida-en-reynosa\/#primaryimage","url":"https:\/\/elinformativotam.com\/wp-content\/uploads\/2022\/05\/IMG-20220503-WA0002.jpg","contentUrl":"https:\/\/elinformativotam.com\/wp-content\/uploads\/2022\/05\/IMG-20220503-WA0002.jpg","width":1080,"height":993},{"@type":"WebSite","@id":"https:\/\/elinformativotam.com\/#website","url":"https:\/\/elinformativotam.com\/","name":"EL INFORMATIVO DE TAMAULIPAS","description":"Desde la Zona Metropolitana Para Todo M\u00e9xico","publisher":{"@id":"https:\/\/elinformativotam.com\/#organization"},"potentialAction":[{"@type":"SearchAction","target":{"@type":"EntryPoint","urlTemplate":"https:\/\/elinformativotam.com\/?s={search_term_string}"},"query-input":{"@type":"PropertyValueSpecification","valueRequired":true,"valueName":"search_term_string"}}],"inLanguage":"es"},{"@type":"Organization","@id":"https:\/\/elinformativotam.com\/#organization","name":"EL INFORMATIVO DE TAMAULIPAS","url":"https:\/\/elinformativotam.com\/","logo":{"@type":"ImageObject","inLanguage":"es","@id":"https:\/\/elinformativotam.com\/#\/schema\/logo\/image\/","url":"https:\/\/elinformativotam.com\/wp-content\/uploads\/2026\/02\/Cabezal.png","contentUrl":"https:\/\/elinformativotam.com\/wp-content\/uploads\/2026\/02\/Cabezal.png","width":960,"height":640,"caption":"EL INFORMATIVO DE TAMAULIPAS"},"image":{"@id":"https:\/\/elinformativotam.com\/#\/schema\/logo\/image\/"}},{"@type":"Person","@id":"https:\/\/elinformativotam.com\/#\/schema\/person\/78e08040eed0f6110f0c5f83b6153590","name":"El Informativo Tam","image":{"@type":"ImageObject","inLanguage":"es","@id":"https:\/\/secure.gravatar.com\/avatar\/f3b7ad3af540688955925ac610647be00b0cf41feea9c4978b73a707ee86bc53?s=96&d=mm&r=g","url":"https:\/\/secure.gravatar.com\/avatar\/f3b7ad3af540688955925ac610647be00b0cf41feea9c4978b73a707ee86bc53?s=96&d=mm&r=g","contentUrl":"https:\/\/secure.gravatar.com\/avatar\/f3b7ad3af540688955925ac610647be00b0cf41feea9c4978b73a707ee86bc53?s=96&d=mm&r=g","caption":"El Informativo Tam"}}]}},"_links":{"self":[{"href":"https:\/\/elinformativotam.com\/index.php\/wp-json\/wp\/v2\/posts\/30537","targetHints":{"allow":["GET"]}}],"collection":[{"href":"https:\/\/elinformativotam.com\/index.php\/wp-json\/wp\/v2\/posts"}],"about":[{"href":"https:\/\/elinformativotam.com\/index.php\/wp-json\/wp\/v2\/types\/post"}],"author":[{"embeddable":true,"href":"https:\/\/elinformativotam.com\/index.php\/wp-json\/wp\/v2\/users\/1"}],"replies":[{"embeddable":true,"href":"https:\/\/elinformativotam.com\/index.php\/wp-json\/wp\/v2\/comments?post=30537"}],"version-history":[{"count":1,"href":"https:\/\/elinformativotam.com\/index.php\/wp-json\/wp\/v2\/posts\/30537\/revisions"}],"predecessor-version":[{"id":30539,"href":"https:\/\/elinformativotam.com\/index.php\/wp-json\/wp\/v2\/posts\/30537\/revisions\/30539"}],"wp:featuredmedia":[{"embeddable":true,"href":"https:\/\/elinformativotam.com\/index.php\/wp-json\/wp\/v2\/media\/30538"}],"wp:attachment":[{"href":"https:\/\/elinformativotam.com\/index.php\/wp-json\/wp\/v2\/media?parent=30537"}],"wp:term":[{"taxonomy":"category","embeddable":true,"href":"https:\/\/elinformativotam.com\/index.php\/wp-json\/wp\/v2\/categories?post=30537"},{"taxonomy":"post_tag","embeddable":true,"href":"https:\/\/elinformativotam.com\/index.php\/wp-json\/wp\/v2\/tags?post=30537"}],"curies":[{"name":"wp","href":"https:\/\/api.w.org\/{rel}","templated":true}]}}