{"id":30522,"date":"2022-05-02T20:12:24","date_gmt":"2022-05-03T02:12:24","guid":{"rendered":"https:\/\/elinformativotam.com\/?p=30522"},"modified":"2022-05-02T20:12:24","modified_gmt":"2022-05-03T02:12:24","slug":"se-compromete-truko-con-artistas-tamaulipecos","status":"publish","type":"post","link":"https:\/\/elinformativotam.com\/index.php\/2022\/05\/02\/se-compromete-truko-con-artistas-tamaulipecos\/","title":{"rendered":"SE COMPROMETE TRUKO CON ARTISTAS TAMAULIPECOS"},"content":{"rendered":"<p><em>\u00a0<\/em><\/p>\n<h2 style=\"text-align: center;\"><em>*Construir\u00e1 Un Estado Seguro Para El Desarrollo De Las Bellas Artes<\/em><\/h2>\n<p><em>\u00a0<\/em><\/p>\n<p><em>\u00a0<\/em><\/p>\n<p><em>Ciudad Victoria, Tam. \u2013 Al reunirse con la comunidad art\u00edstica de Tamaulipas, C\u00e9sar Truko Ver\u00e1stegui, candidato a la gubernatura por \u201cVa por Tamaulipas\u201d, se comprometi\u00f3 a construir un estado seguro para el desarrollo de todas las expresiones de las bellas artes.<\/em><\/p>\n<p><em>\u00a0<\/em><\/p>\n<p><em>\u00a0<\/em><\/p>\n<p><em>Cabe destacar que, durante el encuentro, Ver\u00e1stegui Ostos, fue recibido con un despliegue cultural digno del talento tamaulipeco en el que participaron m\u00fasicos, bailarines, actores, artistas pl\u00e1sticos, visuales, circenses, escritores, poetas, artesanos, fot\u00f3grafos, cineastas, productores, promotores y gestores culturales, entre muchos otros.<\/em><\/p>\n<p><em>\u00a0<\/em><\/p>\n<p><em>\u00a0<\/em><\/p>\n<p><em>En este sentido, Truko hizo el compromiso de devolverle a este rengl\u00f3n la importancia que se merece \u201choy que tengo la oportunidad de ser el candidato de la alianza Va por Tamaulipas, quiero hacer un compromiso con ustedes, llevar la funci\u00f3n p\u00fablica paralelamente con el desarrollo de la cultura y las artes\u201d.<\/em><\/p>\n<p><em>\u00a0<\/em><\/p>\n<p><em>\u00a0<\/em><\/p>\n<p><em>En el evento al que asistieron como invitados de honor el Candidato y su esposa, la se\u00f1ora Mercedes Aranda de Ver\u00e1stegui, fue el escenario para presentar en voz de los artistas, los deseos de regresar la grandeza del arte tamaulipeco, como el Festival Internacional Tamaulipeco.<\/em><\/p>\n<p><em>\u00a0<\/em><\/p>\n<p><em>\u00a0<\/em><\/p>\n<p><em>En su mensaje, C\u00e9sar Ver\u00e1stegui Ostos, invit\u00f3 a la comunidad art\u00edstica a sumarse a su proyecto y a luchar para obtener el triunfo el pr\u00f3ximo 5 de junio para poder concretar todos los proyectos que reclaman los tamaulipecos desde sus diferentes trincheras.<\/em><\/p>\n<p><em>\u00a0<\/em><\/p>\n<p><em>\u00a0<\/em><\/p>\n<p><em>A nombre de los presentes, la maestra Wendy Arlette Vel\u00e1zquez Garc\u00eda le present\u00f3 al Truko lo importante que es la cultura y el arte para mejorar todos los aspectos sociales y de desarrollo de Tamaulipas y dijo; \u201cqueremos pedirle que, en su gobierno, considere el arte como una estrategia articulada, transversal e inteligente para todos los rubros\u201d.<\/em><\/p>\n","protected":false},"excerpt":{"rendered":"<p>\u00a0 *Construir\u00e1 Un Estado Seguro Para El Desarrollo De Las Bellas Artes \u00a0 \u00a0 Ciudad Victoria, Tam. \u2013 Al reunirse&hellip;<\/p>\n","protected":false},"author":1,"featured_media":30523,"comment_status":"open","ping_status":"open","sticky":false,"template":"","format":"standard","meta":{"footnotes":""},"categories":[6],"tags":[],"class_list":["post-30522","post","type-post","status-publish","format-standard","has-post-thumbnail","hentry","category-tamaulipas"],"yoast_head":"<!-- This site is optimized with the Yoast SEO plugin v27.4 - https:\/\/yoast.com\/product\/yoast-seo-wordpress\/ -->\n<title>SE COMPROMETE TRUKO CON ARTISTAS TAMAULIPECOS - EL INFORMATIVO DE TAMAULIPAS<\/title>\n<meta name=\"description\" content=\"\u00a0 *Construir\u00e1 Un Estado Seguro Para El Desarrollo De Las Bellas Artes \u00a0 \u00a0 Ciudad Victoria, Tam. \u2013 Al reunirse con la comunidad art\u00edstica de Tamaulipas,\" \/>\n<meta name=\"robots\" content=\"index, follow, max-snippet:-1, max-image-preview:large, max-video-preview:-1\" \/>\n<link rel=\"canonical\" href=\"https:\/\/elinformativotam.com\/index.php\/2022\/05\/02\/se-compromete-truko-con-artistas-tamaulipecos\/\" \/>\n<meta property=\"og:locale\" content=\"es_MX\" \/>\n<meta property=\"og:type\" content=\"article\" \/>\n<meta property=\"og:title\" content=\"SE COMPROMETE TRUKO CON ARTISTAS TAMAULIPECOS - EL INFORMATIVO DE TAMAULIPAS\" \/>\n<meta property=\"og:description\" content=\"\u00a0 *Construir\u00e1 Un Estado Seguro Para El Desarrollo De Las Bellas Artes \u00a0 \u00a0 Ciudad Victoria, Tam. \u2013 Al reunirse con la comunidad art\u00edstica de Tamaulipas,\" \/>\n<meta property=\"og:url\" content=\"https:\/\/elinformativotam.com\/index.php\/2022\/05\/02\/se-compromete-truko-con-artistas-tamaulipecos\/\" \/>\n<meta property=\"og:site_name\" content=\"EL INFORMATIVO DE TAMAULIPAS\" \/>\n<meta property=\"article:published_time\" content=\"2022-05-03T02:12:24+00:00\" \/>\n<meta property=\"og:image\" content=\"https:\/\/elinformativotam.com\/wp-content\/uploads\/2022\/05\/Truko.jpg\" \/>\n\t<meta property=\"og:image:width\" content=\"1024\" \/>\n\t<meta property=\"og:image:height\" content=\"683\" \/>\n\t<meta property=\"og:image:type\" content=\"image\/jpeg\" \/>\n<meta name=\"author\" content=\"El Informativo Tam\" \/>\n<meta name=\"twitter:card\" content=\"summary_large_image\" \/>\n<meta name=\"twitter:label1\" content=\"Escrito por\" \/>\n\t<meta name=\"twitter:data1\" content=\"El Informativo Tam\" \/>\n\t<meta name=\"twitter:label2\" content=\"Tiempo de lectura\" \/>\n\t<meta name=\"twitter:data2\" content=\"2 minutos\" \/>\n<script type=\"application\/ld+json\" class=\"yoast-schema-graph\">{\"@context\":\"https:\\\/\\\/schema.org\",\"@graph\":[{\"@type\":\"Article\",\"@id\":\"https:\\\/\\\/elinformativotam.com\\\/index.php\\\/2022\\\/05\\\/02\\\/se-compromete-truko-con-artistas-tamaulipecos\\\/#article\",\"isPartOf\":{\"@id\":\"https:\\\/\\\/elinformativotam.com\\\/index.php\\\/2022\\\/05\\\/02\\\/se-compromete-truko-con-artistas-tamaulipecos\\\/\"},\"author\":{\"name\":\"El Informativo Tam\",\"@id\":\"https:\\\/\\\/elinformativotam.com\\\/#\\\/schema\\\/person\\\/78e08040eed0f6110f0c5f83b6153590\"},\"headline\":\"SE COMPROMETE TRUKO CON ARTISTAS TAMAULIPECOS\",\"datePublished\":\"2022-05-03T02:12:24+00:00\",\"mainEntityOfPage\":{\"@id\":\"https:\\\/\\\/elinformativotam.com\\\/index.php\\\/2022\\\/05\\\/02\\\/se-compromete-truko-con-artistas-tamaulipecos\\\/\"},\"wordCount\":312,\"commentCount\":0,\"publisher\":{\"@id\":\"https:\\\/\\\/elinformativotam.com\\\/#organization\"},\"image\":{\"@id\":\"https:\\\/\\\/elinformativotam.com\\\/index.php\\\/2022\\\/05\\\/02\\\/se-compromete-truko-con-artistas-tamaulipecos\\\/#primaryimage\"},\"thumbnailUrl\":\"https:\\\/\\\/elinformativotam.com\\\/wp-content\\\/uploads\\\/2022\\\/05\\\/Truko.jpg\",\"articleSection\":[\"Tamaulipas\"],\"inLanguage\":\"es\",\"potentialAction\":[{\"@type\":\"CommentAction\",\"name\":\"Comment\",\"target\":[\"https:\\\/\\\/elinformativotam.com\\\/index.php\\\/2022\\\/05\\\/02\\\/se-compromete-truko-con-artistas-tamaulipecos\\\/#respond\"]}]},{\"@type\":\"WebPage\",\"@id\":\"https:\\\/\\\/elinformativotam.com\\\/index.php\\\/2022\\\/05\\\/02\\\/se-compromete-truko-con-artistas-tamaulipecos\\\/\",\"url\":\"https:\\\/\\\/elinformativotam.com\\\/index.php\\\/2022\\\/05\\\/02\\\/se-compromete-truko-con-artistas-tamaulipecos\\\/\",\"name\":\"SE COMPROMETE TRUKO CON ARTISTAS TAMAULIPECOS - EL INFORMATIVO DE TAMAULIPAS\",\"isPartOf\":{\"@id\":\"https:\\\/\\\/elinformativotam.com\\\/#website\"},\"primaryImageOfPage\":{\"@id\":\"https:\\\/\\\/elinformativotam.com\\\/index.php\\\/2022\\\/05\\\/02\\\/se-compromete-truko-con-artistas-tamaulipecos\\\/#primaryimage\"},\"image\":{\"@id\":\"https:\\\/\\\/elinformativotam.com\\\/index.php\\\/2022\\\/05\\\/02\\\/se-compromete-truko-con-artistas-tamaulipecos\\\/#primaryimage\"},\"thumbnailUrl\":\"https:\\\/\\\/elinformativotam.com\\\/wp-content\\\/uploads\\\/2022\\\/05\\\/Truko.jpg\",\"datePublished\":\"2022-05-03T02:12:24+00:00\",\"description\":\"\u00a0 *Construir\u00e1 Un Estado Seguro Para El Desarrollo De Las Bellas Artes \u00a0 \u00a0 Ciudad Victoria, Tam. \u2013 Al reunirse con la comunidad art\u00edstica de Tamaulipas,\",\"inLanguage\":\"es\",\"potentialAction\":[{\"@type\":\"ReadAction\",\"target\":[\"https:\\\/\\\/elinformativotam.com\\\/index.php\\\/2022\\\/05\\\/02\\\/se-compromete-truko-con-artistas-tamaulipecos\\\/\"]}]},{\"@type\":\"ImageObject\",\"inLanguage\":\"es\",\"@id\":\"https:\\\/\\\/elinformativotam.com\\\/index.php\\\/2022\\\/05\\\/02\\\/se-compromete-truko-con-artistas-tamaulipecos\\\/#primaryimage\",\"url\":\"https:\\\/\\\/elinformativotam.com\\\/wp-content\\\/uploads\\\/2022\\\/05\\\/Truko.jpg\",\"contentUrl\":\"https:\\\/\\\/elinformativotam.com\\\/wp-content\\\/uploads\\\/2022\\\/05\\\/Truko.jpg\",\"width\":1024,\"height\":683},{\"@type\":\"WebSite\",\"@id\":\"https:\\\/\\\/elinformativotam.com\\\/#website\",\"url\":\"https:\\\/\\\/elinformativotam.com\\\/\",\"name\":\"EL INFORMATIVO DE TAMAULIPAS\",\"description\":\"Desde la Zona Metropolitana Para Todo M\u00e9xico\",\"publisher\":{\"@id\":\"https:\\\/\\\/elinformativotam.com\\\/#organization\"},\"potentialAction\":[{\"@type\":\"SearchAction\",\"target\":{\"@type\":\"EntryPoint\",\"urlTemplate\":\"https:\\\/\\\/elinformativotam.com\\\/?s={search_term_string}\"},\"query-input\":{\"@type\":\"PropertyValueSpecification\",\"valueRequired\":true,\"valueName\":\"search_term_string\"}}],\"inLanguage\":\"es\"},{\"@type\":\"Organization\",\"@id\":\"https:\\\/\\\/elinformativotam.com\\\/#organization\",\"name\":\"EL INFORMATIVO DE TAMAULIPAS\",\"url\":\"https:\\\/\\\/elinformativotam.com\\\/\",\"logo\":{\"@type\":\"ImageObject\",\"inLanguage\":\"es\",\"@id\":\"https:\\\/\\\/elinformativotam.com\\\/#\\\/schema\\\/logo\\\/image\\\/\",\"url\":\"https:\\\/\\\/elinformativotam.com\\\/wp-content\\\/uploads\\\/2026\\\/02\\\/Cabezal.png\",\"contentUrl\":\"https:\\\/\\\/elinformativotam.com\\\/wp-content\\\/uploads\\\/2026\\\/02\\\/Cabezal.png\",\"width\":960,\"height\":640,\"caption\":\"EL INFORMATIVO DE TAMAULIPAS\"},\"image\":{\"@id\":\"https:\\\/\\\/elinformativotam.com\\\/#\\\/schema\\\/logo\\\/image\\\/\"}},{\"@type\":\"Person\",\"@id\":\"https:\\\/\\\/elinformativotam.com\\\/#\\\/schema\\\/person\\\/78e08040eed0f6110f0c5f83b6153590\",\"name\":\"El Informativo Tam\",\"image\":{\"@type\":\"ImageObject\",\"inLanguage\":\"es\",\"@id\":\"https:\\\/\\\/secure.gravatar.com\\\/avatar\\\/f3b7ad3af540688955925ac610647be00b0cf41feea9c4978b73a707ee86bc53?s=96&d=mm&r=g\",\"url\":\"https:\\\/\\\/secure.gravatar.com\\\/avatar\\\/f3b7ad3af540688955925ac610647be00b0cf41feea9c4978b73a707ee86bc53?s=96&d=mm&r=g\",\"contentUrl\":\"https:\\\/\\\/secure.gravatar.com\\\/avatar\\\/f3b7ad3af540688955925ac610647be00b0cf41feea9c4978b73a707ee86bc53?s=96&d=mm&r=g\",\"caption\":\"El Informativo Tam\"}}]}<\/script>\n<!-- \/ Yoast SEO plugin. -->","yoast_head_json":{"title":"SE COMPROMETE TRUKO CON ARTISTAS TAMAULIPECOS - EL INFORMATIVO DE TAMAULIPAS","description":"\u00a0 *Construir\u00e1 Un Estado Seguro Para El Desarrollo De Las Bellas Artes \u00a0 \u00a0 Ciudad Victoria, Tam. \u2013 Al reunirse con la comunidad art\u00edstica de Tamaulipas,","robots":{"index":"index","follow":"follow","max-snippet":"max-snippet:-1","max-image-preview":"max-image-preview:large","max-video-preview":"max-video-preview:-1"},"canonical":"https:\/\/elinformativotam.com\/index.php\/2022\/05\/02\/se-compromete-truko-con-artistas-tamaulipecos\/","og_locale":"es_MX","og_type":"article","og_title":"SE COMPROMETE TRUKO CON ARTISTAS TAMAULIPECOS - EL INFORMATIVO DE TAMAULIPAS","og_description":"\u00a0 *Construir\u00e1 Un Estado Seguro Para El Desarrollo De Las Bellas Artes \u00a0 \u00a0 Ciudad Victoria, Tam. \u2013 Al reunirse con la comunidad art\u00edstica de Tamaulipas,","og_url":"https:\/\/elinformativotam.com\/index.php\/2022\/05\/02\/se-compromete-truko-con-artistas-tamaulipecos\/","og_site_name":"EL INFORMATIVO DE TAMAULIPAS","article_published_time":"2022-05-03T02:12:24+00:00","og_image":[{"width":1024,"height":683,"url":"https:\/\/elinformativotam.com\/wp-content\/uploads\/2022\/05\/Truko.jpg","type":"image\/jpeg"}],"author":"El Informativo Tam","twitter_card":"summary_large_image","twitter_misc":{"Escrito por":"El Informativo Tam","Tiempo de lectura":"2 minutos"},"schema":{"@context":"https:\/\/schema.org","@graph":[{"@type":"Article","@id":"https:\/\/elinformativotam.com\/index.php\/2022\/05\/02\/se-compromete-truko-con-artistas-tamaulipecos\/#article","isPartOf":{"@id":"https:\/\/elinformativotam.com\/index.php\/2022\/05\/02\/se-compromete-truko-con-artistas-tamaulipecos\/"},"author":{"name":"El Informativo Tam","@id":"https:\/\/elinformativotam.com\/#\/schema\/person\/78e08040eed0f6110f0c5f83b6153590"},"headline":"SE COMPROMETE TRUKO CON ARTISTAS TAMAULIPECOS","datePublished":"2022-05-03T02:12:24+00:00","mainEntityOfPage":{"@id":"https:\/\/elinformativotam.com\/index.php\/2022\/05\/02\/se-compromete-truko-con-artistas-tamaulipecos\/"},"wordCount":312,"commentCount":0,"publisher":{"@id":"https:\/\/elinformativotam.com\/#organization"},"image":{"@id":"https:\/\/elinformativotam.com\/index.php\/2022\/05\/02\/se-compromete-truko-con-artistas-tamaulipecos\/#primaryimage"},"thumbnailUrl":"https:\/\/elinformativotam.com\/wp-content\/uploads\/2022\/05\/Truko.jpg","articleSection":["Tamaulipas"],"inLanguage":"es","potentialAction":[{"@type":"CommentAction","name":"Comment","target":["https:\/\/elinformativotam.com\/index.php\/2022\/05\/02\/se-compromete-truko-con-artistas-tamaulipecos\/#respond"]}]},{"@type":"WebPage","@id":"https:\/\/elinformativotam.com\/index.php\/2022\/05\/02\/se-compromete-truko-con-artistas-tamaulipecos\/","url":"https:\/\/elinformativotam.com\/index.php\/2022\/05\/02\/se-compromete-truko-con-artistas-tamaulipecos\/","name":"SE COMPROMETE TRUKO CON ARTISTAS TAMAULIPECOS - EL INFORMATIVO DE TAMAULIPAS","isPartOf":{"@id":"https:\/\/elinformativotam.com\/#website"},"primaryImageOfPage":{"@id":"https:\/\/elinformativotam.com\/index.php\/2022\/05\/02\/se-compromete-truko-con-artistas-tamaulipecos\/#primaryimage"},"image":{"@id":"https:\/\/elinformativotam.com\/index.php\/2022\/05\/02\/se-compromete-truko-con-artistas-tamaulipecos\/#primaryimage"},"thumbnailUrl":"https:\/\/elinformativotam.com\/wp-content\/uploads\/2022\/05\/Truko.jpg","datePublished":"2022-05-03T02:12:24+00:00","description":"\u00a0 *Construir\u00e1 Un Estado Seguro Para El Desarrollo De Las Bellas Artes \u00a0 \u00a0 Ciudad Victoria, Tam. \u2013 Al reunirse con la comunidad art\u00edstica de Tamaulipas,","inLanguage":"es","potentialAction":[{"@type":"ReadAction","target":["https:\/\/elinformativotam.com\/index.php\/2022\/05\/02\/se-compromete-truko-con-artistas-tamaulipecos\/"]}]},{"@type":"ImageObject","inLanguage":"es","@id":"https:\/\/elinformativotam.com\/index.php\/2022\/05\/02\/se-compromete-truko-con-artistas-tamaulipecos\/#primaryimage","url":"https:\/\/elinformativotam.com\/wp-content\/uploads\/2022\/05\/Truko.jpg","contentUrl":"https:\/\/elinformativotam.com\/wp-content\/uploads\/2022\/05\/Truko.jpg","width":1024,"height":683},{"@type":"WebSite","@id":"https:\/\/elinformativotam.com\/#website","url":"https:\/\/elinformativotam.com\/","name":"EL INFORMATIVO DE TAMAULIPAS","description":"Desde la Zona Metropolitana Para Todo M\u00e9xico","publisher":{"@id":"https:\/\/elinformativotam.com\/#organization"},"potentialAction":[{"@type":"SearchAction","target":{"@type":"EntryPoint","urlTemplate":"https:\/\/elinformativotam.com\/?s={search_term_string}"},"query-input":{"@type":"PropertyValueSpecification","valueRequired":true,"valueName":"search_term_string"}}],"inLanguage":"es"},{"@type":"Organization","@id":"https:\/\/elinformativotam.com\/#organization","name":"EL INFORMATIVO DE TAMAULIPAS","url":"https:\/\/elinformativotam.com\/","logo":{"@type":"ImageObject","inLanguage":"es","@id":"https:\/\/elinformativotam.com\/#\/schema\/logo\/image\/","url":"https:\/\/elinformativotam.com\/wp-content\/uploads\/2026\/02\/Cabezal.png","contentUrl":"https:\/\/elinformativotam.com\/wp-content\/uploads\/2026\/02\/Cabezal.png","width":960,"height":640,"caption":"EL INFORMATIVO DE TAMAULIPAS"},"image":{"@id":"https:\/\/elinformativotam.com\/#\/schema\/logo\/image\/"}},{"@type":"Person","@id":"https:\/\/elinformativotam.com\/#\/schema\/person\/78e08040eed0f6110f0c5f83b6153590","name":"El Informativo Tam","image":{"@type":"ImageObject","inLanguage":"es","@id":"https:\/\/secure.gravatar.com\/avatar\/f3b7ad3af540688955925ac610647be00b0cf41feea9c4978b73a707ee86bc53?s=96&d=mm&r=g","url":"https:\/\/secure.gravatar.com\/avatar\/f3b7ad3af540688955925ac610647be00b0cf41feea9c4978b73a707ee86bc53?s=96&d=mm&r=g","contentUrl":"https:\/\/secure.gravatar.com\/avatar\/f3b7ad3af540688955925ac610647be00b0cf41feea9c4978b73a707ee86bc53?s=96&d=mm&r=g","caption":"El Informativo Tam"}}]}},"_links":{"self":[{"href":"https:\/\/elinformativotam.com\/index.php\/wp-json\/wp\/v2\/posts\/30522","targetHints":{"allow":["GET"]}}],"collection":[{"href":"https:\/\/elinformativotam.com\/index.php\/wp-json\/wp\/v2\/posts"}],"about":[{"href":"https:\/\/elinformativotam.com\/index.php\/wp-json\/wp\/v2\/types\/post"}],"author":[{"embeddable":true,"href":"https:\/\/elinformativotam.com\/index.php\/wp-json\/wp\/v2\/users\/1"}],"replies":[{"embeddable":true,"href":"https:\/\/elinformativotam.com\/index.php\/wp-json\/wp\/v2\/comments?post=30522"}],"version-history":[{"count":1,"href":"https:\/\/elinformativotam.com\/index.php\/wp-json\/wp\/v2\/posts\/30522\/revisions"}],"predecessor-version":[{"id":30524,"href":"https:\/\/elinformativotam.com\/index.php\/wp-json\/wp\/v2\/posts\/30522\/revisions\/30524"}],"wp:featuredmedia":[{"embeddable":true,"href":"https:\/\/elinformativotam.com\/index.php\/wp-json\/wp\/v2\/media\/30523"}],"wp:attachment":[{"href":"https:\/\/elinformativotam.com\/index.php\/wp-json\/wp\/v2\/media?parent=30522"}],"wp:term":[{"taxonomy":"category","embeddable":true,"href":"https:\/\/elinformativotam.com\/index.php\/wp-json\/wp\/v2\/categories?post=30522"},{"taxonomy":"post_tag","embeddable":true,"href":"https:\/\/elinformativotam.com\/index.php\/wp-json\/wp\/v2\/tags?post=30522"}],"curies":[{"name":"wp","href":"https:\/\/api.w.org\/{rel}","templated":true}]}}