{"id":30511,"date":"2022-05-02T16:56:53","date_gmt":"2022-05-02T22:56:53","guid":{"rendered":"https:\/\/elinformativotam.com\/?p=30511"},"modified":"2022-05-02T16:56:53","modified_gmt":"2022-05-02T22:56:53","slug":"entrega-de-la-medalla-al-merito-ciudadano-jose-de-escandon-y-helguera","status":"publish","type":"post","link":"https:\/\/elinformativotam.com\/index.php\/2022\/05\/02\/entrega-de-la-medalla-al-merito-ciudadano-jose-de-escandon-y-helguera\/","title":{"rendered":"ENTREGA DE LA MEDALLA AL M\u00c9RITO CIUDADANO \u201cJOS\u00c9 DE ESCAND\u00d3N Y HELGUERA\u201d"},"content":{"rendered":"<p><em>En el marco de las celebraciones por el 273 aniversario de la fundaci\u00f3n de la ciudad y puerto de Altamira, se llev\u00f3 a cabo la sexta sesi\u00f3n extraordinaria de Cabildo con car\u00e1cter de solemne, acto en el que entre los puntos del orden del d\u00eda, fue entregada la medalla al m\u00e9rito ciudadano \u201cJos\u00e9 de Escand\u00f3n y Helguera\u201d.<\/em><\/p>\n<p><em>\u00a0<\/em><\/p>\n<p><em>Esta presea, misma que es el m\u00e1ximo reconocimiento que el gobierno municipal le brinda a ciudadanos ilustres una vez al a\u00f1o, fue otorgada al Don Armando Mart\u00ednez Saucedo, ex presidente municipal de Altamira en el periodo 1975 \u2013 1977 y quien desde muy corta edad, trabaj\u00f3 y luch\u00f3 por hacer de Altamira un mejor lugar para sus habitantes. <\/em><\/p>\n<p><em>\u00a0<\/em><\/p>\n<p><em>Previo a la entrega de dicha medalla, se dio lectura de la semblanza del condecorado, exponiendo que entre sus obras y acciones, se destac\u00f3 la importante donaci\u00f3n del terreno donde actualmente se educan cientos de estudiantes en el CBTIS 105; se realiz\u00f3 la ampliaci\u00f3n del terreno de la presidencia municipal de Altamira hasta la calle Hidalgo; la fundaci\u00f3n de dos instituciones educativas; as\u00ed como la categorizaci\u00f3n a rango de ciudad del municipio en aquel entonces.<\/em><\/p>\n<p><em>\u00a0<\/em><\/p>\n<p><em>Una vez de presentada la extensa carrera del ganador de la distinci\u00f3n, correspondi\u00f3 al presidente municipal de Altamira, Mtro. Armando Mart\u00ednez Manr\u00edquez el imponer a Armando Mart\u00ednez Saucedo la medalla al m\u00e9rito ciudadano \u201cJos\u00e9 de Escand\u00f3n y Helguera\u201d 2022. <\/em><\/p>\n<p><em>\u00a0<\/em><\/p>\n<p><em>Cabe destacar que dicho otorgamiento fue realizado bajo propuesta del Cabildo, y la misma fue aprobada por decisi\u00f3n un\u00e1nime en este cuerpo colegiado. <\/em><\/p>\n<p><em>\u00a0<\/em><\/p>\n<p><em>Al respecto, el ciudadano Armando Mart\u00ednez Saucedo se mostr\u00f3 conmovido ante tan destacada distinci\u00f3n, agradeciendo ampliamente al cabildo y a la ciudadan\u00eda altamirense por este d\u00eda tan especial. <\/em><\/p>\n<p><em>\u00a0<\/em><\/p>\n<p><em>A este encuentro, acudieron m\u00faltiples representantes de diversas dependencias del gobierno local y Estatal, entre ellos el Lic. Florentino S\u00e1enz Cobos, subsecretario general del gobierno de Tamaulipas, en representaci\u00f3n del gobernador Lic. Francisco Garc\u00eda Cabeza de Vaca; de igual forma, en representaci\u00f3n del alcalde del municipio de Tampico, el Lic. Arturo Bazald\u00faa Guardiola, secretario del Ayuntamiento; as\u00ed como miembros del Cabildo de Tampico y de Altamira. <\/em><\/p>\n<p><em>\u00a0<\/em><\/p>\n","protected":false},"excerpt":{"rendered":"<p>En el marco de las celebraciones por el 273 aniversario de la fundaci\u00f3n de la ciudad y puerto de Altamira,&hellip;<\/p>\n","protected":false},"author":1,"featured_media":30512,"comment_status":"open","ping_status":"open","sticky":false,"template":"","format":"standard","meta":{"footnotes":""},"categories":[5],"tags":[],"class_list":["post-30511","post","type-post","status-publish","format-standard","has-post-thumbnail","hentry","category-altamira"],"yoast_head":"<!-- This site is optimized with the Yoast SEO plugin v27.4 - https:\/\/yoast.com\/product\/yoast-seo-wordpress\/ -->\n<title>ENTREGA DE LA MEDALLA AL M\u00c9RITO CIUDADANO \u201cJOS\u00c9 DE ESCAND\u00d3N Y HELGUERA\u201d - EL INFORMATIVO DE TAMAULIPAS<\/title>\n<meta name=\"description\" content=\"En el marco de las celebraciones por el 273 aniversario de la fundaci\u00f3n de la ciudad y puerto de Altamira, se llev\u00f3 a cabo la sexta sesi\u00f3n extraordinaria\" \/>\n<meta name=\"robots\" content=\"index, follow, max-snippet:-1, max-image-preview:large, max-video-preview:-1\" \/>\n<link rel=\"canonical\" href=\"https:\/\/elinformativotam.com\/index.php\/2022\/05\/02\/entrega-de-la-medalla-al-merito-ciudadano-jose-de-escandon-y-helguera\/\" \/>\n<meta property=\"og:locale\" content=\"es_MX\" \/>\n<meta property=\"og:type\" content=\"article\" \/>\n<meta property=\"og:title\" content=\"ENTREGA DE LA MEDALLA AL M\u00c9RITO CIUDADANO \u201cJOS\u00c9 DE ESCAND\u00d3N Y HELGUERA\u201d - EL INFORMATIVO DE TAMAULIPAS\" \/>\n<meta property=\"og:description\" content=\"En el marco de las celebraciones por el 273 aniversario de la fundaci\u00f3n de la ciudad y puerto de Altamira, se llev\u00f3 a cabo la sexta sesi\u00f3n extraordinaria\" \/>\n<meta property=\"og:url\" content=\"https:\/\/elinformativotam.com\/index.php\/2022\/05\/02\/entrega-de-la-medalla-al-merito-ciudadano-jose-de-escandon-y-helguera\/\" \/>\n<meta property=\"og:site_name\" content=\"EL INFORMATIVO DE TAMAULIPAS\" \/>\n<meta property=\"article:published_time\" content=\"2022-05-02T22:56:53+00:00\" \/>\n<meta property=\"og:image\" content=\"https:\/\/elinformativotam.com\/wp-content\/uploads\/2022\/05\/AMM.jpg\" \/>\n\t<meta property=\"og:image:width\" content=\"1024\" \/>\n\t<meta property=\"og:image:height\" content=\"682\" \/>\n\t<meta property=\"og:image:type\" content=\"image\/jpeg\" \/>\n<meta name=\"author\" content=\"El Informativo Tam\" \/>\n<meta name=\"twitter:card\" content=\"summary_large_image\" \/>\n<meta name=\"twitter:label1\" content=\"Escrito por\" \/>\n\t<meta name=\"twitter:data1\" content=\"El Informativo Tam\" \/>\n\t<meta name=\"twitter:label2\" content=\"Tiempo de lectura\" \/>\n\t<meta name=\"twitter:data2\" content=\"2 minutos\" \/>\n<script type=\"application\/ld+json\" class=\"yoast-schema-graph\">{\"@context\":\"https:\\\/\\\/schema.org\",\"@graph\":[{\"@type\":\"Article\",\"@id\":\"https:\\\/\\\/elinformativotam.com\\\/index.php\\\/2022\\\/05\\\/02\\\/entrega-de-la-medalla-al-merito-ciudadano-jose-de-escandon-y-helguera\\\/#article\",\"isPartOf\":{\"@id\":\"https:\\\/\\\/elinformativotam.com\\\/index.php\\\/2022\\\/05\\\/02\\\/entrega-de-la-medalla-al-merito-ciudadano-jose-de-escandon-y-helguera\\\/\"},\"author\":{\"name\":\"El Informativo Tam\",\"@id\":\"https:\\\/\\\/elinformativotam.com\\\/#\\\/schema\\\/person\\\/78e08040eed0f6110f0c5f83b6153590\"},\"headline\":\"ENTREGA DE LA MEDALLA AL M\u00c9RITO CIUDADANO \u201cJOS\u00c9 DE ESCAND\u00d3N Y HELGUERA\u201d\",\"datePublished\":\"2022-05-02T22:56:53+00:00\",\"mainEntityOfPage\":{\"@id\":\"https:\\\/\\\/elinformativotam.com\\\/index.php\\\/2022\\\/05\\\/02\\\/entrega-de-la-medalla-al-merito-ciudadano-jose-de-escandon-y-helguera\\\/\"},\"wordCount\":385,\"commentCount\":0,\"publisher\":{\"@id\":\"https:\\\/\\\/elinformativotam.com\\\/#organization\"},\"image\":{\"@id\":\"https:\\\/\\\/elinformativotam.com\\\/index.php\\\/2022\\\/05\\\/02\\\/entrega-de-la-medalla-al-merito-ciudadano-jose-de-escandon-y-helguera\\\/#primaryimage\"},\"thumbnailUrl\":\"https:\\\/\\\/elinformativotam.com\\\/wp-content\\\/uploads\\\/2022\\\/05\\\/AMM.jpg\",\"articleSection\":[\"Altamira\"],\"inLanguage\":\"es\",\"potentialAction\":[{\"@type\":\"CommentAction\",\"name\":\"Comment\",\"target\":[\"https:\\\/\\\/elinformativotam.com\\\/index.php\\\/2022\\\/05\\\/02\\\/entrega-de-la-medalla-al-merito-ciudadano-jose-de-escandon-y-helguera\\\/#respond\"]}]},{\"@type\":\"WebPage\",\"@id\":\"https:\\\/\\\/elinformativotam.com\\\/index.php\\\/2022\\\/05\\\/02\\\/entrega-de-la-medalla-al-merito-ciudadano-jose-de-escandon-y-helguera\\\/\",\"url\":\"https:\\\/\\\/elinformativotam.com\\\/index.php\\\/2022\\\/05\\\/02\\\/entrega-de-la-medalla-al-merito-ciudadano-jose-de-escandon-y-helguera\\\/\",\"name\":\"ENTREGA DE LA MEDALLA AL M\u00c9RITO CIUDADANO \u201cJOS\u00c9 DE ESCAND\u00d3N Y HELGUERA\u201d - EL INFORMATIVO DE TAMAULIPAS\",\"isPartOf\":{\"@id\":\"https:\\\/\\\/elinformativotam.com\\\/#website\"},\"primaryImageOfPage\":{\"@id\":\"https:\\\/\\\/elinformativotam.com\\\/index.php\\\/2022\\\/05\\\/02\\\/entrega-de-la-medalla-al-merito-ciudadano-jose-de-escandon-y-helguera\\\/#primaryimage\"},\"image\":{\"@id\":\"https:\\\/\\\/elinformativotam.com\\\/index.php\\\/2022\\\/05\\\/02\\\/entrega-de-la-medalla-al-merito-ciudadano-jose-de-escandon-y-helguera\\\/#primaryimage\"},\"thumbnailUrl\":\"https:\\\/\\\/elinformativotam.com\\\/wp-content\\\/uploads\\\/2022\\\/05\\\/AMM.jpg\",\"datePublished\":\"2022-05-02T22:56:53+00:00\",\"description\":\"En el marco de las celebraciones por el 273 aniversario de la fundaci\u00f3n de la ciudad y puerto de Altamira, se llev\u00f3 a cabo la sexta sesi\u00f3n extraordinaria\",\"inLanguage\":\"es\",\"potentialAction\":[{\"@type\":\"ReadAction\",\"target\":[\"https:\\\/\\\/elinformativotam.com\\\/index.php\\\/2022\\\/05\\\/02\\\/entrega-de-la-medalla-al-merito-ciudadano-jose-de-escandon-y-helguera\\\/\"]}]},{\"@type\":\"ImageObject\",\"inLanguage\":\"es\",\"@id\":\"https:\\\/\\\/elinformativotam.com\\\/index.php\\\/2022\\\/05\\\/02\\\/entrega-de-la-medalla-al-merito-ciudadano-jose-de-escandon-y-helguera\\\/#primaryimage\",\"url\":\"https:\\\/\\\/elinformativotam.com\\\/wp-content\\\/uploads\\\/2022\\\/05\\\/AMM.jpg\",\"contentUrl\":\"https:\\\/\\\/elinformativotam.com\\\/wp-content\\\/uploads\\\/2022\\\/05\\\/AMM.jpg\",\"width\":1024,\"height\":682},{\"@type\":\"WebSite\",\"@id\":\"https:\\\/\\\/elinformativotam.com\\\/#website\",\"url\":\"https:\\\/\\\/elinformativotam.com\\\/\",\"name\":\"EL INFORMATIVO DE TAMAULIPAS\",\"description\":\"Desde la Zona Metropolitana Para Todo M\u00e9xico\",\"publisher\":{\"@id\":\"https:\\\/\\\/elinformativotam.com\\\/#organization\"},\"potentialAction\":[{\"@type\":\"SearchAction\",\"target\":{\"@type\":\"EntryPoint\",\"urlTemplate\":\"https:\\\/\\\/elinformativotam.com\\\/?s={search_term_string}\"},\"query-input\":{\"@type\":\"PropertyValueSpecification\",\"valueRequired\":true,\"valueName\":\"search_term_string\"}}],\"inLanguage\":\"es\"},{\"@type\":\"Organization\",\"@id\":\"https:\\\/\\\/elinformativotam.com\\\/#organization\",\"name\":\"EL INFORMATIVO DE TAMAULIPAS\",\"url\":\"https:\\\/\\\/elinformativotam.com\\\/\",\"logo\":{\"@type\":\"ImageObject\",\"inLanguage\":\"es\",\"@id\":\"https:\\\/\\\/elinformativotam.com\\\/#\\\/schema\\\/logo\\\/image\\\/\",\"url\":\"https:\\\/\\\/elinformativotam.com\\\/wp-content\\\/uploads\\\/2026\\\/02\\\/Cabezal.png\",\"contentUrl\":\"https:\\\/\\\/elinformativotam.com\\\/wp-content\\\/uploads\\\/2026\\\/02\\\/Cabezal.png\",\"width\":960,\"height\":640,\"caption\":\"EL INFORMATIVO DE TAMAULIPAS\"},\"image\":{\"@id\":\"https:\\\/\\\/elinformativotam.com\\\/#\\\/schema\\\/logo\\\/image\\\/\"}},{\"@type\":\"Person\",\"@id\":\"https:\\\/\\\/elinformativotam.com\\\/#\\\/schema\\\/person\\\/78e08040eed0f6110f0c5f83b6153590\",\"name\":\"El Informativo Tam\",\"image\":{\"@type\":\"ImageObject\",\"inLanguage\":\"es\",\"@id\":\"https:\\\/\\\/secure.gravatar.com\\\/avatar\\\/f3b7ad3af540688955925ac610647be00b0cf41feea9c4978b73a707ee86bc53?s=96&d=mm&r=g\",\"url\":\"https:\\\/\\\/secure.gravatar.com\\\/avatar\\\/f3b7ad3af540688955925ac610647be00b0cf41feea9c4978b73a707ee86bc53?s=96&d=mm&r=g\",\"contentUrl\":\"https:\\\/\\\/secure.gravatar.com\\\/avatar\\\/f3b7ad3af540688955925ac610647be00b0cf41feea9c4978b73a707ee86bc53?s=96&d=mm&r=g\",\"caption\":\"El Informativo Tam\"}}]}<\/script>\n<!-- \/ Yoast SEO plugin. -->","yoast_head_json":{"title":"ENTREGA DE LA MEDALLA AL M\u00c9RITO CIUDADANO \u201cJOS\u00c9 DE ESCAND\u00d3N Y HELGUERA\u201d - EL INFORMATIVO DE TAMAULIPAS","description":"En el marco de las celebraciones por el 273 aniversario de la fundaci\u00f3n de la ciudad y puerto de Altamira, se llev\u00f3 a cabo la sexta sesi\u00f3n extraordinaria","robots":{"index":"index","follow":"follow","max-snippet":"max-snippet:-1","max-image-preview":"max-image-preview:large","max-video-preview":"max-video-preview:-1"},"canonical":"https:\/\/elinformativotam.com\/index.php\/2022\/05\/02\/entrega-de-la-medalla-al-merito-ciudadano-jose-de-escandon-y-helguera\/","og_locale":"es_MX","og_type":"article","og_title":"ENTREGA DE LA MEDALLA AL M\u00c9RITO CIUDADANO \u201cJOS\u00c9 DE ESCAND\u00d3N Y HELGUERA\u201d - EL INFORMATIVO DE TAMAULIPAS","og_description":"En el marco de las celebraciones por el 273 aniversario de la fundaci\u00f3n de la ciudad y puerto de Altamira, se llev\u00f3 a cabo la sexta sesi\u00f3n extraordinaria","og_url":"https:\/\/elinformativotam.com\/index.php\/2022\/05\/02\/entrega-de-la-medalla-al-merito-ciudadano-jose-de-escandon-y-helguera\/","og_site_name":"EL INFORMATIVO DE TAMAULIPAS","article_published_time":"2022-05-02T22:56:53+00:00","og_image":[{"width":1024,"height":682,"url":"https:\/\/elinformativotam.com\/wp-content\/uploads\/2022\/05\/AMM.jpg","type":"image\/jpeg"}],"author":"El Informativo Tam","twitter_card":"summary_large_image","twitter_misc":{"Escrito por":"El Informativo Tam","Tiempo de lectura":"2 minutos"},"schema":{"@context":"https:\/\/schema.org","@graph":[{"@type":"Article","@id":"https:\/\/elinformativotam.com\/index.php\/2022\/05\/02\/entrega-de-la-medalla-al-merito-ciudadano-jose-de-escandon-y-helguera\/#article","isPartOf":{"@id":"https:\/\/elinformativotam.com\/index.php\/2022\/05\/02\/entrega-de-la-medalla-al-merito-ciudadano-jose-de-escandon-y-helguera\/"},"author":{"name":"El Informativo Tam","@id":"https:\/\/elinformativotam.com\/#\/schema\/person\/78e08040eed0f6110f0c5f83b6153590"},"headline":"ENTREGA DE LA MEDALLA AL M\u00c9RITO CIUDADANO \u201cJOS\u00c9 DE ESCAND\u00d3N Y HELGUERA\u201d","datePublished":"2022-05-02T22:56:53+00:00","mainEntityOfPage":{"@id":"https:\/\/elinformativotam.com\/index.php\/2022\/05\/02\/entrega-de-la-medalla-al-merito-ciudadano-jose-de-escandon-y-helguera\/"},"wordCount":385,"commentCount":0,"publisher":{"@id":"https:\/\/elinformativotam.com\/#organization"},"image":{"@id":"https:\/\/elinformativotam.com\/index.php\/2022\/05\/02\/entrega-de-la-medalla-al-merito-ciudadano-jose-de-escandon-y-helguera\/#primaryimage"},"thumbnailUrl":"https:\/\/elinformativotam.com\/wp-content\/uploads\/2022\/05\/AMM.jpg","articleSection":["Altamira"],"inLanguage":"es","potentialAction":[{"@type":"CommentAction","name":"Comment","target":["https:\/\/elinformativotam.com\/index.php\/2022\/05\/02\/entrega-de-la-medalla-al-merito-ciudadano-jose-de-escandon-y-helguera\/#respond"]}]},{"@type":"WebPage","@id":"https:\/\/elinformativotam.com\/index.php\/2022\/05\/02\/entrega-de-la-medalla-al-merito-ciudadano-jose-de-escandon-y-helguera\/","url":"https:\/\/elinformativotam.com\/index.php\/2022\/05\/02\/entrega-de-la-medalla-al-merito-ciudadano-jose-de-escandon-y-helguera\/","name":"ENTREGA DE LA MEDALLA AL M\u00c9RITO CIUDADANO \u201cJOS\u00c9 DE ESCAND\u00d3N Y HELGUERA\u201d - EL INFORMATIVO DE TAMAULIPAS","isPartOf":{"@id":"https:\/\/elinformativotam.com\/#website"},"primaryImageOfPage":{"@id":"https:\/\/elinformativotam.com\/index.php\/2022\/05\/02\/entrega-de-la-medalla-al-merito-ciudadano-jose-de-escandon-y-helguera\/#primaryimage"},"image":{"@id":"https:\/\/elinformativotam.com\/index.php\/2022\/05\/02\/entrega-de-la-medalla-al-merito-ciudadano-jose-de-escandon-y-helguera\/#primaryimage"},"thumbnailUrl":"https:\/\/elinformativotam.com\/wp-content\/uploads\/2022\/05\/AMM.jpg","datePublished":"2022-05-02T22:56:53+00:00","description":"En el marco de las celebraciones por el 273 aniversario de la fundaci\u00f3n de la ciudad y puerto de Altamira, se llev\u00f3 a cabo la sexta sesi\u00f3n extraordinaria","inLanguage":"es","potentialAction":[{"@type":"ReadAction","target":["https:\/\/elinformativotam.com\/index.php\/2022\/05\/02\/entrega-de-la-medalla-al-merito-ciudadano-jose-de-escandon-y-helguera\/"]}]},{"@type":"ImageObject","inLanguage":"es","@id":"https:\/\/elinformativotam.com\/index.php\/2022\/05\/02\/entrega-de-la-medalla-al-merito-ciudadano-jose-de-escandon-y-helguera\/#primaryimage","url":"https:\/\/elinformativotam.com\/wp-content\/uploads\/2022\/05\/AMM.jpg","contentUrl":"https:\/\/elinformativotam.com\/wp-content\/uploads\/2022\/05\/AMM.jpg","width":1024,"height":682},{"@type":"WebSite","@id":"https:\/\/elinformativotam.com\/#website","url":"https:\/\/elinformativotam.com\/","name":"EL INFORMATIVO DE TAMAULIPAS","description":"Desde la Zona Metropolitana Para Todo M\u00e9xico","publisher":{"@id":"https:\/\/elinformativotam.com\/#organization"},"potentialAction":[{"@type":"SearchAction","target":{"@type":"EntryPoint","urlTemplate":"https:\/\/elinformativotam.com\/?s={search_term_string}"},"query-input":{"@type":"PropertyValueSpecification","valueRequired":true,"valueName":"search_term_string"}}],"inLanguage":"es"},{"@type":"Organization","@id":"https:\/\/elinformativotam.com\/#organization","name":"EL INFORMATIVO DE TAMAULIPAS","url":"https:\/\/elinformativotam.com\/","logo":{"@type":"ImageObject","inLanguage":"es","@id":"https:\/\/elinformativotam.com\/#\/schema\/logo\/image\/","url":"https:\/\/elinformativotam.com\/wp-content\/uploads\/2026\/02\/Cabezal.png","contentUrl":"https:\/\/elinformativotam.com\/wp-content\/uploads\/2026\/02\/Cabezal.png","width":960,"height":640,"caption":"EL INFORMATIVO DE TAMAULIPAS"},"image":{"@id":"https:\/\/elinformativotam.com\/#\/schema\/logo\/image\/"}},{"@type":"Person","@id":"https:\/\/elinformativotam.com\/#\/schema\/person\/78e08040eed0f6110f0c5f83b6153590","name":"El Informativo Tam","image":{"@type":"ImageObject","inLanguage":"es","@id":"https:\/\/secure.gravatar.com\/avatar\/f3b7ad3af540688955925ac610647be00b0cf41feea9c4978b73a707ee86bc53?s=96&d=mm&r=g","url":"https:\/\/secure.gravatar.com\/avatar\/f3b7ad3af540688955925ac610647be00b0cf41feea9c4978b73a707ee86bc53?s=96&d=mm&r=g","contentUrl":"https:\/\/secure.gravatar.com\/avatar\/f3b7ad3af540688955925ac610647be00b0cf41feea9c4978b73a707ee86bc53?s=96&d=mm&r=g","caption":"El Informativo Tam"}}]}},"_links":{"self":[{"href":"https:\/\/elinformativotam.com\/index.php\/wp-json\/wp\/v2\/posts\/30511","targetHints":{"allow":["GET"]}}],"collection":[{"href":"https:\/\/elinformativotam.com\/index.php\/wp-json\/wp\/v2\/posts"}],"about":[{"href":"https:\/\/elinformativotam.com\/index.php\/wp-json\/wp\/v2\/types\/post"}],"author":[{"embeddable":true,"href":"https:\/\/elinformativotam.com\/index.php\/wp-json\/wp\/v2\/users\/1"}],"replies":[{"embeddable":true,"href":"https:\/\/elinformativotam.com\/index.php\/wp-json\/wp\/v2\/comments?post=30511"}],"version-history":[{"count":1,"href":"https:\/\/elinformativotam.com\/index.php\/wp-json\/wp\/v2\/posts\/30511\/revisions"}],"predecessor-version":[{"id":30513,"href":"https:\/\/elinformativotam.com\/index.php\/wp-json\/wp\/v2\/posts\/30511\/revisions\/30513"}],"wp:featuredmedia":[{"embeddable":true,"href":"https:\/\/elinformativotam.com\/index.php\/wp-json\/wp\/v2\/media\/30512"}],"wp:attachment":[{"href":"https:\/\/elinformativotam.com\/index.php\/wp-json\/wp\/v2\/media?parent=30511"}],"wp:term":[{"taxonomy":"category","embeddable":true,"href":"https:\/\/elinformativotam.com\/index.php\/wp-json\/wp\/v2\/categories?post=30511"},{"taxonomy":"post_tag","embeddable":true,"href":"https:\/\/elinformativotam.com\/index.php\/wp-json\/wp\/v2\/tags?post=30511"}],"curies":[{"name":"wp","href":"https:\/\/api.w.org\/{rel}","templated":true}]}}