{"id":30470,"date":"2022-04-28T17:20:27","date_gmt":"2022-04-28T23:20:27","guid":{"rendered":"https:\/\/elinformativotam.com\/?p=30470"},"modified":"2022-04-28T17:20:27","modified_gmt":"2022-04-28T23:20:27","slug":"una-mujer-podria-llegar-a-proteccion-civil-madero","status":"publish","type":"post","link":"https:\/\/elinformativotam.com\/index.php\/2022\/04\/28\/una-mujer-podria-llegar-a-proteccion-civil-madero\/","title":{"rendered":"UNA MUJER PODR\u00cdA LLEGAR A PROTECCION CIVIL MADERO."},"content":{"rendered":"<p><em>Cd. Madero, Tamaulipas.- La direcci\u00f3n de Protecci\u00f3n Civil de Ciudad Madero podr\u00eda tener como titular a una mujer, por lo que analizan 3 perfiles de este g\u00e9nero. <\/em><\/p>\n<p><em>\u00a0<\/em><\/p>\n<p><em>El alcalde de Ciudad Madero, Adri\u00e1n Oseguera Kernion, dijo que se encuentran analizando seis perfiles y entre ellos los de tres mujeres que se encuentran capacitadas para ocupar el cargo.<\/em><\/p>\n<p><em>\u00a0<\/em><\/p>\n<p><em>Mencion\u00f3 que la mujer, es muy trabajadora y en esta administraci\u00f3n ser\u00e1 reconocida, pues se les est\u00e1n abriendo los espacios. <\/em><\/p>\n<p><em>\u00a0<\/em><\/p>\n<p><em>&#8220;Tenemos varias carpetas y obviamente queremos a una persona que se encuentre preparada. Tenemos tres hombres y tres mujeres, pero le estamos dando prioridad a la mujer&#8221;.<\/em><\/p>\n<p><em>\u00a0<\/em><\/p>\n<p><em>Lo fue dado a conocer Despu\u00e9s dinaria de Cabildo, donde autoridades municipales de Ciudad Madero encabezados por el alcalde Adri\u00e1n Oseguera Kernion, reconocieron la labor de los salvavidas que trab<\/em><em>ajaron durante la temporada de Semana Santa en el cuidado y salvaguarda de m\u00e1s de 769 mil visitantes que llegaron a Miramar.<\/em><\/p>\n<p><em>\u00a0<\/em><\/p>\n<p><em>En entrevista, el edil maderense resalt\u00f3 la labor de los salvavidas, pese a que no se obtuvo saldo blanco, pues durante el periodos de dos semana se dieron 26 rescata acu\u00e1ticos y entre ellos la acci\u00f3n de uno de ellos, pues logr\u00f3 resucitar a un peque\u00f1a de a\u00f1o y medio.<\/em><\/p>\n","protected":false},"excerpt":{"rendered":"<p>Cd. Madero, Tamaulipas.- La direcci\u00f3n de Protecci\u00f3n Civil de Ciudad Madero podr\u00eda tener como titular a una mujer, por lo&hellip;<\/p>\n","protected":false},"author":1,"featured_media":30398,"comment_status":"open","ping_status":"open","sticky":false,"template":"","format":"standard","meta":{"footnotes":""},"categories":[4],"tags":[],"class_list":["post-30470","post","type-post","status-publish","format-standard","has-post-thumbnail","hentry","category-madero"],"yoast_head":"<!-- This site is optimized with the Yoast SEO plugin v27.4 - https:\/\/yoast.com\/product\/yoast-seo-wordpress\/ -->\n<title>UNA MUJER PODR\u00cdA LLEGAR A PROTECCION CIVIL MADERO. - EL INFORMATIVO DE TAMAULIPAS<\/title>\n<meta name=\"description\" content=\"Cd. Madero, Tamaulipas.- La direcci\u00f3n de Protecci\u00f3n Civil de Ciudad Madero podr\u00eda tener como titular a una mujer, por lo que analizan 3 perfiles de este\" \/>\n<meta name=\"robots\" content=\"index, follow, max-snippet:-1, max-image-preview:large, max-video-preview:-1\" \/>\n<link rel=\"canonical\" href=\"https:\/\/elinformativotam.com\/index.php\/2022\/04\/28\/una-mujer-podria-llegar-a-proteccion-civil-madero\/\" \/>\n<meta property=\"og:locale\" content=\"es_MX\" \/>\n<meta property=\"og:type\" content=\"article\" \/>\n<meta property=\"og:title\" content=\"UNA MUJER PODR\u00cdA LLEGAR A PROTECCION CIVIL MADERO. - EL INFORMATIVO DE TAMAULIPAS\" \/>\n<meta property=\"og:description\" content=\"Cd. Madero, Tamaulipas.- La direcci\u00f3n de Protecci\u00f3n Civil de Ciudad Madero podr\u00eda tener como titular a una mujer, por lo que analizan 3 perfiles de este\" \/>\n<meta property=\"og:url\" content=\"https:\/\/elinformativotam.com\/index.php\/2022\/04\/28\/una-mujer-podria-llegar-a-proteccion-civil-madero\/\" \/>\n<meta property=\"og:site_name\" content=\"EL INFORMATIVO DE TAMAULIPAS\" \/>\n<meta property=\"article:published_time\" content=\"2022-04-28T23:20:27+00:00\" \/>\n<meta property=\"og:image\" content=\"https:\/\/elinformativotam.com\/wp-content\/uploads\/2022\/04\/AOK.jpg\" \/>\n\t<meta property=\"og:image:width\" content=\"1600\" \/>\n\t<meta property=\"og:image:height\" content=\"769\" \/>\n\t<meta property=\"og:image:type\" content=\"image\/jpeg\" \/>\n<meta name=\"author\" content=\"El Informativo Tam\" \/>\n<meta name=\"twitter:card\" content=\"summary_large_image\" \/>\n<meta name=\"twitter:label1\" content=\"Escrito por\" \/>\n\t<meta name=\"twitter:data1\" content=\"El Informativo Tam\" \/>\n\t<meta name=\"twitter:label2\" content=\"Tiempo de lectura\" \/>\n\t<meta name=\"twitter:data2\" content=\"1 minuto\" \/>\n<script type=\"application\/ld+json\" class=\"yoast-schema-graph\">{\"@context\":\"https:\\\/\\\/schema.org\",\"@graph\":[{\"@type\":\"Article\",\"@id\":\"https:\\\/\\\/elinformativotam.com\\\/index.php\\\/2022\\\/04\\\/28\\\/una-mujer-podria-llegar-a-proteccion-civil-madero\\\/#article\",\"isPartOf\":{\"@id\":\"https:\\\/\\\/elinformativotam.com\\\/index.php\\\/2022\\\/04\\\/28\\\/una-mujer-podria-llegar-a-proteccion-civil-madero\\\/\"},\"author\":{\"name\":\"El Informativo Tam\",\"@id\":\"https:\\\/\\\/elinformativotam.com\\\/#\\\/schema\\\/person\\\/78e08040eed0f6110f0c5f83b6153590\"},\"headline\":\"UNA MUJER PODR\u00cdA LLEGAR A PROTECCION CIVIL MADERO.\",\"datePublished\":\"2022-04-28T23:20:27+00:00\",\"mainEntityOfPage\":{\"@id\":\"https:\\\/\\\/elinformativotam.com\\\/index.php\\\/2022\\\/04\\\/28\\\/una-mujer-podria-llegar-a-proteccion-civil-madero\\\/\"},\"wordCount\":227,\"commentCount\":0,\"publisher\":{\"@id\":\"https:\\\/\\\/elinformativotam.com\\\/#organization\"},\"image\":{\"@id\":\"https:\\\/\\\/elinformativotam.com\\\/index.php\\\/2022\\\/04\\\/28\\\/una-mujer-podria-llegar-a-proteccion-civil-madero\\\/#primaryimage\"},\"thumbnailUrl\":\"https:\\\/\\\/elinformativotam.com\\\/wp-content\\\/uploads\\\/2022\\\/04\\\/AOK.jpg\",\"articleSection\":[\"Cd Madero\"],\"inLanguage\":\"es\",\"potentialAction\":[{\"@type\":\"CommentAction\",\"name\":\"Comment\",\"target\":[\"https:\\\/\\\/elinformativotam.com\\\/index.php\\\/2022\\\/04\\\/28\\\/una-mujer-podria-llegar-a-proteccion-civil-madero\\\/#respond\"]}]},{\"@type\":\"WebPage\",\"@id\":\"https:\\\/\\\/elinformativotam.com\\\/index.php\\\/2022\\\/04\\\/28\\\/una-mujer-podria-llegar-a-proteccion-civil-madero\\\/\",\"url\":\"https:\\\/\\\/elinformativotam.com\\\/index.php\\\/2022\\\/04\\\/28\\\/una-mujer-podria-llegar-a-proteccion-civil-madero\\\/\",\"name\":\"UNA MUJER PODR\u00cdA LLEGAR A PROTECCION CIVIL MADERO. - EL INFORMATIVO DE TAMAULIPAS\",\"isPartOf\":{\"@id\":\"https:\\\/\\\/elinformativotam.com\\\/#website\"},\"primaryImageOfPage\":{\"@id\":\"https:\\\/\\\/elinformativotam.com\\\/index.php\\\/2022\\\/04\\\/28\\\/una-mujer-podria-llegar-a-proteccion-civil-madero\\\/#primaryimage\"},\"image\":{\"@id\":\"https:\\\/\\\/elinformativotam.com\\\/index.php\\\/2022\\\/04\\\/28\\\/una-mujer-podria-llegar-a-proteccion-civil-madero\\\/#primaryimage\"},\"thumbnailUrl\":\"https:\\\/\\\/elinformativotam.com\\\/wp-content\\\/uploads\\\/2022\\\/04\\\/AOK.jpg\",\"datePublished\":\"2022-04-28T23:20:27+00:00\",\"description\":\"Cd. Madero, Tamaulipas.- La direcci\u00f3n de Protecci\u00f3n Civil de Ciudad Madero podr\u00eda tener como titular a una mujer, por lo que analizan 3 perfiles de este\",\"inLanguage\":\"es\",\"potentialAction\":[{\"@type\":\"ReadAction\",\"target\":[\"https:\\\/\\\/elinformativotam.com\\\/index.php\\\/2022\\\/04\\\/28\\\/una-mujer-podria-llegar-a-proteccion-civil-madero\\\/\"]}]},{\"@type\":\"ImageObject\",\"inLanguage\":\"es\",\"@id\":\"https:\\\/\\\/elinformativotam.com\\\/index.php\\\/2022\\\/04\\\/28\\\/una-mujer-podria-llegar-a-proteccion-civil-madero\\\/#primaryimage\",\"url\":\"https:\\\/\\\/elinformativotam.com\\\/wp-content\\\/uploads\\\/2022\\\/04\\\/AOK.jpg\",\"contentUrl\":\"https:\\\/\\\/elinformativotam.com\\\/wp-content\\\/uploads\\\/2022\\\/04\\\/AOK.jpg\",\"width\":1600,\"height\":769},{\"@type\":\"WebSite\",\"@id\":\"https:\\\/\\\/elinformativotam.com\\\/#website\",\"url\":\"https:\\\/\\\/elinformativotam.com\\\/\",\"name\":\"EL INFORMATIVO DE TAMAULIPAS\",\"description\":\"Desde la Zona Metropolitana Para Todo M\u00e9xico\",\"publisher\":{\"@id\":\"https:\\\/\\\/elinformativotam.com\\\/#organization\"},\"potentialAction\":[{\"@type\":\"SearchAction\",\"target\":{\"@type\":\"EntryPoint\",\"urlTemplate\":\"https:\\\/\\\/elinformativotam.com\\\/?s={search_term_string}\"},\"query-input\":{\"@type\":\"PropertyValueSpecification\",\"valueRequired\":true,\"valueName\":\"search_term_string\"}}],\"inLanguage\":\"es\"},{\"@type\":\"Organization\",\"@id\":\"https:\\\/\\\/elinformativotam.com\\\/#organization\",\"name\":\"EL INFORMATIVO DE TAMAULIPAS\",\"url\":\"https:\\\/\\\/elinformativotam.com\\\/\",\"logo\":{\"@type\":\"ImageObject\",\"inLanguage\":\"es\",\"@id\":\"https:\\\/\\\/elinformativotam.com\\\/#\\\/schema\\\/logo\\\/image\\\/\",\"url\":\"https:\\\/\\\/elinformativotam.com\\\/wp-content\\\/uploads\\\/2026\\\/02\\\/Cabezal.png\",\"contentUrl\":\"https:\\\/\\\/elinformativotam.com\\\/wp-content\\\/uploads\\\/2026\\\/02\\\/Cabezal.png\",\"width\":960,\"height\":640,\"caption\":\"EL INFORMATIVO DE TAMAULIPAS\"},\"image\":{\"@id\":\"https:\\\/\\\/elinformativotam.com\\\/#\\\/schema\\\/logo\\\/image\\\/\"}},{\"@type\":\"Person\",\"@id\":\"https:\\\/\\\/elinformativotam.com\\\/#\\\/schema\\\/person\\\/78e08040eed0f6110f0c5f83b6153590\",\"name\":\"El Informativo Tam\",\"image\":{\"@type\":\"ImageObject\",\"inLanguage\":\"es\",\"@id\":\"https:\\\/\\\/secure.gravatar.com\\\/avatar\\\/f3b7ad3af540688955925ac610647be00b0cf41feea9c4978b73a707ee86bc53?s=96&d=mm&r=g\",\"url\":\"https:\\\/\\\/secure.gravatar.com\\\/avatar\\\/f3b7ad3af540688955925ac610647be00b0cf41feea9c4978b73a707ee86bc53?s=96&d=mm&r=g\",\"contentUrl\":\"https:\\\/\\\/secure.gravatar.com\\\/avatar\\\/f3b7ad3af540688955925ac610647be00b0cf41feea9c4978b73a707ee86bc53?s=96&d=mm&r=g\",\"caption\":\"El Informativo Tam\"}}]}<\/script>\n<!-- \/ Yoast SEO plugin. -->","yoast_head_json":{"title":"UNA MUJER PODR\u00cdA LLEGAR A PROTECCION CIVIL MADERO. - EL INFORMATIVO DE TAMAULIPAS","description":"Cd. Madero, Tamaulipas.- La direcci\u00f3n de Protecci\u00f3n Civil de Ciudad Madero podr\u00eda tener como titular a una mujer, por lo que analizan 3 perfiles de este","robots":{"index":"index","follow":"follow","max-snippet":"max-snippet:-1","max-image-preview":"max-image-preview:large","max-video-preview":"max-video-preview:-1"},"canonical":"https:\/\/elinformativotam.com\/index.php\/2022\/04\/28\/una-mujer-podria-llegar-a-proteccion-civil-madero\/","og_locale":"es_MX","og_type":"article","og_title":"UNA MUJER PODR\u00cdA LLEGAR A PROTECCION CIVIL MADERO. - EL INFORMATIVO DE TAMAULIPAS","og_description":"Cd. Madero, Tamaulipas.- La direcci\u00f3n de Protecci\u00f3n Civil de Ciudad Madero podr\u00eda tener como titular a una mujer, por lo que analizan 3 perfiles de este","og_url":"https:\/\/elinformativotam.com\/index.php\/2022\/04\/28\/una-mujer-podria-llegar-a-proteccion-civil-madero\/","og_site_name":"EL INFORMATIVO DE TAMAULIPAS","article_published_time":"2022-04-28T23:20:27+00:00","og_image":[{"width":1600,"height":769,"url":"https:\/\/elinformativotam.com\/wp-content\/uploads\/2022\/04\/AOK.jpg","type":"image\/jpeg"}],"author":"El Informativo Tam","twitter_card":"summary_large_image","twitter_misc":{"Escrito por":"El Informativo Tam","Tiempo de lectura":"1 minuto"},"schema":{"@context":"https:\/\/schema.org","@graph":[{"@type":"Article","@id":"https:\/\/elinformativotam.com\/index.php\/2022\/04\/28\/una-mujer-podria-llegar-a-proteccion-civil-madero\/#article","isPartOf":{"@id":"https:\/\/elinformativotam.com\/index.php\/2022\/04\/28\/una-mujer-podria-llegar-a-proteccion-civil-madero\/"},"author":{"name":"El Informativo Tam","@id":"https:\/\/elinformativotam.com\/#\/schema\/person\/78e08040eed0f6110f0c5f83b6153590"},"headline":"UNA MUJER PODR\u00cdA LLEGAR A PROTECCION CIVIL MADERO.","datePublished":"2022-04-28T23:20:27+00:00","mainEntityOfPage":{"@id":"https:\/\/elinformativotam.com\/index.php\/2022\/04\/28\/una-mujer-podria-llegar-a-proteccion-civil-madero\/"},"wordCount":227,"commentCount":0,"publisher":{"@id":"https:\/\/elinformativotam.com\/#organization"},"image":{"@id":"https:\/\/elinformativotam.com\/index.php\/2022\/04\/28\/una-mujer-podria-llegar-a-proteccion-civil-madero\/#primaryimage"},"thumbnailUrl":"https:\/\/elinformativotam.com\/wp-content\/uploads\/2022\/04\/AOK.jpg","articleSection":["Cd Madero"],"inLanguage":"es","potentialAction":[{"@type":"CommentAction","name":"Comment","target":["https:\/\/elinformativotam.com\/index.php\/2022\/04\/28\/una-mujer-podria-llegar-a-proteccion-civil-madero\/#respond"]}]},{"@type":"WebPage","@id":"https:\/\/elinformativotam.com\/index.php\/2022\/04\/28\/una-mujer-podria-llegar-a-proteccion-civil-madero\/","url":"https:\/\/elinformativotam.com\/index.php\/2022\/04\/28\/una-mujer-podria-llegar-a-proteccion-civil-madero\/","name":"UNA MUJER PODR\u00cdA LLEGAR A PROTECCION CIVIL MADERO. - EL INFORMATIVO DE TAMAULIPAS","isPartOf":{"@id":"https:\/\/elinformativotam.com\/#website"},"primaryImageOfPage":{"@id":"https:\/\/elinformativotam.com\/index.php\/2022\/04\/28\/una-mujer-podria-llegar-a-proteccion-civil-madero\/#primaryimage"},"image":{"@id":"https:\/\/elinformativotam.com\/index.php\/2022\/04\/28\/una-mujer-podria-llegar-a-proteccion-civil-madero\/#primaryimage"},"thumbnailUrl":"https:\/\/elinformativotam.com\/wp-content\/uploads\/2022\/04\/AOK.jpg","datePublished":"2022-04-28T23:20:27+00:00","description":"Cd. Madero, Tamaulipas.- La direcci\u00f3n de Protecci\u00f3n Civil de Ciudad Madero podr\u00eda tener como titular a una mujer, por lo que analizan 3 perfiles de este","inLanguage":"es","potentialAction":[{"@type":"ReadAction","target":["https:\/\/elinformativotam.com\/index.php\/2022\/04\/28\/una-mujer-podria-llegar-a-proteccion-civil-madero\/"]}]},{"@type":"ImageObject","inLanguage":"es","@id":"https:\/\/elinformativotam.com\/index.php\/2022\/04\/28\/una-mujer-podria-llegar-a-proteccion-civil-madero\/#primaryimage","url":"https:\/\/elinformativotam.com\/wp-content\/uploads\/2022\/04\/AOK.jpg","contentUrl":"https:\/\/elinformativotam.com\/wp-content\/uploads\/2022\/04\/AOK.jpg","width":1600,"height":769},{"@type":"WebSite","@id":"https:\/\/elinformativotam.com\/#website","url":"https:\/\/elinformativotam.com\/","name":"EL INFORMATIVO DE TAMAULIPAS","description":"Desde la Zona Metropolitana Para Todo M\u00e9xico","publisher":{"@id":"https:\/\/elinformativotam.com\/#organization"},"potentialAction":[{"@type":"SearchAction","target":{"@type":"EntryPoint","urlTemplate":"https:\/\/elinformativotam.com\/?s={search_term_string}"},"query-input":{"@type":"PropertyValueSpecification","valueRequired":true,"valueName":"search_term_string"}}],"inLanguage":"es"},{"@type":"Organization","@id":"https:\/\/elinformativotam.com\/#organization","name":"EL INFORMATIVO DE TAMAULIPAS","url":"https:\/\/elinformativotam.com\/","logo":{"@type":"ImageObject","inLanguage":"es","@id":"https:\/\/elinformativotam.com\/#\/schema\/logo\/image\/","url":"https:\/\/elinformativotam.com\/wp-content\/uploads\/2026\/02\/Cabezal.png","contentUrl":"https:\/\/elinformativotam.com\/wp-content\/uploads\/2026\/02\/Cabezal.png","width":960,"height":640,"caption":"EL INFORMATIVO DE TAMAULIPAS"},"image":{"@id":"https:\/\/elinformativotam.com\/#\/schema\/logo\/image\/"}},{"@type":"Person","@id":"https:\/\/elinformativotam.com\/#\/schema\/person\/78e08040eed0f6110f0c5f83b6153590","name":"El Informativo Tam","image":{"@type":"ImageObject","inLanguage":"es","@id":"https:\/\/secure.gravatar.com\/avatar\/f3b7ad3af540688955925ac610647be00b0cf41feea9c4978b73a707ee86bc53?s=96&d=mm&r=g","url":"https:\/\/secure.gravatar.com\/avatar\/f3b7ad3af540688955925ac610647be00b0cf41feea9c4978b73a707ee86bc53?s=96&d=mm&r=g","contentUrl":"https:\/\/secure.gravatar.com\/avatar\/f3b7ad3af540688955925ac610647be00b0cf41feea9c4978b73a707ee86bc53?s=96&d=mm&r=g","caption":"El Informativo Tam"}}]}},"_links":{"self":[{"href":"https:\/\/elinformativotam.com\/index.php\/wp-json\/wp\/v2\/posts\/30470","targetHints":{"allow":["GET"]}}],"collection":[{"href":"https:\/\/elinformativotam.com\/index.php\/wp-json\/wp\/v2\/posts"}],"about":[{"href":"https:\/\/elinformativotam.com\/index.php\/wp-json\/wp\/v2\/types\/post"}],"author":[{"embeddable":true,"href":"https:\/\/elinformativotam.com\/index.php\/wp-json\/wp\/v2\/users\/1"}],"replies":[{"embeddable":true,"href":"https:\/\/elinformativotam.com\/index.php\/wp-json\/wp\/v2\/comments?post=30470"}],"version-history":[{"count":1,"href":"https:\/\/elinformativotam.com\/index.php\/wp-json\/wp\/v2\/posts\/30470\/revisions"}],"predecessor-version":[{"id":30471,"href":"https:\/\/elinformativotam.com\/index.php\/wp-json\/wp\/v2\/posts\/30470\/revisions\/30471"}],"wp:featuredmedia":[{"embeddable":true,"href":"https:\/\/elinformativotam.com\/index.php\/wp-json\/wp\/v2\/media\/30398"}],"wp:attachment":[{"href":"https:\/\/elinformativotam.com\/index.php\/wp-json\/wp\/v2\/media?parent=30470"}],"wp:term":[{"taxonomy":"category","embeddable":true,"href":"https:\/\/elinformativotam.com\/index.php\/wp-json\/wp\/v2\/categories?post=30470"},{"taxonomy":"post_tag","embeddable":true,"href":"https:\/\/elinformativotam.com\/index.php\/wp-json\/wp\/v2\/tags?post=30470"}],"curies":[{"name":"wp","href":"https:\/\/api.w.org\/{rel}","templated":true}]}}