{"id":30467,"date":"2022-04-28T17:16:56","date_gmt":"2022-04-28T23:16:56","guid":{"rendered":"https:\/\/elinformativotam.com\/?p=30467"},"modified":"2022-04-28T17:16:56","modified_gmt":"2022-04-28T23:16:56","slug":"reactivara-truko-verastegui-inversion-extranjera-en-tamaulipas","status":"publish","type":"post","link":"https:\/\/elinformativotam.com\/index.php\/2022\/04\/28\/reactivara-truko-verastegui-inversion-extranjera-en-tamaulipas\/","title":{"rendered":"REACTIVAR\u00c1 TRUKO VER\u00c1STEGUI INVERSI\u00d3N EXTRANJERA EN TAMAULIPAS"},"content":{"rendered":"<h2 style=\"text-align: center;\"><em>*Ser\u00e1 Creado El Programa \u201cInvierte Tamaulipeco\u201d <\/em><\/h2>\n<p><em>\u00a0<\/em><\/p>\n<p><em>Reynosa, Tamaulipas. \u2013 Tamaulipas es un estado privilegiado en materia econ\u00f3mica, tenemos 370 Km de frontera que nos permiten comercializar con una de las principales potencias del mundo como es Estados Unidos, se\u00f1al\u00f3 el candidato de la alianza \u201cVa por Tamaulipas\u201d, C\u00e9sar Truko Ver\u00e1stegui.<\/em><\/p>\n<p><em>\u00a0<\/em><\/p>\n<p><em>En este sentido, destac\u00f3 que a la entidad la respaldan sus 18 cruces fronterizos, 2 cruces ferroviarios, 5 aeropuertos internacionales, 3 puertos mar\u00edtimos, adem\u00e1s de los proyectos para la construcci\u00f3n de nuevos puertos como el de Matamoros que es uno de los tres programados; el otro se desarrolla en Nuevo Laredo, as\u00ed como la ampliaci\u00f3n del puente ferroviario.<\/em><\/p>\n<p><em>\u00a0<\/em><\/p>\n<p><em>Mencion\u00f3 que, aunque es necesario seguir trabajando en la atracci\u00f3n de la inversi\u00f3n extranjera directa para el Estado, ya que en los \u00faltimos cinco a\u00f1os se han invertido 7 mil millones de d\u00f3lares que han hecho fuerte a la frontera, \u201cnosotros como tamaulipecos tenemos que invertir\u201d. <\/em><\/p>\n<p><em>\u00a0<\/em><\/p>\n<p><em>Se\u00f1al\u00f3 que Tamaulipas cuenta con siete regiones: la zona sur, la regi\u00f3n de ciudad Mante, de la capital del estado Victoria, Matamoros, Reynosa, Frontera Chica, Nuevo Laredo que se tiene que hacer producir de acuerdo con sus vocaciones productivas, \u201ctenemos una concepci\u00f3n clara de cada una de las regiones y lo que se tiene que hacer en materia de econom\u00eda para crecer y detonar\u201d, dijo.<\/em><\/p>\n<p><em>\u00a0<\/em><\/p>\n<p><em>\u201cCuando hablamos de econom\u00eda, solamente hay dos maneras de aplicar el recurso en bienes de consumo o en bienes de capital, en bienes de capital es como la econom\u00eda de cualquier familia solamente hay un ingreso y un egreso. Tenemos que buscar la manera que haya muchos m\u00e1s ingresos per c\u00e1pita en cada una de las regiones para que se active la econom\u00eda\u201d.<\/em><\/p>\n<p><em>Agreg\u00f3 que una de sus propuestas es el programa &#8220;Invierte Tamaulipeco&#8221;, con el que se planea detonar la econom\u00eda local a trav\u00e9s de una bolsa de recursos p\u00fablicos que permita apoyar a los emprendedores de cualquier tipo, cualquier nivel y v\u00eda en funci\u00f3n del monto del riesgo. <\/em><\/p>\n<p><em>\u00a0<\/em><\/p>\n<p><em>Esta ser\u00e1 una bolsa de 10 mil millones de pesos y puede utilizarlo en dos l\u00edneas, una, potencializarla 17 veces, es decir, hablando de una l\u00ednea de cr\u00e9dito de 170 mil millones de pesos o buscar que de esta bolsa, \u201cuna parte se vaya a fondo perdido y otra parte se vaya al incentivo\u201d, mencion\u00f3 Ver\u00e1stegui Ostos.<\/em><\/p>\n<p><em>\u00a0<\/em><\/p>\n<p><em>En el tema tur\u00edstico, dijo que en Tamaulipas tenemos un potencial considerable en el turismo m\u00e9dico, de monta\u00f1a, de playa, \u201ctenemos unas playas maravillosas desde Tampico hasta Matamoros en donde se puede crear una Riviera Tamaulipeca que pueda captar a los viajeros de Nuevo Le\u00f3n y de San Luis e incluso al sur del estado.<\/em><\/p>\n<p><em>\u00a0<\/em><\/p>\n<p><em>\u201cTenemos una oportunidad de hacer grandes cosas, pero s\u00ed hay que querer a nuestra tierra, hay que invertirle mucho para que la gente potencialice su econom\u00eda en su ciudad, en todo Tamaulipas\u201d, concluy\u00f3.<\/em><\/p>\n","protected":false},"excerpt":{"rendered":"<p>*Ser\u00e1 Creado El Programa \u201cInvierte Tamaulipeco\u201d \u00a0 Reynosa, Tamaulipas. \u2013 Tamaulipas es un estado privilegiado en materia econ\u00f3mica, tenemos 370&hellip;<\/p>\n","protected":false},"author":1,"featured_media":30468,"comment_status":"open","ping_status":"open","sticky":false,"template":"","format":"standard","meta":{"footnotes":""},"categories":[6],"tags":[],"class_list":["post-30467","post","type-post","status-publish","format-standard","has-post-thumbnail","hentry","category-tamaulipas"],"yoast_head":"<!-- This site is optimized with the Yoast SEO plugin v27.4 - https:\/\/yoast.com\/product\/yoast-seo-wordpress\/ -->\n<title>REACTIVAR\u00c1 TRUKO VER\u00c1STEGUI INVERSI\u00d3N EXTRANJERA EN TAMAULIPAS - EL INFORMATIVO DE TAMAULIPAS<\/title>\n<meta name=\"description\" content=\"*Ser\u00e1 Creado El Programa \u201cInvierte Tamaulipeco\u201d \u00a0 Reynosa, Tamaulipas. \u2013 Tamaulipas es un estado privilegiado en materia econ\u00f3mica, tenemos 370 Km de\" \/>\n<meta name=\"robots\" content=\"index, follow, max-snippet:-1, max-image-preview:large, max-video-preview:-1\" \/>\n<link rel=\"canonical\" href=\"https:\/\/elinformativotam.com\/index.php\/2022\/04\/28\/reactivara-truko-verastegui-inversion-extranjera-en-tamaulipas\/\" \/>\n<meta property=\"og:locale\" content=\"es_MX\" \/>\n<meta property=\"og:type\" content=\"article\" \/>\n<meta property=\"og:title\" content=\"REACTIVAR\u00c1 TRUKO VER\u00c1STEGUI INVERSI\u00d3N EXTRANJERA EN TAMAULIPAS - EL INFORMATIVO DE TAMAULIPAS\" \/>\n<meta property=\"og:description\" content=\"*Ser\u00e1 Creado El Programa \u201cInvierte Tamaulipeco\u201d \u00a0 Reynosa, Tamaulipas. \u2013 Tamaulipas es un estado privilegiado en materia econ\u00f3mica, tenemos 370 Km de\" \/>\n<meta property=\"og:url\" content=\"https:\/\/elinformativotam.com\/index.php\/2022\/04\/28\/reactivara-truko-verastegui-inversion-extranjera-en-tamaulipas\/\" \/>\n<meta property=\"og:site_name\" content=\"EL INFORMATIVO DE TAMAULIPAS\" \/>\n<meta property=\"article:published_time\" content=\"2022-04-28T23:16:56+00:00\" \/>\n<meta property=\"og:image\" content=\"https:\/\/elinformativotam.com\/wp-content\/uploads\/2022\/04\/truko-5.jpg\" \/>\n\t<meta property=\"og:image:width\" content=\"1600\" \/>\n\t<meta property=\"og:image:height\" content=\"1066\" \/>\n\t<meta property=\"og:image:type\" content=\"image\/jpeg\" \/>\n<meta name=\"author\" content=\"El Informativo Tam\" \/>\n<meta name=\"twitter:card\" content=\"summary_large_image\" \/>\n<meta name=\"twitter:label1\" content=\"Escrito por\" \/>\n\t<meta name=\"twitter:data1\" content=\"El Informativo Tam\" \/>\n\t<meta name=\"twitter:label2\" content=\"Tiempo de lectura\" \/>\n\t<meta name=\"twitter:data2\" content=\"2 minutos\" \/>\n<script type=\"application\/ld+json\" class=\"yoast-schema-graph\">{\"@context\":\"https:\\\/\\\/schema.org\",\"@graph\":[{\"@type\":\"Article\",\"@id\":\"https:\\\/\\\/elinformativotam.com\\\/index.php\\\/2022\\\/04\\\/28\\\/reactivara-truko-verastegui-inversion-extranjera-en-tamaulipas\\\/#article\",\"isPartOf\":{\"@id\":\"https:\\\/\\\/elinformativotam.com\\\/index.php\\\/2022\\\/04\\\/28\\\/reactivara-truko-verastegui-inversion-extranjera-en-tamaulipas\\\/\"},\"author\":{\"name\":\"El Informativo Tam\",\"@id\":\"https:\\\/\\\/elinformativotam.com\\\/#\\\/schema\\\/person\\\/78e08040eed0f6110f0c5f83b6153590\"},\"headline\":\"REACTIVAR\u00c1 TRUKO VER\u00c1STEGUI INVERSI\u00d3N EXTRANJERA EN TAMAULIPAS\",\"datePublished\":\"2022-04-28T23:16:56+00:00\",\"mainEntityOfPage\":{\"@id\":\"https:\\\/\\\/elinformativotam.com\\\/index.php\\\/2022\\\/04\\\/28\\\/reactivara-truko-verastegui-inversion-extranjera-en-tamaulipas\\\/\"},\"wordCount\":508,\"commentCount\":0,\"publisher\":{\"@id\":\"https:\\\/\\\/elinformativotam.com\\\/#organization\"},\"image\":{\"@id\":\"https:\\\/\\\/elinformativotam.com\\\/index.php\\\/2022\\\/04\\\/28\\\/reactivara-truko-verastegui-inversion-extranjera-en-tamaulipas\\\/#primaryimage\"},\"thumbnailUrl\":\"https:\\\/\\\/elinformativotam.com\\\/wp-content\\\/uploads\\\/2022\\\/04\\\/truko-5.jpg\",\"articleSection\":[\"Tamaulipas\"],\"inLanguage\":\"es\",\"potentialAction\":[{\"@type\":\"CommentAction\",\"name\":\"Comment\",\"target\":[\"https:\\\/\\\/elinformativotam.com\\\/index.php\\\/2022\\\/04\\\/28\\\/reactivara-truko-verastegui-inversion-extranjera-en-tamaulipas\\\/#respond\"]}]},{\"@type\":\"WebPage\",\"@id\":\"https:\\\/\\\/elinformativotam.com\\\/index.php\\\/2022\\\/04\\\/28\\\/reactivara-truko-verastegui-inversion-extranjera-en-tamaulipas\\\/\",\"url\":\"https:\\\/\\\/elinformativotam.com\\\/index.php\\\/2022\\\/04\\\/28\\\/reactivara-truko-verastegui-inversion-extranjera-en-tamaulipas\\\/\",\"name\":\"REACTIVAR\u00c1 TRUKO VER\u00c1STEGUI INVERSI\u00d3N EXTRANJERA EN TAMAULIPAS - EL INFORMATIVO DE TAMAULIPAS\",\"isPartOf\":{\"@id\":\"https:\\\/\\\/elinformativotam.com\\\/#website\"},\"primaryImageOfPage\":{\"@id\":\"https:\\\/\\\/elinformativotam.com\\\/index.php\\\/2022\\\/04\\\/28\\\/reactivara-truko-verastegui-inversion-extranjera-en-tamaulipas\\\/#primaryimage\"},\"image\":{\"@id\":\"https:\\\/\\\/elinformativotam.com\\\/index.php\\\/2022\\\/04\\\/28\\\/reactivara-truko-verastegui-inversion-extranjera-en-tamaulipas\\\/#primaryimage\"},\"thumbnailUrl\":\"https:\\\/\\\/elinformativotam.com\\\/wp-content\\\/uploads\\\/2022\\\/04\\\/truko-5.jpg\",\"datePublished\":\"2022-04-28T23:16:56+00:00\",\"description\":\"*Ser\u00e1 Creado El Programa \u201cInvierte Tamaulipeco\u201d \u00a0 Reynosa, Tamaulipas. \u2013 Tamaulipas es un estado privilegiado en materia econ\u00f3mica, tenemos 370 Km de\",\"inLanguage\":\"es\",\"potentialAction\":[{\"@type\":\"ReadAction\",\"target\":[\"https:\\\/\\\/elinformativotam.com\\\/index.php\\\/2022\\\/04\\\/28\\\/reactivara-truko-verastegui-inversion-extranjera-en-tamaulipas\\\/\"]}]},{\"@type\":\"ImageObject\",\"inLanguage\":\"es\",\"@id\":\"https:\\\/\\\/elinformativotam.com\\\/index.php\\\/2022\\\/04\\\/28\\\/reactivara-truko-verastegui-inversion-extranjera-en-tamaulipas\\\/#primaryimage\",\"url\":\"https:\\\/\\\/elinformativotam.com\\\/wp-content\\\/uploads\\\/2022\\\/04\\\/truko-5.jpg\",\"contentUrl\":\"https:\\\/\\\/elinformativotam.com\\\/wp-content\\\/uploads\\\/2022\\\/04\\\/truko-5.jpg\",\"width\":1600,\"height\":1066},{\"@type\":\"WebSite\",\"@id\":\"https:\\\/\\\/elinformativotam.com\\\/#website\",\"url\":\"https:\\\/\\\/elinformativotam.com\\\/\",\"name\":\"EL INFORMATIVO DE TAMAULIPAS\",\"description\":\"Desde la Zona Metropolitana Para Todo M\u00e9xico\",\"publisher\":{\"@id\":\"https:\\\/\\\/elinformativotam.com\\\/#organization\"},\"potentialAction\":[{\"@type\":\"SearchAction\",\"target\":{\"@type\":\"EntryPoint\",\"urlTemplate\":\"https:\\\/\\\/elinformativotam.com\\\/?s={search_term_string}\"},\"query-input\":{\"@type\":\"PropertyValueSpecification\",\"valueRequired\":true,\"valueName\":\"search_term_string\"}}],\"inLanguage\":\"es\"},{\"@type\":\"Organization\",\"@id\":\"https:\\\/\\\/elinformativotam.com\\\/#organization\",\"name\":\"EL INFORMATIVO DE TAMAULIPAS\",\"url\":\"https:\\\/\\\/elinformativotam.com\\\/\",\"logo\":{\"@type\":\"ImageObject\",\"inLanguage\":\"es\",\"@id\":\"https:\\\/\\\/elinformativotam.com\\\/#\\\/schema\\\/logo\\\/image\\\/\",\"url\":\"https:\\\/\\\/elinformativotam.com\\\/wp-content\\\/uploads\\\/2026\\\/02\\\/Cabezal.png\",\"contentUrl\":\"https:\\\/\\\/elinformativotam.com\\\/wp-content\\\/uploads\\\/2026\\\/02\\\/Cabezal.png\",\"width\":960,\"height\":640,\"caption\":\"EL INFORMATIVO DE TAMAULIPAS\"},\"image\":{\"@id\":\"https:\\\/\\\/elinformativotam.com\\\/#\\\/schema\\\/logo\\\/image\\\/\"}},{\"@type\":\"Person\",\"@id\":\"https:\\\/\\\/elinformativotam.com\\\/#\\\/schema\\\/person\\\/78e08040eed0f6110f0c5f83b6153590\",\"name\":\"El Informativo Tam\",\"image\":{\"@type\":\"ImageObject\",\"inLanguage\":\"es\",\"@id\":\"https:\\\/\\\/secure.gravatar.com\\\/avatar\\\/f3b7ad3af540688955925ac610647be00b0cf41feea9c4978b73a707ee86bc53?s=96&d=mm&r=g\",\"url\":\"https:\\\/\\\/secure.gravatar.com\\\/avatar\\\/f3b7ad3af540688955925ac610647be00b0cf41feea9c4978b73a707ee86bc53?s=96&d=mm&r=g\",\"contentUrl\":\"https:\\\/\\\/secure.gravatar.com\\\/avatar\\\/f3b7ad3af540688955925ac610647be00b0cf41feea9c4978b73a707ee86bc53?s=96&d=mm&r=g\",\"caption\":\"El Informativo Tam\"}}]}<\/script>\n<!-- \/ Yoast SEO plugin. -->","yoast_head_json":{"title":"REACTIVAR\u00c1 TRUKO VER\u00c1STEGUI INVERSI\u00d3N EXTRANJERA EN TAMAULIPAS - EL INFORMATIVO DE TAMAULIPAS","description":"*Ser\u00e1 Creado El Programa \u201cInvierte Tamaulipeco\u201d \u00a0 Reynosa, Tamaulipas. \u2013 Tamaulipas es un estado privilegiado en materia econ\u00f3mica, tenemos 370 Km de","robots":{"index":"index","follow":"follow","max-snippet":"max-snippet:-1","max-image-preview":"max-image-preview:large","max-video-preview":"max-video-preview:-1"},"canonical":"https:\/\/elinformativotam.com\/index.php\/2022\/04\/28\/reactivara-truko-verastegui-inversion-extranjera-en-tamaulipas\/","og_locale":"es_MX","og_type":"article","og_title":"REACTIVAR\u00c1 TRUKO VER\u00c1STEGUI INVERSI\u00d3N EXTRANJERA EN TAMAULIPAS - EL INFORMATIVO DE TAMAULIPAS","og_description":"*Ser\u00e1 Creado El Programa \u201cInvierte Tamaulipeco\u201d \u00a0 Reynosa, Tamaulipas. \u2013 Tamaulipas es un estado privilegiado en materia econ\u00f3mica, tenemos 370 Km de","og_url":"https:\/\/elinformativotam.com\/index.php\/2022\/04\/28\/reactivara-truko-verastegui-inversion-extranjera-en-tamaulipas\/","og_site_name":"EL INFORMATIVO DE TAMAULIPAS","article_published_time":"2022-04-28T23:16:56+00:00","og_image":[{"width":1600,"height":1066,"url":"https:\/\/elinformativotam.com\/wp-content\/uploads\/2022\/04\/truko-5.jpg","type":"image\/jpeg"}],"author":"El Informativo Tam","twitter_card":"summary_large_image","twitter_misc":{"Escrito por":"El Informativo Tam","Tiempo de lectura":"2 minutos"},"schema":{"@context":"https:\/\/schema.org","@graph":[{"@type":"Article","@id":"https:\/\/elinformativotam.com\/index.php\/2022\/04\/28\/reactivara-truko-verastegui-inversion-extranjera-en-tamaulipas\/#article","isPartOf":{"@id":"https:\/\/elinformativotam.com\/index.php\/2022\/04\/28\/reactivara-truko-verastegui-inversion-extranjera-en-tamaulipas\/"},"author":{"name":"El Informativo Tam","@id":"https:\/\/elinformativotam.com\/#\/schema\/person\/78e08040eed0f6110f0c5f83b6153590"},"headline":"REACTIVAR\u00c1 TRUKO VER\u00c1STEGUI INVERSI\u00d3N EXTRANJERA EN TAMAULIPAS","datePublished":"2022-04-28T23:16:56+00:00","mainEntityOfPage":{"@id":"https:\/\/elinformativotam.com\/index.php\/2022\/04\/28\/reactivara-truko-verastegui-inversion-extranjera-en-tamaulipas\/"},"wordCount":508,"commentCount":0,"publisher":{"@id":"https:\/\/elinformativotam.com\/#organization"},"image":{"@id":"https:\/\/elinformativotam.com\/index.php\/2022\/04\/28\/reactivara-truko-verastegui-inversion-extranjera-en-tamaulipas\/#primaryimage"},"thumbnailUrl":"https:\/\/elinformativotam.com\/wp-content\/uploads\/2022\/04\/truko-5.jpg","articleSection":["Tamaulipas"],"inLanguage":"es","potentialAction":[{"@type":"CommentAction","name":"Comment","target":["https:\/\/elinformativotam.com\/index.php\/2022\/04\/28\/reactivara-truko-verastegui-inversion-extranjera-en-tamaulipas\/#respond"]}]},{"@type":"WebPage","@id":"https:\/\/elinformativotam.com\/index.php\/2022\/04\/28\/reactivara-truko-verastegui-inversion-extranjera-en-tamaulipas\/","url":"https:\/\/elinformativotam.com\/index.php\/2022\/04\/28\/reactivara-truko-verastegui-inversion-extranjera-en-tamaulipas\/","name":"REACTIVAR\u00c1 TRUKO VER\u00c1STEGUI INVERSI\u00d3N EXTRANJERA EN TAMAULIPAS - EL INFORMATIVO DE TAMAULIPAS","isPartOf":{"@id":"https:\/\/elinformativotam.com\/#website"},"primaryImageOfPage":{"@id":"https:\/\/elinformativotam.com\/index.php\/2022\/04\/28\/reactivara-truko-verastegui-inversion-extranjera-en-tamaulipas\/#primaryimage"},"image":{"@id":"https:\/\/elinformativotam.com\/index.php\/2022\/04\/28\/reactivara-truko-verastegui-inversion-extranjera-en-tamaulipas\/#primaryimage"},"thumbnailUrl":"https:\/\/elinformativotam.com\/wp-content\/uploads\/2022\/04\/truko-5.jpg","datePublished":"2022-04-28T23:16:56+00:00","description":"*Ser\u00e1 Creado El Programa \u201cInvierte Tamaulipeco\u201d \u00a0 Reynosa, Tamaulipas. \u2013 Tamaulipas es un estado privilegiado en materia econ\u00f3mica, tenemos 370 Km de","inLanguage":"es","potentialAction":[{"@type":"ReadAction","target":["https:\/\/elinformativotam.com\/index.php\/2022\/04\/28\/reactivara-truko-verastegui-inversion-extranjera-en-tamaulipas\/"]}]},{"@type":"ImageObject","inLanguage":"es","@id":"https:\/\/elinformativotam.com\/index.php\/2022\/04\/28\/reactivara-truko-verastegui-inversion-extranjera-en-tamaulipas\/#primaryimage","url":"https:\/\/elinformativotam.com\/wp-content\/uploads\/2022\/04\/truko-5.jpg","contentUrl":"https:\/\/elinformativotam.com\/wp-content\/uploads\/2022\/04\/truko-5.jpg","width":1600,"height":1066},{"@type":"WebSite","@id":"https:\/\/elinformativotam.com\/#website","url":"https:\/\/elinformativotam.com\/","name":"EL INFORMATIVO DE TAMAULIPAS","description":"Desde la Zona Metropolitana Para Todo M\u00e9xico","publisher":{"@id":"https:\/\/elinformativotam.com\/#organization"},"potentialAction":[{"@type":"SearchAction","target":{"@type":"EntryPoint","urlTemplate":"https:\/\/elinformativotam.com\/?s={search_term_string}"},"query-input":{"@type":"PropertyValueSpecification","valueRequired":true,"valueName":"search_term_string"}}],"inLanguage":"es"},{"@type":"Organization","@id":"https:\/\/elinformativotam.com\/#organization","name":"EL INFORMATIVO DE TAMAULIPAS","url":"https:\/\/elinformativotam.com\/","logo":{"@type":"ImageObject","inLanguage":"es","@id":"https:\/\/elinformativotam.com\/#\/schema\/logo\/image\/","url":"https:\/\/elinformativotam.com\/wp-content\/uploads\/2026\/02\/Cabezal.png","contentUrl":"https:\/\/elinformativotam.com\/wp-content\/uploads\/2026\/02\/Cabezal.png","width":960,"height":640,"caption":"EL INFORMATIVO DE TAMAULIPAS"},"image":{"@id":"https:\/\/elinformativotam.com\/#\/schema\/logo\/image\/"}},{"@type":"Person","@id":"https:\/\/elinformativotam.com\/#\/schema\/person\/78e08040eed0f6110f0c5f83b6153590","name":"El Informativo Tam","image":{"@type":"ImageObject","inLanguage":"es","@id":"https:\/\/secure.gravatar.com\/avatar\/f3b7ad3af540688955925ac610647be00b0cf41feea9c4978b73a707ee86bc53?s=96&d=mm&r=g","url":"https:\/\/secure.gravatar.com\/avatar\/f3b7ad3af540688955925ac610647be00b0cf41feea9c4978b73a707ee86bc53?s=96&d=mm&r=g","contentUrl":"https:\/\/secure.gravatar.com\/avatar\/f3b7ad3af540688955925ac610647be00b0cf41feea9c4978b73a707ee86bc53?s=96&d=mm&r=g","caption":"El Informativo Tam"}}]}},"_links":{"self":[{"href":"https:\/\/elinformativotam.com\/index.php\/wp-json\/wp\/v2\/posts\/30467","targetHints":{"allow":["GET"]}}],"collection":[{"href":"https:\/\/elinformativotam.com\/index.php\/wp-json\/wp\/v2\/posts"}],"about":[{"href":"https:\/\/elinformativotam.com\/index.php\/wp-json\/wp\/v2\/types\/post"}],"author":[{"embeddable":true,"href":"https:\/\/elinformativotam.com\/index.php\/wp-json\/wp\/v2\/users\/1"}],"replies":[{"embeddable":true,"href":"https:\/\/elinformativotam.com\/index.php\/wp-json\/wp\/v2\/comments?post=30467"}],"version-history":[{"count":1,"href":"https:\/\/elinformativotam.com\/index.php\/wp-json\/wp\/v2\/posts\/30467\/revisions"}],"predecessor-version":[{"id":30469,"href":"https:\/\/elinformativotam.com\/index.php\/wp-json\/wp\/v2\/posts\/30467\/revisions\/30469"}],"wp:featuredmedia":[{"embeddable":true,"href":"https:\/\/elinformativotam.com\/index.php\/wp-json\/wp\/v2\/media\/30468"}],"wp:attachment":[{"href":"https:\/\/elinformativotam.com\/index.php\/wp-json\/wp\/v2\/media?parent=30467"}],"wp:term":[{"taxonomy":"category","embeddable":true,"href":"https:\/\/elinformativotam.com\/index.php\/wp-json\/wp\/v2\/categories?post=30467"},{"taxonomy":"post_tag","embeddable":true,"href":"https:\/\/elinformativotam.com\/index.php\/wp-json\/wp\/v2\/tags?post=30467"}],"curies":[{"name":"wp","href":"https:\/\/api.w.org\/{rel}","templated":true}]}}