{"id":30409,"date":"2022-04-27T17:48:04","date_gmt":"2022-04-27T23:48:04","guid":{"rendered":"https:\/\/elinformativotam.com\/?p=30409"},"modified":"2022-04-27T17:48:04","modified_gmt":"2022-04-27T23:48:04","slug":"alertan-por-posible-salida-de-cocodrilos-de-lagunas-de-madero","status":"publish","type":"post","link":"https:\/\/elinformativotam.com\/index.php\/2022\/04\/27\/alertan-por-posible-salida-de-cocodrilos-de-lagunas-de-madero\/","title":{"rendered":"ALERTAN POR POSIBLE SALIDA DE COCODRILOS DE LAGUNAS DE MADERO."},"content":{"rendered":"<p><em>Cd. Madero, Tamaulipas.- Por la cantidad de lluvia que se present\u00f3 en el sur de Tamaulipas, es posible que cocodrilos comiencen a salir de su h\u00e1bitat natural. <\/em><\/p>\n<p><em>\u00a0<\/em><\/p>\n<p><em>En coordinaci\u00f3n con SOS Cocodrilo,. el regidor Mauro Leonardo Reyes Cobos, explic\u00f3 que es necesario que la poblaci\u00f3n que vive cerca de los sistemas lagunarios en el municipio de Ciudad Madero, mantenga las precauciones correspondientes y en el caso de observar alg\u00fan saurio fuera de su h\u00e1bitat natural, dar aviso al n\u00famero de emergencias 911. <\/em><\/p>\n<p><em>\u00a0<\/em><\/p>\n<p><em>El presidente\u00a0 de Comisi\u00f3n de Cambio Clim\u00e1tico y Desarrollo Sustentable del ayuntamiento maderense,\u00a0 se\u00f1al\u00f3 que mantienen estrecha colaboraci\u00f3n con la organizaci\u00f3n SOS Cocodrilo, y que sigue el proyecto de permear las acciones de apoyo concretamente al municipio de Ciudad Madero por la cantidad de saurios que puede haber en el sistema lagunario.<\/em><\/p>\n<p><em>\u00a0<\/em><\/p>\n<p><em>&#8220;Por las lluvias que se presentaron en la zona sur de Tamaulipas que coincide adem\u00e1s con el inicio de la temporada de anidaci\u00f3n de cocodrilos moreletti, hay la posibilidad de que los saurios puedan salir de su h\u00e1bitat natural por lo que en caso de que observa en un saurio fuera de su h\u00e1bitat hablar de inmediato al 911&#8221;, se\u00f1al\u00f3.<\/em><\/p>\n<p><em>\u00a0<\/em><\/p>\n<p><em>&#8220;A trav\u00e9s de esta l\u00ednea de emergencia se podr\u00e1n coordinar acciones directamente con elementos de Bomberos Madero y de Protecci\u00f3n Civil tender la situaci\u00f3n bajo los medios adecuados y sin que se genere un riesgo para los vecinos de la zona donde publicado el ejemplar&#8221;, se\u00f1al\u00f3 el regidor maderense.<\/em><\/p>\n","protected":false},"excerpt":{"rendered":"<p>Cd. Madero, Tamaulipas.- Por la cantidad de lluvia que se present\u00f3 en el sur de Tamaulipas, es posible que cocodrilos&hellip;<\/p>\n","protected":false},"author":1,"featured_media":30410,"comment_status":"open","ping_status":"open","sticky":false,"template":"","format":"standard","meta":{"footnotes":""},"categories":[4],"tags":[],"class_list":["post-30409","post","type-post","status-publish","format-standard","has-post-thumbnail","hentry","category-madero"],"yoast_head":"<!-- This site is optimized with the Yoast SEO plugin v27.4 - https:\/\/yoast.com\/product\/yoast-seo-wordpress\/ -->\n<title>ALERTAN POR POSIBLE SALIDA DE COCODRILOS DE LAGUNAS DE MADERO. - EL INFORMATIVO DE TAMAULIPAS<\/title>\n<meta name=\"description\" content=\"Cd. Madero, Tamaulipas.- Por la cantidad de lluvia que se present\u00f3 en el sur de Tamaulipas, es posible que cocodrilos comiencen a salir de su h\u00e1bitat\" \/>\n<meta name=\"robots\" content=\"index, follow, max-snippet:-1, max-image-preview:large, max-video-preview:-1\" \/>\n<link rel=\"canonical\" href=\"https:\/\/elinformativotam.com\/index.php\/2022\/04\/27\/alertan-por-posible-salida-de-cocodrilos-de-lagunas-de-madero\/\" \/>\n<meta property=\"og:locale\" content=\"es_MX\" \/>\n<meta property=\"og:type\" content=\"article\" \/>\n<meta property=\"og:title\" content=\"ALERTAN POR POSIBLE SALIDA DE COCODRILOS DE LAGUNAS DE MADERO. - EL INFORMATIVO DE TAMAULIPAS\" \/>\n<meta property=\"og:description\" content=\"Cd. Madero, Tamaulipas.- Por la cantidad de lluvia que se present\u00f3 en el sur de Tamaulipas, es posible que cocodrilos comiencen a salir de su h\u00e1bitat\" \/>\n<meta property=\"og:url\" content=\"https:\/\/elinformativotam.com\/index.php\/2022\/04\/27\/alertan-por-posible-salida-de-cocodrilos-de-lagunas-de-madero\/\" \/>\n<meta property=\"og:site_name\" content=\"EL INFORMATIVO DE TAMAULIPAS\" \/>\n<meta property=\"article:published_time\" content=\"2022-04-27T23:48:04+00:00\" \/>\n<meta property=\"og:image\" content=\"https:\/\/elinformativotam.com\/wp-content\/uploads\/2022\/04\/Mauro-1.jpg\" \/>\n\t<meta property=\"og:image:width\" content=\"1040\" \/>\n\t<meta property=\"og:image:height\" content=\"500\" \/>\n\t<meta property=\"og:image:type\" content=\"image\/jpeg\" \/>\n<meta name=\"author\" content=\"El Informativo Tam\" \/>\n<meta name=\"twitter:card\" content=\"summary_large_image\" \/>\n<meta name=\"twitter:label1\" content=\"Escrito por\" \/>\n\t<meta name=\"twitter:data1\" content=\"El Informativo Tam\" \/>\n\t<meta name=\"twitter:label2\" content=\"Tiempo de lectura\" \/>\n\t<meta name=\"twitter:data2\" content=\"1 minuto\" \/>\n<script type=\"application\/ld+json\" class=\"yoast-schema-graph\">{\"@context\":\"https:\\\/\\\/schema.org\",\"@graph\":[{\"@type\":\"Article\",\"@id\":\"https:\\\/\\\/elinformativotam.com\\\/index.php\\\/2022\\\/04\\\/27\\\/alertan-por-posible-salida-de-cocodrilos-de-lagunas-de-madero\\\/#article\",\"isPartOf\":{\"@id\":\"https:\\\/\\\/elinformativotam.com\\\/index.php\\\/2022\\\/04\\\/27\\\/alertan-por-posible-salida-de-cocodrilos-de-lagunas-de-madero\\\/\"},\"author\":{\"name\":\"El Informativo Tam\",\"@id\":\"https:\\\/\\\/elinformativotam.com\\\/#\\\/schema\\\/person\\\/78e08040eed0f6110f0c5f83b6153590\"},\"headline\":\"ALERTAN POR POSIBLE SALIDA DE COCODRILOS DE LAGUNAS DE MADERO.\",\"datePublished\":\"2022-04-27T23:48:04+00:00\",\"mainEntityOfPage\":{\"@id\":\"https:\\\/\\\/elinformativotam.com\\\/index.php\\\/2022\\\/04\\\/27\\\/alertan-por-posible-salida-de-cocodrilos-de-lagunas-de-madero\\\/\"},\"wordCount\":274,\"commentCount\":0,\"publisher\":{\"@id\":\"https:\\\/\\\/elinformativotam.com\\\/#organization\"},\"image\":{\"@id\":\"https:\\\/\\\/elinformativotam.com\\\/index.php\\\/2022\\\/04\\\/27\\\/alertan-por-posible-salida-de-cocodrilos-de-lagunas-de-madero\\\/#primaryimage\"},\"thumbnailUrl\":\"https:\\\/\\\/elinformativotam.com\\\/wp-content\\\/uploads\\\/2022\\\/04\\\/Mauro-1.jpg\",\"articleSection\":[\"Cd Madero\"],\"inLanguage\":\"es\",\"potentialAction\":[{\"@type\":\"CommentAction\",\"name\":\"Comment\",\"target\":[\"https:\\\/\\\/elinformativotam.com\\\/index.php\\\/2022\\\/04\\\/27\\\/alertan-por-posible-salida-de-cocodrilos-de-lagunas-de-madero\\\/#respond\"]}]},{\"@type\":\"WebPage\",\"@id\":\"https:\\\/\\\/elinformativotam.com\\\/index.php\\\/2022\\\/04\\\/27\\\/alertan-por-posible-salida-de-cocodrilos-de-lagunas-de-madero\\\/\",\"url\":\"https:\\\/\\\/elinformativotam.com\\\/index.php\\\/2022\\\/04\\\/27\\\/alertan-por-posible-salida-de-cocodrilos-de-lagunas-de-madero\\\/\",\"name\":\"ALERTAN POR POSIBLE SALIDA DE COCODRILOS DE LAGUNAS DE MADERO. - EL INFORMATIVO DE TAMAULIPAS\",\"isPartOf\":{\"@id\":\"https:\\\/\\\/elinformativotam.com\\\/#website\"},\"primaryImageOfPage\":{\"@id\":\"https:\\\/\\\/elinformativotam.com\\\/index.php\\\/2022\\\/04\\\/27\\\/alertan-por-posible-salida-de-cocodrilos-de-lagunas-de-madero\\\/#primaryimage\"},\"image\":{\"@id\":\"https:\\\/\\\/elinformativotam.com\\\/index.php\\\/2022\\\/04\\\/27\\\/alertan-por-posible-salida-de-cocodrilos-de-lagunas-de-madero\\\/#primaryimage\"},\"thumbnailUrl\":\"https:\\\/\\\/elinformativotam.com\\\/wp-content\\\/uploads\\\/2022\\\/04\\\/Mauro-1.jpg\",\"datePublished\":\"2022-04-27T23:48:04+00:00\",\"description\":\"Cd. Madero, Tamaulipas.- Por la cantidad de lluvia que se present\u00f3 en el sur de Tamaulipas, es posible que cocodrilos comiencen a salir de su h\u00e1bitat\",\"inLanguage\":\"es\",\"potentialAction\":[{\"@type\":\"ReadAction\",\"target\":[\"https:\\\/\\\/elinformativotam.com\\\/index.php\\\/2022\\\/04\\\/27\\\/alertan-por-posible-salida-de-cocodrilos-de-lagunas-de-madero\\\/\"]}]},{\"@type\":\"ImageObject\",\"inLanguage\":\"es\",\"@id\":\"https:\\\/\\\/elinformativotam.com\\\/index.php\\\/2022\\\/04\\\/27\\\/alertan-por-posible-salida-de-cocodrilos-de-lagunas-de-madero\\\/#primaryimage\",\"url\":\"https:\\\/\\\/elinformativotam.com\\\/wp-content\\\/uploads\\\/2022\\\/04\\\/Mauro-1.jpg\",\"contentUrl\":\"https:\\\/\\\/elinformativotam.com\\\/wp-content\\\/uploads\\\/2022\\\/04\\\/Mauro-1.jpg\",\"width\":1040,\"height\":500},{\"@type\":\"WebSite\",\"@id\":\"https:\\\/\\\/elinformativotam.com\\\/#website\",\"url\":\"https:\\\/\\\/elinformativotam.com\\\/\",\"name\":\"EL INFORMATIVO DE TAMAULIPAS\",\"description\":\"Desde la Zona Metropolitana Para Todo M\u00e9xico\",\"publisher\":{\"@id\":\"https:\\\/\\\/elinformativotam.com\\\/#organization\"},\"potentialAction\":[{\"@type\":\"SearchAction\",\"target\":{\"@type\":\"EntryPoint\",\"urlTemplate\":\"https:\\\/\\\/elinformativotam.com\\\/?s={search_term_string}\"},\"query-input\":{\"@type\":\"PropertyValueSpecification\",\"valueRequired\":true,\"valueName\":\"search_term_string\"}}],\"inLanguage\":\"es\"},{\"@type\":\"Organization\",\"@id\":\"https:\\\/\\\/elinformativotam.com\\\/#organization\",\"name\":\"EL INFORMATIVO DE TAMAULIPAS\",\"url\":\"https:\\\/\\\/elinformativotam.com\\\/\",\"logo\":{\"@type\":\"ImageObject\",\"inLanguage\":\"es\",\"@id\":\"https:\\\/\\\/elinformativotam.com\\\/#\\\/schema\\\/logo\\\/image\\\/\",\"url\":\"https:\\\/\\\/elinformativotam.com\\\/wp-content\\\/uploads\\\/2026\\\/02\\\/Cabezal.png\",\"contentUrl\":\"https:\\\/\\\/elinformativotam.com\\\/wp-content\\\/uploads\\\/2026\\\/02\\\/Cabezal.png\",\"width\":960,\"height\":640,\"caption\":\"EL INFORMATIVO DE TAMAULIPAS\"},\"image\":{\"@id\":\"https:\\\/\\\/elinformativotam.com\\\/#\\\/schema\\\/logo\\\/image\\\/\"}},{\"@type\":\"Person\",\"@id\":\"https:\\\/\\\/elinformativotam.com\\\/#\\\/schema\\\/person\\\/78e08040eed0f6110f0c5f83b6153590\",\"name\":\"El Informativo Tam\",\"image\":{\"@type\":\"ImageObject\",\"inLanguage\":\"es\",\"@id\":\"https:\\\/\\\/secure.gravatar.com\\\/avatar\\\/f3b7ad3af540688955925ac610647be00b0cf41feea9c4978b73a707ee86bc53?s=96&d=mm&r=g\",\"url\":\"https:\\\/\\\/secure.gravatar.com\\\/avatar\\\/f3b7ad3af540688955925ac610647be00b0cf41feea9c4978b73a707ee86bc53?s=96&d=mm&r=g\",\"contentUrl\":\"https:\\\/\\\/secure.gravatar.com\\\/avatar\\\/f3b7ad3af540688955925ac610647be00b0cf41feea9c4978b73a707ee86bc53?s=96&d=mm&r=g\",\"caption\":\"El Informativo Tam\"}}]}<\/script>\n<!-- \/ Yoast SEO plugin. -->","yoast_head_json":{"title":"ALERTAN POR POSIBLE SALIDA DE COCODRILOS DE LAGUNAS DE MADERO. - EL INFORMATIVO DE TAMAULIPAS","description":"Cd. Madero, Tamaulipas.- Por la cantidad de lluvia que se present\u00f3 en el sur de Tamaulipas, es posible que cocodrilos comiencen a salir de su h\u00e1bitat","robots":{"index":"index","follow":"follow","max-snippet":"max-snippet:-1","max-image-preview":"max-image-preview:large","max-video-preview":"max-video-preview:-1"},"canonical":"https:\/\/elinformativotam.com\/index.php\/2022\/04\/27\/alertan-por-posible-salida-de-cocodrilos-de-lagunas-de-madero\/","og_locale":"es_MX","og_type":"article","og_title":"ALERTAN POR POSIBLE SALIDA DE COCODRILOS DE LAGUNAS DE MADERO. - EL INFORMATIVO DE TAMAULIPAS","og_description":"Cd. Madero, Tamaulipas.- Por la cantidad de lluvia que se present\u00f3 en el sur de Tamaulipas, es posible que cocodrilos comiencen a salir de su h\u00e1bitat","og_url":"https:\/\/elinformativotam.com\/index.php\/2022\/04\/27\/alertan-por-posible-salida-de-cocodrilos-de-lagunas-de-madero\/","og_site_name":"EL INFORMATIVO DE TAMAULIPAS","article_published_time":"2022-04-27T23:48:04+00:00","og_image":[{"width":1040,"height":500,"url":"https:\/\/elinformativotam.com\/wp-content\/uploads\/2022\/04\/Mauro-1.jpg","type":"image\/jpeg"}],"author":"El Informativo Tam","twitter_card":"summary_large_image","twitter_misc":{"Escrito por":"El Informativo Tam","Tiempo de lectura":"1 minuto"},"schema":{"@context":"https:\/\/schema.org","@graph":[{"@type":"Article","@id":"https:\/\/elinformativotam.com\/index.php\/2022\/04\/27\/alertan-por-posible-salida-de-cocodrilos-de-lagunas-de-madero\/#article","isPartOf":{"@id":"https:\/\/elinformativotam.com\/index.php\/2022\/04\/27\/alertan-por-posible-salida-de-cocodrilos-de-lagunas-de-madero\/"},"author":{"name":"El Informativo Tam","@id":"https:\/\/elinformativotam.com\/#\/schema\/person\/78e08040eed0f6110f0c5f83b6153590"},"headline":"ALERTAN POR POSIBLE SALIDA DE COCODRILOS DE LAGUNAS DE MADERO.","datePublished":"2022-04-27T23:48:04+00:00","mainEntityOfPage":{"@id":"https:\/\/elinformativotam.com\/index.php\/2022\/04\/27\/alertan-por-posible-salida-de-cocodrilos-de-lagunas-de-madero\/"},"wordCount":274,"commentCount":0,"publisher":{"@id":"https:\/\/elinformativotam.com\/#organization"},"image":{"@id":"https:\/\/elinformativotam.com\/index.php\/2022\/04\/27\/alertan-por-posible-salida-de-cocodrilos-de-lagunas-de-madero\/#primaryimage"},"thumbnailUrl":"https:\/\/elinformativotam.com\/wp-content\/uploads\/2022\/04\/Mauro-1.jpg","articleSection":["Cd Madero"],"inLanguage":"es","potentialAction":[{"@type":"CommentAction","name":"Comment","target":["https:\/\/elinformativotam.com\/index.php\/2022\/04\/27\/alertan-por-posible-salida-de-cocodrilos-de-lagunas-de-madero\/#respond"]}]},{"@type":"WebPage","@id":"https:\/\/elinformativotam.com\/index.php\/2022\/04\/27\/alertan-por-posible-salida-de-cocodrilos-de-lagunas-de-madero\/","url":"https:\/\/elinformativotam.com\/index.php\/2022\/04\/27\/alertan-por-posible-salida-de-cocodrilos-de-lagunas-de-madero\/","name":"ALERTAN POR POSIBLE SALIDA DE COCODRILOS DE LAGUNAS DE MADERO. - EL INFORMATIVO DE TAMAULIPAS","isPartOf":{"@id":"https:\/\/elinformativotam.com\/#website"},"primaryImageOfPage":{"@id":"https:\/\/elinformativotam.com\/index.php\/2022\/04\/27\/alertan-por-posible-salida-de-cocodrilos-de-lagunas-de-madero\/#primaryimage"},"image":{"@id":"https:\/\/elinformativotam.com\/index.php\/2022\/04\/27\/alertan-por-posible-salida-de-cocodrilos-de-lagunas-de-madero\/#primaryimage"},"thumbnailUrl":"https:\/\/elinformativotam.com\/wp-content\/uploads\/2022\/04\/Mauro-1.jpg","datePublished":"2022-04-27T23:48:04+00:00","description":"Cd. Madero, Tamaulipas.- Por la cantidad de lluvia que se present\u00f3 en el sur de Tamaulipas, es posible que cocodrilos comiencen a salir de su h\u00e1bitat","inLanguage":"es","potentialAction":[{"@type":"ReadAction","target":["https:\/\/elinformativotam.com\/index.php\/2022\/04\/27\/alertan-por-posible-salida-de-cocodrilos-de-lagunas-de-madero\/"]}]},{"@type":"ImageObject","inLanguage":"es","@id":"https:\/\/elinformativotam.com\/index.php\/2022\/04\/27\/alertan-por-posible-salida-de-cocodrilos-de-lagunas-de-madero\/#primaryimage","url":"https:\/\/elinformativotam.com\/wp-content\/uploads\/2022\/04\/Mauro-1.jpg","contentUrl":"https:\/\/elinformativotam.com\/wp-content\/uploads\/2022\/04\/Mauro-1.jpg","width":1040,"height":500},{"@type":"WebSite","@id":"https:\/\/elinformativotam.com\/#website","url":"https:\/\/elinformativotam.com\/","name":"EL INFORMATIVO DE TAMAULIPAS","description":"Desde la Zona Metropolitana Para Todo M\u00e9xico","publisher":{"@id":"https:\/\/elinformativotam.com\/#organization"},"potentialAction":[{"@type":"SearchAction","target":{"@type":"EntryPoint","urlTemplate":"https:\/\/elinformativotam.com\/?s={search_term_string}"},"query-input":{"@type":"PropertyValueSpecification","valueRequired":true,"valueName":"search_term_string"}}],"inLanguage":"es"},{"@type":"Organization","@id":"https:\/\/elinformativotam.com\/#organization","name":"EL INFORMATIVO DE TAMAULIPAS","url":"https:\/\/elinformativotam.com\/","logo":{"@type":"ImageObject","inLanguage":"es","@id":"https:\/\/elinformativotam.com\/#\/schema\/logo\/image\/","url":"https:\/\/elinformativotam.com\/wp-content\/uploads\/2026\/02\/Cabezal.png","contentUrl":"https:\/\/elinformativotam.com\/wp-content\/uploads\/2026\/02\/Cabezal.png","width":960,"height":640,"caption":"EL INFORMATIVO DE TAMAULIPAS"},"image":{"@id":"https:\/\/elinformativotam.com\/#\/schema\/logo\/image\/"}},{"@type":"Person","@id":"https:\/\/elinformativotam.com\/#\/schema\/person\/78e08040eed0f6110f0c5f83b6153590","name":"El Informativo Tam","image":{"@type":"ImageObject","inLanguage":"es","@id":"https:\/\/secure.gravatar.com\/avatar\/f3b7ad3af540688955925ac610647be00b0cf41feea9c4978b73a707ee86bc53?s=96&d=mm&r=g","url":"https:\/\/secure.gravatar.com\/avatar\/f3b7ad3af540688955925ac610647be00b0cf41feea9c4978b73a707ee86bc53?s=96&d=mm&r=g","contentUrl":"https:\/\/secure.gravatar.com\/avatar\/f3b7ad3af540688955925ac610647be00b0cf41feea9c4978b73a707ee86bc53?s=96&d=mm&r=g","caption":"El Informativo Tam"}}]}},"_links":{"self":[{"href":"https:\/\/elinformativotam.com\/index.php\/wp-json\/wp\/v2\/posts\/30409","targetHints":{"allow":["GET"]}}],"collection":[{"href":"https:\/\/elinformativotam.com\/index.php\/wp-json\/wp\/v2\/posts"}],"about":[{"href":"https:\/\/elinformativotam.com\/index.php\/wp-json\/wp\/v2\/types\/post"}],"author":[{"embeddable":true,"href":"https:\/\/elinformativotam.com\/index.php\/wp-json\/wp\/v2\/users\/1"}],"replies":[{"embeddable":true,"href":"https:\/\/elinformativotam.com\/index.php\/wp-json\/wp\/v2\/comments?post=30409"}],"version-history":[{"count":1,"href":"https:\/\/elinformativotam.com\/index.php\/wp-json\/wp\/v2\/posts\/30409\/revisions"}],"predecessor-version":[{"id":30411,"href":"https:\/\/elinformativotam.com\/index.php\/wp-json\/wp\/v2\/posts\/30409\/revisions\/30411"}],"wp:featuredmedia":[{"embeddable":true,"href":"https:\/\/elinformativotam.com\/index.php\/wp-json\/wp\/v2\/media\/30410"}],"wp:attachment":[{"href":"https:\/\/elinformativotam.com\/index.php\/wp-json\/wp\/v2\/media?parent=30409"}],"wp:term":[{"taxonomy":"category","embeddable":true,"href":"https:\/\/elinformativotam.com\/index.php\/wp-json\/wp\/v2\/categories?post=30409"},{"taxonomy":"post_tag","embeddable":true,"href":"https:\/\/elinformativotam.com\/index.php\/wp-json\/wp\/v2\/tags?post=30409"}],"curies":[{"name":"wp","href":"https:\/\/api.w.org\/{rel}","templated":true}]}}