{"id":2982,"date":"2020-02-25T15:45:25","date_gmt":"2020-02-25T21:45:25","guid":{"rendered":"http:\/\/elinformativotam.com\/?p=2982"},"modified":"2020-02-25T15:45:25","modified_gmt":"2020-02-25T21:45:25","slug":"consolida-gobierno-de-alma-laura-amparan-generacion-de-empleos-en-altamira","status":"publish","type":"post","link":"https:\/\/elinformativotam.com\/index.php\/2020\/02\/25\/consolida-gobierno-de-alma-laura-amparan-generacion-de-empleos-en-altamira\/","title":{"rendered":"CONSOLIDA GOBIERNO DE ALMA LAURA AMPAR\u00c1N GENERACI\u00d3N DE EMPLEOS EN ALTAMIRA"},"content":{"rendered":"<h2><em><strong>*Anuncia Alcaldesa Primera Jornada De Oferta Laboral Altamira 2020 Donde Se Ofrecer\u00e1n 1,200 Puestos De Trabajo En \u00c1reas Operativas, T\u00e9cnicas Y Profesionales<\/strong><\/em><\/h2>\n<p>&nbsp;<\/p>\n<p>Afianzando a Altamira como el municipio n\u00famero uno en la generaci\u00f3n de fuentes de trabajo en cuanto al porcentaje de su poblaci\u00f3n y a efecto de continuar impulsando el empleo, el desarrollo econ\u00f3mico y la competitividad, la alcaldesa Alma Laura Ampar\u00e1n Cruz anunci\u00f3 la Primera Jornada de Oferta Laboral Altamira 2020 que se realizar\u00e1 en la plaza Constituci\u00f3n el pr\u00f3ximo 28 de febrero donde m\u00e1s de 45 empresas ofertar\u00e1n mil 200 vacantes en \u00e1reas operativas, t\u00e9cnicas y profesionales.<\/p>\n<p>&nbsp;<\/p>\n<p>En rueda de prensa, la presidenta municipal, acompa\u00f1ada por el secretario de Econom\u00eda, Gonzalo Alem\u00e1n Migliolo y de representantes de compa\u00f1\u00edas que participar\u00e1n en esa feria laboral, reiter\u00f3 que su gobierno es promotor y facilitador de las inversiones, por lo que ofrece a las empresas la certeza de que en Altamira existe gente preparada y capacitada.<\/p>\n<p>&nbsp;<\/p>\n<p>Como muestra de lo anterior, precis\u00f3 que bajo su gesti\u00f3n se han creado y generado, junto con los sectores productivos, m\u00e1s de 9 mil 500 empleos formales lo que representa el 23 por ciento de crecimiento, posicionando a Altamira como la ciudad con la media salarial m\u00e1s alta en Tamaulipas, sobresaliendo adem\u00e1s a nivel nacional en cuanto a salarios bien pagados beneficiando a miles de familias.<\/p>\n<p>&nbsp;<\/p>\n<p>\u201cAgradezco a nuestros aliados de la iniciativa privada por confiar en un gobierno que promueve el empleo a favor de las mujeres y hombres de Altamira. El pr\u00f3ximo viernes 28 de febrero m\u00e1s de 45 empresas pondr\u00e1n a disposici\u00f3n de nuestra gente mil 200 vacantes, tanto operativas, como t\u00e9cnicas y profesionales; este ritmo de crecimiento es \u00fanico en la zona sur de nuestro estado y demuestra que en Altamira estamos haciendo las cosas bien, porque Altamira est\u00e1 en buenas manos\u201d, expres\u00f3 Ampar\u00e1n Cruz.<\/p>\n<p>&nbsp;<\/p>\n<p>Por su parte, el secretario de Econom\u00eda, Gonzalo Alem\u00e1n Migliolo detall\u00f3 que de acuerdo a datos emitidos por el Instituto Mexicano Seguro Social, Altamira registra un crecimiento sostenido del 23 por ciento generando en el mes de enero del a\u00f1o en curso, mil 272 nuevos empleos, lo que reafirma a este municipio como el n\u00famero uno en cuanto al porcentaje de su poblaci\u00f3n.<\/p>\n<p><img loading=\"lazy\" decoding=\"async\" class=\"wp-image-2978 alignleft\" src=\"https:\/\/elinformativotam.com\/wp-content\/uploads\/2020\/02\/laura-12-300x169.jpg\" alt=\"\" width=\"747\" height=\"421\" \/><\/p>\n<p>A\u00f1adi\u00f3 que gracias a la confianza de los inversionistas, tanto nacionales como extranjeros, as\u00ed como a la buena relaci\u00f3n existente con las agrupaciones sindicales,<\/p>\n<p>&nbsp;<\/p>\n<p>\u201cAltamira va bien, est\u00e1 creciendo a pasos agigantados y sigue siendo un referente de Tamaulipas\u2019\u2019.<\/p>\n<p>&nbsp;<\/p>\n<p>Cabe resaltar que Altamira registra un salario promedio de 517 pesos diarios, superando a ciudades como Matamoros que maneja un sueldo promedio de 422 pesos; Nuevo Laredo, 411 pesos; Reynosa, 400 pesos; Ciudad Madero, 254 pesos y Tampico, 325 pesos.<\/p>\n<p>&nbsp;<\/p>\n<p>Tambi\u00e9n estuvieron presentes, el representante del Sindicato Progresista Mc Dermott, V\u00edctor Toledo Flores; representando a la empresa IPM, Martha Guerra Rodr\u00edguez y Carlos Alberto Mart\u00ednez Aguilar; por parte de la empresa MN del Golfo, Roc\u00edo Gonz\u00e1lez Hern\u00e1ndez; en representaci\u00f3n de la empresa FEMSA OXXO, Alejandra Segura P\u00e9rez; de la empresa IZZI, Ana Laura Torres Mart\u00ednez; el representante de la empresa AMAJAC, C\u00e9sar Abel G\u00f3mez Netro; de Grupo GAREL, Brenda Cabriales de Le\u00f3n, as\u00ed como s\u00edndicos y regidores.<\/p>\n","protected":false},"excerpt":{"rendered":"<p>*Anuncia Alcaldesa Primera Jornada De Oferta Laboral Altamira 2020 Donde Se Ofrecer\u00e1n 1,200 Puestos De Trabajo En \u00c1reas Operativas, T\u00e9cnicas&hellip;<\/p>\n","protected":false},"author":1,"featured_media":0,"comment_status":"open","ping_status":"open","sticky":false,"template":"","format":"standard","meta":{"footnotes":""},"categories":[5],"tags":[],"class_list":["post-2982","post","type-post","status-publish","format-standard","hentry","category-altamira"],"yoast_head":"<!-- This site is optimized with the Yoast SEO plugin v27.4 - https:\/\/yoast.com\/product\/yoast-seo-wordpress\/ -->\n<title>CONSOLIDA GOBIERNO DE ALMA LAURA AMPAR\u00c1N GENERACI\u00d3N DE EMPLEOS EN ALTAMIRA - EL INFORMATIVO DE TAMAULIPAS<\/title>\n<meta name=\"description\" content=\"*Anuncia Alcaldesa Primera Jornada De Oferta Laboral Altamira 2020 Donde Se Ofrecer\u00e1n 1,200 Puestos De Trabajo En \u00c1reas Operativas, T\u00e9cnicas Y\" \/>\n<meta name=\"robots\" content=\"index, follow, max-snippet:-1, max-image-preview:large, max-video-preview:-1\" \/>\n<link rel=\"canonical\" href=\"https:\/\/elinformativotam.com\/index.php\/2020\/02\/25\/consolida-gobierno-de-alma-laura-amparan-generacion-de-empleos-en-altamira\/\" \/>\n<meta property=\"og:locale\" content=\"es_MX\" \/>\n<meta property=\"og:type\" content=\"article\" \/>\n<meta property=\"og:title\" content=\"CONSOLIDA GOBIERNO DE ALMA LAURA AMPAR\u00c1N GENERACI\u00d3N DE EMPLEOS EN ALTAMIRA - EL INFORMATIVO DE TAMAULIPAS\" \/>\n<meta property=\"og:description\" content=\"*Anuncia Alcaldesa Primera Jornada De Oferta Laboral Altamira 2020 Donde Se Ofrecer\u00e1n 1,200 Puestos De Trabajo En \u00c1reas Operativas, T\u00e9cnicas Y\" \/>\n<meta property=\"og:url\" content=\"https:\/\/elinformativotam.com\/index.php\/2020\/02\/25\/consolida-gobierno-de-alma-laura-amparan-generacion-de-empleos-en-altamira\/\" \/>\n<meta property=\"og:site_name\" content=\"EL INFORMATIVO DE TAMAULIPAS\" \/>\n<meta property=\"article:published_time\" content=\"2020-02-25T21:45:25+00:00\" \/>\n<meta property=\"og:image\" content=\"http:\/\/elinformativotam.com\/wp-content\/uploads\/2020\/02\/laura-12-300x169.jpg\" \/>\n<meta name=\"author\" content=\"El Informativo Tam\" \/>\n<meta name=\"twitter:card\" content=\"summary_large_image\" \/>\n<meta name=\"twitter:label1\" content=\"Escrito por\" \/>\n\t<meta name=\"twitter:data1\" content=\"El Informativo Tam\" \/>\n\t<meta name=\"twitter:label2\" content=\"Tiempo de lectura\" \/>\n\t<meta name=\"twitter:data2\" content=\"3 minutos\" \/>\n<script type=\"application\/ld+json\" class=\"yoast-schema-graph\">{\"@context\":\"https:\\\/\\\/schema.org\",\"@graph\":[{\"@type\":\"Article\",\"@id\":\"https:\\\/\\\/elinformativotam.com\\\/index.php\\\/2020\\\/02\\\/25\\\/consolida-gobierno-de-alma-laura-amparan-generacion-de-empleos-en-altamira\\\/#article\",\"isPartOf\":{\"@id\":\"https:\\\/\\\/elinformativotam.com\\\/index.php\\\/2020\\\/02\\\/25\\\/consolida-gobierno-de-alma-laura-amparan-generacion-de-empleos-en-altamira\\\/\"},\"author\":{\"name\":\"El Informativo Tam\",\"@id\":\"https:\\\/\\\/elinformativotam.com\\\/#\\\/schema\\\/person\\\/78e08040eed0f6110f0c5f83b6153590\"},\"headline\":\"CONSOLIDA GOBIERNO DE ALMA LAURA AMPAR\u00c1N GENERACI\u00d3N DE EMPLEOS EN ALTAMIRA\",\"datePublished\":\"2020-02-25T21:45:25+00:00\",\"mainEntityOfPage\":{\"@id\":\"https:\\\/\\\/elinformativotam.com\\\/index.php\\\/2020\\\/02\\\/25\\\/consolida-gobierno-de-alma-laura-amparan-generacion-de-empleos-en-altamira\\\/\"},\"wordCount\":573,\"commentCount\":0,\"publisher\":{\"@id\":\"https:\\\/\\\/elinformativotam.com\\\/#organization\"},\"image\":{\"@id\":\"https:\\\/\\\/elinformativotam.com\\\/index.php\\\/2020\\\/02\\\/25\\\/consolida-gobierno-de-alma-laura-amparan-generacion-de-empleos-en-altamira\\\/#primaryimage\"},\"thumbnailUrl\":\"http:\\\/\\\/elinformativotam.com\\\/wp-content\\\/uploads\\\/2020\\\/02\\\/laura-12-300x169.jpg\",\"articleSection\":[\"Altamira\"],\"inLanguage\":\"es\",\"potentialAction\":[{\"@type\":\"CommentAction\",\"name\":\"Comment\",\"target\":[\"https:\\\/\\\/elinformativotam.com\\\/index.php\\\/2020\\\/02\\\/25\\\/consolida-gobierno-de-alma-laura-amparan-generacion-de-empleos-en-altamira\\\/#respond\"]}]},{\"@type\":\"WebPage\",\"@id\":\"https:\\\/\\\/elinformativotam.com\\\/index.php\\\/2020\\\/02\\\/25\\\/consolida-gobierno-de-alma-laura-amparan-generacion-de-empleos-en-altamira\\\/\",\"url\":\"https:\\\/\\\/elinformativotam.com\\\/index.php\\\/2020\\\/02\\\/25\\\/consolida-gobierno-de-alma-laura-amparan-generacion-de-empleos-en-altamira\\\/\",\"name\":\"CONSOLIDA GOBIERNO DE ALMA LAURA AMPAR\u00c1N GENERACI\u00d3N DE EMPLEOS EN ALTAMIRA - EL INFORMATIVO DE TAMAULIPAS\",\"isPartOf\":{\"@id\":\"https:\\\/\\\/elinformativotam.com\\\/#website\"},\"primaryImageOfPage\":{\"@id\":\"https:\\\/\\\/elinformativotam.com\\\/index.php\\\/2020\\\/02\\\/25\\\/consolida-gobierno-de-alma-laura-amparan-generacion-de-empleos-en-altamira\\\/#primaryimage\"},\"image\":{\"@id\":\"https:\\\/\\\/elinformativotam.com\\\/index.php\\\/2020\\\/02\\\/25\\\/consolida-gobierno-de-alma-laura-amparan-generacion-de-empleos-en-altamira\\\/#primaryimage\"},\"thumbnailUrl\":\"http:\\\/\\\/elinformativotam.com\\\/wp-content\\\/uploads\\\/2020\\\/02\\\/laura-12-300x169.jpg\",\"datePublished\":\"2020-02-25T21:45:25+00:00\",\"description\":\"*Anuncia Alcaldesa Primera Jornada De Oferta Laboral Altamira 2020 Donde Se Ofrecer\u00e1n 1,200 Puestos De Trabajo En \u00c1reas Operativas, T\u00e9cnicas Y\",\"inLanguage\":\"es\",\"potentialAction\":[{\"@type\":\"ReadAction\",\"target\":[\"https:\\\/\\\/elinformativotam.com\\\/index.php\\\/2020\\\/02\\\/25\\\/consolida-gobierno-de-alma-laura-amparan-generacion-de-empleos-en-altamira\\\/\"]}]},{\"@type\":\"ImageObject\",\"inLanguage\":\"es\",\"@id\":\"https:\\\/\\\/elinformativotam.com\\\/index.php\\\/2020\\\/02\\\/25\\\/consolida-gobierno-de-alma-laura-amparan-generacion-de-empleos-en-altamira\\\/#primaryimage\",\"url\":\"http:\\\/\\\/elinformativotam.com\\\/wp-content\\\/uploads\\\/2020\\\/02\\\/laura-12-300x169.jpg\",\"contentUrl\":\"http:\\\/\\\/elinformativotam.com\\\/wp-content\\\/uploads\\\/2020\\\/02\\\/laura-12-300x169.jpg\"},{\"@type\":\"WebSite\",\"@id\":\"https:\\\/\\\/elinformativotam.com\\\/#website\",\"url\":\"https:\\\/\\\/elinformativotam.com\\\/\",\"name\":\"EL INFORMATIVO DE TAMAULIPAS\",\"description\":\"Desde la Zona Metropolitana Para Todo M\u00e9xico\",\"publisher\":{\"@id\":\"https:\\\/\\\/elinformativotam.com\\\/#organization\"},\"potentialAction\":[{\"@type\":\"SearchAction\",\"target\":{\"@type\":\"EntryPoint\",\"urlTemplate\":\"https:\\\/\\\/elinformativotam.com\\\/?s={search_term_string}\"},\"query-input\":{\"@type\":\"PropertyValueSpecification\",\"valueRequired\":true,\"valueName\":\"search_term_string\"}}],\"inLanguage\":\"es\"},{\"@type\":\"Organization\",\"@id\":\"https:\\\/\\\/elinformativotam.com\\\/#organization\",\"name\":\"EL INFORMATIVO DE TAMAULIPAS\",\"url\":\"https:\\\/\\\/elinformativotam.com\\\/\",\"logo\":{\"@type\":\"ImageObject\",\"inLanguage\":\"es\",\"@id\":\"https:\\\/\\\/elinformativotam.com\\\/#\\\/schema\\\/logo\\\/image\\\/\",\"url\":\"https:\\\/\\\/elinformativotam.com\\\/wp-content\\\/uploads\\\/2026\\\/02\\\/Cabezal.png\",\"contentUrl\":\"https:\\\/\\\/elinformativotam.com\\\/wp-content\\\/uploads\\\/2026\\\/02\\\/Cabezal.png\",\"width\":960,\"height\":640,\"caption\":\"EL INFORMATIVO DE TAMAULIPAS\"},\"image\":{\"@id\":\"https:\\\/\\\/elinformativotam.com\\\/#\\\/schema\\\/logo\\\/image\\\/\"}},{\"@type\":\"Person\",\"@id\":\"https:\\\/\\\/elinformativotam.com\\\/#\\\/schema\\\/person\\\/78e08040eed0f6110f0c5f83b6153590\",\"name\":\"El Informativo Tam\",\"image\":{\"@type\":\"ImageObject\",\"inLanguage\":\"es\",\"@id\":\"https:\\\/\\\/secure.gravatar.com\\\/avatar\\\/f3b7ad3af540688955925ac610647be00b0cf41feea9c4978b73a707ee86bc53?s=96&d=mm&r=g\",\"url\":\"https:\\\/\\\/secure.gravatar.com\\\/avatar\\\/f3b7ad3af540688955925ac610647be00b0cf41feea9c4978b73a707ee86bc53?s=96&d=mm&r=g\",\"contentUrl\":\"https:\\\/\\\/secure.gravatar.com\\\/avatar\\\/f3b7ad3af540688955925ac610647be00b0cf41feea9c4978b73a707ee86bc53?s=96&d=mm&r=g\",\"caption\":\"El Informativo Tam\"}}]}<\/script>\n<!-- \/ Yoast SEO plugin. -->","yoast_head_json":{"title":"CONSOLIDA GOBIERNO DE ALMA LAURA AMPAR\u00c1N GENERACI\u00d3N DE EMPLEOS EN ALTAMIRA - EL INFORMATIVO DE TAMAULIPAS","description":"*Anuncia Alcaldesa Primera Jornada De Oferta Laboral Altamira 2020 Donde Se Ofrecer\u00e1n 1,200 Puestos De Trabajo En \u00c1reas Operativas, T\u00e9cnicas Y","robots":{"index":"index","follow":"follow","max-snippet":"max-snippet:-1","max-image-preview":"max-image-preview:large","max-video-preview":"max-video-preview:-1"},"canonical":"https:\/\/elinformativotam.com\/index.php\/2020\/02\/25\/consolida-gobierno-de-alma-laura-amparan-generacion-de-empleos-en-altamira\/","og_locale":"es_MX","og_type":"article","og_title":"CONSOLIDA GOBIERNO DE ALMA LAURA AMPAR\u00c1N GENERACI\u00d3N DE EMPLEOS EN ALTAMIRA - EL INFORMATIVO DE TAMAULIPAS","og_description":"*Anuncia Alcaldesa Primera Jornada De Oferta Laboral Altamira 2020 Donde Se Ofrecer\u00e1n 1,200 Puestos De Trabajo En \u00c1reas Operativas, T\u00e9cnicas Y","og_url":"https:\/\/elinformativotam.com\/index.php\/2020\/02\/25\/consolida-gobierno-de-alma-laura-amparan-generacion-de-empleos-en-altamira\/","og_site_name":"EL INFORMATIVO DE TAMAULIPAS","article_published_time":"2020-02-25T21:45:25+00:00","og_image":[{"url":"http:\/\/elinformativotam.com\/wp-content\/uploads\/2020\/02\/laura-12-300x169.jpg","type":"","width":"","height":""}],"author":"El Informativo Tam","twitter_card":"summary_large_image","twitter_misc":{"Escrito por":"El Informativo Tam","Tiempo de lectura":"3 minutos"},"schema":{"@context":"https:\/\/schema.org","@graph":[{"@type":"Article","@id":"https:\/\/elinformativotam.com\/index.php\/2020\/02\/25\/consolida-gobierno-de-alma-laura-amparan-generacion-de-empleos-en-altamira\/#article","isPartOf":{"@id":"https:\/\/elinformativotam.com\/index.php\/2020\/02\/25\/consolida-gobierno-de-alma-laura-amparan-generacion-de-empleos-en-altamira\/"},"author":{"name":"El Informativo Tam","@id":"https:\/\/elinformativotam.com\/#\/schema\/person\/78e08040eed0f6110f0c5f83b6153590"},"headline":"CONSOLIDA GOBIERNO DE ALMA LAURA AMPAR\u00c1N GENERACI\u00d3N DE EMPLEOS EN ALTAMIRA","datePublished":"2020-02-25T21:45:25+00:00","mainEntityOfPage":{"@id":"https:\/\/elinformativotam.com\/index.php\/2020\/02\/25\/consolida-gobierno-de-alma-laura-amparan-generacion-de-empleos-en-altamira\/"},"wordCount":573,"commentCount":0,"publisher":{"@id":"https:\/\/elinformativotam.com\/#organization"},"image":{"@id":"https:\/\/elinformativotam.com\/index.php\/2020\/02\/25\/consolida-gobierno-de-alma-laura-amparan-generacion-de-empleos-en-altamira\/#primaryimage"},"thumbnailUrl":"http:\/\/elinformativotam.com\/wp-content\/uploads\/2020\/02\/laura-12-300x169.jpg","articleSection":["Altamira"],"inLanguage":"es","potentialAction":[{"@type":"CommentAction","name":"Comment","target":["https:\/\/elinformativotam.com\/index.php\/2020\/02\/25\/consolida-gobierno-de-alma-laura-amparan-generacion-de-empleos-en-altamira\/#respond"]}]},{"@type":"WebPage","@id":"https:\/\/elinformativotam.com\/index.php\/2020\/02\/25\/consolida-gobierno-de-alma-laura-amparan-generacion-de-empleos-en-altamira\/","url":"https:\/\/elinformativotam.com\/index.php\/2020\/02\/25\/consolida-gobierno-de-alma-laura-amparan-generacion-de-empleos-en-altamira\/","name":"CONSOLIDA GOBIERNO DE ALMA LAURA AMPAR\u00c1N GENERACI\u00d3N DE EMPLEOS EN ALTAMIRA - EL INFORMATIVO DE TAMAULIPAS","isPartOf":{"@id":"https:\/\/elinformativotam.com\/#website"},"primaryImageOfPage":{"@id":"https:\/\/elinformativotam.com\/index.php\/2020\/02\/25\/consolida-gobierno-de-alma-laura-amparan-generacion-de-empleos-en-altamira\/#primaryimage"},"image":{"@id":"https:\/\/elinformativotam.com\/index.php\/2020\/02\/25\/consolida-gobierno-de-alma-laura-amparan-generacion-de-empleos-en-altamira\/#primaryimage"},"thumbnailUrl":"http:\/\/elinformativotam.com\/wp-content\/uploads\/2020\/02\/laura-12-300x169.jpg","datePublished":"2020-02-25T21:45:25+00:00","description":"*Anuncia Alcaldesa Primera Jornada De Oferta Laboral Altamira 2020 Donde Se Ofrecer\u00e1n 1,200 Puestos De Trabajo En \u00c1reas Operativas, T\u00e9cnicas Y","inLanguage":"es","potentialAction":[{"@type":"ReadAction","target":["https:\/\/elinformativotam.com\/index.php\/2020\/02\/25\/consolida-gobierno-de-alma-laura-amparan-generacion-de-empleos-en-altamira\/"]}]},{"@type":"ImageObject","inLanguage":"es","@id":"https:\/\/elinformativotam.com\/index.php\/2020\/02\/25\/consolida-gobierno-de-alma-laura-amparan-generacion-de-empleos-en-altamira\/#primaryimage","url":"http:\/\/elinformativotam.com\/wp-content\/uploads\/2020\/02\/laura-12-300x169.jpg","contentUrl":"http:\/\/elinformativotam.com\/wp-content\/uploads\/2020\/02\/laura-12-300x169.jpg"},{"@type":"WebSite","@id":"https:\/\/elinformativotam.com\/#website","url":"https:\/\/elinformativotam.com\/","name":"EL INFORMATIVO DE TAMAULIPAS","description":"Desde la Zona Metropolitana Para Todo M\u00e9xico","publisher":{"@id":"https:\/\/elinformativotam.com\/#organization"},"potentialAction":[{"@type":"SearchAction","target":{"@type":"EntryPoint","urlTemplate":"https:\/\/elinformativotam.com\/?s={search_term_string}"},"query-input":{"@type":"PropertyValueSpecification","valueRequired":true,"valueName":"search_term_string"}}],"inLanguage":"es"},{"@type":"Organization","@id":"https:\/\/elinformativotam.com\/#organization","name":"EL INFORMATIVO DE TAMAULIPAS","url":"https:\/\/elinformativotam.com\/","logo":{"@type":"ImageObject","inLanguage":"es","@id":"https:\/\/elinformativotam.com\/#\/schema\/logo\/image\/","url":"https:\/\/elinformativotam.com\/wp-content\/uploads\/2026\/02\/Cabezal.png","contentUrl":"https:\/\/elinformativotam.com\/wp-content\/uploads\/2026\/02\/Cabezal.png","width":960,"height":640,"caption":"EL INFORMATIVO DE TAMAULIPAS"},"image":{"@id":"https:\/\/elinformativotam.com\/#\/schema\/logo\/image\/"}},{"@type":"Person","@id":"https:\/\/elinformativotam.com\/#\/schema\/person\/78e08040eed0f6110f0c5f83b6153590","name":"El Informativo Tam","image":{"@type":"ImageObject","inLanguage":"es","@id":"https:\/\/secure.gravatar.com\/avatar\/f3b7ad3af540688955925ac610647be00b0cf41feea9c4978b73a707ee86bc53?s=96&d=mm&r=g","url":"https:\/\/secure.gravatar.com\/avatar\/f3b7ad3af540688955925ac610647be00b0cf41feea9c4978b73a707ee86bc53?s=96&d=mm&r=g","contentUrl":"https:\/\/secure.gravatar.com\/avatar\/f3b7ad3af540688955925ac610647be00b0cf41feea9c4978b73a707ee86bc53?s=96&d=mm&r=g","caption":"El Informativo Tam"}}]}},"_links":{"self":[{"href":"https:\/\/elinformativotam.com\/index.php\/wp-json\/wp\/v2\/posts\/2982","targetHints":{"allow":["GET"]}}],"collection":[{"href":"https:\/\/elinformativotam.com\/index.php\/wp-json\/wp\/v2\/posts"}],"about":[{"href":"https:\/\/elinformativotam.com\/index.php\/wp-json\/wp\/v2\/types\/post"}],"author":[{"embeddable":true,"href":"https:\/\/elinformativotam.com\/index.php\/wp-json\/wp\/v2\/users\/1"}],"replies":[{"embeddable":true,"href":"https:\/\/elinformativotam.com\/index.php\/wp-json\/wp\/v2\/comments?post=2982"}],"version-history":[{"count":0,"href":"https:\/\/elinformativotam.com\/index.php\/wp-json\/wp\/v2\/posts\/2982\/revisions"}],"wp:attachment":[{"href":"https:\/\/elinformativotam.com\/index.php\/wp-json\/wp\/v2\/media?parent=2982"}],"wp:term":[{"taxonomy":"category","embeddable":true,"href":"https:\/\/elinformativotam.com\/index.php\/wp-json\/wp\/v2\/categories?post=2982"},{"taxonomy":"post_tag","embeddable":true,"href":"https:\/\/elinformativotam.com\/index.php\/wp-json\/wp\/v2\/tags?post=2982"}],"curies":[{"name":"wp","href":"https:\/\/api.w.org\/{rel}","templated":true}]}}