{"id":2697,"date":"2020-02-15T13:38:55","date_gmt":"2020-02-15T19:38:55","guid":{"rendered":"http:\/\/elinformativotam.com\/?p=2697"},"modified":"2020-02-15T13:38:55","modified_gmt":"2020-02-15T19:38:55","slug":"el-mercado-esta-con-todo-locatarios","status":"publish","type":"post","link":"https:\/\/elinformativotam.com\/index.php\/2020\/02\/15\/el-mercado-esta-con-todo-locatarios\/","title":{"rendered":"EL MERCADO EST\u00c1 CON TODO!: LOCATARIOS"},"content":{"rendered":"<p>Al conocer las instalaciones del nuevo Mercado de Tampico, Venustiano Del Toro Moreno, comerciante desde hace tres d\u00e9cadas en este centro de abasto, se\u00f1al\u00f3 que el inmueble concentra el anhelo de muchos locatarios y asegur\u00f3 que con su entrega inicia una nueva etapa de desarrollo y bienestar para los tampique\u00f1os.<\/p>\n<p>&nbsp;<\/p>\n<p>&#8220;El sue\u00f1o de todos nosotros se vuelve una realidad, tenemos un nuevo mercado; y vaya que se siente bien estar a punto de subir la cortina e iniciar un nueva etapa que promete muchas cosas buenas. De verdad el mercado &#8220;est\u00e1 con todo&#8221;\u00a0 ahora nos toca ponernos las pilas y convertir este sitio en un lugar especial&#8221;, dijo.<\/p>\n<p>&nbsp;<\/p>\n<p>Del Toro Moreno relat\u00f3 que cuando se vio en la necesidad de ubicarse en los mercados temporales, para dar paso a la construcci\u00f3n del nuevo inmueble, &#8220;sent\u00ed temor e incertidumbre, ya que aqu\u00ed entregamos d\u00e9cadas de esfuerzo, sudor y l\u00e1grimas por sacar adelante a nuestras familias, sin embargo hoy les digo de todo coraz\u00f3n, que me volvi\u00f3 el alma al cuerpo&#8221;.<\/p>\n<p><img loading=\"lazy\" decoding=\"async\" class=\"alignnone  wp-image-2696\" src=\"https:\/\/elinformativotam.com\/wp-content\/uploads\/2020\/02\/mercao2-300x200.jpg\" alt=\"\" width=\"764\" height=\"509\" \/><\/p>\n<p>El locatario detall\u00f3 que para los comerciantes, el mercado es un peque\u00f1o mundo lleno de historias y leyendas, aderezado con un lenguaje florido en el que varias generaciones han dejado su vida, &#8220;porque nos gusta mucho lo que hacemos; el bullicio y el colorido de los mercados no lo cambiamos por nada; cada d\u00eda nos regala nuevas experiencias y nos deja ver con claridad la importancia del servicio que brindamos&#8221;.<\/p>\n<p>&nbsp;<\/p>\n<p>Agradeci\u00f3 al Gobernador del Estado, Francisco Garc\u00eda Cabeza de Vaca y al Presidente Municipal Chucho Nader por haber cumplido el compromiso contra\u00eddo con los locatarios y por entregar al pueblo de Tampico una obra moderna, funcional y de gran belleza.<\/p>\n<p>&nbsp;<\/p>\n<p>&#8220;No es tan f\u00e1cil dejar un rinc\u00f3n que se vuelve entra\u00f1able y esperar que se cumplan las promesas que nos hicieron, por ello gracias se\u00f1or Gobernador y se\u00f1or Presidente por echarle toda la carne al asador.<\/p>\n","protected":false},"excerpt":{"rendered":"<p>Al conocer las instalaciones del nuevo Mercado de Tampico, Venustiano Del Toro Moreno, comerciante desde hace tres d\u00e9cadas en este&hellip;<\/p>\n","protected":false},"author":1,"featured_media":0,"comment_status":"open","ping_status":"open","sticky":false,"template":"","format":"standard","meta":{"footnotes":""},"categories":[3],"tags":[],"class_list":["post-2697","post","type-post","status-publish","format-standard","hentry","category-tampico"],"yoast_head":"<!-- This site is optimized with the Yoast SEO plugin v27.5 - https:\/\/yoast.com\/product\/yoast-seo-wordpress\/ -->\n<title>EL MERCADO EST\u00c1 CON TODO!: LOCATARIOS - EL INFORMATIVO DE TAMAULIPAS<\/title>\n<meta name=\"description\" content=\"Al conocer las instalaciones del nuevo Mercado de Tampico, Venustiano Del Toro Moreno, comerciante desde hace tres d\u00e9cadas en este centro de abasto,\" \/>\n<meta name=\"robots\" content=\"index, follow, max-snippet:-1, max-image-preview:large, max-video-preview:-1\" \/>\n<link rel=\"canonical\" href=\"https:\/\/elinformativotam.com\/index.php\/2020\/02\/15\/el-mercado-esta-con-todo-locatarios\/\" \/>\n<meta property=\"og:locale\" content=\"es_MX\" \/>\n<meta property=\"og:type\" content=\"article\" \/>\n<meta property=\"og:title\" content=\"EL MERCADO EST\u00c1 CON TODO!: LOCATARIOS - EL INFORMATIVO DE TAMAULIPAS\" \/>\n<meta property=\"og:description\" content=\"Al conocer las instalaciones del nuevo Mercado de Tampico, Venustiano Del Toro Moreno, comerciante desde hace tres d\u00e9cadas en este centro de abasto,\" \/>\n<meta property=\"og:url\" content=\"https:\/\/elinformativotam.com\/index.php\/2020\/02\/15\/el-mercado-esta-con-todo-locatarios\/\" \/>\n<meta property=\"og:site_name\" content=\"EL INFORMATIVO DE TAMAULIPAS\" \/>\n<meta property=\"article:published_time\" content=\"2020-02-15T19:38:55+00:00\" \/>\n<meta property=\"og:image\" content=\"http:\/\/elinformativotam.com\/wp-content\/uploads\/2020\/02\/mercao2-300x200.jpg\" \/>\n<meta name=\"author\" content=\"El Informativo Tam\" \/>\n<meta name=\"twitter:card\" content=\"summary_large_image\" \/>\n<meta name=\"twitter:label1\" content=\"Escrito por\" \/>\n\t<meta name=\"twitter:data1\" content=\"El Informativo Tam\" \/>\n\t<meta name=\"twitter:label2\" content=\"Tiempo de lectura\" \/>\n\t<meta name=\"twitter:data2\" content=\"2 minutos\" \/>\n<script type=\"application\/ld+json\" class=\"yoast-schema-graph\">{\"@context\":\"https:\\\/\\\/schema.org\",\"@graph\":[{\"@type\":\"Article\",\"@id\":\"https:\\\/\\\/elinformativotam.com\\\/index.php\\\/2020\\\/02\\\/15\\\/el-mercado-esta-con-todo-locatarios\\\/#article\",\"isPartOf\":{\"@id\":\"https:\\\/\\\/elinformativotam.com\\\/index.php\\\/2020\\\/02\\\/15\\\/el-mercado-esta-con-todo-locatarios\\\/\"},\"author\":{\"name\":\"El Informativo Tam\",\"@id\":\"https:\\\/\\\/elinformativotam.com\\\/#\\\/schema\\\/person\\\/78e08040eed0f6110f0c5f83b6153590\"},\"headline\":\"EL MERCADO EST\u00c1 CON TODO!: LOCATARIOS\",\"datePublished\":\"2020-02-15T19:38:55+00:00\",\"mainEntityOfPage\":{\"@id\":\"https:\\\/\\\/elinformativotam.com\\\/index.php\\\/2020\\\/02\\\/15\\\/el-mercado-esta-con-todo-locatarios\\\/\"},\"wordCount\":342,\"commentCount\":0,\"publisher\":{\"@id\":\"https:\\\/\\\/elinformativotam.com\\\/#organization\"},\"image\":{\"@id\":\"https:\\\/\\\/elinformativotam.com\\\/index.php\\\/2020\\\/02\\\/15\\\/el-mercado-esta-con-todo-locatarios\\\/#primaryimage\"},\"thumbnailUrl\":\"http:\\\/\\\/elinformativotam.com\\\/wp-content\\\/uploads\\\/2020\\\/02\\\/mercao2-300x200.jpg\",\"articleSection\":[\"Tampico\"],\"inLanguage\":\"es\",\"potentialAction\":[{\"@type\":\"CommentAction\",\"name\":\"Comment\",\"target\":[\"https:\\\/\\\/elinformativotam.com\\\/index.php\\\/2020\\\/02\\\/15\\\/el-mercado-esta-con-todo-locatarios\\\/#respond\"]}]},{\"@type\":\"WebPage\",\"@id\":\"https:\\\/\\\/elinformativotam.com\\\/index.php\\\/2020\\\/02\\\/15\\\/el-mercado-esta-con-todo-locatarios\\\/\",\"url\":\"https:\\\/\\\/elinformativotam.com\\\/index.php\\\/2020\\\/02\\\/15\\\/el-mercado-esta-con-todo-locatarios\\\/\",\"name\":\"EL MERCADO EST\u00c1 CON TODO!: LOCATARIOS - EL INFORMATIVO DE TAMAULIPAS\",\"isPartOf\":{\"@id\":\"https:\\\/\\\/elinformativotam.com\\\/#website\"},\"primaryImageOfPage\":{\"@id\":\"https:\\\/\\\/elinformativotam.com\\\/index.php\\\/2020\\\/02\\\/15\\\/el-mercado-esta-con-todo-locatarios\\\/#primaryimage\"},\"image\":{\"@id\":\"https:\\\/\\\/elinformativotam.com\\\/index.php\\\/2020\\\/02\\\/15\\\/el-mercado-esta-con-todo-locatarios\\\/#primaryimage\"},\"thumbnailUrl\":\"http:\\\/\\\/elinformativotam.com\\\/wp-content\\\/uploads\\\/2020\\\/02\\\/mercao2-300x200.jpg\",\"datePublished\":\"2020-02-15T19:38:55+00:00\",\"description\":\"Al conocer las instalaciones del nuevo Mercado de Tampico, Venustiano Del Toro Moreno, comerciante desde hace tres d\u00e9cadas en este centro de abasto,\",\"inLanguage\":\"es\",\"potentialAction\":[{\"@type\":\"ReadAction\",\"target\":[\"https:\\\/\\\/elinformativotam.com\\\/index.php\\\/2020\\\/02\\\/15\\\/el-mercado-esta-con-todo-locatarios\\\/\"]}]},{\"@type\":\"ImageObject\",\"inLanguage\":\"es\",\"@id\":\"https:\\\/\\\/elinformativotam.com\\\/index.php\\\/2020\\\/02\\\/15\\\/el-mercado-esta-con-todo-locatarios\\\/#primaryimage\",\"url\":\"http:\\\/\\\/elinformativotam.com\\\/wp-content\\\/uploads\\\/2020\\\/02\\\/mercao2-300x200.jpg\",\"contentUrl\":\"http:\\\/\\\/elinformativotam.com\\\/wp-content\\\/uploads\\\/2020\\\/02\\\/mercao2-300x200.jpg\"},{\"@type\":\"WebSite\",\"@id\":\"https:\\\/\\\/elinformativotam.com\\\/#website\",\"url\":\"https:\\\/\\\/elinformativotam.com\\\/\",\"name\":\"EL INFORMATIVO DE TAMAULIPAS\",\"description\":\"Desde la Zona Metropolitana Para Todo M\u00e9xico\",\"publisher\":{\"@id\":\"https:\\\/\\\/elinformativotam.com\\\/#organization\"},\"potentialAction\":[{\"@type\":\"SearchAction\",\"target\":{\"@type\":\"EntryPoint\",\"urlTemplate\":\"https:\\\/\\\/elinformativotam.com\\\/?s={search_term_string}\"},\"query-input\":{\"@type\":\"PropertyValueSpecification\",\"valueRequired\":true,\"valueName\":\"search_term_string\"}}],\"inLanguage\":\"es\"},{\"@type\":\"Organization\",\"@id\":\"https:\\\/\\\/elinformativotam.com\\\/#organization\",\"name\":\"EL INFORMATIVO DE TAMAULIPAS\",\"url\":\"https:\\\/\\\/elinformativotam.com\\\/\",\"logo\":{\"@type\":\"ImageObject\",\"inLanguage\":\"es\",\"@id\":\"https:\\\/\\\/elinformativotam.com\\\/#\\\/schema\\\/logo\\\/image\\\/\",\"url\":\"https:\\\/\\\/elinformativotam.com\\\/wp-content\\\/uploads\\\/2026\\\/02\\\/Cabezal.png\",\"contentUrl\":\"https:\\\/\\\/elinformativotam.com\\\/wp-content\\\/uploads\\\/2026\\\/02\\\/Cabezal.png\",\"width\":960,\"height\":640,\"caption\":\"EL INFORMATIVO DE TAMAULIPAS\"},\"image\":{\"@id\":\"https:\\\/\\\/elinformativotam.com\\\/#\\\/schema\\\/logo\\\/image\\\/\"}},{\"@type\":\"Person\",\"@id\":\"https:\\\/\\\/elinformativotam.com\\\/#\\\/schema\\\/person\\\/78e08040eed0f6110f0c5f83b6153590\",\"name\":\"El Informativo Tam\",\"image\":{\"@type\":\"ImageObject\",\"inLanguage\":\"es\",\"@id\":\"https:\\\/\\\/secure.gravatar.com\\\/avatar\\\/f3b7ad3af540688955925ac610647be00b0cf41feea9c4978b73a707ee86bc53?s=96&d=mm&r=g\",\"url\":\"https:\\\/\\\/secure.gravatar.com\\\/avatar\\\/f3b7ad3af540688955925ac610647be00b0cf41feea9c4978b73a707ee86bc53?s=96&d=mm&r=g\",\"contentUrl\":\"https:\\\/\\\/secure.gravatar.com\\\/avatar\\\/f3b7ad3af540688955925ac610647be00b0cf41feea9c4978b73a707ee86bc53?s=96&d=mm&r=g\",\"caption\":\"El Informativo Tam\"}}]}<\/script>\n<!-- \/ Yoast SEO plugin. -->","yoast_head_json":{"title":"EL MERCADO EST\u00c1 CON TODO!: LOCATARIOS - EL INFORMATIVO DE TAMAULIPAS","description":"Al conocer las instalaciones del nuevo Mercado de Tampico, Venustiano Del Toro Moreno, comerciante desde hace tres d\u00e9cadas en este centro de abasto,","robots":{"index":"index","follow":"follow","max-snippet":"max-snippet:-1","max-image-preview":"max-image-preview:large","max-video-preview":"max-video-preview:-1"},"canonical":"https:\/\/elinformativotam.com\/index.php\/2020\/02\/15\/el-mercado-esta-con-todo-locatarios\/","og_locale":"es_MX","og_type":"article","og_title":"EL MERCADO EST\u00c1 CON TODO!: LOCATARIOS - EL INFORMATIVO DE TAMAULIPAS","og_description":"Al conocer las instalaciones del nuevo Mercado de Tampico, Venustiano Del Toro Moreno, comerciante desde hace tres d\u00e9cadas en este centro de abasto,","og_url":"https:\/\/elinformativotam.com\/index.php\/2020\/02\/15\/el-mercado-esta-con-todo-locatarios\/","og_site_name":"EL INFORMATIVO DE TAMAULIPAS","article_published_time":"2020-02-15T19:38:55+00:00","og_image":[{"url":"http:\/\/elinformativotam.com\/wp-content\/uploads\/2020\/02\/mercao2-300x200.jpg","type":"","width":"","height":""}],"author":"El Informativo Tam","twitter_card":"summary_large_image","twitter_misc":{"Escrito por":"El Informativo Tam","Tiempo de lectura":"2 minutos"},"schema":{"@context":"https:\/\/schema.org","@graph":[{"@type":"Article","@id":"https:\/\/elinformativotam.com\/index.php\/2020\/02\/15\/el-mercado-esta-con-todo-locatarios\/#article","isPartOf":{"@id":"https:\/\/elinformativotam.com\/index.php\/2020\/02\/15\/el-mercado-esta-con-todo-locatarios\/"},"author":{"name":"El Informativo Tam","@id":"https:\/\/elinformativotam.com\/#\/schema\/person\/78e08040eed0f6110f0c5f83b6153590"},"headline":"EL MERCADO EST\u00c1 CON TODO!: LOCATARIOS","datePublished":"2020-02-15T19:38:55+00:00","mainEntityOfPage":{"@id":"https:\/\/elinformativotam.com\/index.php\/2020\/02\/15\/el-mercado-esta-con-todo-locatarios\/"},"wordCount":342,"commentCount":0,"publisher":{"@id":"https:\/\/elinformativotam.com\/#organization"},"image":{"@id":"https:\/\/elinformativotam.com\/index.php\/2020\/02\/15\/el-mercado-esta-con-todo-locatarios\/#primaryimage"},"thumbnailUrl":"http:\/\/elinformativotam.com\/wp-content\/uploads\/2020\/02\/mercao2-300x200.jpg","articleSection":["Tampico"],"inLanguage":"es","potentialAction":[{"@type":"CommentAction","name":"Comment","target":["https:\/\/elinformativotam.com\/index.php\/2020\/02\/15\/el-mercado-esta-con-todo-locatarios\/#respond"]}]},{"@type":"WebPage","@id":"https:\/\/elinformativotam.com\/index.php\/2020\/02\/15\/el-mercado-esta-con-todo-locatarios\/","url":"https:\/\/elinformativotam.com\/index.php\/2020\/02\/15\/el-mercado-esta-con-todo-locatarios\/","name":"EL MERCADO EST\u00c1 CON TODO!: LOCATARIOS - EL INFORMATIVO DE TAMAULIPAS","isPartOf":{"@id":"https:\/\/elinformativotam.com\/#website"},"primaryImageOfPage":{"@id":"https:\/\/elinformativotam.com\/index.php\/2020\/02\/15\/el-mercado-esta-con-todo-locatarios\/#primaryimage"},"image":{"@id":"https:\/\/elinformativotam.com\/index.php\/2020\/02\/15\/el-mercado-esta-con-todo-locatarios\/#primaryimage"},"thumbnailUrl":"http:\/\/elinformativotam.com\/wp-content\/uploads\/2020\/02\/mercao2-300x200.jpg","datePublished":"2020-02-15T19:38:55+00:00","description":"Al conocer las instalaciones del nuevo Mercado de Tampico, Venustiano Del Toro Moreno, comerciante desde hace tres d\u00e9cadas en este centro de abasto,","inLanguage":"es","potentialAction":[{"@type":"ReadAction","target":["https:\/\/elinformativotam.com\/index.php\/2020\/02\/15\/el-mercado-esta-con-todo-locatarios\/"]}]},{"@type":"ImageObject","inLanguage":"es","@id":"https:\/\/elinformativotam.com\/index.php\/2020\/02\/15\/el-mercado-esta-con-todo-locatarios\/#primaryimage","url":"http:\/\/elinformativotam.com\/wp-content\/uploads\/2020\/02\/mercao2-300x200.jpg","contentUrl":"http:\/\/elinformativotam.com\/wp-content\/uploads\/2020\/02\/mercao2-300x200.jpg"},{"@type":"WebSite","@id":"https:\/\/elinformativotam.com\/#website","url":"https:\/\/elinformativotam.com\/","name":"EL INFORMATIVO DE TAMAULIPAS","description":"Desde la Zona Metropolitana Para Todo M\u00e9xico","publisher":{"@id":"https:\/\/elinformativotam.com\/#organization"},"potentialAction":[{"@type":"SearchAction","target":{"@type":"EntryPoint","urlTemplate":"https:\/\/elinformativotam.com\/?s={search_term_string}"},"query-input":{"@type":"PropertyValueSpecification","valueRequired":true,"valueName":"search_term_string"}}],"inLanguage":"es"},{"@type":"Organization","@id":"https:\/\/elinformativotam.com\/#organization","name":"EL INFORMATIVO DE TAMAULIPAS","url":"https:\/\/elinformativotam.com\/","logo":{"@type":"ImageObject","inLanguage":"es","@id":"https:\/\/elinformativotam.com\/#\/schema\/logo\/image\/","url":"https:\/\/elinformativotam.com\/wp-content\/uploads\/2026\/02\/Cabezal.png","contentUrl":"https:\/\/elinformativotam.com\/wp-content\/uploads\/2026\/02\/Cabezal.png","width":960,"height":640,"caption":"EL INFORMATIVO DE TAMAULIPAS"},"image":{"@id":"https:\/\/elinformativotam.com\/#\/schema\/logo\/image\/"}},{"@type":"Person","@id":"https:\/\/elinformativotam.com\/#\/schema\/person\/78e08040eed0f6110f0c5f83b6153590","name":"El Informativo Tam","image":{"@type":"ImageObject","inLanguage":"es","@id":"https:\/\/secure.gravatar.com\/avatar\/f3b7ad3af540688955925ac610647be00b0cf41feea9c4978b73a707ee86bc53?s=96&d=mm&r=g","url":"https:\/\/secure.gravatar.com\/avatar\/f3b7ad3af540688955925ac610647be00b0cf41feea9c4978b73a707ee86bc53?s=96&d=mm&r=g","contentUrl":"https:\/\/secure.gravatar.com\/avatar\/f3b7ad3af540688955925ac610647be00b0cf41feea9c4978b73a707ee86bc53?s=96&d=mm&r=g","caption":"El Informativo Tam"}}]}},"_links":{"self":[{"href":"https:\/\/elinformativotam.com\/index.php\/wp-json\/wp\/v2\/posts\/2697","targetHints":{"allow":["GET"]}}],"collection":[{"href":"https:\/\/elinformativotam.com\/index.php\/wp-json\/wp\/v2\/posts"}],"about":[{"href":"https:\/\/elinformativotam.com\/index.php\/wp-json\/wp\/v2\/types\/post"}],"author":[{"embeddable":true,"href":"https:\/\/elinformativotam.com\/index.php\/wp-json\/wp\/v2\/users\/1"}],"replies":[{"embeddable":true,"href":"https:\/\/elinformativotam.com\/index.php\/wp-json\/wp\/v2\/comments?post=2697"}],"version-history":[{"count":0,"href":"https:\/\/elinformativotam.com\/index.php\/wp-json\/wp\/v2\/posts\/2697\/revisions"}],"wp:attachment":[{"href":"https:\/\/elinformativotam.com\/index.php\/wp-json\/wp\/v2\/media?parent=2697"}],"wp:term":[{"taxonomy":"category","embeddable":true,"href":"https:\/\/elinformativotam.com\/index.php\/wp-json\/wp\/v2\/categories?post=2697"},{"taxonomy":"post_tag","embeddable":true,"href":"https:\/\/elinformativotam.com\/index.php\/wp-json\/wp\/v2\/tags?post=2697"}],"curies":[{"name":"wp","href":"https:\/\/api.w.org\/{rel}","templated":true}]}}