{"id":269,"date":"2019-10-21T19:47:49","date_gmt":"2019-10-22T01:47:49","guid":{"rendered":"http:\/\/elinformativotam.com\/?p=269"},"modified":"2019-10-21T19:50:57","modified_gmt":"2019-10-22T01:50:57","slug":"adrian-oseguera-cambiar-la-imagen-urbana-en-madero","status":"publish","type":"post","link":"https:\/\/elinformativotam.com\/index.php\/2019\/10\/21\/adrian-oseguera-cambiar-la-imagen-urbana-en-madero\/","title":{"rendered":"Adri\u00e1n Oseguera Cambiar\u00e1 la Imagen Urbana en Madero"},"content":{"rendered":"\n<p><em><strong>* En l<\/strong><\/em><strong><em>a B\u00fasqueda del Equilibrio Entre Elementos Arquitect\u00f3nicos y Naturales Para la Urbe Petrolera<\/em><\/strong><\/p>\n\n\n\n<p><\/p>\n\n\n\n<p>El alcalde Adri\u00e1n Oseguera\nKernion contin\u00faa trabajando f\u00e9rreamente en el mejoramiento de la imagen urbana\na trav\u00e9s de proyectos que permitan desarrollar en Ciudad Madero, entornos de\nintegraci\u00f3n y bienestar para el sur de Tamaulipas.<\/p>\n\n\n\n<p>En este tenor, asegur\u00f3 el\npresidente municipal que se mantiene cercano a \u00f3rganos empresariales y\nacad\u00e9micos que coadyuvan en la planeaci\u00f3n y proyecci\u00f3n estrat\u00e9gica que dan\nagilidad al \u201cProyecto de Revitalizaci\u00f3n de la Imagen Urbana\u201d, perteneciente a\nla Direcci\u00f3n de Obras P\u00fablicas del Ayuntamiento maderense.<\/p>\n\n\n\n<p>\u201cMe reun\u00ed recientemente con\nasociaciones y colegiado en materia porque ya estamos trabajando en el pr\u00f3ximo\npresupuesto que aplicaremos en la renovaci\u00f3n de la imagen urbana, vienen\nimportantes proyectos\u201d, enfatiz\u00f3 el mun\u00edcipe.<\/p>\n\n\n\n<figure class=\"wp-block-image\"><img decoding=\"async\" src=\"https:\/\/elinformativotam.com\/wp-content\/uploads\/2019\/10\/kiosko-madero.jpg\" alt=\"\" class=\"wp-image-271\"\/><figcaption>El Kiosko Que se Construye En La Urbe Petrolera  Presenta Mas de Un 75% de Avance<\/figcaption><\/figure>\n\n\n\n<p>Oseguera Kernion puntualiz\u00f3 que\nel rescate de lagunas, la construcci\u00f3n de un nuevo quiosco as\u00ed como la pr\u00f3xima\nreconfiguraci\u00f3n de la plaza Isauro Alfaro, son testimonio fehaciente del\ndesarrollo que vive Ciudad Madero.<\/p>\n\n\n\n<p>Agreg\u00f3 que entre los proyectos\nque busca aterrizar en su trienio, se contempla una ciclov\u00eda que lleve al\nm\u00e1ximo paseo tur\u00edstico del noreste de M\u00e9xico, dando as\u00ed, certidumbre a\ndeportistas, peatones y conductores.<\/p>\n\n\n\n<p>\u201cPese a los recortes\npresupuestales que hemos tenido, el Gobierno de Ciudad Madero se ha ajustado el\ncintur\u00f3n para estirar los recursos y poder cumplir con estas obras que\nfavorecen el desarrollo de nuestra ciudad. En mi administraci\u00f3n existe voluntad\ny compromiso con los maderenses\u201d, finaliz\u00f3.<\/p>\n","protected":false},"excerpt":{"rendered":"<p>* En la B\u00fasqueda del Equilibrio Entre Elementos Arquitect\u00f3nicos y Naturales Para la Urbe Petrolera El alcalde Adri\u00e1n Oseguera Kernion&hellip;<\/p>\n","protected":false},"author":1,"featured_media":0,"comment_status":"open","ping_status":"open","sticky":false,"template":"","format":"standard","meta":{"footnotes":""},"categories":[4],"tags":[],"class_list":["post-269","post","type-post","status-publish","format-standard","hentry","category-madero"],"yoast_head":"<!-- This site is optimized with the Yoast SEO plugin v27.5 - https:\/\/yoast.com\/product\/yoast-seo-wordpress\/ -->\n<title>Adri\u00e1n Oseguera Cambiar\u00e1 la Imagen Urbana en Madero - EL INFORMATIVO DE TAMAULIPAS<\/title>\n<meta name=\"description\" content=\"* En la B\u00fasqueda del Equilibrio Entre Elementos Arquitect\u00f3nicos y Naturales Para la Urbe Petrolera El alcalde Adri\u00e1n Oseguera Kernion contin\u00faa trabajando\" \/>\n<meta name=\"robots\" content=\"index, follow, max-snippet:-1, max-image-preview:large, max-video-preview:-1\" \/>\n<link rel=\"canonical\" href=\"https:\/\/elinformativotam.com\/index.php\/2019\/10\/21\/adrian-oseguera-cambiar-la-imagen-urbana-en-madero\/\" \/>\n<meta property=\"og:locale\" content=\"es_MX\" \/>\n<meta property=\"og:type\" content=\"article\" \/>\n<meta property=\"og:title\" content=\"Adri\u00e1n Oseguera Cambiar\u00e1 la Imagen Urbana en Madero - EL INFORMATIVO DE TAMAULIPAS\" \/>\n<meta property=\"og:description\" content=\"* En la B\u00fasqueda del Equilibrio Entre Elementos Arquitect\u00f3nicos y Naturales Para la Urbe Petrolera El alcalde Adri\u00e1n Oseguera Kernion contin\u00faa trabajando\" \/>\n<meta property=\"og:url\" content=\"https:\/\/elinformativotam.com\/index.php\/2019\/10\/21\/adrian-oseguera-cambiar-la-imagen-urbana-en-madero\/\" \/>\n<meta property=\"og:site_name\" content=\"EL INFORMATIVO DE TAMAULIPAS\" \/>\n<meta property=\"article:published_time\" content=\"2019-10-22T01:47:49+00:00\" \/>\n<meta property=\"article:modified_time\" content=\"2019-10-22T01:50:57+00:00\" \/>\n<meta property=\"og:image\" content=\"https:\/\/elinformativotam.com\/wp-content\/uploads\/2019\/10\/kiosko-madero.jpg\" \/>\n<meta name=\"author\" content=\"El Informativo Tam\" \/>\n<meta name=\"twitter:card\" content=\"summary_large_image\" \/>\n<meta name=\"twitter:label1\" content=\"Escrito por\" \/>\n\t<meta name=\"twitter:data1\" content=\"El Informativo Tam\" \/>\n\t<meta name=\"twitter:label2\" content=\"Tiempo de lectura\" \/>\n\t<meta name=\"twitter:data2\" content=\"1 minuto\" \/>\n<script type=\"application\/ld+json\" class=\"yoast-schema-graph\">{\"@context\":\"https:\\\/\\\/schema.org\",\"@graph\":[{\"@type\":\"Article\",\"@id\":\"https:\\\/\\\/elinformativotam.com\\\/index.php\\\/2019\\\/10\\\/21\\\/adrian-oseguera-cambiar-la-imagen-urbana-en-madero\\\/#article\",\"isPartOf\":{\"@id\":\"https:\\\/\\\/elinformativotam.com\\\/index.php\\\/2019\\\/10\\\/21\\\/adrian-oseguera-cambiar-la-imagen-urbana-en-madero\\\/\"},\"author\":{\"name\":\"El Informativo Tam\",\"@id\":\"https:\\\/\\\/elinformativotam.com\\\/#\\\/schema\\\/person\\\/78e08040eed0f6110f0c5f83b6153590\"},\"headline\":\"Adri\u00e1n Oseguera Cambiar\u00e1 la Imagen Urbana en Madero\",\"datePublished\":\"2019-10-22T01:47:49+00:00\",\"dateModified\":\"2019-10-22T01:50:57+00:00\",\"mainEntityOfPage\":{\"@id\":\"https:\\\/\\\/elinformativotam.com\\\/index.php\\\/2019\\\/10\\\/21\\\/adrian-oseguera-cambiar-la-imagen-urbana-en-madero\\\/\"},\"wordCount\":289,\"commentCount\":0,\"publisher\":{\"@id\":\"https:\\\/\\\/elinformativotam.com\\\/#organization\"},\"image\":{\"@id\":\"https:\\\/\\\/elinformativotam.com\\\/index.php\\\/2019\\\/10\\\/21\\\/adrian-oseguera-cambiar-la-imagen-urbana-en-madero\\\/#primaryimage\"},\"thumbnailUrl\":\"https:\\\/\\\/elinformativotam.com\\\/wp-content\\\/uploads\\\/2019\\\/10\\\/kiosko-madero.jpg\",\"articleSection\":[\"Cd Madero\"],\"inLanguage\":\"es\",\"potentialAction\":[{\"@type\":\"CommentAction\",\"name\":\"Comment\",\"target\":[\"https:\\\/\\\/elinformativotam.com\\\/index.php\\\/2019\\\/10\\\/21\\\/adrian-oseguera-cambiar-la-imagen-urbana-en-madero\\\/#respond\"]}]},{\"@type\":\"WebPage\",\"@id\":\"https:\\\/\\\/elinformativotam.com\\\/index.php\\\/2019\\\/10\\\/21\\\/adrian-oseguera-cambiar-la-imagen-urbana-en-madero\\\/\",\"url\":\"https:\\\/\\\/elinformativotam.com\\\/index.php\\\/2019\\\/10\\\/21\\\/adrian-oseguera-cambiar-la-imagen-urbana-en-madero\\\/\",\"name\":\"Adri\u00e1n Oseguera Cambiar\u00e1 la Imagen Urbana en Madero - EL INFORMATIVO DE TAMAULIPAS\",\"isPartOf\":{\"@id\":\"https:\\\/\\\/elinformativotam.com\\\/#website\"},\"primaryImageOfPage\":{\"@id\":\"https:\\\/\\\/elinformativotam.com\\\/index.php\\\/2019\\\/10\\\/21\\\/adrian-oseguera-cambiar-la-imagen-urbana-en-madero\\\/#primaryimage\"},\"image\":{\"@id\":\"https:\\\/\\\/elinformativotam.com\\\/index.php\\\/2019\\\/10\\\/21\\\/adrian-oseguera-cambiar-la-imagen-urbana-en-madero\\\/#primaryimage\"},\"thumbnailUrl\":\"https:\\\/\\\/elinformativotam.com\\\/wp-content\\\/uploads\\\/2019\\\/10\\\/kiosko-madero.jpg\",\"datePublished\":\"2019-10-22T01:47:49+00:00\",\"dateModified\":\"2019-10-22T01:50:57+00:00\",\"description\":\"* En la B\u00fasqueda del Equilibrio Entre Elementos Arquitect\u00f3nicos y Naturales Para la Urbe Petrolera El alcalde Adri\u00e1n Oseguera Kernion contin\u00faa trabajando\",\"inLanguage\":\"es\",\"potentialAction\":[{\"@type\":\"ReadAction\",\"target\":[\"https:\\\/\\\/elinformativotam.com\\\/index.php\\\/2019\\\/10\\\/21\\\/adrian-oseguera-cambiar-la-imagen-urbana-en-madero\\\/\"]}]},{\"@type\":\"ImageObject\",\"inLanguage\":\"es\",\"@id\":\"https:\\\/\\\/elinformativotam.com\\\/index.php\\\/2019\\\/10\\\/21\\\/adrian-oseguera-cambiar-la-imagen-urbana-en-madero\\\/#primaryimage\",\"url\":\"https:\\\/\\\/elinformativotam.com\\\/wp-content\\\/uploads\\\/2019\\\/10\\\/kiosko-madero.jpg\",\"contentUrl\":\"https:\\\/\\\/elinformativotam.com\\\/wp-content\\\/uploads\\\/2019\\\/10\\\/kiosko-madero.jpg\"},{\"@type\":\"WebSite\",\"@id\":\"https:\\\/\\\/elinformativotam.com\\\/#website\",\"url\":\"https:\\\/\\\/elinformativotam.com\\\/\",\"name\":\"EL INFORMATIVO DE TAMAULIPAS\",\"description\":\"Desde la Zona Metropolitana Para Todo M\u00e9xico\",\"publisher\":{\"@id\":\"https:\\\/\\\/elinformativotam.com\\\/#organization\"},\"potentialAction\":[{\"@type\":\"SearchAction\",\"target\":{\"@type\":\"EntryPoint\",\"urlTemplate\":\"https:\\\/\\\/elinformativotam.com\\\/?s={search_term_string}\"},\"query-input\":{\"@type\":\"PropertyValueSpecification\",\"valueRequired\":true,\"valueName\":\"search_term_string\"}}],\"inLanguage\":\"es\"},{\"@type\":\"Organization\",\"@id\":\"https:\\\/\\\/elinformativotam.com\\\/#organization\",\"name\":\"EL INFORMATIVO DE TAMAULIPAS\",\"url\":\"https:\\\/\\\/elinformativotam.com\\\/\",\"logo\":{\"@type\":\"ImageObject\",\"inLanguage\":\"es\",\"@id\":\"https:\\\/\\\/elinformativotam.com\\\/#\\\/schema\\\/logo\\\/image\\\/\",\"url\":\"https:\\\/\\\/elinformativotam.com\\\/wp-content\\\/uploads\\\/2026\\\/02\\\/Cabezal.png\",\"contentUrl\":\"https:\\\/\\\/elinformativotam.com\\\/wp-content\\\/uploads\\\/2026\\\/02\\\/Cabezal.png\",\"width\":960,\"height\":640,\"caption\":\"EL INFORMATIVO DE TAMAULIPAS\"},\"image\":{\"@id\":\"https:\\\/\\\/elinformativotam.com\\\/#\\\/schema\\\/logo\\\/image\\\/\"}},{\"@type\":\"Person\",\"@id\":\"https:\\\/\\\/elinformativotam.com\\\/#\\\/schema\\\/person\\\/78e08040eed0f6110f0c5f83b6153590\",\"name\":\"El Informativo Tam\",\"image\":{\"@type\":\"ImageObject\",\"inLanguage\":\"es\",\"@id\":\"https:\\\/\\\/secure.gravatar.com\\\/avatar\\\/f3b7ad3af540688955925ac610647be00b0cf41feea9c4978b73a707ee86bc53?s=96&d=mm&r=g\",\"url\":\"https:\\\/\\\/secure.gravatar.com\\\/avatar\\\/f3b7ad3af540688955925ac610647be00b0cf41feea9c4978b73a707ee86bc53?s=96&d=mm&r=g\",\"contentUrl\":\"https:\\\/\\\/secure.gravatar.com\\\/avatar\\\/f3b7ad3af540688955925ac610647be00b0cf41feea9c4978b73a707ee86bc53?s=96&d=mm&r=g\",\"caption\":\"El Informativo Tam\"}}]}<\/script>\n<!-- \/ Yoast SEO plugin. -->","yoast_head_json":{"title":"Adri\u00e1n Oseguera Cambiar\u00e1 la Imagen Urbana en Madero - EL INFORMATIVO DE TAMAULIPAS","description":"* En la B\u00fasqueda del Equilibrio Entre Elementos Arquitect\u00f3nicos y Naturales Para la Urbe Petrolera El alcalde Adri\u00e1n Oseguera Kernion contin\u00faa trabajando","robots":{"index":"index","follow":"follow","max-snippet":"max-snippet:-1","max-image-preview":"max-image-preview:large","max-video-preview":"max-video-preview:-1"},"canonical":"https:\/\/elinformativotam.com\/index.php\/2019\/10\/21\/adrian-oseguera-cambiar-la-imagen-urbana-en-madero\/","og_locale":"es_MX","og_type":"article","og_title":"Adri\u00e1n Oseguera Cambiar\u00e1 la Imagen Urbana en Madero - EL INFORMATIVO DE TAMAULIPAS","og_description":"* En la B\u00fasqueda del Equilibrio Entre Elementos Arquitect\u00f3nicos y Naturales Para la Urbe Petrolera El alcalde Adri\u00e1n Oseguera Kernion contin\u00faa trabajando","og_url":"https:\/\/elinformativotam.com\/index.php\/2019\/10\/21\/adrian-oseguera-cambiar-la-imagen-urbana-en-madero\/","og_site_name":"EL INFORMATIVO DE TAMAULIPAS","article_published_time":"2019-10-22T01:47:49+00:00","article_modified_time":"2019-10-22T01:50:57+00:00","og_image":[{"url":"https:\/\/elinformativotam.com\/wp-content\/uploads\/2019\/10\/kiosko-madero.jpg","type":"","width":"","height":""}],"author":"El Informativo Tam","twitter_card":"summary_large_image","twitter_misc":{"Escrito por":"El Informativo Tam","Tiempo de lectura":"1 minuto"},"schema":{"@context":"https:\/\/schema.org","@graph":[{"@type":"Article","@id":"https:\/\/elinformativotam.com\/index.php\/2019\/10\/21\/adrian-oseguera-cambiar-la-imagen-urbana-en-madero\/#article","isPartOf":{"@id":"https:\/\/elinformativotam.com\/index.php\/2019\/10\/21\/adrian-oseguera-cambiar-la-imagen-urbana-en-madero\/"},"author":{"name":"El Informativo Tam","@id":"https:\/\/elinformativotam.com\/#\/schema\/person\/78e08040eed0f6110f0c5f83b6153590"},"headline":"Adri\u00e1n Oseguera Cambiar\u00e1 la Imagen Urbana en Madero","datePublished":"2019-10-22T01:47:49+00:00","dateModified":"2019-10-22T01:50:57+00:00","mainEntityOfPage":{"@id":"https:\/\/elinformativotam.com\/index.php\/2019\/10\/21\/adrian-oseguera-cambiar-la-imagen-urbana-en-madero\/"},"wordCount":289,"commentCount":0,"publisher":{"@id":"https:\/\/elinformativotam.com\/#organization"},"image":{"@id":"https:\/\/elinformativotam.com\/index.php\/2019\/10\/21\/adrian-oseguera-cambiar-la-imagen-urbana-en-madero\/#primaryimage"},"thumbnailUrl":"https:\/\/elinformativotam.com\/wp-content\/uploads\/2019\/10\/kiosko-madero.jpg","articleSection":["Cd Madero"],"inLanguage":"es","potentialAction":[{"@type":"CommentAction","name":"Comment","target":["https:\/\/elinformativotam.com\/index.php\/2019\/10\/21\/adrian-oseguera-cambiar-la-imagen-urbana-en-madero\/#respond"]}]},{"@type":"WebPage","@id":"https:\/\/elinformativotam.com\/index.php\/2019\/10\/21\/adrian-oseguera-cambiar-la-imagen-urbana-en-madero\/","url":"https:\/\/elinformativotam.com\/index.php\/2019\/10\/21\/adrian-oseguera-cambiar-la-imagen-urbana-en-madero\/","name":"Adri\u00e1n Oseguera Cambiar\u00e1 la Imagen Urbana en Madero - EL INFORMATIVO DE TAMAULIPAS","isPartOf":{"@id":"https:\/\/elinformativotam.com\/#website"},"primaryImageOfPage":{"@id":"https:\/\/elinformativotam.com\/index.php\/2019\/10\/21\/adrian-oseguera-cambiar-la-imagen-urbana-en-madero\/#primaryimage"},"image":{"@id":"https:\/\/elinformativotam.com\/index.php\/2019\/10\/21\/adrian-oseguera-cambiar-la-imagen-urbana-en-madero\/#primaryimage"},"thumbnailUrl":"https:\/\/elinformativotam.com\/wp-content\/uploads\/2019\/10\/kiosko-madero.jpg","datePublished":"2019-10-22T01:47:49+00:00","dateModified":"2019-10-22T01:50:57+00:00","description":"* En la B\u00fasqueda del Equilibrio Entre Elementos Arquitect\u00f3nicos y Naturales Para la Urbe Petrolera El alcalde Adri\u00e1n Oseguera Kernion contin\u00faa trabajando","inLanguage":"es","potentialAction":[{"@type":"ReadAction","target":["https:\/\/elinformativotam.com\/index.php\/2019\/10\/21\/adrian-oseguera-cambiar-la-imagen-urbana-en-madero\/"]}]},{"@type":"ImageObject","inLanguage":"es","@id":"https:\/\/elinformativotam.com\/index.php\/2019\/10\/21\/adrian-oseguera-cambiar-la-imagen-urbana-en-madero\/#primaryimage","url":"https:\/\/elinformativotam.com\/wp-content\/uploads\/2019\/10\/kiosko-madero.jpg","contentUrl":"https:\/\/elinformativotam.com\/wp-content\/uploads\/2019\/10\/kiosko-madero.jpg"},{"@type":"WebSite","@id":"https:\/\/elinformativotam.com\/#website","url":"https:\/\/elinformativotam.com\/","name":"EL INFORMATIVO DE TAMAULIPAS","description":"Desde la Zona Metropolitana Para Todo M\u00e9xico","publisher":{"@id":"https:\/\/elinformativotam.com\/#organization"},"potentialAction":[{"@type":"SearchAction","target":{"@type":"EntryPoint","urlTemplate":"https:\/\/elinformativotam.com\/?s={search_term_string}"},"query-input":{"@type":"PropertyValueSpecification","valueRequired":true,"valueName":"search_term_string"}}],"inLanguage":"es"},{"@type":"Organization","@id":"https:\/\/elinformativotam.com\/#organization","name":"EL INFORMATIVO DE TAMAULIPAS","url":"https:\/\/elinformativotam.com\/","logo":{"@type":"ImageObject","inLanguage":"es","@id":"https:\/\/elinformativotam.com\/#\/schema\/logo\/image\/","url":"https:\/\/elinformativotam.com\/wp-content\/uploads\/2026\/02\/Cabezal.png","contentUrl":"https:\/\/elinformativotam.com\/wp-content\/uploads\/2026\/02\/Cabezal.png","width":960,"height":640,"caption":"EL INFORMATIVO DE TAMAULIPAS"},"image":{"@id":"https:\/\/elinformativotam.com\/#\/schema\/logo\/image\/"}},{"@type":"Person","@id":"https:\/\/elinformativotam.com\/#\/schema\/person\/78e08040eed0f6110f0c5f83b6153590","name":"El Informativo Tam","image":{"@type":"ImageObject","inLanguage":"es","@id":"https:\/\/secure.gravatar.com\/avatar\/f3b7ad3af540688955925ac610647be00b0cf41feea9c4978b73a707ee86bc53?s=96&d=mm&r=g","url":"https:\/\/secure.gravatar.com\/avatar\/f3b7ad3af540688955925ac610647be00b0cf41feea9c4978b73a707ee86bc53?s=96&d=mm&r=g","contentUrl":"https:\/\/secure.gravatar.com\/avatar\/f3b7ad3af540688955925ac610647be00b0cf41feea9c4978b73a707ee86bc53?s=96&d=mm&r=g","caption":"El Informativo Tam"}}]}},"_links":{"self":[{"href":"https:\/\/elinformativotam.com\/index.php\/wp-json\/wp\/v2\/posts\/269","targetHints":{"allow":["GET"]}}],"collection":[{"href":"https:\/\/elinformativotam.com\/index.php\/wp-json\/wp\/v2\/posts"}],"about":[{"href":"https:\/\/elinformativotam.com\/index.php\/wp-json\/wp\/v2\/types\/post"}],"author":[{"embeddable":true,"href":"https:\/\/elinformativotam.com\/index.php\/wp-json\/wp\/v2\/users\/1"}],"replies":[{"embeddable":true,"href":"https:\/\/elinformativotam.com\/index.php\/wp-json\/wp\/v2\/comments?post=269"}],"version-history":[{"count":0,"href":"https:\/\/elinformativotam.com\/index.php\/wp-json\/wp\/v2\/posts\/269\/revisions"}],"wp:attachment":[{"href":"https:\/\/elinformativotam.com\/index.php\/wp-json\/wp\/v2\/media?parent=269"}],"wp:term":[{"taxonomy":"category","embeddable":true,"href":"https:\/\/elinformativotam.com\/index.php\/wp-json\/wp\/v2\/categories?post=269"},{"taxonomy":"post_tag","embeddable":true,"href":"https:\/\/elinformativotam.com\/index.php\/wp-json\/wp\/v2\/tags?post=269"}],"curies":[{"name":"wp","href":"https:\/\/api.w.org\/{rel}","templated":true}]}}