{"id":2647,"date":"2020-02-13T21:46:29","date_gmt":"2020-02-14T03:46:29","guid":{"rendered":"http:\/\/elinformativotam.com\/?p=2647"},"modified":"2020-02-13T21:47:34","modified_gmt":"2020-02-14T03:47:34","slug":"con-el-nuevo-mercado-inicia-una-nueva-epoca-de-desarrollo-economico-en-tampico-chucho-nader","status":"publish","type":"post","link":"https:\/\/elinformativotam.com\/index.php\/2020\/02\/13\/con-el-nuevo-mercado-inicia-una-nueva-epoca-de-desarrollo-economico-en-tampico-chucho-nader\/","title":{"rendered":"CON EL NUEVO MERCADO INICIA UNA NUEVA \u00c9POCA DE DESARROLLO ECON\u00d3MICO EN TAMPICO; CHUCHO NADER"},"content":{"rendered":"<p>Al inaugurar, junto al Gobernador del Estado, Francisco Garc\u00eda Cabeza de Vaca, el nuevo Mercado Municipal de Tampico, el Presidente Chucho Nader destac\u00f3 que con la entrega de esta magna obra, inicia una nueva etapa en el desarrollo comercial, y tur\u00edstico de la ciudad y de la regi\u00f3n huasteca.<\/p>\n<p>&nbsp;<\/p>\n<p>Durante el evento inaugural al que asistieron tambi\u00e9n; las Presidentas de los Sistemas DIF estatal y municipal, Mariana G\u00f3mez de Garc\u00eda Cabeza de Vaca y A\u00edda F\u00e9res de Nader, respectivamente; el Senador de la Rep\u00fablica, Ismael Garc\u00eda Cabeza de Vaca; la Alcaldesa de Altamira, Alma Laura Ampar\u00e1n Cruz; Diputados Locales, autoridades navales y militares; representantes de los sectores productivos de la ciudad; y locatarios de los mercados, el jefe edilicio subray\u00f3 que la historia de Tampico y sus mercados, tuvo su origen en la margen del r\u00edo Tames\u00ed en el a\u00f1o de 1825.<\/p>\n<p>&nbsp;<\/p>\n<p>Detall\u00f3 que durante medio siglo La Galera, como fue conocido el primer mercado municipal, concentr\u00f3 el movimiento econ\u00f3mico y comercial de la zona; y tras su desaparici\u00f3n a causa de un incendio, en 1879 se edifica una nueva estructura que funcion\u00f3 hasta el a\u00f1o de 1925.<\/p>\n<p><img loading=\"lazy\" decoding=\"async\" class=\"alignnone wp-image-2649\" src=\"https:\/\/elinformativotam.com\/wp-content\/uploads\/2020\/02\/MERCADO3-300x200.jpg\" alt=\"\" width=\"747\" height=\"498\" \/><\/p>\n<p>&#8220;Tras el auge petrolero, el desarrollo mar\u00edtimo y el crecimiento demogr\u00e1fico de la ciudad, Tampico se coloc\u00f3 como un importante centro comercial y financiero a nivel nacional, lo que hizo necesaria la construcci\u00f3n de los mercados Ju\u00e1rez e Hidalgo&#8221;, explic\u00f3.<\/p>\n<p>&nbsp;<\/p>\n<p>Chucho Nader record\u00f3 que durante casi nueve d\u00e9cadas, este espacio fortaleci\u00f3 el desarrollo econ\u00f3mico de la ciudad y dio la oportunidad a muchas familias tampique\u00f1as de fincar su patrimonio.<\/p>\n<p>&nbsp;<\/p>\n<p>&#8220;En los mercados de Tampico iniciaron grandes historias de \u00e9xito de muchas familias que hoy son ejemplo empresarial a nivel nacional; por ello estamos seguros que este nuevo Mercado ser\u00e1, sin duda un nuevo \u00edcono del desarrollo y detonador del crecimiento comercial, econ\u00f3mico y tur\u00edstico de toda la zona conurbada&#8221;, resalt\u00f3.<\/p>\n<p>&nbsp;<\/p>\n<p>El alcalde porte\u00f1o reconoci\u00f3 el decidido apoyo que brind\u00f3 el Gobernador del Estado Francisco Garc\u00eda Cabeza de Vaca, para cristalizar el sue\u00f1o de miles de ciudadanos y entregar una obra que guarda un estilo arquitect\u00f3nico de la \u00e9poca porfiriana, y ofrece funcionalidad, espacio y dise\u00f1o que lo har\u00e1n -dijo- uno de los mercados municipales m\u00e1s modernos de Am\u00e9rica Latina.<\/p>\n<p>&nbsp;<\/p>\n<p>&#8220;El Gobernador siempre ha sido un aliado de los tampique\u00f1os; en todo momento estuvo muy al pendiente para que se concluyera esta obra, que sin duda ser\u00e1 detonante del desarrollo. Sin duda vienen nuevas y mejores \u00e9pocas para Tampico&#8221;; apunt\u00f3.<\/p>\n<p><img loading=\"lazy\" decoding=\"async\" class=\"alignnone wp-image-2648\" src=\"https:\/\/elinformativotam.com\/wp-content\/uploads\/2020\/02\/mercado2-300x168.jpg\" alt=\"\" width=\"777\" height=\"435\" \/><\/p>\n<p>El jefe de la comuna valor\u00f3 el impulso que dio el sector empresarial al proyecto del nuevo Mercado y agradeci\u00f3 la paciencia que tuvieron locatarios y ciudadanos para la culminaci\u00f3n de la obra.<\/p>\n<p>&nbsp;<\/p>\n<p>&#8220;Sin duda, la espera vali\u00f3 la pena; y hoy inicia para todos los tampique\u00f1os una nueva \u00e9poca de progreso, crecimiento y desarrollo&#8221;, puntualiz\u00f3.<\/p>\n","protected":false},"excerpt":{"rendered":"<p>Al inaugurar, junto al Gobernador del Estado, Francisco Garc\u00eda Cabeza de Vaca, el nuevo Mercado Municipal de Tampico, el Presidente&hellip;<\/p>\n","protected":false},"author":1,"featured_media":0,"comment_status":"open","ping_status":"open","sticky":false,"template":"","format":"standard","meta":{"footnotes":""},"categories":[3],"tags":[],"class_list":["post-2647","post","type-post","status-publish","format-standard","hentry","category-tampico"],"yoast_head":"<!-- This site is optimized with the Yoast SEO plugin v27.5 - https:\/\/yoast.com\/product\/yoast-seo-wordpress\/ -->\n<title>CON EL NUEVO MERCADO INICIA UNA NUEVA \u00c9POCA DE DESARROLLO ECON\u00d3MICO EN TAMPICO; CHUCHO NADER - EL INFORMATIVO DE TAMAULIPAS<\/title>\n<meta name=\"description\" content=\"Al inaugurar, junto al Gobernador del Estado, Francisco Garc\u00eda Cabeza de Vaca, el nuevo Mercado Municipal de Tampico, el Presidente Chucho Nader destac\u00f3\" \/>\n<meta name=\"robots\" content=\"index, follow, max-snippet:-1, max-image-preview:large, max-video-preview:-1\" \/>\n<link rel=\"canonical\" href=\"https:\/\/elinformativotam.com\/index.php\/2020\/02\/13\/con-el-nuevo-mercado-inicia-una-nueva-epoca-de-desarrollo-economico-en-tampico-chucho-nader\/\" \/>\n<meta property=\"og:locale\" content=\"es_MX\" \/>\n<meta property=\"og:type\" content=\"article\" \/>\n<meta property=\"og:title\" content=\"CON EL NUEVO MERCADO INICIA UNA NUEVA \u00c9POCA DE DESARROLLO ECON\u00d3MICO EN TAMPICO; CHUCHO NADER - EL INFORMATIVO DE TAMAULIPAS\" \/>\n<meta property=\"og:description\" content=\"Al inaugurar, junto al Gobernador del Estado, Francisco Garc\u00eda Cabeza de Vaca, el nuevo Mercado Municipal de Tampico, el Presidente Chucho Nader destac\u00f3\" \/>\n<meta property=\"og:url\" content=\"https:\/\/elinformativotam.com\/index.php\/2020\/02\/13\/con-el-nuevo-mercado-inicia-una-nueva-epoca-de-desarrollo-economico-en-tampico-chucho-nader\/\" \/>\n<meta property=\"og:site_name\" content=\"EL INFORMATIVO DE TAMAULIPAS\" \/>\n<meta property=\"article:published_time\" content=\"2020-02-14T03:46:29+00:00\" \/>\n<meta property=\"article:modified_time\" content=\"2020-02-14T03:47:34+00:00\" \/>\n<meta property=\"og:image\" content=\"http:\/\/elinformativotam.com\/wp-content\/uploads\/2020\/02\/MERCADO3-300x200.jpg\" \/>\n<meta name=\"author\" content=\"El Informativo Tam\" \/>\n<meta name=\"twitter:card\" content=\"summary_large_image\" \/>\n<meta name=\"twitter:label1\" content=\"Escrito por\" \/>\n\t<meta name=\"twitter:data1\" content=\"El Informativo Tam\" \/>\n\t<meta name=\"twitter:label2\" content=\"Tiempo de lectura\" \/>\n\t<meta name=\"twitter:data2\" content=\"3 minutos\" \/>\n<script type=\"application\/ld+json\" class=\"yoast-schema-graph\">{\"@context\":\"https:\\\/\\\/schema.org\",\"@graph\":[{\"@type\":\"Article\",\"@id\":\"https:\\\/\\\/elinformativotam.com\\\/index.php\\\/2020\\\/02\\\/13\\\/con-el-nuevo-mercado-inicia-una-nueva-epoca-de-desarrollo-economico-en-tampico-chucho-nader\\\/#article\",\"isPartOf\":{\"@id\":\"https:\\\/\\\/elinformativotam.com\\\/index.php\\\/2020\\\/02\\\/13\\\/con-el-nuevo-mercado-inicia-una-nueva-epoca-de-desarrollo-economico-en-tampico-chucho-nader\\\/\"},\"author\":{\"name\":\"El Informativo Tam\",\"@id\":\"https:\\\/\\\/elinformativotam.com\\\/#\\\/schema\\\/person\\\/78e08040eed0f6110f0c5f83b6153590\"},\"headline\":\"CON EL NUEVO MERCADO INICIA UNA NUEVA \u00c9POCA DE DESARROLLO ECON\u00d3MICO EN TAMPICO; CHUCHO NADER\",\"datePublished\":\"2020-02-14T03:46:29+00:00\",\"dateModified\":\"2020-02-14T03:47:34+00:00\",\"mainEntityOfPage\":{\"@id\":\"https:\\\/\\\/elinformativotam.com\\\/index.php\\\/2020\\\/02\\\/13\\\/con-el-nuevo-mercado-inicia-una-nueva-epoca-de-desarrollo-economico-en-tampico-chucho-nader\\\/\"},\"wordCount\":519,\"commentCount\":0,\"publisher\":{\"@id\":\"https:\\\/\\\/elinformativotam.com\\\/#organization\"},\"image\":{\"@id\":\"https:\\\/\\\/elinformativotam.com\\\/index.php\\\/2020\\\/02\\\/13\\\/con-el-nuevo-mercado-inicia-una-nueva-epoca-de-desarrollo-economico-en-tampico-chucho-nader\\\/#primaryimage\"},\"thumbnailUrl\":\"http:\\\/\\\/elinformativotam.com\\\/wp-content\\\/uploads\\\/2020\\\/02\\\/MERCADO3-300x200.jpg\",\"articleSection\":[\"Tampico\"],\"inLanguage\":\"es\",\"potentialAction\":[{\"@type\":\"CommentAction\",\"name\":\"Comment\",\"target\":[\"https:\\\/\\\/elinformativotam.com\\\/index.php\\\/2020\\\/02\\\/13\\\/con-el-nuevo-mercado-inicia-una-nueva-epoca-de-desarrollo-economico-en-tampico-chucho-nader\\\/#respond\"]}]},{\"@type\":\"WebPage\",\"@id\":\"https:\\\/\\\/elinformativotam.com\\\/index.php\\\/2020\\\/02\\\/13\\\/con-el-nuevo-mercado-inicia-una-nueva-epoca-de-desarrollo-economico-en-tampico-chucho-nader\\\/\",\"url\":\"https:\\\/\\\/elinformativotam.com\\\/index.php\\\/2020\\\/02\\\/13\\\/con-el-nuevo-mercado-inicia-una-nueva-epoca-de-desarrollo-economico-en-tampico-chucho-nader\\\/\",\"name\":\"CON EL NUEVO MERCADO INICIA UNA NUEVA \u00c9POCA DE DESARROLLO ECON\u00d3MICO EN TAMPICO; CHUCHO NADER - EL INFORMATIVO DE TAMAULIPAS\",\"isPartOf\":{\"@id\":\"https:\\\/\\\/elinformativotam.com\\\/#website\"},\"primaryImageOfPage\":{\"@id\":\"https:\\\/\\\/elinformativotam.com\\\/index.php\\\/2020\\\/02\\\/13\\\/con-el-nuevo-mercado-inicia-una-nueva-epoca-de-desarrollo-economico-en-tampico-chucho-nader\\\/#primaryimage\"},\"image\":{\"@id\":\"https:\\\/\\\/elinformativotam.com\\\/index.php\\\/2020\\\/02\\\/13\\\/con-el-nuevo-mercado-inicia-una-nueva-epoca-de-desarrollo-economico-en-tampico-chucho-nader\\\/#primaryimage\"},\"thumbnailUrl\":\"http:\\\/\\\/elinformativotam.com\\\/wp-content\\\/uploads\\\/2020\\\/02\\\/MERCADO3-300x200.jpg\",\"datePublished\":\"2020-02-14T03:46:29+00:00\",\"dateModified\":\"2020-02-14T03:47:34+00:00\",\"description\":\"Al inaugurar, junto al Gobernador del Estado, Francisco Garc\u00eda Cabeza de Vaca, el nuevo Mercado Municipal de Tampico, el Presidente Chucho Nader destac\u00f3\",\"inLanguage\":\"es\",\"potentialAction\":[{\"@type\":\"ReadAction\",\"target\":[\"https:\\\/\\\/elinformativotam.com\\\/index.php\\\/2020\\\/02\\\/13\\\/con-el-nuevo-mercado-inicia-una-nueva-epoca-de-desarrollo-economico-en-tampico-chucho-nader\\\/\"]}]},{\"@type\":\"ImageObject\",\"inLanguage\":\"es\",\"@id\":\"https:\\\/\\\/elinformativotam.com\\\/index.php\\\/2020\\\/02\\\/13\\\/con-el-nuevo-mercado-inicia-una-nueva-epoca-de-desarrollo-economico-en-tampico-chucho-nader\\\/#primaryimage\",\"url\":\"http:\\\/\\\/elinformativotam.com\\\/wp-content\\\/uploads\\\/2020\\\/02\\\/MERCADO3-300x200.jpg\",\"contentUrl\":\"http:\\\/\\\/elinformativotam.com\\\/wp-content\\\/uploads\\\/2020\\\/02\\\/MERCADO3-300x200.jpg\"},{\"@type\":\"WebSite\",\"@id\":\"https:\\\/\\\/elinformativotam.com\\\/#website\",\"url\":\"https:\\\/\\\/elinformativotam.com\\\/\",\"name\":\"EL INFORMATIVO DE TAMAULIPAS\",\"description\":\"Desde la Zona Metropolitana Para Todo M\u00e9xico\",\"publisher\":{\"@id\":\"https:\\\/\\\/elinformativotam.com\\\/#organization\"},\"potentialAction\":[{\"@type\":\"SearchAction\",\"target\":{\"@type\":\"EntryPoint\",\"urlTemplate\":\"https:\\\/\\\/elinformativotam.com\\\/?s={search_term_string}\"},\"query-input\":{\"@type\":\"PropertyValueSpecification\",\"valueRequired\":true,\"valueName\":\"search_term_string\"}}],\"inLanguage\":\"es\"},{\"@type\":\"Organization\",\"@id\":\"https:\\\/\\\/elinformativotam.com\\\/#organization\",\"name\":\"EL INFORMATIVO DE TAMAULIPAS\",\"url\":\"https:\\\/\\\/elinformativotam.com\\\/\",\"logo\":{\"@type\":\"ImageObject\",\"inLanguage\":\"es\",\"@id\":\"https:\\\/\\\/elinformativotam.com\\\/#\\\/schema\\\/logo\\\/image\\\/\",\"url\":\"https:\\\/\\\/elinformativotam.com\\\/wp-content\\\/uploads\\\/2026\\\/02\\\/Cabezal.png\",\"contentUrl\":\"https:\\\/\\\/elinformativotam.com\\\/wp-content\\\/uploads\\\/2026\\\/02\\\/Cabezal.png\",\"width\":960,\"height\":640,\"caption\":\"EL INFORMATIVO DE TAMAULIPAS\"},\"image\":{\"@id\":\"https:\\\/\\\/elinformativotam.com\\\/#\\\/schema\\\/logo\\\/image\\\/\"}},{\"@type\":\"Person\",\"@id\":\"https:\\\/\\\/elinformativotam.com\\\/#\\\/schema\\\/person\\\/78e08040eed0f6110f0c5f83b6153590\",\"name\":\"El Informativo Tam\",\"image\":{\"@type\":\"ImageObject\",\"inLanguage\":\"es\",\"@id\":\"https:\\\/\\\/secure.gravatar.com\\\/avatar\\\/f3b7ad3af540688955925ac610647be00b0cf41feea9c4978b73a707ee86bc53?s=96&d=mm&r=g\",\"url\":\"https:\\\/\\\/secure.gravatar.com\\\/avatar\\\/f3b7ad3af540688955925ac610647be00b0cf41feea9c4978b73a707ee86bc53?s=96&d=mm&r=g\",\"contentUrl\":\"https:\\\/\\\/secure.gravatar.com\\\/avatar\\\/f3b7ad3af540688955925ac610647be00b0cf41feea9c4978b73a707ee86bc53?s=96&d=mm&r=g\",\"caption\":\"El Informativo Tam\"}}]}<\/script>\n<!-- \/ Yoast SEO plugin. -->","yoast_head_json":{"title":"CON EL NUEVO MERCADO INICIA UNA NUEVA \u00c9POCA DE DESARROLLO ECON\u00d3MICO EN TAMPICO; CHUCHO NADER - EL INFORMATIVO DE TAMAULIPAS","description":"Al inaugurar, junto al Gobernador del Estado, Francisco Garc\u00eda Cabeza de Vaca, el nuevo Mercado Municipal de Tampico, el Presidente Chucho Nader destac\u00f3","robots":{"index":"index","follow":"follow","max-snippet":"max-snippet:-1","max-image-preview":"max-image-preview:large","max-video-preview":"max-video-preview:-1"},"canonical":"https:\/\/elinformativotam.com\/index.php\/2020\/02\/13\/con-el-nuevo-mercado-inicia-una-nueva-epoca-de-desarrollo-economico-en-tampico-chucho-nader\/","og_locale":"es_MX","og_type":"article","og_title":"CON EL NUEVO MERCADO INICIA UNA NUEVA \u00c9POCA DE DESARROLLO ECON\u00d3MICO EN TAMPICO; CHUCHO NADER - EL INFORMATIVO DE TAMAULIPAS","og_description":"Al inaugurar, junto al Gobernador del Estado, Francisco Garc\u00eda Cabeza de Vaca, el nuevo Mercado Municipal de Tampico, el Presidente Chucho Nader destac\u00f3","og_url":"https:\/\/elinformativotam.com\/index.php\/2020\/02\/13\/con-el-nuevo-mercado-inicia-una-nueva-epoca-de-desarrollo-economico-en-tampico-chucho-nader\/","og_site_name":"EL INFORMATIVO DE TAMAULIPAS","article_published_time":"2020-02-14T03:46:29+00:00","article_modified_time":"2020-02-14T03:47:34+00:00","og_image":[{"url":"http:\/\/elinformativotam.com\/wp-content\/uploads\/2020\/02\/MERCADO3-300x200.jpg","type":"","width":"","height":""}],"author":"El Informativo Tam","twitter_card":"summary_large_image","twitter_misc":{"Escrito por":"El Informativo Tam","Tiempo de lectura":"3 minutos"},"schema":{"@context":"https:\/\/schema.org","@graph":[{"@type":"Article","@id":"https:\/\/elinformativotam.com\/index.php\/2020\/02\/13\/con-el-nuevo-mercado-inicia-una-nueva-epoca-de-desarrollo-economico-en-tampico-chucho-nader\/#article","isPartOf":{"@id":"https:\/\/elinformativotam.com\/index.php\/2020\/02\/13\/con-el-nuevo-mercado-inicia-una-nueva-epoca-de-desarrollo-economico-en-tampico-chucho-nader\/"},"author":{"name":"El Informativo Tam","@id":"https:\/\/elinformativotam.com\/#\/schema\/person\/78e08040eed0f6110f0c5f83b6153590"},"headline":"CON EL NUEVO MERCADO INICIA UNA NUEVA \u00c9POCA DE DESARROLLO ECON\u00d3MICO EN TAMPICO; CHUCHO NADER","datePublished":"2020-02-14T03:46:29+00:00","dateModified":"2020-02-14T03:47:34+00:00","mainEntityOfPage":{"@id":"https:\/\/elinformativotam.com\/index.php\/2020\/02\/13\/con-el-nuevo-mercado-inicia-una-nueva-epoca-de-desarrollo-economico-en-tampico-chucho-nader\/"},"wordCount":519,"commentCount":0,"publisher":{"@id":"https:\/\/elinformativotam.com\/#organization"},"image":{"@id":"https:\/\/elinformativotam.com\/index.php\/2020\/02\/13\/con-el-nuevo-mercado-inicia-una-nueva-epoca-de-desarrollo-economico-en-tampico-chucho-nader\/#primaryimage"},"thumbnailUrl":"http:\/\/elinformativotam.com\/wp-content\/uploads\/2020\/02\/MERCADO3-300x200.jpg","articleSection":["Tampico"],"inLanguage":"es","potentialAction":[{"@type":"CommentAction","name":"Comment","target":["https:\/\/elinformativotam.com\/index.php\/2020\/02\/13\/con-el-nuevo-mercado-inicia-una-nueva-epoca-de-desarrollo-economico-en-tampico-chucho-nader\/#respond"]}]},{"@type":"WebPage","@id":"https:\/\/elinformativotam.com\/index.php\/2020\/02\/13\/con-el-nuevo-mercado-inicia-una-nueva-epoca-de-desarrollo-economico-en-tampico-chucho-nader\/","url":"https:\/\/elinformativotam.com\/index.php\/2020\/02\/13\/con-el-nuevo-mercado-inicia-una-nueva-epoca-de-desarrollo-economico-en-tampico-chucho-nader\/","name":"CON EL NUEVO MERCADO INICIA UNA NUEVA \u00c9POCA DE DESARROLLO ECON\u00d3MICO EN TAMPICO; CHUCHO NADER - EL INFORMATIVO DE TAMAULIPAS","isPartOf":{"@id":"https:\/\/elinformativotam.com\/#website"},"primaryImageOfPage":{"@id":"https:\/\/elinformativotam.com\/index.php\/2020\/02\/13\/con-el-nuevo-mercado-inicia-una-nueva-epoca-de-desarrollo-economico-en-tampico-chucho-nader\/#primaryimage"},"image":{"@id":"https:\/\/elinformativotam.com\/index.php\/2020\/02\/13\/con-el-nuevo-mercado-inicia-una-nueva-epoca-de-desarrollo-economico-en-tampico-chucho-nader\/#primaryimage"},"thumbnailUrl":"http:\/\/elinformativotam.com\/wp-content\/uploads\/2020\/02\/MERCADO3-300x200.jpg","datePublished":"2020-02-14T03:46:29+00:00","dateModified":"2020-02-14T03:47:34+00:00","description":"Al inaugurar, junto al Gobernador del Estado, Francisco Garc\u00eda Cabeza de Vaca, el nuevo Mercado Municipal de Tampico, el Presidente Chucho Nader destac\u00f3","inLanguage":"es","potentialAction":[{"@type":"ReadAction","target":["https:\/\/elinformativotam.com\/index.php\/2020\/02\/13\/con-el-nuevo-mercado-inicia-una-nueva-epoca-de-desarrollo-economico-en-tampico-chucho-nader\/"]}]},{"@type":"ImageObject","inLanguage":"es","@id":"https:\/\/elinformativotam.com\/index.php\/2020\/02\/13\/con-el-nuevo-mercado-inicia-una-nueva-epoca-de-desarrollo-economico-en-tampico-chucho-nader\/#primaryimage","url":"http:\/\/elinformativotam.com\/wp-content\/uploads\/2020\/02\/MERCADO3-300x200.jpg","contentUrl":"http:\/\/elinformativotam.com\/wp-content\/uploads\/2020\/02\/MERCADO3-300x200.jpg"},{"@type":"WebSite","@id":"https:\/\/elinformativotam.com\/#website","url":"https:\/\/elinformativotam.com\/","name":"EL INFORMATIVO DE TAMAULIPAS","description":"Desde la Zona Metropolitana Para Todo M\u00e9xico","publisher":{"@id":"https:\/\/elinformativotam.com\/#organization"},"potentialAction":[{"@type":"SearchAction","target":{"@type":"EntryPoint","urlTemplate":"https:\/\/elinformativotam.com\/?s={search_term_string}"},"query-input":{"@type":"PropertyValueSpecification","valueRequired":true,"valueName":"search_term_string"}}],"inLanguage":"es"},{"@type":"Organization","@id":"https:\/\/elinformativotam.com\/#organization","name":"EL INFORMATIVO DE TAMAULIPAS","url":"https:\/\/elinformativotam.com\/","logo":{"@type":"ImageObject","inLanguage":"es","@id":"https:\/\/elinformativotam.com\/#\/schema\/logo\/image\/","url":"https:\/\/elinformativotam.com\/wp-content\/uploads\/2026\/02\/Cabezal.png","contentUrl":"https:\/\/elinformativotam.com\/wp-content\/uploads\/2026\/02\/Cabezal.png","width":960,"height":640,"caption":"EL INFORMATIVO DE TAMAULIPAS"},"image":{"@id":"https:\/\/elinformativotam.com\/#\/schema\/logo\/image\/"}},{"@type":"Person","@id":"https:\/\/elinformativotam.com\/#\/schema\/person\/78e08040eed0f6110f0c5f83b6153590","name":"El Informativo Tam","image":{"@type":"ImageObject","inLanguage":"es","@id":"https:\/\/secure.gravatar.com\/avatar\/f3b7ad3af540688955925ac610647be00b0cf41feea9c4978b73a707ee86bc53?s=96&d=mm&r=g","url":"https:\/\/secure.gravatar.com\/avatar\/f3b7ad3af540688955925ac610647be00b0cf41feea9c4978b73a707ee86bc53?s=96&d=mm&r=g","contentUrl":"https:\/\/secure.gravatar.com\/avatar\/f3b7ad3af540688955925ac610647be00b0cf41feea9c4978b73a707ee86bc53?s=96&d=mm&r=g","caption":"El Informativo Tam"}}]}},"_links":{"self":[{"href":"https:\/\/elinformativotam.com\/index.php\/wp-json\/wp\/v2\/posts\/2647","targetHints":{"allow":["GET"]}}],"collection":[{"href":"https:\/\/elinformativotam.com\/index.php\/wp-json\/wp\/v2\/posts"}],"about":[{"href":"https:\/\/elinformativotam.com\/index.php\/wp-json\/wp\/v2\/types\/post"}],"author":[{"embeddable":true,"href":"https:\/\/elinformativotam.com\/index.php\/wp-json\/wp\/v2\/users\/1"}],"replies":[{"embeddable":true,"href":"https:\/\/elinformativotam.com\/index.php\/wp-json\/wp\/v2\/comments?post=2647"}],"version-history":[{"count":0,"href":"https:\/\/elinformativotam.com\/index.php\/wp-json\/wp\/v2\/posts\/2647\/revisions"}],"wp:attachment":[{"href":"https:\/\/elinformativotam.com\/index.php\/wp-json\/wp\/v2\/media?parent=2647"}],"wp:term":[{"taxonomy":"category","embeddable":true,"href":"https:\/\/elinformativotam.com\/index.php\/wp-json\/wp\/v2\/categories?post=2647"},{"taxonomy":"post_tag","embeddable":true,"href":"https:\/\/elinformativotam.com\/index.php\/wp-json\/wp\/v2\/tags?post=2647"}],"curies":[{"name":"wp","href":"https:\/\/api.w.org\/{rel}","templated":true}]}}