{"id":2572,"date":"2020-02-12T07:50:31","date_gmt":"2020-02-12T13:50:31","guid":{"rendered":"http:\/\/elinformativotam.com\/?p=2572"},"modified":"2020-02-12T07:50:31","modified_gmt":"2020-02-12T13:50:31","slug":"anuncia-aida-feres-de-nader-importante-conferencia-reflejando-tu-estilo","status":"publish","type":"post","link":"https:\/\/elinformativotam.com\/index.php\/2020\/02\/12\/anuncia-aida-feres-de-nader-importante-conferencia-reflejando-tu-estilo\/","title":{"rendered":"ANUNCIA A\u00cdDA F\u00c9RES DE NADER IMPORTANTE CONFERENCIA \u201cREFLEJANDO TU ESTILO\u201d"},"content":{"rendered":"<h2><em><strong>*El Sistema DIF Tampico Invita A Su Gran Evento Con Causa<\/strong><\/em><\/h2>\n<p>&nbsp;<\/p>\n<p>Con el objetivo de compartir tips y consejos para el dise\u00f1o de imagen, el Sistema DIF Tampico trae para ti la Conferencia \u201cReflejando tu estilo\u201d, un evento que sin duda resulta muy interesante para quienes desean conocer m\u00e1s sobre c\u00f3mo vestir y armonizar los colores que reflejen la personalidad, la cita es el pr\u00f3ximo jueves 5 de marzo en el Espacio Cultural Metropolitano y ser\u00e1 impartida por las asesoras de imagen, Sara Calvo y Ana Nu\u00f1o.<\/p>\n<p>&nbsp;<\/p>\n<p>Durante la charla, los asistentes recibir\u00e1n importantes consejos para mejorar su imagen, y reflejar su propio estilo, generando un impacto positivo.<\/p>\n<p>&nbsp;<\/p>\n<p>La Dra. F\u00e9res de Nader agreg\u00f3 que, durante este evento, el p\u00fablico participar\u00e1, adem\u00e1s, en una rifa, en la que se obsequiar\u00e1n atractivos premios donados por diferentes empresas enfocadas a art\u00edculos del hogar y el embellecimiento de la Mujer.<\/p>\n<p>&nbsp;<\/p>\n<p>La venta de los boletos para asistir a la citada conferencia, est\u00e1n disponibles en las oficinas del Sistema DIF ubicadas en la zona centro.<\/p>\n<p>&nbsp;<\/p>\n<p>DIF Tampico pensando siempre en el bienestar de los adultos mayores, tiene el proyecto de habilitar y equipar tres espacios m\u00e1s como \u201cCasas Club del Adulto Activo\u201d, ya que es de suma importancia contar con \u00e1reas que permitan atender las necesidades de las y los abuelitos, activarlos f\u00edsicamente; y que convivan con personas de su misma edad.<\/p>\n<p>&nbsp;<\/p>\n<p>&#8220;Los adultos mayores son un sector prioritario del Sistema DIF municipal, por ello estamos haciendo un esfuerzo por ampliar los espacios de atenci\u00f3n y servicio, para que todas las personas mayores de 60 a\u00f1os, encuentren un sitio donde realicen actividades de integraci\u00f3n, convivencia, activaci\u00f3n f\u00edsica; desarrollo mental; y reciban, adem\u00e1s, capacitaci\u00f3n, asistencia m\u00e9dica y todos los beneficios que brinda DIF Tampico&#8221;, expres\u00f3.<\/p>\n<p>&nbsp;<\/p>\n<p>El proyecto de crear las tres casas club es los inmuebles ubicados en: Prolongaci\u00f3n Esfuerzo Obrero y Juan Escutia, de la colonia Esfuerzo Obrero; el otro, en calle Brasil 411 entre Bolivia y Colombia de la colonia Las Am\u00e9ricas; y uno m\u00e1s en calle Tentaci\u00f3n, esquina con camino viejo a Tancol de la colonia Nuevo Amanecer.<\/p>\n<p>&nbsp;<\/p>\n<p>El sistema DIF Tampico se preocupa y ocupa de los adultos mayores y, es por ello que con eventos como esta Conferencia, permite obtener recursos que se destinar\u00e1n al equipamiento de los espacios donde se instalar\u00e1n las tres nuevas Casa Club del Adulto Activo, en las direcciones mencionadas.<\/p>\n<p>&nbsp;<\/p>\n","protected":false},"excerpt":{"rendered":"<p>*El Sistema DIF Tampico Invita A Su Gran Evento Con Causa &nbsp; Con el objetivo de compartir tips y consejos&hellip;<\/p>\n","protected":false},"author":1,"featured_media":0,"comment_status":"open","ping_status":"open","sticky":false,"template":"","format":"standard","meta":{"footnotes":""},"categories":[3],"tags":[],"class_list":["post-2572","post","type-post","status-publish","format-standard","hentry","category-tampico"],"yoast_head":"<!-- This site is optimized with the Yoast SEO plugin v27.5 - https:\/\/yoast.com\/product\/yoast-seo-wordpress\/ -->\n<title>ANUNCIA A\u00cdDA F\u00c9RES DE NADER IMPORTANTE CONFERENCIA \u201cREFLEJANDO TU ESTILO\u201d - EL INFORMATIVO DE TAMAULIPAS<\/title>\n<meta name=\"description\" content=\"*El Sistema DIF Tampico Invita A Su Gran Evento Con Causa &nbsp; Con el objetivo de compartir tips y consejos para el dise\u00f1o de imagen, el Sistema DIF\" \/>\n<meta name=\"robots\" content=\"index, follow, max-snippet:-1, max-image-preview:large, max-video-preview:-1\" \/>\n<link rel=\"canonical\" href=\"https:\/\/elinformativotam.com\/index.php\/2020\/02\/12\/anuncia-aida-feres-de-nader-importante-conferencia-reflejando-tu-estilo\/\" \/>\n<meta property=\"og:locale\" content=\"es_MX\" \/>\n<meta property=\"og:type\" content=\"article\" \/>\n<meta property=\"og:title\" content=\"ANUNCIA A\u00cdDA F\u00c9RES DE NADER IMPORTANTE CONFERENCIA \u201cREFLEJANDO TU ESTILO\u201d - EL INFORMATIVO DE TAMAULIPAS\" \/>\n<meta property=\"og:description\" content=\"*El Sistema DIF Tampico Invita A Su Gran Evento Con Causa &nbsp; Con el objetivo de compartir tips y consejos para el dise\u00f1o de imagen, el Sistema DIF\" \/>\n<meta property=\"og:url\" content=\"https:\/\/elinformativotam.com\/index.php\/2020\/02\/12\/anuncia-aida-feres-de-nader-importante-conferencia-reflejando-tu-estilo\/\" \/>\n<meta property=\"og:site_name\" content=\"EL INFORMATIVO DE TAMAULIPAS\" \/>\n<meta property=\"article:published_time\" content=\"2020-02-12T13:50:31+00:00\" \/>\n<meta name=\"author\" content=\"El Informativo Tam\" \/>\n<meta name=\"twitter:card\" content=\"summary_large_image\" \/>\n<meta name=\"twitter:label1\" content=\"Escrito por\" \/>\n\t<meta name=\"twitter:data1\" content=\"El Informativo Tam\" \/>\n\t<meta name=\"twitter:label2\" content=\"Tiempo de lectura\" \/>\n\t<meta name=\"twitter:data2\" content=\"2 minutos\" \/>\n<script type=\"application\/ld+json\" class=\"yoast-schema-graph\">{\"@context\":\"https:\\\/\\\/schema.org\",\"@graph\":[{\"@type\":\"Article\",\"@id\":\"https:\\\/\\\/elinformativotam.com\\\/index.php\\\/2020\\\/02\\\/12\\\/anuncia-aida-feres-de-nader-importante-conferencia-reflejando-tu-estilo\\\/#article\",\"isPartOf\":{\"@id\":\"https:\\\/\\\/elinformativotam.com\\\/index.php\\\/2020\\\/02\\\/12\\\/anuncia-aida-feres-de-nader-importante-conferencia-reflejando-tu-estilo\\\/\"},\"author\":{\"name\":\"El Informativo Tam\",\"@id\":\"https:\\\/\\\/elinformativotam.com\\\/#\\\/schema\\\/person\\\/78e08040eed0f6110f0c5f83b6153590\"},\"headline\":\"ANUNCIA A\u00cdDA F\u00c9RES DE NADER IMPORTANTE CONFERENCIA \u201cREFLEJANDO TU ESTILO\u201d\",\"datePublished\":\"2020-02-12T13:50:31+00:00\",\"mainEntityOfPage\":{\"@id\":\"https:\\\/\\\/elinformativotam.com\\\/index.php\\\/2020\\\/02\\\/12\\\/anuncia-aida-feres-de-nader-importante-conferencia-reflejando-tu-estilo\\\/\"},\"wordCount\":440,\"commentCount\":0,\"publisher\":{\"@id\":\"https:\\\/\\\/elinformativotam.com\\\/#organization\"},\"articleSection\":[\"Tampico\"],\"inLanguage\":\"es\",\"potentialAction\":[{\"@type\":\"CommentAction\",\"name\":\"Comment\",\"target\":[\"https:\\\/\\\/elinformativotam.com\\\/index.php\\\/2020\\\/02\\\/12\\\/anuncia-aida-feres-de-nader-importante-conferencia-reflejando-tu-estilo\\\/#respond\"]}]},{\"@type\":\"WebPage\",\"@id\":\"https:\\\/\\\/elinformativotam.com\\\/index.php\\\/2020\\\/02\\\/12\\\/anuncia-aida-feres-de-nader-importante-conferencia-reflejando-tu-estilo\\\/\",\"url\":\"https:\\\/\\\/elinformativotam.com\\\/index.php\\\/2020\\\/02\\\/12\\\/anuncia-aida-feres-de-nader-importante-conferencia-reflejando-tu-estilo\\\/\",\"name\":\"ANUNCIA A\u00cdDA F\u00c9RES DE NADER IMPORTANTE CONFERENCIA \u201cREFLEJANDO TU ESTILO\u201d - EL INFORMATIVO DE TAMAULIPAS\",\"isPartOf\":{\"@id\":\"https:\\\/\\\/elinformativotam.com\\\/#website\"},\"datePublished\":\"2020-02-12T13:50:31+00:00\",\"description\":\"*El Sistema DIF Tampico Invita A Su Gran Evento Con Causa &nbsp; Con el objetivo de compartir tips y consejos para el dise\u00f1o de imagen, el Sistema DIF\",\"inLanguage\":\"es\",\"potentialAction\":[{\"@type\":\"ReadAction\",\"target\":[\"https:\\\/\\\/elinformativotam.com\\\/index.php\\\/2020\\\/02\\\/12\\\/anuncia-aida-feres-de-nader-importante-conferencia-reflejando-tu-estilo\\\/\"]}]},{\"@type\":\"WebSite\",\"@id\":\"https:\\\/\\\/elinformativotam.com\\\/#website\",\"url\":\"https:\\\/\\\/elinformativotam.com\\\/\",\"name\":\"EL INFORMATIVO DE TAMAULIPAS\",\"description\":\"Desde la Zona Metropolitana Para Todo M\u00e9xico\",\"publisher\":{\"@id\":\"https:\\\/\\\/elinformativotam.com\\\/#organization\"},\"potentialAction\":[{\"@type\":\"SearchAction\",\"target\":{\"@type\":\"EntryPoint\",\"urlTemplate\":\"https:\\\/\\\/elinformativotam.com\\\/?s={search_term_string}\"},\"query-input\":{\"@type\":\"PropertyValueSpecification\",\"valueRequired\":true,\"valueName\":\"search_term_string\"}}],\"inLanguage\":\"es\"},{\"@type\":\"Organization\",\"@id\":\"https:\\\/\\\/elinformativotam.com\\\/#organization\",\"name\":\"EL INFORMATIVO DE TAMAULIPAS\",\"url\":\"https:\\\/\\\/elinformativotam.com\\\/\",\"logo\":{\"@type\":\"ImageObject\",\"inLanguage\":\"es\",\"@id\":\"https:\\\/\\\/elinformativotam.com\\\/#\\\/schema\\\/logo\\\/image\\\/\",\"url\":\"https:\\\/\\\/elinformativotam.com\\\/wp-content\\\/uploads\\\/2026\\\/02\\\/Cabezal.png\",\"contentUrl\":\"https:\\\/\\\/elinformativotam.com\\\/wp-content\\\/uploads\\\/2026\\\/02\\\/Cabezal.png\",\"width\":960,\"height\":640,\"caption\":\"EL INFORMATIVO DE TAMAULIPAS\"},\"image\":{\"@id\":\"https:\\\/\\\/elinformativotam.com\\\/#\\\/schema\\\/logo\\\/image\\\/\"}},{\"@type\":\"Person\",\"@id\":\"https:\\\/\\\/elinformativotam.com\\\/#\\\/schema\\\/person\\\/78e08040eed0f6110f0c5f83b6153590\",\"name\":\"El Informativo Tam\",\"image\":{\"@type\":\"ImageObject\",\"inLanguage\":\"es\",\"@id\":\"https:\\\/\\\/secure.gravatar.com\\\/avatar\\\/f3b7ad3af540688955925ac610647be00b0cf41feea9c4978b73a707ee86bc53?s=96&d=mm&r=g\",\"url\":\"https:\\\/\\\/secure.gravatar.com\\\/avatar\\\/f3b7ad3af540688955925ac610647be00b0cf41feea9c4978b73a707ee86bc53?s=96&d=mm&r=g\",\"contentUrl\":\"https:\\\/\\\/secure.gravatar.com\\\/avatar\\\/f3b7ad3af540688955925ac610647be00b0cf41feea9c4978b73a707ee86bc53?s=96&d=mm&r=g\",\"caption\":\"El Informativo Tam\"}}]}<\/script>\n<!-- \/ Yoast SEO plugin. -->","yoast_head_json":{"title":"ANUNCIA A\u00cdDA F\u00c9RES DE NADER IMPORTANTE CONFERENCIA \u201cREFLEJANDO TU ESTILO\u201d - EL INFORMATIVO DE TAMAULIPAS","description":"*El Sistema DIF Tampico Invita A Su Gran Evento Con Causa &nbsp; Con el objetivo de compartir tips y consejos para el dise\u00f1o de imagen, el Sistema DIF","robots":{"index":"index","follow":"follow","max-snippet":"max-snippet:-1","max-image-preview":"max-image-preview:large","max-video-preview":"max-video-preview:-1"},"canonical":"https:\/\/elinformativotam.com\/index.php\/2020\/02\/12\/anuncia-aida-feres-de-nader-importante-conferencia-reflejando-tu-estilo\/","og_locale":"es_MX","og_type":"article","og_title":"ANUNCIA A\u00cdDA F\u00c9RES DE NADER IMPORTANTE CONFERENCIA \u201cREFLEJANDO TU ESTILO\u201d - EL INFORMATIVO DE TAMAULIPAS","og_description":"*El Sistema DIF Tampico Invita A Su Gran Evento Con Causa &nbsp; Con el objetivo de compartir tips y consejos para el dise\u00f1o de imagen, el Sistema DIF","og_url":"https:\/\/elinformativotam.com\/index.php\/2020\/02\/12\/anuncia-aida-feres-de-nader-importante-conferencia-reflejando-tu-estilo\/","og_site_name":"EL INFORMATIVO DE TAMAULIPAS","article_published_time":"2020-02-12T13:50:31+00:00","author":"El Informativo Tam","twitter_card":"summary_large_image","twitter_misc":{"Escrito por":"El Informativo Tam","Tiempo de lectura":"2 minutos"},"schema":{"@context":"https:\/\/schema.org","@graph":[{"@type":"Article","@id":"https:\/\/elinformativotam.com\/index.php\/2020\/02\/12\/anuncia-aida-feres-de-nader-importante-conferencia-reflejando-tu-estilo\/#article","isPartOf":{"@id":"https:\/\/elinformativotam.com\/index.php\/2020\/02\/12\/anuncia-aida-feres-de-nader-importante-conferencia-reflejando-tu-estilo\/"},"author":{"name":"El Informativo Tam","@id":"https:\/\/elinformativotam.com\/#\/schema\/person\/78e08040eed0f6110f0c5f83b6153590"},"headline":"ANUNCIA A\u00cdDA F\u00c9RES DE NADER IMPORTANTE CONFERENCIA \u201cREFLEJANDO TU ESTILO\u201d","datePublished":"2020-02-12T13:50:31+00:00","mainEntityOfPage":{"@id":"https:\/\/elinformativotam.com\/index.php\/2020\/02\/12\/anuncia-aida-feres-de-nader-importante-conferencia-reflejando-tu-estilo\/"},"wordCount":440,"commentCount":0,"publisher":{"@id":"https:\/\/elinformativotam.com\/#organization"},"articleSection":["Tampico"],"inLanguage":"es","potentialAction":[{"@type":"CommentAction","name":"Comment","target":["https:\/\/elinformativotam.com\/index.php\/2020\/02\/12\/anuncia-aida-feres-de-nader-importante-conferencia-reflejando-tu-estilo\/#respond"]}]},{"@type":"WebPage","@id":"https:\/\/elinformativotam.com\/index.php\/2020\/02\/12\/anuncia-aida-feres-de-nader-importante-conferencia-reflejando-tu-estilo\/","url":"https:\/\/elinformativotam.com\/index.php\/2020\/02\/12\/anuncia-aida-feres-de-nader-importante-conferencia-reflejando-tu-estilo\/","name":"ANUNCIA A\u00cdDA F\u00c9RES DE NADER IMPORTANTE CONFERENCIA \u201cREFLEJANDO TU ESTILO\u201d - EL INFORMATIVO DE TAMAULIPAS","isPartOf":{"@id":"https:\/\/elinformativotam.com\/#website"},"datePublished":"2020-02-12T13:50:31+00:00","description":"*El Sistema DIF Tampico Invita A Su Gran Evento Con Causa &nbsp; Con el objetivo de compartir tips y consejos para el dise\u00f1o de imagen, el Sistema DIF","inLanguage":"es","potentialAction":[{"@type":"ReadAction","target":["https:\/\/elinformativotam.com\/index.php\/2020\/02\/12\/anuncia-aida-feres-de-nader-importante-conferencia-reflejando-tu-estilo\/"]}]},{"@type":"WebSite","@id":"https:\/\/elinformativotam.com\/#website","url":"https:\/\/elinformativotam.com\/","name":"EL INFORMATIVO DE TAMAULIPAS","description":"Desde la Zona Metropolitana Para Todo M\u00e9xico","publisher":{"@id":"https:\/\/elinformativotam.com\/#organization"},"potentialAction":[{"@type":"SearchAction","target":{"@type":"EntryPoint","urlTemplate":"https:\/\/elinformativotam.com\/?s={search_term_string}"},"query-input":{"@type":"PropertyValueSpecification","valueRequired":true,"valueName":"search_term_string"}}],"inLanguage":"es"},{"@type":"Organization","@id":"https:\/\/elinformativotam.com\/#organization","name":"EL INFORMATIVO DE TAMAULIPAS","url":"https:\/\/elinformativotam.com\/","logo":{"@type":"ImageObject","inLanguage":"es","@id":"https:\/\/elinformativotam.com\/#\/schema\/logo\/image\/","url":"https:\/\/elinformativotam.com\/wp-content\/uploads\/2026\/02\/Cabezal.png","contentUrl":"https:\/\/elinformativotam.com\/wp-content\/uploads\/2026\/02\/Cabezal.png","width":960,"height":640,"caption":"EL INFORMATIVO DE TAMAULIPAS"},"image":{"@id":"https:\/\/elinformativotam.com\/#\/schema\/logo\/image\/"}},{"@type":"Person","@id":"https:\/\/elinformativotam.com\/#\/schema\/person\/78e08040eed0f6110f0c5f83b6153590","name":"El Informativo Tam","image":{"@type":"ImageObject","inLanguage":"es","@id":"https:\/\/secure.gravatar.com\/avatar\/f3b7ad3af540688955925ac610647be00b0cf41feea9c4978b73a707ee86bc53?s=96&d=mm&r=g","url":"https:\/\/secure.gravatar.com\/avatar\/f3b7ad3af540688955925ac610647be00b0cf41feea9c4978b73a707ee86bc53?s=96&d=mm&r=g","contentUrl":"https:\/\/secure.gravatar.com\/avatar\/f3b7ad3af540688955925ac610647be00b0cf41feea9c4978b73a707ee86bc53?s=96&d=mm&r=g","caption":"El Informativo Tam"}}]}},"_links":{"self":[{"href":"https:\/\/elinformativotam.com\/index.php\/wp-json\/wp\/v2\/posts\/2572","targetHints":{"allow":["GET"]}}],"collection":[{"href":"https:\/\/elinformativotam.com\/index.php\/wp-json\/wp\/v2\/posts"}],"about":[{"href":"https:\/\/elinformativotam.com\/index.php\/wp-json\/wp\/v2\/types\/post"}],"author":[{"embeddable":true,"href":"https:\/\/elinformativotam.com\/index.php\/wp-json\/wp\/v2\/users\/1"}],"replies":[{"embeddable":true,"href":"https:\/\/elinformativotam.com\/index.php\/wp-json\/wp\/v2\/comments?post=2572"}],"version-history":[{"count":0,"href":"https:\/\/elinformativotam.com\/index.php\/wp-json\/wp\/v2\/posts\/2572\/revisions"}],"wp:attachment":[{"href":"https:\/\/elinformativotam.com\/index.php\/wp-json\/wp\/v2\/media?parent=2572"}],"wp:term":[{"taxonomy":"category","embeddable":true,"href":"https:\/\/elinformativotam.com\/index.php\/wp-json\/wp\/v2\/categories?post=2572"},{"taxonomy":"post_tag","embeddable":true,"href":"https:\/\/elinformativotam.com\/index.php\/wp-json\/wp\/v2\/tags?post=2572"}],"curies":[{"name":"wp","href":"https:\/\/api.w.org\/{rel}","templated":true}]}}