{"id":252,"date":"2019-10-21T19:05:36","date_gmt":"2019-10-22T01:05:36","guid":{"rendered":"http:\/\/elinformativotam.com\/?p=252"},"modified":"2019-10-21T19:05:36","modified_gmt":"2019-10-22T01:05:36","slug":"sct-no-sera-complice-de-irregularidades-en-licitaciones-afirma-jimenez-espriu","status":"publish","type":"post","link":"https:\/\/elinformativotam.com\/index.php\/2019\/10\/21\/sct-no-sera-complice-de-irregularidades-en-licitaciones-afirma-jimenez-espriu\/","title":{"rendered":"SCT no ser\u00e1 c\u00f3mplice de irregularidades en licitaciones, afirma Jimenez Espri\u00fa"},"content":{"rendered":"\n<p><em><strong>**El secretario de Comunicaciones y Transportes expres\u00f3 que los responsables deber\u00e1n asumir las consecuencias, \u201cno seremos c\u00f3mplices de ninguno de estos actos&#8221;<\/strong><\/em><\/p>\n\n\n\n<p>Se acabaron los contratistas sexenales, recomendados y la corrupci\u00f3n\u2019, sentenci\u00f3 el secretario de Comunicaciones y Transportes, Javier Jim\u00e9nez Espri\u00fa.<\/p>\n\n\n\n<p>En reuni\u00f3n con senadores por la Glosa del Primer informe de Gobierno, inform\u00f3 que se encontr\u00f3 una \u201cherencia de diversos actos presumiblemente irregulares\u201d, que se han documentado y turnado para su atenci\u00f3n a las autoridades competentes.<\/p>\n\n\n\n<p> En todos los casos, expres\u00f3, los responsables deber\u00e1n asumir las consecuencias, \u201cno seremos c\u00f3mplices de ninguno de estos actos\u201d. <\/p>\n\n\n\n<p>Apunt\u00f3 que durante la presente administraci\u00f3n se privilegian las licitaciones p\u00fablicas y se elabora un padr\u00f3n de contratistas confiables.<\/p>\n\n\n\n<p>Jim\u00e9nez Espri\u00fa indic\u00f3 que tras la suspensi\u00f3n del Nuevo Aeropuerto Internacional de la Ciudad de M\u00e9xico (NAIM), se concluyeron exitosamente las negociaciones para el cierre de los 692 contratos, con un costo de 75 mil millones de pesos, as\u00ed como los instrumentos suscritos para financiar una parte del proyecto. Faltan s\u00f3lo tr\u00e1mites para evitar los \u00faltimos dos, precis\u00f3.<\/p>\n\n\n\n<p>Dijo que para detener el problema de la saturaci\u00f3n en el actual Aeropuerto de la Ciudad de M\u00e9xico, se decidi\u00f3 la integraci\u00f3n del Sistema Aeroportuario Metropolitano, aprovechando infraestructura del Benito Ju\u00e1rez, el de Toluca, y la construcci\u00f3n del de Santa Luc\u00eda.<\/p>\n\n\n\n<p>Destac\u00f3 que en colaboraci\u00f3n con la Secretar\u00eda de Defensa Nacional (Sedena), responsable de la construcci\u00f3n del Aeropuerto Internacional Felipe \u00c1ngeles, en Santa Luc\u00eda, se llevaron a cabo los estudios de espacio a\u00e9reo y la definici\u00f3n de un \u201cplan maestro\u201d.<\/p>\n\n\n\n<p>Precis\u00f3 que los estudios de aeronavegabilidad en los que participa la empresa francesa \u201cNavblue\u201d, ratificaron la factibilidad t\u00e9cnica para la simultaneidad de vuelos entre los tres aeropuertos del sistema metropolitano, con plena seguridad, eficiencia aeron\u00e1utica y con una nueva arquitectura del espacio a\u00e9reo.<\/p>\n\n\n\n<p>Aunado a ello, inform\u00f3 que se dio prioridad al mantenimiento, modernizaci\u00f3n y rehabilitaci\u00f3n de la infraestructura del Aeropuerto Benito Ju\u00e1rez y de sus servicios. Adem\u00e1s, dijo, se lleva a cabo la construcci\u00f3n y equipamiento de un nuevo centro de control operacional.<\/p>\n\n\n\n<p>Para mejorar y emplear la capacidad operacional y de servicios del Aeropuerto Benito Ju\u00e1rez, se inici\u00f3 un amplio programa de rehabilitaci\u00f3n con un presupuesto de 3 mil millones de pesos. Se rehabilit\u00f3 la pista cinco izquierda 23 derecha. Se construye un nuevo edificio con siete posiciones de contacto. Se inici\u00f3 la rehabilitaci\u00f3n mayor y el incremento de los m\u00f3dulos sanitarios de las terminales 1 y 2; y se elaboran estudios para construcci\u00f3n de una nueva terminal.<\/p>\n\n\n\n<p>Para fortalecer la capacidad normativa, enfatiz\u00f3 el funcionario, se impuls\u00f3 la creaci\u00f3n de la Agencia Federal de Aviaci\u00f3n Civil, como \u00f3rgano administrativo desconcentrado, con autonom\u00eda t\u00e9cnica y operativa y con facultades de tramitaci\u00f3n y decisi\u00f3n para dictar sus resoluciones en materia de aviaci\u00f3n civil y aeroportuaria que sustituye a la Direcci\u00f3n General de Aeron\u00e1utica Civil.<\/p>\n\n\n\n<p>Respecto al Programa Carretero 2019, dijo que se tiene una inversi\u00f3n que suma 43 mil millones de pesos, de los cuales, al 31 de agosto se hab\u00eda comprometido el 93.1 por ciento. Para la contrataci\u00f3n de la obra p\u00fablica y servicios relacionados en este primer ejercicio de la administraci\u00f3n, se\u00f1al\u00f3, se han firmado 2 mil 794 contratos, destacando que s\u00f3lo dos de estos fueron por adjudicaci\u00f3n directa. El 71 por ciento fueron licitaciones p\u00fablicas fraccionales por un monto equivalente a 84 por ciento del total del programa.<\/p>\n\n\n\n<p>Javier Jim\u00e9nez dijo que el resto se asign\u00f3 a trav\u00e9s de procedimiento por invitaci\u00f3n de contratistas y se orient\u00f3 al mantenimiento rutinario de carreteras, se\u00f1alando que el 75 por ciento de estos contratos recay\u00f3 en empresas de la regi\u00f3n donde se realiza la obra.<\/p>\n\n\n\n<p><br><\/p>\n","protected":false},"excerpt":{"rendered":"<p>**El secretario de Comunicaciones y Transportes expres\u00f3 que los responsables deber\u00e1n asumir las consecuencias, \u201cno seremos c\u00f3mplices de ninguno de&hellip;<\/p>\n","protected":false},"author":1,"featured_media":0,"comment_status":"open","ping_status":"open","sticky":false,"template":"","format":"standard","meta":{"footnotes":""},"categories":[7],"tags":[],"class_list":["post-252","post","type-post","status-publish","format-standard","hentry","category-nacional"],"yoast_head":"<!-- This site is optimized with the Yoast SEO plugin v27.5 - https:\/\/yoast.com\/product\/yoast-seo-wordpress\/ -->\n<title>SCT no ser\u00e1 c\u00f3mplice de irregularidades en licitaciones, afirma Jimenez Espri\u00fa - EL INFORMATIVO DE TAMAULIPAS<\/title>\n<meta name=\"description\" content=\"**El secretario de Comunicaciones y Transportes expres\u00f3 que los responsables deber\u00e1n asumir las consecuencias, \u201cno seremos c\u00f3mplices de ninguno de estos\" \/>\n<meta name=\"robots\" content=\"index, follow, max-snippet:-1, max-image-preview:large, max-video-preview:-1\" \/>\n<link rel=\"canonical\" href=\"https:\/\/elinformativotam.com\/index.php\/2019\/10\/21\/sct-no-sera-complice-de-irregularidades-en-licitaciones-afirma-jimenez-espriu\/\" \/>\n<meta property=\"og:locale\" content=\"es_MX\" \/>\n<meta property=\"og:type\" content=\"article\" \/>\n<meta property=\"og:title\" content=\"SCT no ser\u00e1 c\u00f3mplice de irregularidades en licitaciones, afirma Jimenez Espri\u00fa - EL INFORMATIVO DE TAMAULIPAS\" \/>\n<meta property=\"og:description\" content=\"**El secretario de Comunicaciones y Transportes expres\u00f3 que los responsables deber\u00e1n asumir las consecuencias, \u201cno seremos c\u00f3mplices de ninguno de estos\" \/>\n<meta property=\"og:url\" content=\"https:\/\/elinformativotam.com\/index.php\/2019\/10\/21\/sct-no-sera-complice-de-irregularidades-en-licitaciones-afirma-jimenez-espriu\/\" \/>\n<meta property=\"og:site_name\" content=\"EL INFORMATIVO DE TAMAULIPAS\" \/>\n<meta property=\"article:published_time\" content=\"2019-10-22T01:05:36+00:00\" \/>\n<meta name=\"author\" content=\"El Informativo Tam\" \/>\n<meta name=\"twitter:card\" content=\"summary_large_image\" \/>\n<meta name=\"twitter:label1\" content=\"Escrito por\" \/>\n\t<meta name=\"twitter:data1\" content=\"El Informativo Tam\" \/>\n\t<meta name=\"twitter:label2\" content=\"Tiempo de lectura\" \/>\n\t<meta name=\"twitter:data2\" content=\"3 minutos\" \/>\n<script type=\"application\/ld+json\" class=\"yoast-schema-graph\">{\"@context\":\"https:\\\/\\\/schema.org\",\"@graph\":[{\"@type\":\"Article\",\"@id\":\"https:\\\/\\\/elinformativotam.com\\\/index.php\\\/2019\\\/10\\\/21\\\/sct-no-sera-complice-de-irregularidades-en-licitaciones-afirma-jimenez-espriu\\\/#article\",\"isPartOf\":{\"@id\":\"https:\\\/\\\/elinformativotam.com\\\/index.php\\\/2019\\\/10\\\/21\\\/sct-no-sera-complice-de-irregularidades-en-licitaciones-afirma-jimenez-espriu\\\/\"},\"author\":{\"name\":\"El Informativo Tam\",\"@id\":\"https:\\\/\\\/elinformativotam.com\\\/#\\\/schema\\\/person\\\/78e08040eed0f6110f0c5f83b6153590\"},\"headline\":\"SCT no ser\u00e1 c\u00f3mplice de irregularidades en licitaciones, afirma Jimenez Espri\u00fa\",\"datePublished\":\"2019-10-22T01:05:36+00:00\",\"mainEntityOfPage\":{\"@id\":\"https:\\\/\\\/elinformativotam.com\\\/index.php\\\/2019\\\/10\\\/21\\\/sct-no-sera-complice-de-irregularidades-en-licitaciones-afirma-jimenez-espriu\\\/\"},\"wordCount\":660,\"commentCount\":0,\"publisher\":{\"@id\":\"https:\\\/\\\/elinformativotam.com\\\/#organization\"},\"articleSection\":[\"Nacional\"],\"inLanguage\":\"es\",\"potentialAction\":[{\"@type\":\"CommentAction\",\"name\":\"Comment\",\"target\":[\"https:\\\/\\\/elinformativotam.com\\\/index.php\\\/2019\\\/10\\\/21\\\/sct-no-sera-complice-de-irregularidades-en-licitaciones-afirma-jimenez-espriu\\\/#respond\"]}]},{\"@type\":\"WebPage\",\"@id\":\"https:\\\/\\\/elinformativotam.com\\\/index.php\\\/2019\\\/10\\\/21\\\/sct-no-sera-complice-de-irregularidades-en-licitaciones-afirma-jimenez-espriu\\\/\",\"url\":\"https:\\\/\\\/elinformativotam.com\\\/index.php\\\/2019\\\/10\\\/21\\\/sct-no-sera-complice-de-irregularidades-en-licitaciones-afirma-jimenez-espriu\\\/\",\"name\":\"SCT no ser\u00e1 c\u00f3mplice de irregularidades en licitaciones, afirma Jimenez Espri\u00fa - EL INFORMATIVO DE TAMAULIPAS\",\"isPartOf\":{\"@id\":\"https:\\\/\\\/elinformativotam.com\\\/#website\"},\"datePublished\":\"2019-10-22T01:05:36+00:00\",\"description\":\"**El secretario de Comunicaciones y Transportes expres\u00f3 que los responsables deber\u00e1n asumir las consecuencias, \u201cno seremos c\u00f3mplices de ninguno de estos\",\"inLanguage\":\"es\",\"potentialAction\":[{\"@type\":\"ReadAction\",\"target\":[\"https:\\\/\\\/elinformativotam.com\\\/index.php\\\/2019\\\/10\\\/21\\\/sct-no-sera-complice-de-irregularidades-en-licitaciones-afirma-jimenez-espriu\\\/\"]}]},{\"@type\":\"WebSite\",\"@id\":\"https:\\\/\\\/elinformativotam.com\\\/#website\",\"url\":\"https:\\\/\\\/elinformativotam.com\\\/\",\"name\":\"EL INFORMATIVO DE TAMAULIPAS\",\"description\":\"Desde la Zona Metropolitana Para Todo M\u00e9xico\",\"publisher\":{\"@id\":\"https:\\\/\\\/elinformativotam.com\\\/#organization\"},\"potentialAction\":[{\"@type\":\"SearchAction\",\"target\":{\"@type\":\"EntryPoint\",\"urlTemplate\":\"https:\\\/\\\/elinformativotam.com\\\/?s={search_term_string}\"},\"query-input\":{\"@type\":\"PropertyValueSpecification\",\"valueRequired\":true,\"valueName\":\"search_term_string\"}}],\"inLanguage\":\"es\"},{\"@type\":\"Organization\",\"@id\":\"https:\\\/\\\/elinformativotam.com\\\/#organization\",\"name\":\"EL INFORMATIVO DE TAMAULIPAS\",\"url\":\"https:\\\/\\\/elinformativotam.com\\\/\",\"logo\":{\"@type\":\"ImageObject\",\"inLanguage\":\"es\",\"@id\":\"https:\\\/\\\/elinformativotam.com\\\/#\\\/schema\\\/logo\\\/image\\\/\",\"url\":\"https:\\\/\\\/elinformativotam.com\\\/wp-content\\\/uploads\\\/2026\\\/02\\\/Cabezal.png\",\"contentUrl\":\"https:\\\/\\\/elinformativotam.com\\\/wp-content\\\/uploads\\\/2026\\\/02\\\/Cabezal.png\",\"width\":960,\"height\":640,\"caption\":\"EL INFORMATIVO DE TAMAULIPAS\"},\"image\":{\"@id\":\"https:\\\/\\\/elinformativotam.com\\\/#\\\/schema\\\/logo\\\/image\\\/\"}},{\"@type\":\"Person\",\"@id\":\"https:\\\/\\\/elinformativotam.com\\\/#\\\/schema\\\/person\\\/78e08040eed0f6110f0c5f83b6153590\",\"name\":\"El Informativo Tam\",\"image\":{\"@type\":\"ImageObject\",\"inLanguage\":\"es\",\"@id\":\"https:\\\/\\\/secure.gravatar.com\\\/avatar\\\/f3b7ad3af540688955925ac610647be00b0cf41feea9c4978b73a707ee86bc53?s=96&d=mm&r=g\",\"url\":\"https:\\\/\\\/secure.gravatar.com\\\/avatar\\\/f3b7ad3af540688955925ac610647be00b0cf41feea9c4978b73a707ee86bc53?s=96&d=mm&r=g\",\"contentUrl\":\"https:\\\/\\\/secure.gravatar.com\\\/avatar\\\/f3b7ad3af540688955925ac610647be00b0cf41feea9c4978b73a707ee86bc53?s=96&d=mm&r=g\",\"caption\":\"El Informativo Tam\"}}]}<\/script>\n<!-- \/ Yoast SEO plugin. -->","yoast_head_json":{"title":"SCT no ser\u00e1 c\u00f3mplice de irregularidades en licitaciones, afirma Jimenez Espri\u00fa - EL INFORMATIVO DE TAMAULIPAS","description":"**El secretario de Comunicaciones y Transportes expres\u00f3 que los responsables deber\u00e1n asumir las consecuencias, \u201cno seremos c\u00f3mplices de ninguno de estos","robots":{"index":"index","follow":"follow","max-snippet":"max-snippet:-1","max-image-preview":"max-image-preview:large","max-video-preview":"max-video-preview:-1"},"canonical":"https:\/\/elinformativotam.com\/index.php\/2019\/10\/21\/sct-no-sera-complice-de-irregularidades-en-licitaciones-afirma-jimenez-espriu\/","og_locale":"es_MX","og_type":"article","og_title":"SCT no ser\u00e1 c\u00f3mplice de irregularidades en licitaciones, afirma Jimenez Espri\u00fa - EL INFORMATIVO DE TAMAULIPAS","og_description":"**El secretario de Comunicaciones y Transportes expres\u00f3 que los responsables deber\u00e1n asumir las consecuencias, \u201cno seremos c\u00f3mplices de ninguno de estos","og_url":"https:\/\/elinformativotam.com\/index.php\/2019\/10\/21\/sct-no-sera-complice-de-irregularidades-en-licitaciones-afirma-jimenez-espriu\/","og_site_name":"EL INFORMATIVO DE TAMAULIPAS","article_published_time":"2019-10-22T01:05:36+00:00","author":"El Informativo Tam","twitter_card":"summary_large_image","twitter_misc":{"Escrito por":"El Informativo Tam","Tiempo de lectura":"3 minutos"},"schema":{"@context":"https:\/\/schema.org","@graph":[{"@type":"Article","@id":"https:\/\/elinformativotam.com\/index.php\/2019\/10\/21\/sct-no-sera-complice-de-irregularidades-en-licitaciones-afirma-jimenez-espriu\/#article","isPartOf":{"@id":"https:\/\/elinformativotam.com\/index.php\/2019\/10\/21\/sct-no-sera-complice-de-irregularidades-en-licitaciones-afirma-jimenez-espriu\/"},"author":{"name":"El Informativo Tam","@id":"https:\/\/elinformativotam.com\/#\/schema\/person\/78e08040eed0f6110f0c5f83b6153590"},"headline":"SCT no ser\u00e1 c\u00f3mplice de irregularidades en licitaciones, afirma Jimenez Espri\u00fa","datePublished":"2019-10-22T01:05:36+00:00","mainEntityOfPage":{"@id":"https:\/\/elinformativotam.com\/index.php\/2019\/10\/21\/sct-no-sera-complice-de-irregularidades-en-licitaciones-afirma-jimenez-espriu\/"},"wordCount":660,"commentCount":0,"publisher":{"@id":"https:\/\/elinformativotam.com\/#organization"},"articleSection":["Nacional"],"inLanguage":"es","potentialAction":[{"@type":"CommentAction","name":"Comment","target":["https:\/\/elinformativotam.com\/index.php\/2019\/10\/21\/sct-no-sera-complice-de-irregularidades-en-licitaciones-afirma-jimenez-espriu\/#respond"]}]},{"@type":"WebPage","@id":"https:\/\/elinformativotam.com\/index.php\/2019\/10\/21\/sct-no-sera-complice-de-irregularidades-en-licitaciones-afirma-jimenez-espriu\/","url":"https:\/\/elinformativotam.com\/index.php\/2019\/10\/21\/sct-no-sera-complice-de-irregularidades-en-licitaciones-afirma-jimenez-espriu\/","name":"SCT no ser\u00e1 c\u00f3mplice de irregularidades en licitaciones, afirma Jimenez Espri\u00fa - EL INFORMATIVO DE TAMAULIPAS","isPartOf":{"@id":"https:\/\/elinformativotam.com\/#website"},"datePublished":"2019-10-22T01:05:36+00:00","description":"**El secretario de Comunicaciones y Transportes expres\u00f3 que los responsables deber\u00e1n asumir las consecuencias, \u201cno seremos c\u00f3mplices de ninguno de estos","inLanguage":"es","potentialAction":[{"@type":"ReadAction","target":["https:\/\/elinformativotam.com\/index.php\/2019\/10\/21\/sct-no-sera-complice-de-irregularidades-en-licitaciones-afirma-jimenez-espriu\/"]}]},{"@type":"WebSite","@id":"https:\/\/elinformativotam.com\/#website","url":"https:\/\/elinformativotam.com\/","name":"EL INFORMATIVO DE TAMAULIPAS","description":"Desde la Zona Metropolitana Para Todo M\u00e9xico","publisher":{"@id":"https:\/\/elinformativotam.com\/#organization"},"potentialAction":[{"@type":"SearchAction","target":{"@type":"EntryPoint","urlTemplate":"https:\/\/elinformativotam.com\/?s={search_term_string}"},"query-input":{"@type":"PropertyValueSpecification","valueRequired":true,"valueName":"search_term_string"}}],"inLanguage":"es"},{"@type":"Organization","@id":"https:\/\/elinformativotam.com\/#organization","name":"EL INFORMATIVO DE TAMAULIPAS","url":"https:\/\/elinformativotam.com\/","logo":{"@type":"ImageObject","inLanguage":"es","@id":"https:\/\/elinformativotam.com\/#\/schema\/logo\/image\/","url":"https:\/\/elinformativotam.com\/wp-content\/uploads\/2026\/02\/Cabezal.png","contentUrl":"https:\/\/elinformativotam.com\/wp-content\/uploads\/2026\/02\/Cabezal.png","width":960,"height":640,"caption":"EL INFORMATIVO DE TAMAULIPAS"},"image":{"@id":"https:\/\/elinformativotam.com\/#\/schema\/logo\/image\/"}},{"@type":"Person","@id":"https:\/\/elinformativotam.com\/#\/schema\/person\/78e08040eed0f6110f0c5f83b6153590","name":"El Informativo Tam","image":{"@type":"ImageObject","inLanguage":"es","@id":"https:\/\/secure.gravatar.com\/avatar\/f3b7ad3af540688955925ac610647be00b0cf41feea9c4978b73a707ee86bc53?s=96&d=mm&r=g","url":"https:\/\/secure.gravatar.com\/avatar\/f3b7ad3af540688955925ac610647be00b0cf41feea9c4978b73a707ee86bc53?s=96&d=mm&r=g","contentUrl":"https:\/\/secure.gravatar.com\/avatar\/f3b7ad3af540688955925ac610647be00b0cf41feea9c4978b73a707ee86bc53?s=96&d=mm&r=g","caption":"El Informativo Tam"}}]}},"_links":{"self":[{"href":"https:\/\/elinformativotam.com\/index.php\/wp-json\/wp\/v2\/posts\/252","targetHints":{"allow":["GET"]}}],"collection":[{"href":"https:\/\/elinformativotam.com\/index.php\/wp-json\/wp\/v2\/posts"}],"about":[{"href":"https:\/\/elinformativotam.com\/index.php\/wp-json\/wp\/v2\/types\/post"}],"author":[{"embeddable":true,"href":"https:\/\/elinformativotam.com\/index.php\/wp-json\/wp\/v2\/users\/1"}],"replies":[{"embeddable":true,"href":"https:\/\/elinformativotam.com\/index.php\/wp-json\/wp\/v2\/comments?post=252"}],"version-history":[{"count":0,"href":"https:\/\/elinformativotam.com\/index.php\/wp-json\/wp\/v2\/posts\/252\/revisions"}],"wp:attachment":[{"href":"https:\/\/elinformativotam.com\/index.php\/wp-json\/wp\/v2\/media?parent=252"}],"wp:term":[{"taxonomy":"category","embeddable":true,"href":"https:\/\/elinformativotam.com\/index.php\/wp-json\/wp\/v2\/categories?post=252"},{"taxonomy":"post_tag","embeddable":true,"href":"https:\/\/elinformativotam.com\/index.php\/wp-json\/wp\/v2\/tags?post=252"}],"curies":[{"name":"wp","href":"https:\/\/api.w.org\/{rel}","templated":true}]}}