{"id":2492,"date":"2020-02-10T18:36:03","date_gmt":"2020-02-11T00:36:03","guid":{"rendered":"http:\/\/elinformativotam.com\/?p=2492"},"modified":"2020-02-10T18:36:03","modified_gmt":"2020-02-11T00:36:03","slug":"refuerza-alma-laura-hernandez-amparan-los-valores-en-caics","status":"publish","type":"post","link":"https:\/\/elinformativotam.com\/index.php\/2020\/02\/10\/refuerza-alma-laura-hernandez-amparan-los-valores-en-caics\/","title":{"rendered":"REFUERZA ALMA LAURA HERN\u00c1NDEZ AMPAR\u00c1N LOS VALORES EN CAICS"},"content":{"rendered":"<h2><em><strong>*Conforme A Lo Establecido En El Programa \u201cFortalecimiento Familiar\u2019\u2019<\/strong><\/em><\/h2>\n<p>&nbsp;<\/p>\n<p>La presidenta del Sistema DIF Altamira, Alma Laura Hern\u00e1ndez Ampar\u00e1n, encabez\u00f3 la Loter\u00eda de Valores en el CAIC Nuevo Amanecer, donde adem\u00e1s se imparten pl\u00e1ticas y actividades l\u00fadicas que refuerzan las acciones formativas y educativas de los alumnos.<\/p>\n<p>&nbsp;<\/p>\n<p>La Loter\u00eda de Valores forma parte del programa \u201cFortalecimiento Familiar\u201d que tiene como finalidad reforzar los valores \u00e9ticos, sociales y culturales que aseguren una sana convivencia entre los miembros de una familia y comunidad.<\/p>\n<p>&nbsp;<\/p>\n<p>En el evento, se \u201ccant\u00f3\u201d el juego tradicional con im\u00e1genes representativas de valores como lo son: libertad, justicia, tolerancia, equidad, paz, honestidad, responsabilidad y lealtad.<\/p>\n<p><img loading=\"lazy\" decoding=\"async\" class=\"wp-image-2491 alignleft\" src=\"https:\/\/elinformativotam.com\/wp-content\/uploads\/2020\/02\/altamira-3-200x300.jpg\" alt=\"\" width=\"447\" height=\"671\" \/><\/p>\n<p>Alma Laura Hern\u00e1ndez Ampar\u00e1n, presidenta del DIF Altamira, explic\u00f3 a los peque\u00f1os del CAIC la importancia de los valores, lo cuales distinguen a cada persona mediante su comportamiento y sentimientos.<\/p>\n<p>&nbsp;<\/p>\n<p>\u201cPor eso debemos de tener muy presente los valores y si es posible ense\u00f1arlos a nuestros mismos compa\u00f1eritos y recordarlos a pap\u00e1 y mam\u00e1. Gracias por haber participado en esta loter\u00eda de valores, seguiremos yendo a cada escuela para su fomento entre la ni\u00f1ez altamirense\u201d, precis\u00f3.<\/p>\n<p>&nbsp;<\/p>\n<p>En esta actividad tambi\u00e9n participaron, la directora del Centro de Atenci\u00f3n Infantil Comunitario (CAIC) Nuevo Amanecer, Lizeth Guadalupe Briones; el subdirector del Sistema DIF Altamira, Sergio Valtierra Arteaga; la coordinadora de CAIC, Guarder\u00edas y CECUDI, Maricela P\u00e9rez Cervantes; la coordinadora del programa Fortalecimiento Familiar, \u00c1ngela Hern\u00e1ndez Carlos, as\u00ed como personal docente y alumnos.<\/p>\n","protected":false},"excerpt":{"rendered":"<p>*Conforme A Lo Establecido En El Programa \u201cFortalecimiento Familiar\u2019\u2019 &nbsp; La presidenta del Sistema DIF Altamira, Alma Laura Hern\u00e1ndez Ampar\u00e1n,&hellip;<\/p>\n","protected":false},"author":1,"featured_media":0,"comment_status":"open","ping_status":"open","sticky":false,"template":"","format":"standard","meta":{"footnotes":""},"categories":[5],"tags":[],"class_list":["post-2492","post","type-post","status-publish","format-standard","hentry","category-altamira"],"yoast_head":"<!-- This site is optimized with the Yoast SEO plugin v27.5 - https:\/\/yoast.com\/product\/yoast-seo-wordpress\/ -->\n<title>REFUERZA ALMA LAURA HERN\u00c1NDEZ AMPAR\u00c1N LOS VALORES EN CAICS - EL INFORMATIVO DE TAMAULIPAS<\/title>\n<meta name=\"description\" content=\"*Conforme A Lo Establecido En El Programa \u201cFortalecimiento Familiar\u2019\u2019 &nbsp; La presidenta del Sistema DIF Altamira, Alma Laura Hern\u00e1ndez Ampar\u00e1n,\" \/>\n<meta name=\"robots\" content=\"index, follow, max-snippet:-1, max-image-preview:large, max-video-preview:-1\" \/>\n<link rel=\"canonical\" href=\"https:\/\/elinformativotam.com\/index.php\/2020\/02\/10\/refuerza-alma-laura-hernandez-amparan-los-valores-en-caics\/\" \/>\n<meta property=\"og:locale\" content=\"es_MX\" \/>\n<meta property=\"og:type\" content=\"article\" \/>\n<meta property=\"og:title\" content=\"REFUERZA ALMA LAURA HERN\u00c1NDEZ AMPAR\u00c1N LOS VALORES EN CAICS - EL INFORMATIVO DE TAMAULIPAS\" \/>\n<meta property=\"og:description\" content=\"*Conforme A Lo Establecido En El Programa \u201cFortalecimiento Familiar\u2019\u2019 &nbsp; La presidenta del Sistema DIF Altamira, Alma Laura Hern\u00e1ndez Ampar\u00e1n,\" \/>\n<meta property=\"og:url\" content=\"https:\/\/elinformativotam.com\/index.php\/2020\/02\/10\/refuerza-alma-laura-hernandez-amparan-los-valores-en-caics\/\" \/>\n<meta property=\"og:site_name\" content=\"EL INFORMATIVO DE TAMAULIPAS\" \/>\n<meta property=\"article:published_time\" content=\"2020-02-11T00:36:03+00:00\" \/>\n<meta property=\"og:image\" content=\"http:\/\/elinformativotam.com\/wp-content\/uploads\/2020\/02\/altamira-3-200x300.jpg\" \/>\n<meta name=\"author\" content=\"El Informativo Tam\" \/>\n<meta name=\"twitter:card\" content=\"summary_large_image\" \/>\n<meta name=\"twitter:label1\" content=\"Escrito por\" \/>\n\t<meta name=\"twitter:data1\" content=\"El Informativo Tam\" \/>\n\t<meta name=\"twitter:label2\" content=\"Tiempo de lectura\" \/>\n\t<meta name=\"twitter:data2\" content=\"1 minuto\" \/>\n<script type=\"application\/ld+json\" class=\"yoast-schema-graph\">{\"@context\":\"https:\\\/\\\/schema.org\",\"@graph\":[{\"@type\":\"Article\",\"@id\":\"https:\\\/\\\/elinformativotam.com\\\/index.php\\\/2020\\\/02\\\/10\\\/refuerza-alma-laura-hernandez-amparan-los-valores-en-caics\\\/#article\",\"isPartOf\":{\"@id\":\"https:\\\/\\\/elinformativotam.com\\\/index.php\\\/2020\\\/02\\\/10\\\/refuerza-alma-laura-hernandez-amparan-los-valores-en-caics\\\/\"},\"author\":{\"name\":\"El Informativo Tam\",\"@id\":\"https:\\\/\\\/elinformativotam.com\\\/#\\\/schema\\\/person\\\/78e08040eed0f6110f0c5f83b6153590\"},\"headline\":\"REFUERZA ALMA LAURA HERN\u00c1NDEZ AMPAR\u00c1N LOS VALORES EN CAICS\",\"datePublished\":\"2020-02-11T00:36:03+00:00\",\"mainEntityOfPage\":{\"@id\":\"https:\\\/\\\/elinformativotam.com\\\/index.php\\\/2020\\\/02\\\/10\\\/refuerza-alma-laura-hernandez-amparan-los-valores-en-caics\\\/\"},\"wordCount\":271,\"commentCount\":0,\"publisher\":{\"@id\":\"https:\\\/\\\/elinformativotam.com\\\/#organization\"},\"image\":{\"@id\":\"https:\\\/\\\/elinformativotam.com\\\/index.php\\\/2020\\\/02\\\/10\\\/refuerza-alma-laura-hernandez-amparan-los-valores-en-caics\\\/#primaryimage\"},\"thumbnailUrl\":\"http:\\\/\\\/elinformativotam.com\\\/wp-content\\\/uploads\\\/2020\\\/02\\\/altamira-3-200x300.jpg\",\"articleSection\":[\"Altamira\"],\"inLanguage\":\"es\",\"potentialAction\":[{\"@type\":\"CommentAction\",\"name\":\"Comment\",\"target\":[\"https:\\\/\\\/elinformativotam.com\\\/index.php\\\/2020\\\/02\\\/10\\\/refuerza-alma-laura-hernandez-amparan-los-valores-en-caics\\\/#respond\"]}]},{\"@type\":\"WebPage\",\"@id\":\"https:\\\/\\\/elinformativotam.com\\\/index.php\\\/2020\\\/02\\\/10\\\/refuerza-alma-laura-hernandez-amparan-los-valores-en-caics\\\/\",\"url\":\"https:\\\/\\\/elinformativotam.com\\\/index.php\\\/2020\\\/02\\\/10\\\/refuerza-alma-laura-hernandez-amparan-los-valores-en-caics\\\/\",\"name\":\"REFUERZA ALMA LAURA HERN\u00c1NDEZ AMPAR\u00c1N LOS VALORES EN CAICS - EL INFORMATIVO DE TAMAULIPAS\",\"isPartOf\":{\"@id\":\"https:\\\/\\\/elinformativotam.com\\\/#website\"},\"primaryImageOfPage\":{\"@id\":\"https:\\\/\\\/elinformativotam.com\\\/index.php\\\/2020\\\/02\\\/10\\\/refuerza-alma-laura-hernandez-amparan-los-valores-en-caics\\\/#primaryimage\"},\"image\":{\"@id\":\"https:\\\/\\\/elinformativotam.com\\\/index.php\\\/2020\\\/02\\\/10\\\/refuerza-alma-laura-hernandez-amparan-los-valores-en-caics\\\/#primaryimage\"},\"thumbnailUrl\":\"http:\\\/\\\/elinformativotam.com\\\/wp-content\\\/uploads\\\/2020\\\/02\\\/altamira-3-200x300.jpg\",\"datePublished\":\"2020-02-11T00:36:03+00:00\",\"description\":\"*Conforme A Lo Establecido En El Programa \u201cFortalecimiento Familiar\u2019\u2019 &nbsp; La presidenta del Sistema DIF Altamira, Alma Laura Hern\u00e1ndez Ampar\u00e1n,\",\"inLanguage\":\"es\",\"potentialAction\":[{\"@type\":\"ReadAction\",\"target\":[\"https:\\\/\\\/elinformativotam.com\\\/index.php\\\/2020\\\/02\\\/10\\\/refuerza-alma-laura-hernandez-amparan-los-valores-en-caics\\\/\"]}]},{\"@type\":\"ImageObject\",\"inLanguage\":\"es\",\"@id\":\"https:\\\/\\\/elinformativotam.com\\\/index.php\\\/2020\\\/02\\\/10\\\/refuerza-alma-laura-hernandez-amparan-los-valores-en-caics\\\/#primaryimage\",\"url\":\"http:\\\/\\\/elinformativotam.com\\\/wp-content\\\/uploads\\\/2020\\\/02\\\/altamira-3-200x300.jpg\",\"contentUrl\":\"http:\\\/\\\/elinformativotam.com\\\/wp-content\\\/uploads\\\/2020\\\/02\\\/altamira-3-200x300.jpg\"},{\"@type\":\"WebSite\",\"@id\":\"https:\\\/\\\/elinformativotam.com\\\/#website\",\"url\":\"https:\\\/\\\/elinformativotam.com\\\/\",\"name\":\"EL INFORMATIVO DE TAMAULIPAS\",\"description\":\"Desde la Zona Metropolitana Para Todo M\u00e9xico\",\"publisher\":{\"@id\":\"https:\\\/\\\/elinformativotam.com\\\/#organization\"},\"potentialAction\":[{\"@type\":\"SearchAction\",\"target\":{\"@type\":\"EntryPoint\",\"urlTemplate\":\"https:\\\/\\\/elinformativotam.com\\\/?s={search_term_string}\"},\"query-input\":{\"@type\":\"PropertyValueSpecification\",\"valueRequired\":true,\"valueName\":\"search_term_string\"}}],\"inLanguage\":\"es\"},{\"@type\":\"Organization\",\"@id\":\"https:\\\/\\\/elinformativotam.com\\\/#organization\",\"name\":\"EL INFORMATIVO DE TAMAULIPAS\",\"url\":\"https:\\\/\\\/elinformativotam.com\\\/\",\"logo\":{\"@type\":\"ImageObject\",\"inLanguage\":\"es\",\"@id\":\"https:\\\/\\\/elinformativotam.com\\\/#\\\/schema\\\/logo\\\/image\\\/\",\"url\":\"https:\\\/\\\/elinformativotam.com\\\/wp-content\\\/uploads\\\/2026\\\/02\\\/Cabezal.png\",\"contentUrl\":\"https:\\\/\\\/elinformativotam.com\\\/wp-content\\\/uploads\\\/2026\\\/02\\\/Cabezal.png\",\"width\":960,\"height\":640,\"caption\":\"EL INFORMATIVO DE TAMAULIPAS\"},\"image\":{\"@id\":\"https:\\\/\\\/elinformativotam.com\\\/#\\\/schema\\\/logo\\\/image\\\/\"}},{\"@type\":\"Person\",\"@id\":\"https:\\\/\\\/elinformativotam.com\\\/#\\\/schema\\\/person\\\/78e08040eed0f6110f0c5f83b6153590\",\"name\":\"El Informativo Tam\",\"image\":{\"@type\":\"ImageObject\",\"inLanguage\":\"es\",\"@id\":\"https:\\\/\\\/secure.gravatar.com\\\/avatar\\\/f3b7ad3af540688955925ac610647be00b0cf41feea9c4978b73a707ee86bc53?s=96&d=mm&r=g\",\"url\":\"https:\\\/\\\/secure.gravatar.com\\\/avatar\\\/f3b7ad3af540688955925ac610647be00b0cf41feea9c4978b73a707ee86bc53?s=96&d=mm&r=g\",\"contentUrl\":\"https:\\\/\\\/secure.gravatar.com\\\/avatar\\\/f3b7ad3af540688955925ac610647be00b0cf41feea9c4978b73a707ee86bc53?s=96&d=mm&r=g\",\"caption\":\"El Informativo Tam\"}}]}<\/script>\n<!-- \/ Yoast SEO plugin. -->","yoast_head_json":{"title":"REFUERZA ALMA LAURA HERN\u00c1NDEZ AMPAR\u00c1N LOS VALORES EN CAICS - EL INFORMATIVO DE TAMAULIPAS","description":"*Conforme A Lo Establecido En El Programa \u201cFortalecimiento Familiar\u2019\u2019 &nbsp; La presidenta del Sistema DIF Altamira, Alma Laura Hern\u00e1ndez Ampar\u00e1n,","robots":{"index":"index","follow":"follow","max-snippet":"max-snippet:-1","max-image-preview":"max-image-preview:large","max-video-preview":"max-video-preview:-1"},"canonical":"https:\/\/elinformativotam.com\/index.php\/2020\/02\/10\/refuerza-alma-laura-hernandez-amparan-los-valores-en-caics\/","og_locale":"es_MX","og_type":"article","og_title":"REFUERZA ALMA LAURA HERN\u00c1NDEZ AMPAR\u00c1N LOS VALORES EN CAICS - EL INFORMATIVO DE TAMAULIPAS","og_description":"*Conforme A Lo Establecido En El Programa \u201cFortalecimiento Familiar\u2019\u2019 &nbsp; La presidenta del Sistema DIF Altamira, Alma Laura Hern\u00e1ndez Ampar\u00e1n,","og_url":"https:\/\/elinformativotam.com\/index.php\/2020\/02\/10\/refuerza-alma-laura-hernandez-amparan-los-valores-en-caics\/","og_site_name":"EL INFORMATIVO DE TAMAULIPAS","article_published_time":"2020-02-11T00:36:03+00:00","og_image":[{"url":"http:\/\/elinformativotam.com\/wp-content\/uploads\/2020\/02\/altamira-3-200x300.jpg","type":"","width":"","height":""}],"author":"El Informativo Tam","twitter_card":"summary_large_image","twitter_misc":{"Escrito por":"El Informativo Tam","Tiempo de lectura":"1 minuto"},"schema":{"@context":"https:\/\/schema.org","@graph":[{"@type":"Article","@id":"https:\/\/elinformativotam.com\/index.php\/2020\/02\/10\/refuerza-alma-laura-hernandez-amparan-los-valores-en-caics\/#article","isPartOf":{"@id":"https:\/\/elinformativotam.com\/index.php\/2020\/02\/10\/refuerza-alma-laura-hernandez-amparan-los-valores-en-caics\/"},"author":{"name":"El Informativo Tam","@id":"https:\/\/elinformativotam.com\/#\/schema\/person\/78e08040eed0f6110f0c5f83b6153590"},"headline":"REFUERZA ALMA LAURA HERN\u00c1NDEZ AMPAR\u00c1N LOS VALORES EN CAICS","datePublished":"2020-02-11T00:36:03+00:00","mainEntityOfPage":{"@id":"https:\/\/elinformativotam.com\/index.php\/2020\/02\/10\/refuerza-alma-laura-hernandez-amparan-los-valores-en-caics\/"},"wordCount":271,"commentCount":0,"publisher":{"@id":"https:\/\/elinformativotam.com\/#organization"},"image":{"@id":"https:\/\/elinformativotam.com\/index.php\/2020\/02\/10\/refuerza-alma-laura-hernandez-amparan-los-valores-en-caics\/#primaryimage"},"thumbnailUrl":"http:\/\/elinformativotam.com\/wp-content\/uploads\/2020\/02\/altamira-3-200x300.jpg","articleSection":["Altamira"],"inLanguage":"es","potentialAction":[{"@type":"CommentAction","name":"Comment","target":["https:\/\/elinformativotam.com\/index.php\/2020\/02\/10\/refuerza-alma-laura-hernandez-amparan-los-valores-en-caics\/#respond"]}]},{"@type":"WebPage","@id":"https:\/\/elinformativotam.com\/index.php\/2020\/02\/10\/refuerza-alma-laura-hernandez-amparan-los-valores-en-caics\/","url":"https:\/\/elinformativotam.com\/index.php\/2020\/02\/10\/refuerza-alma-laura-hernandez-amparan-los-valores-en-caics\/","name":"REFUERZA ALMA LAURA HERN\u00c1NDEZ AMPAR\u00c1N LOS VALORES EN CAICS - EL INFORMATIVO DE TAMAULIPAS","isPartOf":{"@id":"https:\/\/elinformativotam.com\/#website"},"primaryImageOfPage":{"@id":"https:\/\/elinformativotam.com\/index.php\/2020\/02\/10\/refuerza-alma-laura-hernandez-amparan-los-valores-en-caics\/#primaryimage"},"image":{"@id":"https:\/\/elinformativotam.com\/index.php\/2020\/02\/10\/refuerza-alma-laura-hernandez-amparan-los-valores-en-caics\/#primaryimage"},"thumbnailUrl":"http:\/\/elinformativotam.com\/wp-content\/uploads\/2020\/02\/altamira-3-200x300.jpg","datePublished":"2020-02-11T00:36:03+00:00","description":"*Conforme A Lo Establecido En El Programa \u201cFortalecimiento Familiar\u2019\u2019 &nbsp; La presidenta del Sistema DIF Altamira, Alma Laura Hern\u00e1ndez Ampar\u00e1n,","inLanguage":"es","potentialAction":[{"@type":"ReadAction","target":["https:\/\/elinformativotam.com\/index.php\/2020\/02\/10\/refuerza-alma-laura-hernandez-amparan-los-valores-en-caics\/"]}]},{"@type":"ImageObject","inLanguage":"es","@id":"https:\/\/elinformativotam.com\/index.php\/2020\/02\/10\/refuerza-alma-laura-hernandez-amparan-los-valores-en-caics\/#primaryimage","url":"http:\/\/elinformativotam.com\/wp-content\/uploads\/2020\/02\/altamira-3-200x300.jpg","contentUrl":"http:\/\/elinformativotam.com\/wp-content\/uploads\/2020\/02\/altamira-3-200x300.jpg"},{"@type":"WebSite","@id":"https:\/\/elinformativotam.com\/#website","url":"https:\/\/elinformativotam.com\/","name":"EL INFORMATIVO DE TAMAULIPAS","description":"Desde la Zona Metropolitana Para Todo M\u00e9xico","publisher":{"@id":"https:\/\/elinformativotam.com\/#organization"},"potentialAction":[{"@type":"SearchAction","target":{"@type":"EntryPoint","urlTemplate":"https:\/\/elinformativotam.com\/?s={search_term_string}"},"query-input":{"@type":"PropertyValueSpecification","valueRequired":true,"valueName":"search_term_string"}}],"inLanguage":"es"},{"@type":"Organization","@id":"https:\/\/elinformativotam.com\/#organization","name":"EL INFORMATIVO DE TAMAULIPAS","url":"https:\/\/elinformativotam.com\/","logo":{"@type":"ImageObject","inLanguage":"es","@id":"https:\/\/elinformativotam.com\/#\/schema\/logo\/image\/","url":"https:\/\/elinformativotam.com\/wp-content\/uploads\/2026\/02\/Cabezal.png","contentUrl":"https:\/\/elinformativotam.com\/wp-content\/uploads\/2026\/02\/Cabezal.png","width":960,"height":640,"caption":"EL INFORMATIVO DE TAMAULIPAS"},"image":{"@id":"https:\/\/elinformativotam.com\/#\/schema\/logo\/image\/"}},{"@type":"Person","@id":"https:\/\/elinformativotam.com\/#\/schema\/person\/78e08040eed0f6110f0c5f83b6153590","name":"El Informativo Tam","image":{"@type":"ImageObject","inLanguage":"es","@id":"https:\/\/secure.gravatar.com\/avatar\/f3b7ad3af540688955925ac610647be00b0cf41feea9c4978b73a707ee86bc53?s=96&d=mm&r=g","url":"https:\/\/secure.gravatar.com\/avatar\/f3b7ad3af540688955925ac610647be00b0cf41feea9c4978b73a707ee86bc53?s=96&d=mm&r=g","contentUrl":"https:\/\/secure.gravatar.com\/avatar\/f3b7ad3af540688955925ac610647be00b0cf41feea9c4978b73a707ee86bc53?s=96&d=mm&r=g","caption":"El Informativo Tam"}}]}},"_links":{"self":[{"href":"https:\/\/elinformativotam.com\/index.php\/wp-json\/wp\/v2\/posts\/2492","targetHints":{"allow":["GET"]}}],"collection":[{"href":"https:\/\/elinformativotam.com\/index.php\/wp-json\/wp\/v2\/posts"}],"about":[{"href":"https:\/\/elinformativotam.com\/index.php\/wp-json\/wp\/v2\/types\/post"}],"author":[{"embeddable":true,"href":"https:\/\/elinformativotam.com\/index.php\/wp-json\/wp\/v2\/users\/1"}],"replies":[{"embeddable":true,"href":"https:\/\/elinformativotam.com\/index.php\/wp-json\/wp\/v2\/comments?post=2492"}],"version-history":[{"count":0,"href":"https:\/\/elinformativotam.com\/index.php\/wp-json\/wp\/v2\/posts\/2492\/revisions"}],"wp:attachment":[{"href":"https:\/\/elinformativotam.com\/index.php\/wp-json\/wp\/v2\/media?parent=2492"}],"wp:term":[{"taxonomy":"category","embeddable":true,"href":"https:\/\/elinformativotam.com\/index.php\/wp-json\/wp\/v2\/categories?post=2492"},{"taxonomy":"post_tag","embeddable":true,"href":"https:\/\/elinformativotam.com\/index.php\/wp-json\/wp\/v2\/tags?post=2492"}],"curies":[{"name":"wp","href":"https:\/\/api.w.org\/{rel}","templated":true}]}}