{"id":247,"date":"2019-10-21T18:51:27","date_gmt":"2019-10-22T00:51:27","guid":{"rendered":"http:\/\/elinformativotam.com\/?p=247"},"modified":"2019-10-21T18:53:22","modified_gmt":"2019-10-22T00:53:22","slug":"favorecen-gobiernos-de-altamira-y-tamaulipas-la-educacion-de-calidad","status":"publish","type":"post","link":"https:\/\/elinformativotam.com\/index.php\/2019\/10\/21\/favorecen-gobiernos-de-altamira-y-tamaulipas-la-educacion-de-calidad\/","title":{"rendered":"Favorecen Gobiernos de Altamira y Tamaulipas la Educaci\u00f3n de Calidad"},"content":{"rendered":"\n<p><em><strong>*Activa Alma Laura Ampar\u00e1n el Ciclo Municipal Educativo \u201cSe Trata de Ti\u2019\u2019 en la primaria \u201cMiguel Hidalgo y Costilla\u2019\u2019<\/strong><\/em><\/p>\n\n\n\n<p>Al activar el Ciclo Municipal\nEducativo \u201cSe Trata de Ti\u2019\u2019 en la Escuela Primaria \u201cMiguel Hidalgo y\nCostilla\u2019\u2019, la alcaldesa Alma Laura Ampar\u00e1n Cruz se\u00f1al\u00f3 que trabajando\nconjuntamente con el gobernador Francisco Garc\u00eda Cabeza de Vaca, se fortalece\nla educaci\u00f3n y se promueve e impulsa la calidad y la excelencia educativa en\nAltamira y Tamaulipas.<\/p>\n\n\n\n<p>\u201cEstamos haciendo de la educaci\u00f3n\nel pilar m\u00e1s fuerte para que nuestra ni\u00f1ez y juventud mejoren sus competencias\nmediante actividades enfocadas en su formaci\u00f3n integral. Los invito a que\ncontinuemos esforz\u00e1ndonos d\u00eda con d\u00eda para que Altamira siga siendo orgullo\ntamaulipeco\u2019\u2019, mencion\u00f3.<\/p>\n\n\n\n<p>Ante maestros, alumnos y padres\nde familia de ese plantel escolar, reiter\u00f3 su compromiso con la educaci\u00f3n e\nindic\u00f3 que el Ciclo Municipal Educativo es un programa desarrollado para\nfomentar los valores c\u00edvicos, sociales y culturales de los estudiantes\naltamirenses, con el objetivo de generar un tejido social cada vez m\u00e1s fuerte\nen todas las instituciones educativas de Altamira.<\/p>\n\n\n\n<p>Por ello -dijo- esta tarde damos\ninicio a una gran semana de actividades con la siembra de huertos escolares,\nas\u00ed como la reforestaci\u00f3n de las \u00e1reas verdes de esta escuela para que ustedes\nalumnos y los Guardianes Ecol\u00f3gicos nos ayuden a cuidar y preservar el medio\nambiente del plantel.<\/p>\n\n\n\n<figure class=\"wp-block-image\"><img decoding=\"async\" src=\"https:\/\/elinformativotam.com\/wp-content\/uploads\/2019\/10\/alma-1024x576.jpg\" alt=\"\" class=\"wp-image-248\"\/><figcaption>Alma Laura Durante su mensaje a los alumnos de la instituci\u00f3n educativa <\/figcaption><\/figure>\n\n\n\n<p>\u201cQu\u00e9 gusto poder estar aqu\u00ed con\nustedes, visitando la escuela Miguel Hidalgo y Costilla para rendir los honores\na nuestro l\u00e1baro patrio y tambi\u00e9n entonar con profundo respeto las notas del\ncanto a Tamaulipas\u2019\u2019, expres\u00f3 Ampar\u00e1n Cruz.<\/p>\n\n\n\n<p>Por su parte, el titular del\nCREDE en Altamira, Jos\u00e9 Alan\u00eds Mendo manifest\u00f3 que dentro de los esquemas que\nmaneja el gobernador Francisco Garc\u00eda Cabeza de Vaca en el rubro de educaci\u00f3n,\nse impulsan los enfocados a fortalecer los lazos de paz y convivencia para\nmejorar el entorno, pues en el Gobierno del Estado \u201cmantenemos la premisa de trabajar\nunidos por Tamaulipas en el Tiempo de Todos, donde juntos vamos a avanzando\npara cumplir con cada uno de los objetivos que nos hemos propuesto\u2019\u2019.<\/p>\n\n\n\n<p>El director del plantel\nanfitri\u00f3n, H\u00e9ctor Ricardo L\u00f3pez Jim\u00e9nez dijo las palabras de bienvenida y junto\ncon la alumna Miriam Mu\u00f1oz L\u00f3pez, representante de la comunidad estudiantil,\nreconoci\u00f3 las acciones que el gobierno de la alcaldesa Alma Laura Ampar\u00e1n viene\nrealizando para mejorar la educaci\u00f3n. <\/p>\n\n\n\n<p>La jefa edilicia encabez\u00f3 una\njornada de reforestaci\u00f3n en las \u00e1reas verdes de esta primaria, adem\u00e1s de poner\nen marcha el programa \u201cHuertos Escolares\u2019\u2019, supervisar la exhibici\u00f3n de los\nveh\u00edculos y equipo del personal de la Polic\u00eda Estatal y entregar material\ndeportivo al alumnado.<\/p>\n\n\n\n<p>Tambi\u00e9n estuvieron presentes, el secretario\nde Bienestar Social, Alfredo Polanco Aguilar; la presidenta de la Asociaci\u00f3n de\nPadres de Familia, Adriana Edilia Garc\u00eda Ju\u00e1rez; los representantes de las\nestructuras educativa y sindical de Altamira, as\u00ed como ediles altamirenses<\/p>\n\n\n\n<p><\/p>\n","protected":false},"excerpt":{"rendered":"<p>*Activa Alma Laura Ampar\u00e1n el Ciclo Municipal Educativo \u201cSe Trata de Ti\u2019\u2019 en la primaria \u201cMiguel Hidalgo y Costilla\u2019\u2019 Al&hellip;<\/p>\n","protected":false},"author":1,"featured_media":0,"comment_status":"open","ping_status":"open","sticky":false,"template":"","format":"standard","meta":{"footnotes":""},"categories":[5],"tags":[],"class_list":["post-247","post","type-post","status-publish","format-standard","hentry","category-altamira"],"yoast_head":"<!-- This site is optimized with the Yoast SEO plugin v27.5 - https:\/\/yoast.com\/product\/yoast-seo-wordpress\/ -->\n<title>Favorecen Gobiernos de Altamira y Tamaulipas la Educaci\u00f3n de Calidad - EL INFORMATIVO DE TAMAULIPAS<\/title>\n<meta name=\"description\" content=\"*Activa Alma Laura Ampar\u00e1n el Ciclo Municipal Educativo \u201cSe Trata de Ti\u2019\u2019 en la primaria \u201cMiguel Hidalgo y Costilla\u2019\u2019 Al activar el Ciclo Municipal\" \/>\n<meta name=\"robots\" content=\"index, follow, max-snippet:-1, max-image-preview:large, max-video-preview:-1\" \/>\n<link rel=\"canonical\" href=\"https:\/\/elinformativotam.com\/index.php\/2019\/10\/21\/favorecen-gobiernos-de-altamira-y-tamaulipas-la-educacion-de-calidad\/\" \/>\n<meta property=\"og:locale\" content=\"es_MX\" \/>\n<meta property=\"og:type\" content=\"article\" \/>\n<meta property=\"og:title\" content=\"Favorecen Gobiernos de Altamira y Tamaulipas la Educaci\u00f3n de Calidad - EL INFORMATIVO DE TAMAULIPAS\" \/>\n<meta property=\"og:description\" content=\"*Activa Alma Laura Ampar\u00e1n el Ciclo Municipal Educativo \u201cSe Trata de Ti\u2019\u2019 en la primaria \u201cMiguel Hidalgo y Costilla\u2019\u2019 Al activar el Ciclo Municipal\" \/>\n<meta property=\"og:url\" content=\"https:\/\/elinformativotam.com\/index.php\/2019\/10\/21\/favorecen-gobiernos-de-altamira-y-tamaulipas-la-educacion-de-calidad\/\" \/>\n<meta property=\"og:site_name\" content=\"EL INFORMATIVO DE TAMAULIPAS\" \/>\n<meta property=\"article:published_time\" content=\"2019-10-22T00:51:27+00:00\" \/>\n<meta property=\"article:modified_time\" content=\"2019-10-22T00:53:22+00:00\" \/>\n<meta property=\"og:image\" content=\"http:\/\/elinformativotam.com\/wp-content\/uploads\/2019\/10\/alma-1024x576.jpg\" \/>\n<meta name=\"author\" content=\"El Informativo Tam\" \/>\n<meta name=\"twitter:card\" content=\"summary_large_image\" \/>\n<meta name=\"twitter:label1\" content=\"Escrito por\" \/>\n\t<meta name=\"twitter:data1\" content=\"El Informativo Tam\" \/>\n\t<meta name=\"twitter:label2\" content=\"Tiempo de lectura\" \/>\n\t<meta name=\"twitter:data2\" content=\"3 minutos\" \/>\n<script type=\"application\/ld+json\" class=\"yoast-schema-graph\">{\"@context\":\"https:\\\/\\\/schema.org\",\"@graph\":[{\"@type\":\"Article\",\"@id\":\"https:\\\/\\\/elinformativotam.com\\\/index.php\\\/2019\\\/10\\\/21\\\/favorecen-gobiernos-de-altamira-y-tamaulipas-la-educacion-de-calidad\\\/#article\",\"isPartOf\":{\"@id\":\"https:\\\/\\\/elinformativotam.com\\\/index.php\\\/2019\\\/10\\\/21\\\/favorecen-gobiernos-de-altamira-y-tamaulipas-la-educacion-de-calidad\\\/\"},\"author\":{\"name\":\"El Informativo Tam\",\"@id\":\"https:\\\/\\\/elinformativotam.com\\\/#\\\/schema\\\/person\\\/78e08040eed0f6110f0c5f83b6153590\"},\"headline\":\"Favorecen Gobiernos de Altamira y Tamaulipas la Educaci\u00f3n de Calidad\",\"datePublished\":\"2019-10-22T00:51:27+00:00\",\"dateModified\":\"2019-10-22T00:53:22+00:00\",\"mainEntityOfPage\":{\"@id\":\"https:\\\/\\\/elinformativotam.com\\\/index.php\\\/2019\\\/10\\\/21\\\/favorecen-gobiernos-de-altamira-y-tamaulipas-la-educacion-de-calidad\\\/\"},\"wordCount\":536,\"commentCount\":0,\"publisher\":{\"@id\":\"https:\\\/\\\/elinformativotam.com\\\/#organization\"},\"image\":{\"@id\":\"https:\\\/\\\/elinformativotam.com\\\/index.php\\\/2019\\\/10\\\/21\\\/favorecen-gobiernos-de-altamira-y-tamaulipas-la-educacion-de-calidad\\\/#primaryimage\"},\"thumbnailUrl\":\"http:\\\/\\\/elinformativotam.com\\\/wp-content\\\/uploads\\\/2019\\\/10\\\/alma-1024x576.jpg\",\"articleSection\":[\"Altamira\"],\"inLanguage\":\"es\",\"potentialAction\":[{\"@type\":\"CommentAction\",\"name\":\"Comment\",\"target\":[\"https:\\\/\\\/elinformativotam.com\\\/index.php\\\/2019\\\/10\\\/21\\\/favorecen-gobiernos-de-altamira-y-tamaulipas-la-educacion-de-calidad\\\/#respond\"]}]},{\"@type\":\"WebPage\",\"@id\":\"https:\\\/\\\/elinformativotam.com\\\/index.php\\\/2019\\\/10\\\/21\\\/favorecen-gobiernos-de-altamira-y-tamaulipas-la-educacion-de-calidad\\\/\",\"url\":\"https:\\\/\\\/elinformativotam.com\\\/index.php\\\/2019\\\/10\\\/21\\\/favorecen-gobiernos-de-altamira-y-tamaulipas-la-educacion-de-calidad\\\/\",\"name\":\"Favorecen Gobiernos de Altamira y Tamaulipas la Educaci\u00f3n de Calidad - EL INFORMATIVO DE TAMAULIPAS\",\"isPartOf\":{\"@id\":\"https:\\\/\\\/elinformativotam.com\\\/#website\"},\"primaryImageOfPage\":{\"@id\":\"https:\\\/\\\/elinformativotam.com\\\/index.php\\\/2019\\\/10\\\/21\\\/favorecen-gobiernos-de-altamira-y-tamaulipas-la-educacion-de-calidad\\\/#primaryimage\"},\"image\":{\"@id\":\"https:\\\/\\\/elinformativotam.com\\\/index.php\\\/2019\\\/10\\\/21\\\/favorecen-gobiernos-de-altamira-y-tamaulipas-la-educacion-de-calidad\\\/#primaryimage\"},\"thumbnailUrl\":\"http:\\\/\\\/elinformativotam.com\\\/wp-content\\\/uploads\\\/2019\\\/10\\\/alma-1024x576.jpg\",\"datePublished\":\"2019-10-22T00:51:27+00:00\",\"dateModified\":\"2019-10-22T00:53:22+00:00\",\"description\":\"*Activa Alma Laura Ampar\u00e1n el Ciclo Municipal Educativo \u201cSe Trata de Ti\u2019\u2019 en la primaria \u201cMiguel Hidalgo y Costilla\u2019\u2019 Al activar el Ciclo Municipal\",\"inLanguage\":\"es\",\"potentialAction\":[{\"@type\":\"ReadAction\",\"target\":[\"https:\\\/\\\/elinformativotam.com\\\/index.php\\\/2019\\\/10\\\/21\\\/favorecen-gobiernos-de-altamira-y-tamaulipas-la-educacion-de-calidad\\\/\"]}]},{\"@type\":\"ImageObject\",\"inLanguage\":\"es\",\"@id\":\"https:\\\/\\\/elinformativotam.com\\\/index.php\\\/2019\\\/10\\\/21\\\/favorecen-gobiernos-de-altamira-y-tamaulipas-la-educacion-de-calidad\\\/#primaryimage\",\"url\":\"http:\\\/\\\/elinformativotam.com\\\/wp-content\\\/uploads\\\/2019\\\/10\\\/alma-1024x576.jpg\",\"contentUrl\":\"http:\\\/\\\/elinformativotam.com\\\/wp-content\\\/uploads\\\/2019\\\/10\\\/alma-1024x576.jpg\"},{\"@type\":\"WebSite\",\"@id\":\"https:\\\/\\\/elinformativotam.com\\\/#website\",\"url\":\"https:\\\/\\\/elinformativotam.com\\\/\",\"name\":\"EL INFORMATIVO DE TAMAULIPAS\",\"description\":\"Desde la Zona Metropolitana Para Todo M\u00e9xico\",\"publisher\":{\"@id\":\"https:\\\/\\\/elinformativotam.com\\\/#organization\"},\"potentialAction\":[{\"@type\":\"SearchAction\",\"target\":{\"@type\":\"EntryPoint\",\"urlTemplate\":\"https:\\\/\\\/elinformativotam.com\\\/?s={search_term_string}\"},\"query-input\":{\"@type\":\"PropertyValueSpecification\",\"valueRequired\":true,\"valueName\":\"search_term_string\"}}],\"inLanguage\":\"es\"},{\"@type\":\"Organization\",\"@id\":\"https:\\\/\\\/elinformativotam.com\\\/#organization\",\"name\":\"EL INFORMATIVO DE TAMAULIPAS\",\"url\":\"https:\\\/\\\/elinformativotam.com\\\/\",\"logo\":{\"@type\":\"ImageObject\",\"inLanguage\":\"es\",\"@id\":\"https:\\\/\\\/elinformativotam.com\\\/#\\\/schema\\\/logo\\\/image\\\/\",\"url\":\"https:\\\/\\\/elinformativotam.com\\\/wp-content\\\/uploads\\\/2026\\\/02\\\/Cabezal.png\",\"contentUrl\":\"https:\\\/\\\/elinformativotam.com\\\/wp-content\\\/uploads\\\/2026\\\/02\\\/Cabezal.png\",\"width\":960,\"height\":640,\"caption\":\"EL INFORMATIVO DE TAMAULIPAS\"},\"image\":{\"@id\":\"https:\\\/\\\/elinformativotam.com\\\/#\\\/schema\\\/logo\\\/image\\\/\"}},{\"@type\":\"Person\",\"@id\":\"https:\\\/\\\/elinformativotam.com\\\/#\\\/schema\\\/person\\\/78e08040eed0f6110f0c5f83b6153590\",\"name\":\"El Informativo Tam\",\"image\":{\"@type\":\"ImageObject\",\"inLanguage\":\"es\",\"@id\":\"https:\\\/\\\/secure.gravatar.com\\\/avatar\\\/f3b7ad3af540688955925ac610647be00b0cf41feea9c4978b73a707ee86bc53?s=96&d=mm&r=g\",\"url\":\"https:\\\/\\\/secure.gravatar.com\\\/avatar\\\/f3b7ad3af540688955925ac610647be00b0cf41feea9c4978b73a707ee86bc53?s=96&d=mm&r=g\",\"contentUrl\":\"https:\\\/\\\/secure.gravatar.com\\\/avatar\\\/f3b7ad3af540688955925ac610647be00b0cf41feea9c4978b73a707ee86bc53?s=96&d=mm&r=g\",\"caption\":\"El Informativo Tam\"}}]}<\/script>\n<!-- \/ Yoast SEO plugin. -->","yoast_head_json":{"title":"Favorecen Gobiernos de Altamira y Tamaulipas la Educaci\u00f3n de Calidad - EL INFORMATIVO DE TAMAULIPAS","description":"*Activa Alma Laura Ampar\u00e1n el Ciclo Municipal Educativo \u201cSe Trata de Ti\u2019\u2019 en la primaria \u201cMiguel Hidalgo y Costilla\u2019\u2019 Al activar el Ciclo Municipal","robots":{"index":"index","follow":"follow","max-snippet":"max-snippet:-1","max-image-preview":"max-image-preview:large","max-video-preview":"max-video-preview:-1"},"canonical":"https:\/\/elinformativotam.com\/index.php\/2019\/10\/21\/favorecen-gobiernos-de-altamira-y-tamaulipas-la-educacion-de-calidad\/","og_locale":"es_MX","og_type":"article","og_title":"Favorecen Gobiernos de Altamira y Tamaulipas la Educaci\u00f3n de Calidad - EL INFORMATIVO DE TAMAULIPAS","og_description":"*Activa Alma Laura Ampar\u00e1n el Ciclo Municipal Educativo \u201cSe Trata de Ti\u2019\u2019 en la primaria \u201cMiguel Hidalgo y Costilla\u2019\u2019 Al activar el Ciclo Municipal","og_url":"https:\/\/elinformativotam.com\/index.php\/2019\/10\/21\/favorecen-gobiernos-de-altamira-y-tamaulipas-la-educacion-de-calidad\/","og_site_name":"EL INFORMATIVO DE TAMAULIPAS","article_published_time":"2019-10-22T00:51:27+00:00","article_modified_time":"2019-10-22T00:53:22+00:00","og_image":[{"url":"http:\/\/elinformativotam.com\/wp-content\/uploads\/2019\/10\/alma-1024x576.jpg","type":"","width":"","height":""}],"author":"El Informativo Tam","twitter_card":"summary_large_image","twitter_misc":{"Escrito por":"El Informativo Tam","Tiempo de lectura":"3 minutos"},"schema":{"@context":"https:\/\/schema.org","@graph":[{"@type":"Article","@id":"https:\/\/elinformativotam.com\/index.php\/2019\/10\/21\/favorecen-gobiernos-de-altamira-y-tamaulipas-la-educacion-de-calidad\/#article","isPartOf":{"@id":"https:\/\/elinformativotam.com\/index.php\/2019\/10\/21\/favorecen-gobiernos-de-altamira-y-tamaulipas-la-educacion-de-calidad\/"},"author":{"name":"El Informativo Tam","@id":"https:\/\/elinformativotam.com\/#\/schema\/person\/78e08040eed0f6110f0c5f83b6153590"},"headline":"Favorecen Gobiernos de Altamira y Tamaulipas la Educaci\u00f3n de Calidad","datePublished":"2019-10-22T00:51:27+00:00","dateModified":"2019-10-22T00:53:22+00:00","mainEntityOfPage":{"@id":"https:\/\/elinformativotam.com\/index.php\/2019\/10\/21\/favorecen-gobiernos-de-altamira-y-tamaulipas-la-educacion-de-calidad\/"},"wordCount":536,"commentCount":0,"publisher":{"@id":"https:\/\/elinformativotam.com\/#organization"},"image":{"@id":"https:\/\/elinformativotam.com\/index.php\/2019\/10\/21\/favorecen-gobiernos-de-altamira-y-tamaulipas-la-educacion-de-calidad\/#primaryimage"},"thumbnailUrl":"http:\/\/elinformativotam.com\/wp-content\/uploads\/2019\/10\/alma-1024x576.jpg","articleSection":["Altamira"],"inLanguage":"es","potentialAction":[{"@type":"CommentAction","name":"Comment","target":["https:\/\/elinformativotam.com\/index.php\/2019\/10\/21\/favorecen-gobiernos-de-altamira-y-tamaulipas-la-educacion-de-calidad\/#respond"]}]},{"@type":"WebPage","@id":"https:\/\/elinformativotam.com\/index.php\/2019\/10\/21\/favorecen-gobiernos-de-altamira-y-tamaulipas-la-educacion-de-calidad\/","url":"https:\/\/elinformativotam.com\/index.php\/2019\/10\/21\/favorecen-gobiernos-de-altamira-y-tamaulipas-la-educacion-de-calidad\/","name":"Favorecen Gobiernos de Altamira y Tamaulipas la Educaci\u00f3n de Calidad - EL INFORMATIVO DE TAMAULIPAS","isPartOf":{"@id":"https:\/\/elinformativotam.com\/#website"},"primaryImageOfPage":{"@id":"https:\/\/elinformativotam.com\/index.php\/2019\/10\/21\/favorecen-gobiernos-de-altamira-y-tamaulipas-la-educacion-de-calidad\/#primaryimage"},"image":{"@id":"https:\/\/elinformativotam.com\/index.php\/2019\/10\/21\/favorecen-gobiernos-de-altamira-y-tamaulipas-la-educacion-de-calidad\/#primaryimage"},"thumbnailUrl":"http:\/\/elinformativotam.com\/wp-content\/uploads\/2019\/10\/alma-1024x576.jpg","datePublished":"2019-10-22T00:51:27+00:00","dateModified":"2019-10-22T00:53:22+00:00","description":"*Activa Alma Laura Ampar\u00e1n el Ciclo Municipal Educativo \u201cSe Trata de Ti\u2019\u2019 en la primaria \u201cMiguel Hidalgo y Costilla\u2019\u2019 Al activar el Ciclo Municipal","inLanguage":"es","potentialAction":[{"@type":"ReadAction","target":["https:\/\/elinformativotam.com\/index.php\/2019\/10\/21\/favorecen-gobiernos-de-altamira-y-tamaulipas-la-educacion-de-calidad\/"]}]},{"@type":"ImageObject","inLanguage":"es","@id":"https:\/\/elinformativotam.com\/index.php\/2019\/10\/21\/favorecen-gobiernos-de-altamira-y-tamaulipas-la-educacion-de-calidad\/#primaryimage","url":"http:\/\/elinformativotam.com\/wp-content\/uploads\/2019\/10\/alma-1024x576.jpg","contentUrl":"http:\/\/elinformativotam.com\/wp-content\/uploads\/2019\/10\/alma-1024x576.jpg"},{"@type":"WebSite","@id":"https:\/\/elinformativotam.com\/#website","url":"https:\/\/elinformativotam.com\/","name":"EL INFORMATIVO DE TAMAULIPAS","description":"Desde la Zona Metropolitana Para Todo M\u00e9xico","publisher":{"@id":"https:\/\/elinformativotam.com\/#organization"},"potentialAction":[{"@type":"SearchAction","target":{"@type":"EntryPoint","urlTemplate":"https:\/\/elinformativotam.com\/?s={search_term_string}"},"query-input":{"@type":"PropertyValueSpecification","valueRequired":true,"valueName":"search_term_string"}}],"inLanguage":"es"},{"@type":"Organization","@id":"https:\/\/elinformativotam.com\/#organization","name":"EL INFORMATIVO DE TAMAULIPAS","url":"https:\/\/elinformativotam.com\/","logo":{"@type":"ImageObject","inLanguage":"es","@id":"https:\/\/elinformativotam.com\/#\/schema\/logo\/image\/","url":"https:\/\/elinformativotam.com\/wp-content\/uploads\/2026\/02\/Cabezal.png","contentUrl":"https:\/\/elinformativotam.com\/wp-content\/uploads\/2026\/02\/Cabezal.png","width":960,"height":640,"caption":"EL INFORMATIVO DE TAMAULIPAS"},"image":{"@id":"https:\/\/elinformativotam.com\/#\/schema\/logo\/image\/"}},{"@type":"Person","@id":"https:\/\/elinformativotam.com\/#\/schema\/person\/78e08040eed0f6110f0c5f83b6153590","name":"El Informativo Tam","image":{"@type":"ImageObject","inLanguage":"es","@id":"https:\/\/secure.gravatar.com\/avatar\/f3b7ad3af540688955925ac610647be00b0cf41feea9c4978b73a707ee86bc53?s=96&d=mm&r=g","url":"https:\/\/secure.gravatar.com\/avatar\/f3b7ad3af540688955925ac610647be00b0cf41feea9c4978b73a707ee86bc53?s=96&d=mm&r=g","contentUrl":"https:\/\/secure.gravatar.com\/avatar\/f3b7ad3af540688955925ac610647be00b0cf41feea9c4978b73a707ee86bc53?s=96&d=mm&r=g","caption":"El Informativo Tam"}}]}},"_links":{"self":[{"href":"https:\/\/elinformativotam.com\/index.php\/wp-json\/wp\/v2\/posts\/247","targetHints":{"allow":["GET"]}}],"collection":[{"href":"https:\/\/elinformativotam.com\/index.php\/wp-json\/wp\/v2\/posts"}],"about":[{"href":"https:\/\/elinformativotam.com\/index.php\/wp-json\/wp\/v2\/types\/post"}],"author":[{"embeddable":true,"href":"https:\/\/elinformativotam.com\/index.php\/wp-json\/wp\/v2\/users\/1"}],"replies":[{"embeddable":true,"href":"https:\/\/elinformativotam.com\/index.php\/wp-json\/wp\/v2\/comments?post=247"}],"version-history":[{"count":0,"href":"https:\/\/elinformativotam.com\/index.php\/wp-json\/wp\/v2\/posts\/247\/revisions"}],"wp:attachment":[{"href":"https:\/\/elinformativotam.com\/index.php\/wp-json\/wp\/v2\/media?parent=247"}],"wp:term":[{"taxonomy":"category","embeddable":true,"href":"https:\/\/elinformativotam.com\/index.php\/wp-json\/wp\/v2\/categories?post=247"},{"taxonomy":"post_tag","embeddable":true,"href":"https:\/\/elinformativotam.com\/index.php\/wp-json\/wp\/v2\/tags?post=247"}],"curies":[{"name":"wp","href":"https:\/\/api.w.org\/{rel}","templated":true}]}}