{"id":2435,"date":"2020-02-08T18:47:48","date_gmt":"2020-02-09T00:47:48","guid":{"rendered":"http:\/\/elinformativotam.com\/?p=2435"},"modified":"2020-02-08T18:47:48","modified_gmt":"2020-02-09T00:47:48","slug":"presente-alma-laura-amparan-en-primera-reunion-nacional-de-representantes-de-la-red-de-municipios-por-la-salud","status":"publish","type":"post","link":"https:\/\/elinformativotam.com\/index.php\/2020\/02\/08\/presente-alma-laura-amparan-en-primera-reunion-nacional-de-representantes-de-la-red-de-municipios-por-la-salud\/","title":{"rendered":"PRESENTE ALMA LAURA AMPAR\u00c1N EN PRIMERA REUNI\u00d3N NACIONAL DE REPRESENTANTES DE LA RED DE MUNICIPIOS POR LA SALUD"},"content":{"rendered":"<h2><em><strong>*En Su Car\u00e1cter De Vicepresidenta De La Red Tamaulipeca De Municipios Por La Salud; Evento Se Desarroll\u00f3 En La Ciudad De M\u00e9xico<\/strong><\/em><\/h2>\n<p>&nbsp;<\/p>\n<p>La presidenta municipal de Altamira, Alma Laura Ampar\u00e1n Cruz, en su car\u00e1cter de vicepresidenta de la Red Tamaulipeca de Municipios por la Salud, estuvo presente en la Primera Reuni\u00f3n Nacional de los Representantes de la Red de Municipios por la Salud, efectuada en la Ciudad de M\u00e9xico.<\/p>\n<p>&nbsp;<\/p>\n<p>En el encuentro, al que asistieron el director general de Promoci\u00f3n de la Salud y secretario t\u00e9cnico de la Red Mexicana de Municipios por la Salud, Ricardo Cort\u00e9s Alcal\u00e1, y el representante de la Organizaci\u00f3n Panamericana por la Salud, Cristian Roberto Morales de Fuhrimann, participaron alcaldes y representantes estatales de Chihuahua, Nuevo Le\u00f3n, Chiapas, Veracruz, Jalisco, Quer\u00e9taro, Guanajuato, Zacatecas, Yucat\u00e1n, Aguascalientes, Hidalgo, Nayarit, Sonora, Puebla y Morelos.<\/p>\n<p>&nbsp;<\/p>\n<p>Se trataron temas relevantes a la Red Mexicana de Municipios por la Salud, teniendo, entre sus objetivos, fortalecer en los municipios la decisi\u00f3n pol\u00edtica, la constante colaboraci\u00f3n y la participaci\u00f3n de la sociedad para orientar las pol\u00edticas locales y el gasto p\u00fablico en proyectos de salud, incentivando a la vez actividades de promoci\u00f3n de la salud sobre determinantes como educaci\u00f3n, alimentaci\u00f3n, seguridad, salud en el trabajo, recreaci\u00f3n y deporte, y medio ambiente.<\/p>\n<p><img loading=\"lazy\" decoding=\"async\" class=\"alignnone  wp-image-2434\" src=\"https:\/\/elinformativotam.com\/wp-content\/uploads\/2020\/02\/laura-2-300x235.jpg\" alt=\"\" width=\"751\" height=\"588\" \/><\/p>\n<p>Adem\u00e1s de favorecer la vinculaci\u00f3n con las instituciones y organismos ligados a la promoci\u00f3n de la salud y al desarrollo municipal, para involucrarlos en la gesti\u00f3n municipal y en los procesos de planeaci\u00f3n e instrumentaci\u00f3n de los proyectos de salud.<\/p>\n<p>&nbsp;<\/p>\n<p>La presidenta municipal de Altamira y vicepresidenta de la Red Tamaulipeca de Municipios por la Salud, Alma Laura Ampar\u00e1n Cruz, destac\u00f3 la importancia de coordinar acciones entre los diferentes \u00f3rdenes de gobierno para la prevenci\u00f3n de enfermedades y garantizar mejores condiciones de salud a los mexicanos, tamaulipecos y altamirenses.<\/p>\n<p>&nbsp;<\/p>\n<p>Tambi\u00e9n estuvieron presentes, el coordinador de Redes Estatales de Municipios de la Salud del Gobierno Federal, Ignacio N\u00fa\u00f1ez Lemus; el representante del Instituto Nacional de Ecolog\u00eda y Cambio Clim\u00e1tico, Jos\u00e9 Abraham Ort\u00ednez \u00c1lvarez; el representante del Instituto Nacional para el Federalismo y el Desarrollo Municipal, H\u00e9ctor Hern\u00e1ndez Llamas; ladirectora general de Evidencia en Salud en la Republica, Adriana Stanford Camargo; el consultor nacional de la Organizaci\u00f3n Mundial de la Salud en M\u00e9xico, Federico V\u00e1zquez, as\u00ed como representantes de la Comisi\u00f3n Nacional del Agua y de la Secretaria de Educaci\u00f3n P\u00fablica.<\/p>\n","protected":false},"excerpt":{"rendered":"<p>*En Su Car\u00e1cter De Vicepresidenta De La Red Tamaulipeca De Municipios Por La Salud; Evento Se Desarroll\u00f3 En La Ciudad&hellip;<\/p>\n","protected":false},"author":1,"featured_media":0,"comment_status":"open","ping_status":"open","sticky":false,"template":"","format":"standard","meta":{"footnotes":""},"categories":[5],"tags":[],"class_list":["post-2435","post","type-post","status-publish","format-standard","hentry","category-altamira"],"yoast_head":"<!-- This site is optimized with the Yoast SEO plugin v27.5 - https:\/\/yoast.com\/product\/yoast-seo-wordpress\/ -->\n<title>PRESENTE ALMA LAURA AMPAR\u00c1N EN PRIMERA REUNI\u00d3N NACIONAL DE REPRESENTANTES DE LA RED DE MUNICIPIOS POR LA SALUD - EL INFORMATIVO DE TAMAULIPAS<\/title>\n<meta name=\"description\" content=\"*En Su Car\u00e1cter De Vicepresidenta De La Red Tamaulipeca De Municipios Por La Salud; Evento Se Desarroll\u00f3 En La Ciudad De M\u00e9xico &nbsp; La presidenta\" \/>\n<meta name=\"robots\" content=\"index, follow, max-snippet:-1, max-image-preview:large, max-video-preview:-1\" \/>\n<link rel=\"canonical\" href=\"https:\/\/elinformativotam.com\/index.php\/2020\/02\/08\/presente-alma-laura-amparan-en-primera-reunion-nacional-de-representantes-de-la-red-de-municipios-por-la-salud\/\" \/>\n<meta property=\"og:locale\" content=\"es_MX\" \/>\n<meta property=\"og:type\" content=\"article\" \/>\n<meta property=\"og:title\" content=\"PRESENTE ALMA LAURA AMPAR\u00c1N EN PRIMERA REUNI\u00d3N NACIONAL DE REPRESENTANTES DE LA RED DE MUNICIPIOS POR LA SALUD - EL INFORMATIVO DE TAMAULIPAS\" \/>\n<meta property=\"og:description\" content=\"*En Su Car\u00e1cter De Vicepresidenta De La Red Tamaulipeca De Municipios Por La Salud; Evento Se Desarroll\u00f3 En La Ciudad De M\u00e9xico &nbsp; La presidenta\" \/>\n<meta property=\"og:url\" content=\"https:\/\/elinformativotam.com\/index.php\/2020\/02\/08\/presente-alma-laura-amparan-en-primera-reunion-nacional-de-representantes-de-la-red-de-municipios-por-la-salud\/\" \/>\n<meta property=\"og:site_name\" content=\"EL INFORMATIVO DE TAMAULIPAS\" \/>\n<meta property=\"article:published_time\" content=\"2020-02-09T00:47:48+00:00\" \/>\n<meta property=\"og:image\" content=\"http:\/\/elinformativotam.com\/wp-content\/uploads\/2020\/02\/laura-2-300x235.jpg\" \/>\n<meta name=\"author\" content=\"El Informativo Tam\" \/>\n<meta name=\"twitter:card\" content=\"summary_large_image\" \/>\n<meta name=\"twitter:label1\" content=\"Escrito por\" \/>\n\t<meta name=\"twitter:data1\" content=\"El Informativo Tam\" \/>\n\t<meta name=\"twitter:label2\" content=\"Tiempo de lectura\" \/>\n\t<meta name=\"twitter:data2\" content=\"2 minutos\" \/>\n<script type=\"application\/ld+json\" class=\"yoast-schema-graph\">{\"@context\":\"https:\\\/\\\/schema.org\",\"@graph\":[{\"@type\":\"Article\",\"@id\":\"https:\\\/\\\/elinformativotam.com\\\/index.php\\\/2020\\\/02\\\/08\\\/presente-alma-laura-amparan-en-primera-reunion-nacional-de-representantes-de-la-red-de-municipios-por-la-salud\\\/#article\",\"isPartOf\":{\"@id\":\"https:\\\/\\\/elinformativotam.com\\\/index.php\\\/2020\\\/02\\\/08\\\/presente-alma-laura-amparan-en-primera-reunion-nacional-de-representantes-de-la-red-de-municipios-por-la-salud\\\/\"},\"author\":{\"name\":\"El Informativo Tam\",\"@id\":\"https:\\\/\\\/elinformativotam.com\\\/#\\\/schema\\\/person\\\/78e08040eed0f6110f0c5f83b6153590\"},\"headline\":\"PRESENTE ALMA LAURA AMPAR\u00c1N EN PRIMERA REUNI\u00d3N NACIONAL DE REPRESENTANTES DE LA RED DE MUNICIPIOS POR LA SALUD\",\"datePublished\":\"2020-02-09T00:47:48+00:00\",\"mainEntityOfPage\":{\"@id\":\"https:\\\/\\\/elinformativotam.com\\\/index.php\\\/2020\\\/02\\\/08\\\/presente-alma-laura-amparan-en-primera-reunion-nacional-de-representantes-de-la-red-de-municipios-por-la-salud\\\/\"},\"wordCount\":456,\"commentCount\":1,\"publisher\":{\"@id\":\"https:\\\/\\\/elinformativotam.com\\\/#organization\"},\"image\":{\"@id\":\"https:\\\/\\\/elinformativotam.com\\\/index.php\\\/2020\\\/02\\\/08\\\/presente-alma-laura-amparan-en-primera-reunion-nacional-de-representantes-de-la-red-de-municipios-por-la-salud\\\/#primaryimage\"},\"thumbnailUrl\":\"http:\\\/\\\/elinformativotam.com\\\/wp-content\\\/uploads\\\/2020\\\/02\\\/laura-2-300x235.jpg\",\"articleSection\":[\"Altamira\"],\"inLanguage\":\"es\",\"potentialAction\":[{\"@type\":\"CommentAction\",\"name\":\"Comment\",\"target\":[\"https:\\\/\\\/elinformativotam.com\\\/index.php\\\/2020\\\/02\\\/08\\\/presente-alma-laura-amparan-en-primera-reunion-nacional-de-representantes-de-la-red-de-municipios-por-la-salud\\\/#respond\"]}]},{\"@type\":\"WebPage\",\"@id\":\"https:\\\/\\\/elinformativotam.com\\\/index.php\\\/2020\\\/02\\\/08\\\/presente-alma-laura-amparan-en-primera-reunion-nacional-de-representantes-de-la-red-de-municipios-por-la-salud\\\/\",\"url\":\"https:\\\/\\\/elinformativotam.com\\\/index.php\\\/2020\\\/02\\\/08\\\/presente-alma-laura-amparan-en-primera-reunion-nacional-de-representantes-de-la-red-de-municipios-por-la-salud\\\/\",\"name\":\"PRESENTE ALMA LAURA AMPAR\u00c1N EN PRIMERA REUNI\u00d3N NACIONAL DE REPRESENTANTES DE LA RED DE MUNICIPIOS POR LA SALUD - EL INFORMATIVO DE TAMAULIPAS\",\"isPartOf\":{\"@id\":\"https:\\\/\\\/elinformativotam.com\\\/#website\"},\"primaryImageOfPage\":{\"@id\":\"https:\\\/\\\/elinformativotam.com\\\/index.php\\\/2020\\\/02\\\/08\\\/presente-alma-laura-amparan-en-primera-reunion-nacional-de-representantes-de-la-red-de-municipios-por-la-salud\\\/#primaryimage\"},\"image\":{\"@id\":\"https:\\\/\\\/elinformativotam.com\\\/index.php\\\/2020\\\/02\\\/08\\\/presente-alma-laura-amparan-en-primera-reunion-nacional-de-representantes-de-la-red-de-municipios-por-la-salud\\\/#primaryimage\"},\"thumbnailUrl\":\"http:\\\/\\\/elinformativotam.com\\\/wp-content\\\/uploads\\\/2020\\\/02\\\/laura-2-300x235.jpg\",\"datePublished\":\"2020-02-09T00:47:48+00:00\",\"description\":\"*En Su Car\u00e1cter De Vicepresidenta De La Red Tamaulipeca De Municipios Por La Salud; Evento Se Desarroll\u00f3 En La Ciudad De M\u00e9xico &nbsp; La presidenta\",\"inLanguage\":\"es\",\"potentialAction\":[{\"@type\":\"ReadAction\",\"target\":[\"https:\\\/\\\/elinformativotam.com\\\/index.php\\\/2020\\\/02\\\/08\\\/presente-alma-laura-amparan-en-primera-reunion-nacional-de-representantes-de-la-red-de-municipios-por-la-salud\\\/\"]}]},{\"@type\":\"ImageObject\",\"inLanguage\":\"es\",\"@id\":\"https:\\\/\\\/elinformativotam.com\\\/index.php\\\/2020\\\/02\\\/08\\\/presente-alma-laura-amparan-en-primera-reunion-nacional-de-representantes-de-la-red-de-municipios-por-la-salud\\\/#primaryimage\",\"url\":\"http:\\\/\\\/elinformativotam.com\\\/wp-content\\\/uploads\\\/2020\\\/02\\\/laura-2-300x235.jpg\",\"contentUrl\":\"http:\\\/\\\/elinformativotam.com\\\/wp-content\\\/uploads\\\/2020\\\/02\\\/laura-2-300x235.jpg\"},{\"@type\":\"WebSite\",\"@id\":\"https:\\\/\\\/elinformativotam.com\\\/#website\",\"url\":\"https:\\\/\\\/elinformativotam.com\\\/\",\"name\":\"EL INFORMATIVO DE TAMAULIPAS\",\"description\":\"Desde la Zona Metropolitana Para Todo M\u00e9xico\",\"publisher\":{\"@id\":\"https:\\\/\\\/elinformativotam.com\\\/#organization\"},\"potentialAction\":[{\"@type\":\"SearchAction\",\"target\":{\"@type\":\"EntryPoint\",\"urlTemplate\":\"https:\\\/\\\/elinformativotam.com\\\/?s={search_term_string}\"},\"query-input\":{\"@type\":\"PropertyValueSpecification\",\"valueRequired\":true,\"valueName\":\"search_term_string\"}}],\"inLanguage\":\"es\"},{\"@type\":\"Organization\",\"@id\":\"https:\\\/\\\/elinformativotam.com\\\/#organization\",\"name\":\"EL INFORMATIVO DE TAMAULIPAS\",\"url\":\"https:\\\/\\\/elinformativotam.com\\\/\",\"logo\":{\"@type\":\"ImageObject\",\"inLanguage\":\"es\",\"@id\":\"https:\\\/\\\/elinformativotam.com\\\/#\\\/schema\\\/logo\\\/image\\\/\",\"url\":\"https:\\\/\\\/elinformativotam.com\\\/wp-content\\\/uploads\\\/2026\\\/02\\\/Cabezal.png\",\"contentUrl\":\"https:\\\/\\\/elinformativotam.com\\\/wp-content\\\/uploads\\\/2026\\\/02\\\/Cabezal.png\",\"width\":960,\"height\":640,\"caption\":\"EL INFORMATIVO DE TAMAULIPAS\"},\"image\":{\"@id\":\"https:\\\/\\\/elinformativotam.com\\\/#\\\/schema\\\/logo\\\/image\\\/\"}},{\"@type\":\"Person\",\"@id\":\"https:\\\/\\\/elinformativotam.com\\\/#\\\/schema\\\/person\\\/78e08040eed0f6110f0c5f83b6153590\",\"name\":\"El Informativo Tam\",\"image\":{\"@type\":\"ImageObject\",\"inLanguage\":\"es\",\"@id\":\"https:\\\/\\\/secure.gravatar.com\\\/avatar\\\/f3b7ad3af540688955925ac610647be00b0cf41feea9c4978b73a707ee86bc53?s=96&d=mm&r=g\",\"url\":\"https:\\\/\\\/secure.gravatar.com\\\/avatar\\\/f3b7ad3af540688955925ac610647be00b0cf41feea9c4978b73a707ee86bc53?s=96&d=mm&r=g\",\"contentUrl\":\"https:\\\/\\\/secure.gravatar.com\\\/avatar\\\/f3b7ad3af540688955925ac610647be00b0cf41feea9c4978b73a707ee86bc53?s=96&d=mm&r=g\",\"caption\":\"El Informativo Tam\"}}]}<\/script>\n<!-- \/ Yoast SEO plugin. -->","yoast_head_json":{"title":"PRESENTE ALMA LAURA AMPAR\u00c1N EN PRIMERA REUNI\u00d3N NACIONAL DE REPRESENTANTES DE LA RED DE MUNICIPIOS POR LA SALUD - EL INFORMATIVO DE TAMAULIPAS","description":"*En Su Car\u00e1cter De Vicepresidenta De La Red Tamaulipeca De Municipios Por La Salud; Evento Se Desarroll\u00f3 En La Ciudad De M\u00e9xico &nbsp; La presidenta","robots":{"index":"index","follow":"follow","max-snippet":"max-snippet:-1","max-image-preview":"max-image-preview:large","max-video-preview":"max-video-preview:-1"},"canonical":"https:\/\/elinformativotam.com\/index.php\/2020\/02\/08\/presente-alma-laura-amparan-en-primera-reunion-nacional-de-representantes-de-la-red-de-municipios-por-la-salud\/","og_locale":"es_MX","og_type":"article","og_title":"PRESENTE ALMA LAURA AMPAR\u00c1N EN PRIMERA REUNI\u00d3N NACIONAL DE REPRESENTANTES DE LA RED DE MUNICIPIOS POR LA SALUD - EL INFORMATIVO DE TAMAULIPAS","og_description":"*En Su Car\u00e1cter De Vicepresidenta De La Red Tamaulipeca De Municipios Por La Salud; Evento Se Desarroll\u00f3 En La Ciudad De M\u00e9xico &nbsp; La presidenta","og_url":"https:\/\/elinformativotam.com\/index.php\/2020\/02\/08\/presente-alma-laura-amparan-en-primera-reunion-nacional-de-representantes-de-la-red-de-municipios-por-la-salud\/","og_site_name":"EL INFORMATIVO DE TAMAULIPAS","article_published_time":"2020-02-09T00:47:48+00:00","og_image":[{"url":"http:\/\/elinformativotam.com\/wp-content\/uploads\/2020\/02\/laura-2-300x235.jpg","type":"","width":"","height":""}],"author":"El Informativo Tam","twitter_card":"summary_large_image","twitter_misc":{"Escrito por":"El Informativo Tam","Tiempo de lectura":"2 minutos"},"schema":{"@context":"https:\/\/schema.org","@graph":[{"@type":"Article","@id":"https:\/\/elinformativotam.com\/index.php\/2020\/02\/08\/presente-alma-laura-amparan-en-primera-reunion-nacional-de-representantes-de-la-red-de-municipios-por-la-salud\/#article","isPartOf":{"@id":"https:\/\/elinformativotam.com\/index.php\/2020\/02\/08\/presente-alma-laura-amparan-en-primera-reunion-nacional-de-representantes-de-la-red-de-municipios-por-la-salud\/"},"author":{"name":"El Informativo Tam","@id":"https:\/\/elinformativotam.com\/#\/schema\/person\/78e08040eed0f6110f0c5f83b6153590"},"headline":"PRESENTE ALMA LAURA AMPAR\u00c1N EN PRIMERA REUNI\u00d3N NACIONAL DE REPRESENTANTES DE LA RED DE MUNICIPIOS POR LA SALUD","datePublished":"2020-02-09T00:47:48+00:00","mainEntityOfPage":{"@id":"https:\/\/elinformativotam.com\/index.php\/2020\/02\/08\/presente-alma-laura-amparan-en-primera-reunion-nacional-de-representantes-de-la-red-de-municipios-por-la-salud\/"},"wordCount":456,"commentCount":1,"publisher":{"@id":"https:\/\/elinformativotam.com\/#organization"},"image":{"@id":"https:\/\/elinformativotam.com\/index.php\/2020\/02\/08\/presente-alma-laura-amparan-en-primera-reunion-nacional-de-representantes-de-la-red-de-municipios-por-la-salud\/#primaryimage"},"thumbnailUrl":"http:\/\/elinformativotam.com\/wp-content\/uploads\/2020\/02\/laura-2-300x235.jpg","articleSection":["Altamira"],"inLanguage":"es","potentialAction":[{"@type":"CommentAction","name":"Comment","target":["https:\/\/elinformativotam.com\/index.php\/2020\/02\/08\/presente-alma-laura-amparan-en-primera-reunion-nacional-de-representantes-de-la-red-de-municipios-por-la-salud\/#respond"]}]},{"@type":"WebPage","@id":"https:\/\/elinformativotam.com\/index.php\/2020\/02\/08\/presente-alma-laura-amparan-en-primera-reunion-nacional-de-representantes-de-la-red-de-municipios-por-la-salud\/","url":"https:\/\/elinformativotam.com\/index.php\/2020\/02\/08\/presente-alma-laura-amparan-en-primera-reunion-nacional-de-representantes-de-la-red-de-municipios-por-la-salud\/","name":"PRESENTE ALMA LAURA AMPAR\u00c1N EN PRIMERA REUNI\u00d3N NACIONAL DE REPRESENTANTES DE LA RED DE MUNICIPIOS POR LA SALUD - EL INFORMATIVO DE TAMAULIPAS","isPartOf":{"@id":"https:\/\/elinformativotam.com\/#website"},"primaryImageOfPage":{"@id":"https:\/\/elinformativotam.com\/index.php\/2020\/02\/08\/presente-alma-laura-amparan-en-primera-reunion-nacional-de-representantes-de-la-red-de-municipios-por-la-salud\/#primaryimage"},"image":{"@id":"https:\/\/elinformativotam.com\/index.php\/2020\/02\/08\/presente-alma-laura-amparan-en-primera-reunion-nacional-de-representantes-de-la-red-de-municipios-por-la-salud\/#primaryimage"},"thumbnailUrl":"http:\/\/elinformativotam.com\/wp-content\/uploads\/2020\/02\/laura-2-300x235.jpg","datePublished":"2020-02-09T00:47:48+00:00","description":"*En Su Car\u00e1cter De Vicepresidenta De La Red Tamaulipeca De Municipios Por La Salud; Evento Se Desarroll\u00f3 En La Ciudad De M\u00e9xico &nbsp; La presidenta","inLanguage":"es","potentialAction":[{"@type":"ReadAction","target":["https:\/\/elinformativotam.com\/index.php\/2020\/02\/08\/presente-alma-laura-amparan-en-primera-reunion-nacional-de-representantes-de-la-red-de-municipios-por-la-salud\/"]}]},{"@type":"ImageObject","inLanguage":"es","@id":"https:\/\/elinformativotam.com\/index.php\/2020\/02\/08\/presente-alma-laura-amparan-en-primera-reunion-nacional-de-representantes-de-la-red-de-municipios-por-la-salud\/#primaryimage","url":"http:\/\/elinformativotam.com\/wp-content\/uploads\/2020\/02\/laura-2-300x235.jpg","contentUrl":"http:\/\/elinformativotam.com\/wp-content\/uploads\/2020\/02\/laura-2-300x235.jpg"},{"@type":"WebSite","@id":"https:\/\/elinformativotam.com\/#website","url":"https:\/\/elinformativotam.com\/","name":"EL INFORMATIVO DE TAMAULIPAS","description":"Desde la Zona Metropolitana Para Todo M\u00e9xico","publisher":{"@id":"https:\/\/elinformativotam.com\/#organization"},"potentialAction":[{"@type":"SearchAction","target":{"@type":"EntryPoint","urlTemplate":"https:\/\/elinformativotam.com\/?s={search_term_string}"},"query-input":{"@type":"PropertyValueSpecification","valueRequired":true,"valueName":"search_term_string"}}],"inLanguage":"es"},{"@type":"Organization","@id":"https:\/\/elinformativotam.com\/#organization","name":"EL INFORMATIVO DE TAMAULIPAS","url":"https:\/\/elinformativotam.com\/","logo":{"@type":"ImageObject","inLanguage":"es","@id":"https:\/\/elinformativotam.com\/#\/schema\/logo\/image\/","url":"https:\/\/elinformativotam.com\/wp-content\/uploads\/2026\/02\/Cabezal.png","contentUrl":"https:\/\/elinformativotam.com\/wp-content\/uploads\/2026\/02\/Cabezal.png","width":960,"height":640,"caption":"EL INFORMATIVO DE TAMAULIPAS"},"image":{"@id":"https:\/\/elinformativotam.com\/#\/schema\/logo\/image\/"}},{"@type":"Person","@id":"https:\/\/elinformativotam.com\/#\/schema\/person\/78e08040eed0f6110f0c5f83b6153590","name":"El Informativo Tam","image":{"@type":"ImageObject","inLanguage":"es","@id":"https:\/\/secure.gravatar.com\/avatar\/f3b7ad3af540688955925ac610647be00b0cf41feea9c4978b73a707ee86bc53?s=96&d=mm&r=g","url":"https:\/\/secure.gravatar.com\/avatar\/f3b7ad3af540688955925ac610647be00b0cf41feea9c4978b73a707ee86bc53?s=96&d=mm&r=g","contentUrl":"https:\/\/secure.gravatar.com\/avatar\/f3b7ad3af540688955925ac610647be00b0cf41feea9c4978b73a707ee86bc53?s=96&d=mm&r=g","caption":"El Informativo Tam"}}]}},"_links":{"self":[{"href":"https:\/\/elinformativotam.com\/index.php\/wp-json\/wp\/v2\/posts\/2435","targetHints":{"allow":["GET"]}}],"collection":[{"href":"https:\/\/elinformativotam.com\/index.php\/wp-json\/wp\/v2\/posts"}],"about":[{"href":"https:\/\/elinformativotam.com\/index.php\/wp-json\/wp\/v2\/types\/post"}],"author":[{"embeddable":true,"href":"https:\/\/elinformativotam.com\/index.php\/wp-json\/wp\/v2\/users\/1"}],"replies":[{"embeddable":true,"href":"https:\/\/elinformativotam.com\/index.php\/wp-json\/wp\/v2\/comments?post=2435"}],"version-history":[{"count":0,"href":"https:\/\/elinformativotam.com\/index.php\/wp-json\/wp\/v2\/posts\/2435\/revisions"}],"wp:attachment":[{"href":"https:\/\/elinformativotam.com\/index.php\/wp-json\/wp\/v2\/media?parent=2435"}],"wp:term":[{"taxonomy":"category","embeddable":true,"href":"https:\/\/elinformativotam.com\/index.php\/wp-json\/wp\/v2\/categories?post=2435"},{"taxonomy":"post_tag","embeddable":true,"href":"https:\/\/elinformativotam.com\/index.php\/wp-json\/wp\/v2\/tags?post=2435"}],"curies":[{"name":"wp","href":"https:\/\/api.w.org\/{rel}","templated":true}]}}