{"id":242,"date":"2019-10-21T10:27:16","date_gmt":"2019-10-21T16:27:16","guid":{"rendered":"http:\/\/elinformativotam.com\/?p=242"},"modified":"2019-10-21T10:28:00","modified_gmt":"2019-10-21T16:28:00","slug":"participa-gobernador-en-cabalgata-en-el-marco-de-la-feria-tamaulipas","status":"publish","type":"post","link":"https:\/\/elinformativotam.com\/index.php\/2019\/10\/21\/participa-gobernador-en-cabalgata-en-el-marco-de-la-feria-tamaulipas\/","title":{"rendered":"PARTICIPA GOBERNADOR EN CABALGATA EN EL MARCO DE LA FERIA TAMAULIPAS."},"content":{"rendered":"\n<p>Ciudad Victoria, Tamaulipas.- En\nel marco de la Feria Tamaulipas 2019, el gobernador Francisco Garc\u00eda Cabeza de\nVaca particip\u00f3 en la cabalgata Unidos por Tamaulipas, realizada con el objetivo\nfortalecer nuestras ra\u00edces, tradiciones y la unidad de las familias\ntamaulipecas.<\/p>\n\n\n\n<p>La cabalgata inici\u00f3 en el Lienzo\nCharro de Ciudad Victoria y concluy\u00f3 en el Parque Bicentenario, un recorrido de\naproximadamente 10 kil\u00f3metros, contando con la participaci\u00f3n de cerca de mil de\ncabalgantes, mujeres y hombres, de los 43 municipios de la entidad.<\/p>\n\n\n\n<figure class=\"wp-block-image\"><img decoding=\"async\" src=\"https:\/\/elinformativotam.com\/wp-content\/uploads\/2019\/10\/caballo-2-683x1024.jpg\" alt=\"\" class=\"wp-image-243\"\/><\/figure>\n\n\n\n<p>\u201cEn escasos 3 a\u00f1os hemos dado la\nvuelta al estado y esa no ha sido la acci\u00f3n de un gobierno y va m\u00e1s all\u00e1 de la\nacci\u00f3n y voluntad pol\u00edtica de un Gobernador. Han sido las acciones en conjunto\nde todas y todos los tamaulipecos, con las que logramos, entre todos, darnos la\noportunidad de volver a empezar, creer, resaltar la grandeza de Tamaulipas y el\norgullo de ser tamaulipeco\u201d, resalt\u00f3 el mandatario en su discurso.<\/p>\n","protected":false},"excerpt":{"rendered":"<p>Ciudad Victoria, Tamaulipas.- En el marco de la Feria Tamaulipas 2019, el gobernador Francisco Garc\u00eda Cabeza de Vaca particip\u00f3 en&hellip;<\/p>\n","protected":false},"author":1,"featured_media":0,"comment_status":"open","ping_status":"open","sticky":false,"template":"","format":"standard","meta":{"footnotes":""},"categories":[6],"tags":[],"class_list":["post-242","post","type-post","status-publish","format-standard","hentry","category-tamaulipas"],"yoast_head":"<!-- This site is optimized with the Yoast SEO plugin v27.5 - https:\/\/yoast.com\/product\/yoast-seo-wordpress\/ -->\n<title>PARTICIPA GOBERNADOR EN CABALGATA EN EL MARCO DE LA FERIA TAMAULIPAS. - EL INFORMATIVO DE TAMAULIPAS<\/title>\n<meta name=\"description\" content=\"Ciudad Victoria, Tamaulipas.- En el marco de la Feria Tamaulipas 2019, el gobernador Francisco Garc\u00eda Cabeza de Vaca particip\u00f3 en la cabalgata Unidos por\" \/>\n<meta name=\"robots\" content=\"index, follow, max-snippet:-1, max-image-preview:large, max-video-preview:-1\" \/>\n<link rel=\"canonical\" href=\"https:\/\/elinformativotam.com\/index.php\/2019\/10\/21\/participa-gobernador-en-cabalgata-en-el-marco-de-la-feria-tamaulipas\/\" \/>\n<meta property=\"og:locale\" content=\"es_MX\" \/>\n<meta property=\"og:type\" content=\"article\" \/>\n<meta property=\"og:title\" content=\"PARTICIPA GOBERNADOR EN CABALGATA EN EL MARCO DE LA FERIA TAMAULIPAS. - EL INFORMATIVO DE TAMAULIPAS\" \/>\n<meta property=\"og:description\" content=\"Ciudad Victoria, Tamaulipas.- En el marco de la Feria Tamaulipas 2019, el gobernador Francisco Garc\u00eda Cabeza de Vaca particip\u00f3 en la cabalgata Unidos por\" \/>\n<meta property=\"og:url\" content=\"https:\/\/elinformativotam.com\/index.php\/2019\/10\/21\/participa-gobernador-en-cabalgata-en-el-marco-de-la-feria-tamaulipas\/\" \/>\n<meta property=\"og:site_name\" content=\"EL INFORMATIVO DE TAMAULIPAS\" \/>\n<meta property=\"article:published_time\" content=\"2019-10-21T16:27:16+00:00\" \/>\n<meta property=\"article:modified_time\" content=\"2019-10-21T16:28:00+00:00\" \/>\n<meta property=\"og:image\" content=\"https:\/\/elinformativotam.com\/wp-content\/uploads\/2019\/10\/caballo-2-683x1024.jpg\" \/>\n<meta name=\"author\" content=\"El Informativo Tam\" \/>\n<meta name=\"twitter:card\" content=\"summary_large_image\" \/>\n<meta name=\"twitter:label1\" content=\"Escrito por\" \/>\n\t<meta name=\"twitter:data1\" content=\"El Informativo Tam\" \/>\n\t<meta name=\"twitter:label2\" content=\"Tiempo de lectura\" \/>\n\t<meta name=\"twitter:data2\" content=\"1 minuto\" \/>\n<script type=\"application\/ld+json\" class=\"yoast-schema-graph\">{\"@context\":\"https:\\\/\\\/schema.org\",\"@graph\":[{\"@type\":\"Article\",\"@id\":\"https:\\\/\\\/elinformativotam.com\\\/index.php\\\/2019\\\/10\\\/21\\\/participa-gobernador-en-cabalgata-en-el-marco-de-la-feria-tamaulipas\\\/#article\",\"isPartOf\":{\"@id\":\"https:\\\/\\\/elinformativotam.com\\\/index.php\\\/2019\\\/10\\\/21\\\/participa-gobernador-en-cabalgata-en-el-marco-de-la-feria-tamaulipas\\\/\"},\"author\":{\"name\":\"El Informativo Tam\",\"@id\":\"https:\\\/\\\/elinformativotam.com\\\/#\\\/schema\\\/person\\\/78e08040eed0f6110f0c5f83b6153590\"},\"headline\":\"PARTICIPA GOBERNADOR EN CABALGATA EN EL MARCO DE LA FERIA TAMAULIPAS.\",\"datePublished\":\"2019-10-21T16:27:16+00:00\",\"dateModified\":\"2019-10-21T16:28:00+00:00\",\"mainEntityOfPage\":{\"@id\":\"https:\\\/\\\/elinformativotam.com\\\/index.php\\\/2019\\\/10\\\/21\\\/participa-gobernador-en-cabalgata-en-el-marco-de-la-feria-tamaulipas\\\/\"},\"wordCount\":175,\"commentCount\":0,\"publisher\":{\"@id\":\"https:\\\/\\\/elinformativotam.com\\\/#organization\"},\"image\":{\"@id\":\"https:\\\/\\\/elinformativotam.com\\\/index.php\\\/2019\\\/10\\\/21\\\/participa-gobernador-en-cabalgata-en-el-marco-de-la-feria-tamaulipas\\\/#primaryimage\"},\"thumbnailUrl\":\"https:\\\/\\\/elinformativotam.com\\\/wp-content\\\/uploads\\\/2019\\\/10\\\/caballo-2-683x1024.jpg\",\"articleSection\":[\"Tamaulipas\"],\"inLanguage\":\"es\",\"potentialAction\":[{\"@type\":\"CommentAction\",\"name\":\"Comment\",\"target\":[\"https:\\\/\\\/elinformativotam.com\\\/index.php\\\/2019\\\/10\\\/21\\\/participa-gobernador-en-cabalgata-en-el-marco-de-la-feria-tamaulipas\\\/#respond\"]}]},{\"@type\":\"WebPage\",\"@id\":\"https:\\\/\\\/elinformativotam.com\\\/index.php\\\/2019\\\/10\\\/21\\\/participa-gobernador-en-cabalgata-en-el-marco-de-la-feria-tamaulipas\\\/\",\"url\":\"https:\\\/\\\/elinformativotam.com\\\/index.php\\\/2019\\\/10\\\/21\\\/participa-gobernador-en-cabalgata-en-el-marco-de-la-feria-tamaulipas\\\/\",\"name\":\"PARTICIPA GOBERNADOR EN CABALGATA EN EL MARCO DE LA FERIA TAMAULIPAS. - EL INFORMATIVO DE TAMAULIPAS\",\"isPartOf\":{\"@id\":\"https:\\\/\\\/elinformativotam.com\\\/#website\"},\"primaryImageOfPage\":{\"@id\":\"https:\\\/\\\/elinformativotam.com\\\/index.php\\\/2019\\\/10\\\/21\\\/participa-gobernador-en-cabalgata-en-el-marco-de-la-feria-tamaulipas\\\/#primaryimage\"},\"image\":{\"@id\":\"https:\\\/\\\/elinformativotam.com\\\/index.php\\\/2019\\\/10\\\/21\\\/participa-gobernador-en-cabalgata-en-el-marco-de-la-feria-tamaulipas\\\/#primaryimage\"},\"thumbnailUrl\":\"https:\\\/\\\/elinformativotam.com\\\/wp-content\\\/uploads\\\/2019\\\/10\\\/caballo-2-683x1024.jpg\",\"datePublished\":\"2019-10-21T16:27:16+00:00\",\"dateModified\":\"2019-10-21T16:28:00+00:00\",\"description\":\"Ciudad Victoria, Tamaulipas.- En el marco de la Feria Tamaulipas 2019, el gobernador Francisco Garc\u00eda Cabeza de Vaca particip\u00f3 en la cabalgata Unidos por\",\"inLanguage\":\"es\",\"potentialAction\":[{\"@type\":\"ReadAction\",\"target\":[\"https:\\\/\\\/elinformativotam.com\\\/index.php\\\/2019\\\/10\\\/21\\\/participa-gobernador-en-cabalgata-en-el-marco-de-la-feria-tamaulipas\\\/\"]}]},{\"@type\":\"ImageObject\",\"inLanguage\":\"es\",\"@id\":\"https:\\\/\\\/elinformativotam.com\\\/index.php\\\/2019\\\/10\\\/21\\\/participa-gobernador-en-cabalgata-en-el-marco-de-la-feria-tamaulipas\\\/#primaryimage\",\"url\":\"https:\\\/\\\/elinformativotam.com\\\/wp-content\\\/uploads\\\/2019\\\/10\\\/caballo-2-683x1024.jpg\",\"contentUrl\":\"https:\\\/\\\/elinformativotam.com\\\/wp-content\\\/uploads\\\/2019\\\/10\\\/caballo-2-683x1024.jpg\"},{\"@type\":\"WebSite\",\"@id\":\"https:\\\/\\\/elinformativotam.com\\\/#website\",\"url\":\"https:\\\/\\\/elinformativotam.com\\\/\",\"name\":\"EL INFORMATIVO DE TAMAULIPAS\",\"description\":\"Desde la Zona Metropolitana Para Todo M\u00e9xico\",\"publisher\":{\"@id\":\"https:\\\/\\\/elinformativotam.com\\\/#organization\"},\"potentialAction\":[{\"@type\":\"SearchAction\",\"target\":{\"@type\":\"EntryPoint\",\"urlTemplate\":\"https:\\\/\\\/elinformativotam.com\\\/?s={search_term_string}\"},\"query-input\":{\"@type\":\"PropertyValueSpecification\",\"valueRequired\":true,\"valueName\":\"search_term_string\"}}],\"inLanguage\":\"es\"},{\"@type\":\"Organization\",\"@id\":\"https:\\\/\\\/elinformativotam.com\\\/#organization\",\"name\":\"EL INFORMATIVO DE TAMAULIPAS\",\"url\":\"https:\\\/\\\/elinformativotam.com\\\/\",\"logo\":{\"@type\":\"ImageObject\",\"inLanguage\":\"es\",\"@id\":\"https:\\\/\\\/elinformativotam.com\\\/#\\\/schema\\\/logo\\\/image\\\/\",\"url\":\"https:\\\/\\\/elinformativotam.com\\\/wp-content\\\/uploads\\\/2026\\\/02\\\/Cabezal.png\",\"contentUrl\":\"https:\\\/\\\/elinformativotam.com\\\/wp-content\\\/uploads\\\/2026\\\/02\\\/Cabezal.png\",\"width\":960,\"height\":640,\"caption\":\"EL INFORMATIVO DE TAMAULIPAS\"},\"image\":{\"@id\":\"https:\\\/\\\/elinformativotam.com\\\/#\\\/schema\\\/logo\\\/image\\\/\"}},{\"@type\":\"Person\",\"@id\":\"https:\\\/\\\/elinformativotam.com\\\/#\\\/schema\\\/person\\\/78e08040eed0f6110f0c5f83b6153590\",\"name\":\"El Informativo Tam\",\"image\":{\"@type\":\"ImageObject\",\"inLanguage\":\"es\",\"@id\":\"https:\\\/\\\/secure.gravatar.com\\\/avatar\\\/f3b7ad3af540688955925ac610647be00b0cf41feea9c4978b73a707ee86bc53?s=96&d=mm&r=g\",\"url\":\"https:\\\/\\\/secure.gravatar.com\\\/avatar\\\/f3b7ad3af540688955925ac610647be00b0cf41feea9c4978b73a707ee86bc53?s=96&d=mm&r=g\",\"contentUrl\":\"https:\\\/\\\/secure.gravatar.com\\\/avatar\\\/f3b7ad3af540688955925ac610647be00b0cf41feea9c4978b73a707ee86bc53?s=96&d=mm&r=g\",\"caption\":\"El Informativo Tam\"}}]}<\/script>\n<!-- \/ Yoast SEO plugin. -->","yoast_head_json":{"title":"PARTICIPA GOBERNADOR EN CABALGATA EN EL MARCO DE LA FERIA TAMAULIPAS. - EL INFORMATIVO DE TAMAULIPAS","description":"Ciudad Victoria, Tamaulipas.- En el marco de la Feria Tamaulipas 2019, el gobernador Francisco Garc\u00eda Cabeza de Vaca particip\u00f3 en la cabalgata Unidos por","robots":{"index":"index","follow":"follow","max-snippet":"max-snippet:-1","max-image-preview":"max-image-preview:large","max-video-preview":"max-video-preview:-1"},"canonical":"https:\/\/elinformativotam.com\/index.php\/2019\/10\/21\/participa-gobernador-en-cabalgata-en-el-marco-de-la-feria-tamaulipas\/","og_locale":"es_MX","og_type":"article","og_title":"PARTICIPA GOBERNADOR EN CABALGATA EN EL MARCO DE LA FERIA TAMAULIPAS. - EL INFORMATIVO DE TAMAULIPAS","og_description":"Ciudad Victoria, Tamaulipas.- En el marco de la Feria Tamaulipas 2019, el gobernador Francisco Garc\u00eda Cabeza de Vaca particip\u00f3 en la cabalgata Unidos por","og_url":"https:\/\/elinformativotam.com\/index.php\/2019\/10\/21\/participa-gobernador-en-cabalgata-en-el-marco-de-la-feria-tamaulipas\/","og_site_name":"EL INFORMATIVO DE TAMAULIPAS","article_published_time":"2019-10-21T16:27:16+00:00","article_modified_time":"2019-10-21T16:28:00+00:00","og_image":[{"url":"https:\/\/elinformativotam.com\/wp-content\/uploads\/2019\/10\/caballo-2-683x1024.jpg","type":"","width":"","height":""}],"author":"El Informativo Tam","twitter_card":"summary_large_image","twitter_misc":{"Escrito por":"El Informativo Tam","Tiempo de lectura":"1 minuto"},"schema":{"@context":"https:\/\/schema.org","@graph":[{"@type":"Article","@id":"https:\/\/elinformativotam.com\/index.php\/2019\/10\/21\/participa-gobernador-en-cabalgata-en-el-marco-de-la-feria-tamaulipas\/#article","isPartOf":{"@id":"https:\/\/elinformativotam.com\/index.php\/2019\/10\/21\/participa-gobernador-en-cabalgata-en-el-marco-de-la-feria-tamaulipas\/"},"author":{"name":"El Informativo Tam","@id":"https:\/\/elinformativotam.com\/#\/schema\/person\/78e08040eed0f6110f0c5f83b6153590"},"headline":"PARTICIPA GOBERNADOR EN CABALGATA EN EL MARCO DE LA FERIA TAMAULIPAS.","datePublished":"2019-10-21T16:27:16+00:00","dateModified":"2019-10-21T16:28:00+00:00","mainEntityOfPage":{"@id":"https:\/\/elinformativotam.com\/index.php\/2019\/10\/21\/participa-gobernador-en-cabalgata-en-el-marco-de-la-feria-tamaulipas\/"},"wordCount":175,"commentCount":0,"publisher":{"@id":"https:\/\/elinformativotam.com\/#organization"},"image":{"@id":"https:\/\/elinformativotam.com\/index.php\/2019\/10\/21\/participa-gobernador-en-cabalgata-en-el-marco-de-la-feria-tamaulipas\/#primaryimage"},"thumbnailUrl":"https:\/\/elinformativotam.com\/wp-content\/uploads\/2019\/10\/caballo-2-683x1024.jpg","articleSection":["Tamaulipas"],"inLanguage":"es","potentialAction":[{"@type":"CommentAction","name":"Comment","target":["https:\/\/elinformativotam.com\/index.php\/2019\/10\/21\/participa-gobernador-en-cabalgata-en-el-marco-de-la-feria-tamaulipas\/#respond"]}]},{"@type":"WebPage","@id":"https:\/\/elinformativotam.com\/index.php\/2019\/10\/21\/participa-gobernador-en-cabalgata-en-el-marco-de-la-feria-tamaulipas\/","url":"https:\/\/elinformativotam.com\/index.php\/2019\/10\/21\/participa-gobernador-en-cabalgata-en-el-marco-de-la-feria-tamaulipas\/","name":"PARTICIPA GOBERNADOR EN CABALGATA EN EL MARCO DE LA FERIA TAMAULIPAS. - EL INFORMATIVO DE TAMAULIPAS","isPartOf":{"@id":"https:\/\/elinformativotam.com\/#website"},"primaryImageOfPage":{"@id":"https:\/\/elinformativotam.com\/index.php\/2019\/10\/21\/participa-gobernador-en-cabalgata-en-el-marco-de-la-feria-tamaulipas\/#primaryimage"},"image":{"@id":"https:\/\/elinformativotam.com\/index.php\/2019\/10\/21\/participa-gobernador-en-cabalgata-en-el-marco-de-la-feria-tamaulipas\/#primaryimage"},"thumbnailUrl":"https:\/\/elinformativotam.com\/wp-content\/uploads\/2019\/10\/caballo-2-683x1024.jpg","datePublished":"2019-10-21T16:27:16+00:00","dateModified":"2019-10-21T16:28:00+00:00","description":"Ciudad Victoria, Tamaulipas.- En el marco de la Feria Tamaulipas 2019, el gobernador Francisco Garc\u00eda Cabeza de Vaca particip\u00f3 en la cabalgata Unidos por","inLanguage":"es","potentialAction":[{"@type":"ReadAction","target":["https:\/\/elinformativotam.com\/index.php\/2019\/10\/21\/participa-gobernador-en-cabalgata-en-el-marco-de-la-feria-tamaulipas\/"]}]},{"@type":"ImageObject","inLanguage":"es","@id":"https:\/\/elinformativotam.com\/index.php\/2019\/10\/21\/participa-gobernador-en-cabalgata-en-el-marco-de-la-feria-tamaulipas\/#primaryimage","url":"https:\/\/elinformativotam.com\/wp-content\/uploads\/2019\/10\/caballo-2-683x1024.jpg","contentUrl":"https:\/\/elinformativotam.com\/wp-content\/uploads\/2019\/10\/caballo-2-683x1024.jpg"},{"@type":"WebSite","@id":"https:\/\/elinformativotam.com\/#website","url":"https:\/\/elinformativotam.com\/","name":"EL INFORMATIVO DE TAMAULIPAS","description":"Desde la Zona Metropolitana Para Todo M\u00e9xico","publisher":{"@id":"https:\/\/elinformativotam.com\/#organization"},"potentialAction":[{"@type":"SearchAction","target":{"@type":"EntryPoint","urlTemplate":"https:\/\/elinformativotam.com\/?s={search_term_string}"},"query-input":{"@type":"PropertyValueSpecification","valueRequired":true,"valueName":"search_term_string"}}],"inLanguage":"es"},{"@type":"Organization","@id":"https:\/\/elinformativotam.com\/#organization","name":"EL INFORMATIVO DE TAMAULIPAS","url":"https:\/\/elinformativotam.com\/","logo":{"@type":"ImageObject","inLanguage":"es","@id":"https:\/\/elinformativotam.com\/#\/schema\/logo\/image\/","url":"https:\/\/elinformativotam.com\/wp-content\/uploads\/2026\/02\/Cabezal.png","contentUrl":"https:\/\/elinformativotam.com\/wp-content\/uploads\/2026\/02\/Cabezal.png","width":960,"height":640,"caption":"EL INFORMATIVO DE TAMAULIPAS"},"image":{"@id":"https:\/\/elinformativotam.com\/#\/schema\/logo\/image\/"}},{"@type":"Person","@id":"https:\/\/elinformativotam.com\/#\/schema\/person\/78e08040eed0f6110f0c5f83b6153590","name":"El Informativo Tam","image":{"@type":"ImageObject","inLanguage":"es","@id":"https:\/\/secure.gravatar.com\/avatar\/f3b7ad3af540688955925ac610647be00b0cf41feea9c4978b73a707ee86bc53?s=96&d=mm&r=g","url":"https:\/\/secure.gravatar.com\/avatar\/f3b7ad3af540688955925ac610647be00b0cf41feea9c4978b73a707ee86bc53?s=96&d=mm&r=g","contentUrl":"https:\/\/secure.gravatar.com\/avatar\/f3b7ad3af540688955925ac610647be00b0cf41feea9c4978b73a707ee86bc53?s=96&d=mm&r=g","caption":"El Informativo Tam"}}]}},"_links":{"self":[{"href":"https:\/\/elinformativotam.com\/index.php\/wp-json\/wp\/v2\/posts\/242","targetHints":{"allow":["GET"]}}],"collection":[{"href":"https:\/\/elinformativotam.com\/index.php\/wp-json\/wp\/v2\/posts"}],"about":[{"href":"https:\/\/elinformativotam.com\/index.php\/wp-json\/wp\/v2\/types\/post"}],"author":[{"embeddable":true,"href":"https:\/\/elinformativotam.com\/index.php\/wp-json\/wp\/v2\/users\/1"}],"replies":[{"embeddable":true,"href":"https:\/\/elinformativotam.com\/index.php\/wp-json\/wp\/v2\/comments?post=242"}],"version-history":[{"count":0,"href":"https:\/\/elinformativotam.com\/index.php\/wp-json\/wp\/v2\/posts\/242\/revisions"}],"wp:attachment":[{"href":"https:\/\/elinformativotam.com\/index.php\/wp-json\/wp\/v2\/media?parent=242"}],"wp:term":[{"taxonomy":"category","embeddable":true,"href":"https:\/\/elinformativotam.com\/index.php\/wp-json\/wp\/v2\/categories?post=242"},{"taxonomy":"post_tag","embeddable":true,"href":"https:\/\/elinformativotam.com\/index.php\/wp-json\/wp\/v2\/tags?post=242"}],"curies":[{"name":"wp","href":"https:\/\/api.w.org\/{rel}","templated":true}]}}