{"id":2401,"date":"2020-02-07T19:58:15","date_gmt":"2020-02-08T01:58:15","guid":{"rendered":"http:\/\/elinformativotam.com\/?p=2401"},"modified":"2020-02-07T19:58:15","modified_gmt":"2020-02-08T01:58:15","slug":"participa-alma-laura-amparan-en-presentacion-del-carnaval-tam-2020-en-cdmx","status":"publish","type":"post","link":"https:\/\/elinformativotam.com\/index.php\/2020\/02\/07\/participa-alma-laura-amparan-en-presentacion-del-carnaval-tam-2020-en-cdmx\/","title":{"rendered":"PARTICIPA ALMA LAURA AMPAR\u00c1N EN PRESENTACI\u00d3N DEL CARNAVAL TAM 2020 EN CDMX"},"content":{"rendered":"<h2><em><strong>*Altamira Contar\u00e1 Con La Presentaci\u00f3n De La Arrolladora Banda \u201cEl Lim\u00f3n\u201dDe Ren\u00e9 Camacho, En La Parte Art\u00edstica<\/strong><\/em><\/h2>\n<p>&nbsp;<\/p>\n<p>Consolidando la unidad de los municipios de la zona sur de Tamaulipas,la presidenta municipal de Altamira, Alma Laura Ampar\u00e1n Cruz, particip\u00f3 en el coctel de presentaci\u00f3n del \u201cCarnaval TAM 2020\u201d en la Ciudad deM\u00e9xico, con la participaci\u00f3n del secretario de Turismo en Tamaulipas, Fernando Olivera Rocha, as\u00ed como el alcalde de Tampico, Jes\u00fas Nader Nasrallah, y la directora de Turismo del Gobierno de Ciudad Madero,Sandra Ibarra G\u00f3mez.<\/p>\n<p>&nbsp;<\/p>\n<p>Las autoridades estatales y municipales detallaron que esta es laprimera ocasi\u00f3n que el Gobierno de Tamaulipas, y los municipios que conforman el sur del Estado, unen esfuerzos para ofrecer una festividad de trascendencia nacional.<\/p>\n<p>&nbsp;<\/p>\n<p>En su intervenci\u00f3n, la alcaldesa Alma Laura Ampar\u00e1n indic\u00f3 que para el municipio de Altamira representa un gran orgullo formar parte de este importante proyecto que une a las familias de la zona conurbada de Tampico, Madero y Altamira, permitiendo mostrar a todo M\u00e9xico la grandeza de esta regi\u00f3n.<\/p>\n<p>&nbsp;<\/p>\n<p>Asimismo, extendi\u00f3 la invitaci\u00f3n a los medios de comunicaci\u00f3n nacionalesa acudir al Carnaval TAM 2020, el cual se efectuar\u00e1 del 21 al 23 de febrero iniciando en Altamira con el primer recorrido de carros aleg\u00f3ricos y comparsas, y la presentaci\u00f3n estelar de la Arrolladora Banda \u201cEl Lim\u00f3n\u201d en la Unidad Deportiva de esta ciudad, en la parte art\u00edstica.<\/p>\n<p><img loading=\"lazy\" decoding=\"async\" class=\"alignnone  wp-image-2402\" src=\"https:\/\/elinformativotam.com\/wp-content\/uploads\/2020\/02\/alma-2-300x200.jpg\" alt=\"\" width=\"836\" height=\"557\" \/><\/p>\n<p>Mientras que el s\u00e1bado 22 de febrero las fiestas carnestolendas continuar\u00e1n en el municipio de Tampico, para concluir el domingo 23 de febrero en Ciudad Madero.<\/p>\n<p>&nbsp;<\/p>\n<p>Cabe se\u00f1alar que el Gobierno Municipal de Altamira presentar\u00e1 el d\u00eda jueves 20 de febrero, como actividad previa a este gran carnaval, un recorrido de lanchas en la laguna de Champay\u00e1n frente a la palapa principal de ese paseo, para posteriormente proceder a la quema del mal humor.<\/p>\n<p>&nbsp;<\/p>\n<p>Se espera que la primera edici\u00f3n del Carnaval TAM 2020 supere los 200 mil asistentes, con la participaci\u00f3n de alrededor de 2,800 bailarines y decenas de comparsas y carros aleg\u00f3ricos.<\/p>\n<p>&nbsp;<\/p>\n<p>Es as\u00ed como el Gobierno de Altamira, presidido por Alma Laura Ampar\u00e1n Cruz, trabaja de manera conjunta con el Gobierno de Tamaulipas, encabezado por el jefe del ejecutivo estatal, Francisco Garc\u00eda Cabeza de Vaca, y los gobiernos municipales de Tampico y Madero, haciendo historia con la organizaci\u00f3n de este magno carnaval que posicionar\u00e1 a la zona sur del Estado en atractivo tur\u00edstico nacional.<\/p>\n","protected":false},"excerpt":{"rendered":"<p>*Altamira Contar\u00e1 Con La Presentaci\u00f3n De La Arrolladora Banda \u201cEl Lim\u00f3n\u201dDe Ren\u00e9 Camacho, En La Parte Art\u00edstica &nbsp; Consolidando la&hellip;<\/p>\n","protected":false},"author":1,"featured_media":0,"comment_status":"open","ping_status":"open","sticky":false,"template":"","format":"standard","meta":{"footnotes":""},"categories":[5],"tags":[],"class_list":["post-2401","post","type-post","status-publish","format-standard","hentry","category-altamira"],"yoast_head":"<!-- This site is optimized with the Yoast SEO plugin v27.5 - https:\/\/yoast.com\/product\/yoast-seo-wordpress\/ -->\n<title>PARTICIPA ALMA LAURA AMPAR\u00c1N EN PRESENTACI\u00d3N DEL CARNAVAL TAM 2020 EN CDMX - EL INFORMATIVO DE TAMAULIPAS<\/title>\n<meta name=\"description\" content=\"*Altamira Contar\u00e1 Con La Presentaci\u00f3n De La Arrolladora Banda \u201cEl Lim\u00f3n\u201dDe Ren\u00e9 Camacho, En La Parte Art\u00edstica &nbsp; Consolidando la unidad de los\" \/>\n<meta name=\"robots\" content=\"index, follow, max-snippet:-1, max-image-preview:large, max-video-preview:-1\" \/>\n<link rel=\"canonical\" href=\"https:\/\/elinformativotam.com\/index.php\/2020\/02\/07\/participa-alma-laura-amparan-en-presentacion-del-carnaval-tam-2020-en-cdmx\/\" \/>\n<meta property=\"og:locale\" content=\"es_MX\" \/>\n<meta property=\"og:type\" content=\"article\" \/>\n<meta property=\"og:title\" content=\"PARTICIPA ALMA LAURA AMPAR\u00c1N EN PRESENTACI\u00d3N DEL CARNAVAL TAM 2020 EN CDMX - EL INFORMATIVO DE TAMAULIPAS\" \/>\n<meta property=\"og:description\" content=\"*Altamira Contar\u00e1 Con La Presentaci\u00f3n De La Arrolladora Banda \u201cEl Lim\u00f3n\u201dDe Ren\u00e9 Camacho, En La Parte Art\u00edstica &nbsp; Consolidando la unidad de los\" \/>\n<meta property=\"og:url\" content=\"https:\/\/elinformativotam.com\/index.php\/2020\/02\/07\/participa-alma-laura-amparan-en-presentacion-del-carnaval-tam-2020-en-cdmx\/\" \/>\n<meta property=\"og:site_name\" content=\"EL INFORMATIVO DE TAMAULIPAS\" \/>\n<meta property=\"article:published_time\" content=\"2020-02-08T01:58:15+00:00\" \/>\n<meta property=\"og:image\" content=\"http:\/\/elinformativotam.com\/wp-content\/uploads\/2020\/02\/alma-2-300x200.jpg\" \/>\n<meta name=\"author\" content=\"El Informativo Tam\" \/>\n<meta name=\"twitter:card\" content=\"summary_large_image\" \/>\n<meta name=\"twitter:label1\" content=\"Escrito por\" \/>\n\t<meta name=\"twitter:data1\" content=\"El Informativo Tam\" \/>\n\t<meta name=\"twitter:label2\" content=\"Tiempo de lectura\" \/>\n\t<meta name=\"twitter:data2\" content=\"2 minutos\" \/>\n<script type=\"application\/ld+json\" class=\"yoast-schema-graph\">{\"@context\":\"https:\\\/\\\/schema.org\",\"@graph\":[{\"@type\":\"Article\",\"@id\":\"https:\\\/\\\/elinformativotam.com\\\/index.php\\\/2020\\\/02\\\/07\\\/participa-alma-laura-amparan-en-presentacion-del-carnaval-tam-2020-en-cdmx\\\/#article\",\"isPartOf\":{\"@id\":\"https:\\\/\\\/elinformativotam.com\\\/index.php\\\/2020\\\/02\\\/07\\\/participa-alma-laura-amparan-en-presentacion-del-carnaval-tam-2020-en-cdmx\\\/\"},\"author\":{\"name\":\"El Informativo Tam\",\"@id\":\"https:\\\/\\\/elinformativotam.com\\\/#\\\/schema\\\/person\\\/78e08040eed0f6110f0c5f83b6153590\"},\"headline\":\"PARTICIPA ALMA LAURA AMPAR\u00c1N EN PRESENTACI\u00d3N DEL CARNAVAL TAM 2020 EN CDMX\",\"datePublished\":\"2020-02-08T01:58:15+00:00\",\"mainEntityOfPage\":{\"@id\":\"https:\\\/\\\/elinformativotam.com\\\/index.php\\\/2020\\\/02\\\/07\\\/participa-alma-laura-amparan-en-presentacion-del-carnaval-tam-2020-en-cdmx\\\/\"},\"wordCount\":437,\"commentCount\":0,\"publisher\":{\"@id\":\"https:\\\/\\\/elinformativotam.com\\\/#organization\"},\"image\":{\"@id\":\"https:\\\/\\\/elinformativotam.com\\\/index.php\\\/2020\\\/02\\\/07\\\/participa-alma-laura-amparan-en-presentacion-del-carnaval-tam-2020-en-cdmx\\\/#primaryimage\"},\"thumbnailUrl\":\"http:\\\/\\\/elinformativotam.com\\\/wp-content\\\/uploads\\\/2020\\\/02\\\/alma-2-300x200.jpg\",\"articleSection\":[\"Altamira\"],\"inLanguage\":\"es\",\"potentialAction\":[{\"@type\":\"CommentAction\",\"name\":\"Comment\",\"target\":[\"https:\\\/\\\/elinformativotam.com\\\/index.php\\\/2020\\\/02\\\/07\\\/participa-alma-laura-amparan-en-presentacion-del-carnaval-tam-2020-en-cdmx\\\/#respond\"]}]},{\"@type\":\"WebPage\",\"@id\":\"https:\\\/\\\/elinformativotam.com\\\/index.php\\\/2020\\\/02\\\/07\\\/participa-alma-laura-amparan-en-presentacion-del-carnaval-tam-2020-en-cdmx\\\/\",\"url\":\"https:\\\/\\\/elinformativotam.com\\\/index.php\\\/2020\\\/02\\\/07\\\/participa-alma-laura-amparan-en-presentacion-del-carnaval-tam-2020-en-cdmx\\\/\",\"name\":\"PARTICIPA ALMA LAURA AMPAR\u00c1N EN PRESENTACI\u00d3N DEL CARNAVAL TAM 2020 EN CDMX - EL INFORMATIVO DE TAMAULIPAS\",\"isPartOf\":{\"@id\":\"https:\\\/\\\/elinformativotam.com\\\/#website\"},\"primaryImageOfPage\":{\"@id\":\"https:\\\/\\\/elinformativotam.com\\\/index.php\\\/2020\\\/02\\\/07\\\/participa-alma-laura-amparan-en-presentacion-del-carnaval-tam-2020-en-cdmx\\\/#primaryimage\"},\"image\":{\"@id\":\"https:\\\/\\\/elinformativotam.com\\\/index.php\\\/2020\\\/02\\\/07\\\/participa-alma-laura-amparan-en-presentacion-del-carnaval-tam-2020-en-cdmx\\\/#primaryimage\"},\"thumbnailUrl\":\"http:\\\/\\\/elinformativotam.com\\\/wp-content\\\/uploads\\\/2020\\\/02\\\/alma-2-300x200.jpg\",\"datePublished\":\"2020-02-08T01:58:15+00:00\",\"description\":\"*Altamira Contar\u00e1 Con La Presentaci\u00f3n De La Arrolladora Banda \u201cEl Lim\u00f3n\u201dDe Ren\u00e9 Camacho, En La Parte Art\u00edstica &nbsp; Consolidando la unidad de los\",\"inLanguage\":\"es\",\"potentialAction\":[{\"@type\":\"ReadAction\",\"target\":[\"https:\\\/\\\/elinformativotam.com\\\/index.php\\\/2020\\\/02\\\/07\\\/participa-alma-laura-amparan-en-presentacion-del-carnaval-tam-2020-en-cdmx\\\/\"]}]},{\"@type\":\"ImageObject\",\"inLanguage\":\"es\",\"@id\":\"https:\\\/\\\/elinformativotam.com\\\/index.php\\\/2020\\\/02\\\/07\\\/participa-alma-laura-amparan-en-presentacion-del-carnaval-tam-2020-en-cdmx\\\/#primaryimage\",\"url\":\"http:\\\/\\\/elinformativotam.com\\\/wp-content\\\/uploads\\\/2020\\\/02\\\/alma-2-300x200.jpg\",\"contentUrl\":\"http:\\\/\\\/elinformativotam.com\\\/wp-content\\\/uploads\\\/2020\\\/02\\\/alma-2-300x200.jpg\"},{\"@type\":\"WebSite\",\"@id\":\"https:\\\/\\\/elinformativotam.com\\\/#website\",\"url\":\"https:\\\/\\\/elinformativotam.com\\\/\",\"name\":\"EL INFORMATIVO DE TAMAULIPAS\",\"description\":\"Desde la Zona Metropolitana Para Todo M\u00e9xico\",\"publisher\":{\"@id\":\"https:\\\/\\\/elinformativotam.com\\\/#organization\"},\"potentialAction\":[{\"@type\":\"SearchAction\",\"target\":{\"@type\":\"EntryPoint\",\"urlTemplate\":\"https:\\\/\\\/elinformativotam.com\\\/?s={search_term_string}\"},\"query-input\":{\"@type\":\"PropertyValueSpecification\",\"valueRequired\":true,\"valueName\":\"search_term_string\"}}],\"inLanguage\":\"es\"},{\"@type\":\"Organization\",\"@id\":\"https:\\\/\\\/elinformativotam.com\\\/#organization\",\"name\":\"EL INFORMATIVO DE TAMAULIPAS\",\"url\":\"https:\\\/\\\/elinformativotam.com\\\/\",\"logo\":{\"@type\":\"ImageObject\",\"inLanguage\":\"es\",\"@id\":\"https:\\\/\\\/elinformativotam.com\\\/#\\\/schema\\\/logo\\\/image\\\/\",\"url\":\"https:\\\/\\\/elinformativotam.com\\\/wp-content\\\/uploads\\\/2026\\\/02\\\/Cabezal.png\",\"contentUrl\":\"https:\\\/\\\/elinformativotam.com\\\/wp-content\\\/uploads\\\/2026\\\/02\\\/Cabezal.png\",\"width\":960,\"height\":640,\"caption\":\"EL INFORMATIVO DE TAMAULIPAS\"},\"image\":{\"@id\":\"https:\\\/\\\/elinformativotam.com\\\/#\\\/schema\\\/logo\\\/image\\\/\"}},{\"@type\":\"Person\",\"@id\":\"https:\\\/\\\/elinformativotam.com\\\/#\\\/schema\\\/person\\\/78e08040eed0f6110f0c5f83b6153590\",\"name\":\"El Informativo Tam\",\"image\":{\"@type\":\"ImageObject\",\"inLanguage\":\"es\",\"@id\":\"https:\\\/\\\/secure.gravatar.com\\\/avatar\\\/f3b7ad3af540688955925ac610647be00b0cf41feea9c4978b73a707ee86bc53?s=96&d=mm&r=g\",\"url\":\"https:\\\/\\\/secure.gravatar.com\\\/avatar\\\/f3b7ad3af540688955925ac610647be00b0cf41feea9c4978b73a707ee86bc53?s=96&d=mm&r=g\",\"contentUrl\":\"https:\\\/\\\/secure.gravatar.com\\\/avatar\\\/f3b7ad3af540688955925ac610647be00b0cf41feea9c4978b73a707ee86bc53?s=96&d=mm&r=g\",\"caption\":\"El Informativo Tam\"}}]}<\/script>\n<!-- \/ Yoast SEO plugin. -->","yoast_head_json":{"title":"PARTICIPA ALMA LAURA AMPAR\u00c1N EN PRESENTACI\u00d3N DEL CARNAVAL TAM 2020 EN CDMX - EL INFORMATIVO DE TAMAULIPAS","description":"*Altamira Contar\u00e1 Con La Presentaci\u00f3n De La Arrolladora Banda \u201cEl Lim\u00f3n\u201dDe Ren\u00e9 Camacho, En La Parte Art\u00edstica &nbsp; Consolidando la unidad de los","robots":{"index":"index","follow":"follow","max-snippet":"max-snippet:-1","max-image-preview":"max-image-preview:large","max-video-preview":"max-video-preview:-1"},"canonical":"https:\/\/elinformativotam.com\/index.php\/2020\/02\/07\/participa-alma-laura-amparan-en-presentacion-del-carnaval-tam-2020-en-cdmx\/","og_locale":"es_MX","og_type":"article","og_title":"PARTICIPA ALMA LAURA AMPAR\u00c1N EN PRESENTACI\u00d3N DEL CARNAVAL TAM 2020 EN CDMX - EL INFORMATIVO DE TAMAULIPAS","og_description":"*Altamira Contar\u00e1 Con La Presentaci\u00f3n De La Arrolladora Banda \u201cEl Lim\u00f3n\u201dDe Ren\u00e9 Camacho, En La Parte Art\u00edstica &nbsp; Consolidando la unidad de los","og_url":"https:\/\/elinformativotam.com\/index.php\/2020\/02\/07\/participa-alma-laura-amparan-en-presentacion-del-carnaval-tam-2020-en-cdmx\/","og_site_name":"EL INFORMATIVO DE TAMAULIPAS","article_published_time":"2020-02-08T01:58:15+00:00","og_image":[{"url":"http:\/\/elinformativotam.com\/wp-content\/uploads\/2020\/02\/alma-2-300x200.jpg","type":"","width":"","height":""}],"author":"El Informativo Tam","twitter_card":"summary_large_image","twitter_misc":{"Escrito por":"El Informativo Tam","Tiempo de lectura":"2 minutos"},"schema":{"@context":"https:\/\/schema.org","@graph":[{"@type":"Article","@id":"https:\/\/elinformativotam.com\/index.php\/2020\/02\/07\/participa-alma-laura-amparan-en-presentacion-del-carnaval-tam-2020-en-cdmx\/#article","isPartOf":{"@id":"https:\/\/elinformativotam.com\/index.php\/2020\/02\/07\/participa-alma-laura-amparan-en-presentacion-del-carnaval-tam-2020-en-cdmx\/"},"author":{"name":"El Informativo Tam","@id":"https:\/\/elinformativotam.com\/#\/schema\/person\/78e08040eed0f6110f0c5f83b6153590"},"headline":"PARTICIPA ALMA LAURA AMPAR\u00c1N EN PRESENTACI\u00d3N DEL CARNAVAL TAM 2020 EN CDMX","datePublished":"2020-02-08T01:58:15+00:00","mainEntityOfPage":{"@id":"https:\/\/elinformativotam.com\/index.php\/2020\/02\/07\/participa-alma-laura-amparan-en-presentacion-del-carnaval-tam-2020-en-cdmx\/"},"wordCount":437,"commentCount":0,"publisher":{"@id":"https:\/\/elinformativotam.com\/#organization"},"image":{"@id":"https:\/\/elinformativotam.com\/index.php\/2020\/02\/07\/participa-alma-laura-amparan-en-presentacion-del-carnaval-tam-2020-en-cdmx\/#primaryimage"},"thumbnailUrl":"http:\/\/elinformativotam.com\/wp-content\/uploads\/2020\/02\/alma-2-300x200.jpg","articleSection":["Altamira"],"inLanguage":"es","potentialAction":[{"@type":"CommentAction","name":"Comment","target":["https:\/\/elinformativotam.com\/index.php\/2020\/02\/07\/participa-alma-laura-amparan-en-presentacion-del-carnaval-tam-2020-en-cdmx\/#respond"]}]},{"@type":"WebPage","@id":"https:\/\/elinformativotam.com\/index.php\/2020\/02\/07\/participa-alma-laura-amparan-en-presentacion-del-carnaval-tam-2020-en-cdmx\/","url":"https:\/\/elinformativotam.com\/index.php\/2020\/02\/07\/participa-alma-laura-amparan-en-presentacion-del-carnaval-tam-2020-en-cdmx\/","name":"PARTICIPA ALMA LAURA AMPAR\u00c1N EN PRESENTACI\u00d3N DEL CARNAVAL TAM 2020 EN CDMX - EL INFORMATIVO DE TAMAULIPAS","isPartOf":{"@id":"https:\/\/elinformativotam.com\/#website"},"primaryImageOfPage":{"@id":"https:\/\/elinformativotam.com\/index.php\/2020\/02\/07\/participa-alma-laura-amparan-en-presentacion-del-carnaval-tam-2020-en-cdmx\/#primaryimage"},"image":{"@id":"https:\/\/elinformativotam.com\/index.php\/2020\/02\/07\/participa-alma-laura-amparan-en-presentacion-del-carnaval-tam-2020-en-cdmx\/#primaryimage"},"thumbnailUrl":"http:\/\/elinformativotam.com\/wp-content\/uploads\/2020\/02\/alma-2-300x200.jpg","datePublished":"2020-02-08T01:58:15+00:00","description":"*Altamira Contar\u00e1 Con La Presentaci\u00f3n De La Arrolladora Banda \u201cEl Lim\u00f3n\u201dDe Ren\u00e9 Camacho, En La Parte Art\u00edstica &nbsp; Consolidando la unidad de los","inLanguage":"es","potentialAction":[{"@type":"ReadAction","target":["https:\/\/elinformativotam.com\/index.php\/2020\/02\/07\/participa-alma-laura-amparan-en-presentacion-del-carnaval-tam-2020-en-cdmx\/"]}]},{"@type":"ImageObject","inLanguage":"es","@id":"https:\/\/elinformativotam.com\/index.php\/2020\/02\/07\/participa-alma-laura-amparan-en-presentacion-del-carnaval-tam-2020-en-cdmx\/#primaryimage","url":"http:\/\/elinformativotam.com\/wp-content\/uploads\/2020\/02\/alma-2-300x200.jpg","contentUrl":"http:\/\/elinformativotam.com\/wp-content\/uploads\/2020\/02\/alma-2-300x200.jpg"},{"@type":"WebSite","@id":"https:\/\/elinformativotam.com\/#website","url":"https:\/\/elinformativotam.com\/","name":"EL INFORMATIVO DE TAMAULIPAS","description":"Desde la Zona Metropolitana Para Todo M\u00e9xico","publisher":{"@id":"https:\/\/elinformativotam.com\/#organization"},"potentialAction":[{"@type":"SearchAction","target":{"@type":"EntryPoint","urlTemplate":"https:\/\/elinformativotam.com\/?s={search_term_string}"},"query-input":{"@type":"PropertyValueSpecification","valueRequired":true,"valueName":"search_term_string"}}],"inLanguage":"es"},{"@type":"Organization","@id":"https:\/\/elinformativotam.com\/#organization","name":"EL INFORMATIVO DE TAMAULIPAS","url":"https:\/\/elinformativotam.com\/","logo":{"@type":"ImageObject","inLanguage":"es","@id":"https:\/\/elinformativotam.com\/#\/schema\/logo\/image\/","url":"https:\/\/elinformativotam.com\/wp-content\/uploads\/2026\/02\/Cabezal.png","contentUrl":"https:\/\/elinformativotam.com\/wp-content\/uploads\/2026\/02\/Cabezal.png","width":960,"height":640,"caption":"EL INFORMATIVO DE TAMAULIPAS"},"image":{"@id":"https:\/\/elinformativotam.com\/#\/schema\/logo\/image\/"}},{"@type":"Person","@id":"https:\/\/elinformativotam.com\/#\/schema\/person\/78e08040eed0f6110f0c5f83b6153590","name":"El Informativo Tam","image":{"@type":"ImageObject","inLanguage":"es","@id":"https:\/\/secure.gravatar.com\/avatar\/f3b7ad3af540688955925ac610647be00b0cf41feea9c4978b73a707ee86bc53?s=96&d=mm&r=g","url":"https:\/\/secure.gravatar.com\/avatar\/f3b7ad3af540688955925ac610647be00b0cf41feea9c4978b73a707ee86bc53?s=96&d=mm&r=g","contentUrl":"https:\/\/secure.gravatar.com\/avatar\/f3b7ad3af540688955925ac610647be00b0cf41feea9c4978b73a707ee86bc53?s=96&d=mm&r=g","caption":"El Informativo Tam"}}]}},"_links":{"self":[{"href":"https:\/\/elinformativotam.com\/index.php\/wp-json\/wp\/v2\/posts\/2401","targetHints":{"allow":["GET"]}}],"collection":[{"href":"https:\/\/elinformativotam.com\/index.php\/wp-json\/wp\/v2\/posts"}],"about":[{"href":"https:\/\/elinformativotam.com\/index.php\/wp-json\/wp\/v2\/types\/post"}],"author":[{"embeddable":true,"href":"https:\/\/elinformativotam.com\/index.php\/wp-json\/wp\/v2\/users\/1"}],"replies":[{"embeddable":true,"href":"https:\/\/elinformativotam.com\/index.php\/wp-json\/wp\/v2\/comments?post=2401"}],"version-history":[{"count":0,"href":"https:\/\/elinformativotam.com\/index.php\/wp-json\/wp\/v2\/posts\/2401\/revisions"}],"wp:attachment":[{"href":"https:\/\/elinformativotam.com\/index.php\/wp-json\/wp\/v2\/media?parent=2401"}],"wp:term":[{"taxonomy":"category","embeddable":true,"href":"https:\/\/elinformativotam.com\/index.php\/wp-json\/wp\/v2\/categories?post=2401"},{"taxonomy":"post_tag","embeddable":true,"href":"https:\/\/elinformativotam.com\/index.php\/wp-json\/wp\/v2\/tags?post=2401"}],"curies":[{"name":"wp","href":"https:\/\/api.w.org\/{rel}","templated":true}]}}