{"id":2342,"date":"2020-02-05T14:50:33","date_gmt":"2020-02-05T20:50:33","guid":{"rendered":"http:\/\/elinformativotam.com\/?p=2342"},"modified":"2020-02-05T14:50:33","modified_gmt":"2020-02-05T20:50:33","slug":"madero-abre-convocatoria-al-premio-municipal-del-deporte","status":"publish","type":"post","link":"https:\/\/elinformativotam.com\/index.php\/2020\/02\/05\/madero-abre-convocatoria-al-premio-municipal-del-deporte\/","title":{"rendered":"MADERO ABRE CONVOCATORIA AL PREMIO MUNICIPAL DEL DEPORTE"},"content":{"rendered":"<p>Para reconocer el talento, esfuerzo y dedicaci\u00f3n de deportistas y entrenadores, el Gobierno de Ciudad Madero anunci\u00f3 la convocatoria del Premio Municipal del Deporte 2019 en sus diferentes modalidades, el cual se entregar\u00e1 en una ceremonia a desarrollarse el pr\u00f3ximo 6 de marzo en el Auditorio Municipal a partir de las 5 de la tarde.<\/p>\n<p>&nbsp;<\/p>\n<p>Lo anterior fue dado a conocer en conferencia de prensa por el director general de Bienestar Social, Adri\u00e1n Cruz Mart\u00ednez, quien destac\u00f3 que para el alcalde Adri\u00e1n Oseguera Kernion el deporte ocupa un sitio importante dentro de su administraci\u00f3n, pues este genera entornos de paz y tranquilidad.<\/p>\n<p>&nbsp;<\/p>\n<p>Por su parte, el director de Deportes, Jos\u00e9 Luis Hern\u00e1ndez Quintero, inform\u00f3 que las categor\u00edas en las que podr\u00e1n participar son: atleta infantil, atleta del a\u00f1o, deportista con capacidades especiales, entrenador del a\u00f1o y entrenador del deporte adaptado.<\/p>\n<p>&nbsp;<\/p>\n<p>Adem\u00e1s de fotograf\u00eda, video-reportaje, reportaje trayectoria dentro del periodismo deportivo, trayectoria period\u00edstica, reportaje y promotor deportivo.<\/p>\n<p>&nbsp;<\/p>\n<p>A\u00f1adi\u00f3 que se contempla una bolsa de premios de 49 mil pesos que ser\u00e1n repartidos entre las diferentes categor\u00edas.<\/p>\n<p>&nbsp;<\/p>\n<p>Cabe hacer menci\u00f3n que la recepci\u00f3n de documentos es a partir de la publicaci\u00f3n de la convocatoria en las oficinas de la Direcci\u00f3n de Deportes, ubicadas en la Unidad Deportiva de Ciudad Madero, cerr\u00e1ndose el registro el pr\u00f3ximo viernes 21 de febrero a las 8 de la noche.<\/p>\n<p>&nbsp;<\/p>\n<p>Por \u00faltimo, el titular de Bienestar Social reiter\u00f3 la invitaci\u00f3n a asociaciones, ligas y clubes deportivos a que presenten las propuestas de deportistas y entrenadores que por su actividad y desempe\u00f1o pudieran hacerse acreedores a este galard\u00f3n.<\/p>\n","protected":false},"excerpt":{"rendered":"<p>Para reconocer el talento, esfuerzo y dedicaci\u00f3n de deportistas y entrenadores, el Gobierno de Ciudad Madero anunci\u00f3 la convocatoria del&hellip;<\/p>\n","protected":false},"author":1,"featured_media":0,"comment_status":"open","ping_status":"open","sticky":false,"template":"","format":"standard","meta":{"footnotes":""},"categories":[4],"tags":[],"class_list":["post-2342","post","type-post","status-publish","format-standard","hentry","category-madero"],"yoast_head":"<!-- This site is optimized with the Yoast SEO plugin v27.5 - https:\/\/yoast.com\/product\/yoast-seo-wordpress\/ -->\n<title>MADERO ABRE CONVOCATORIA AL PREMIO MUNICIPAL DEL DEPORTE - EL INFORMATIVO DE TAMAULIPAS<\/title>\n<meta name=\"description\" content=\"Para reconocer el talento, esfuerzo y dedicaci\u00f3n de deportistas y entrenadores, el Gobierno de Ciudad Madero anunci\u00f3 la convocatoria del Premio Municipal\" \/>\n<meta name=\"robots\" content=\"index, follow, max-snippet:-1, max-image-preview:large, max-video-preview:-1\" \/>\n<link rel=\"canonical\" href=\"https:\/\/elinformativotam.com\/index.php\/2020\/02\/05\/madero-abre-convocatoria-al-premio-municipal-del-deporte\/\" \/>\n<meta property=\"og:locale\" content=\"es_MX\" \/>\n<meta property=\"og:type\" content=\"article\" \/>\n<meta property=\"og:title\" content=\"MADERO ABRE CONVOCATORIA AL PREMIO MUNICIPAL DEL DEPORTE - EL INFORMATIVO DE TAMAULIPAS\" \/>\n<meta property=\"og:description\" content=\"Para reconocer el talento, esfuerzo y dedicaci\u00f3n de deportistas y entrenadores, el Gobierno de Ciudad Madero anunci\u00f3 la convocatoria del Premio Municipal\" \/>\n<meta property=\"og:url\" content=\"https:\/\/elinformativotam.com\/index.php\/2020\/02\/05\/madero-abre-convocatoria-al-premio-municipal-del-deporte\/\" \/>\n<meta property=\"og:site_name\" content=\"EL INFORMATIVO DE TAMAULIPAS\" \/>\n<meta property=\"article:published_time\" content=\"2020-02-05T20:50:33+00:00\" \/>\n<meta name=\"author\" content=\"El Informativo Tam\" \/>\n<meta name=\"twitter:card\" content=\"summary_large_image\" \/>\n<meta name=\"twitter:label1\" content=\"Escrito por\" \/>\n\t<meta name=\"twitter:data1\" content=\"El Informativo Tam\" \/>\n\t<meta name=\"twitter:label2\" content=\"Tiempo de lectura\" \/>\n\t<meta name=\"twitter:data2\" content=\"1 minuto\" \/>\n<script type=\"application\/ld+json\" class=\"yoast-schema-graph\">{\"@context\":\"https:\\\/\\\/schema.org\",\"@graph\":[{\"@type\":\"Article\",\"@id\":\"https:\\\/\\\/elinformativotam.com\\\/index.php\\\/2020\\\/02\\\/05\\\/madero-abre-convocatoria-al-premio-municipal-del-deporte\\\/#article\",\"isPartOf\":{\"@id\":\"https:\\\/\\\/elinformativotam.com\\\/index.php\\\/2020\\\/02\\\/05\\\/madero-abre-convocatoria-al-premio-municipal-del-deporte\\\/\"},\"author\":{\"name\":\"El Informativo Tam\",\"@id\":\"https:\\\/\\\/elinformativotam.com\\\/#\\\/schema\\\/person\\\/78e08040eed0f6110f0c5f83b6153590\"},\"headline\":\"MADERO ABRE CONVOCATORIA AL PREMIO MUNICIPAL DEL DEPORTE\",\"datePublished\":\"2020-02-05T20:50:33+00:00\",\"mainEntityOfPage\":{\"@id\":\"https:\\\/\\\/elinformativotam.com\\\/index.php\\\/2020\\\/02\\\/05\\\/madero-abre-convocatoria-al-premio-municipal-del-deporte\\\/\"},\"wordCount\":294,\"commentCount\":0,\"publisher\":{\"@id\":\"https:\\\/\\\/elinformativotam.com\\\/#organization\"},\"articleSection\":[\"Cd Madero\"],\"inLanguage\":\"es\",\"potentialAction\":[{\"@type\":\"CommentAction\",\"name\":\"Comment\",\"target\":[\"https:\\\/\\\/elinformativotam.com\\\/index.php\\\/2020\\\/02\\\/05\\\/madero-abre-convocatoria-al-premio-municipal-del-deporte\\\/#respond\"]}]},{\"@type\":\"WebPage\",\"@id\":\"https:\\\/\\\/elinformativotam.com\\\/index.php\\\/2020\\\/02\\\/05\\\/madero-abre-convocatoria-al-premio-municipal-del-deporte\\\/\",\"url\":\"https:\\\/\\\/elinformativotam.com\\\/index.php\\\/2020\\\/02\\\/05\\\/madero-abre-convocatoria-al-premio-municipal-del-deporte\\\/\",\"name\":\"MADERO ABRE CONVOCATORIA AL PREMIO MUNICIPAL DEL DEPORTE - EL INFORMATIVO DE TAMAULIPAS\",\"isPartOf\":{\"@id\":\"https:\\\/\\\/elinformativotam.com\\\/#website\"},\"datePublished\":\"2020-02-05T20:50:33+00:00\",\"description\":\"Para reconocer el talento, esfuerzo y dedicaci\u00f3n de deportistas y entrenadores, el Gobierno de Ciudad Madero anunci\u00f3 la convocatoria del Premio Municipal\",\"inLanguage\":\"es\",\"potentialAction\":[{\"@type\":\"ReadAction\",\"target\":[\"https:\\\/\\\/elinformativotam.com\\\/index.php\\\/2020\\\/02\\\/05\\\/madero-abre-convocatoria-al-premio-municipal-del-deporte\\\/\"]}]},{\"@type\":\"WebSite\",\"@id\":\"https:\\\/\\\/elinformativotam.com\\\/#website\",\"url\":\"https:\\\/\\\/elinformativotam.com\\\/\",\"name\":\"EL INFORMATIVO DE TAMAULIPAS\",\"description\":\"Desde la Zona Metropolitana Para Todo M\u00e9xico\",\"publisher\":{\"@id\":\"https:\\\/\\\/elinformativotam.com\\\/#organization\"},\"potentialAction\":[{\"@type\":\"SearchAction\",\"target\":{\"@type\":\"EntryPoint\",\"urlTemplate\":\"https:\\\/\\\/elinformativotam.com\\\/?s={search_term_string}\"},\"query-input\":{\"@type\":\"PropertyValueSpecification\",\"valueRequired\":true,\"valueName\":\"search_term_string\"}}],\"inLanguage\":\"es\"},{\"@type\":\"Organization\",\"@id\":\"https:\\\/\\\/elinformativotam.com\\\/#organization\",\"name\":\"EL INFORMATIVO DE TAMAULIPAS\",\"url\":\"https:\\\/\\\/elinformativotam.com\\\/\",\"logo\":{\"@type\":\"ImageObject\",\"inLanguage\":\"es\",\"@id\":\"https:\\\/\\\/elinformativotam.com\\\/#\\\/schema\\\/logo\\\/image\\\/\",\"url\":\"https:\\\/\\\/elinformativotam.com\\\/wp-content\\\/uploads\\\/2026\\\/02\\\/Cabezal.png\",\"contentUrl\":\"https:\\\/\\\/elinformativotam.com\\\/wp-content\\\/uploads\\\/2026\\\/02\\\/Cabezal.png\",\"width\":960,\"height\":640,\"caption\":\"EL INFORMATIVO DE TAMAULIPAS\"},\"image\":{\"@id\":\"https:\\\/\\\/elinformativotam.com\\\/#\\\/schema\\\/logo\\\/image\\\/\"}},{\"@type\":\"Person\",\"@id\":\"https:\\\/\\\/elinformativotam.com\\\/#\\\/schema\\\/person\\\/78e08040eed0f6110f0c5f83b6153590\",\"name\":\"El Informativo Tam\",\"image\":{\"@type\":\"ImageObject\",\"inLanguage\":\"es\",\"@id\":\"https:\\\/\\\/secure.gravatar.com\\\/avatar\\\/f3b7ad3af540688955925ac610647be00b0cf41feea9c4978b73a707ee86bc53?s=96&d=mm&r=g\",\"url\":\"https:\\\/\\\/secure.gravatar.com\\\/avatar\\\/f3b7ad3af540688955925ac610647be00b0cf41feea9c4978b73a707ee86bc53?s=96&d=mm&r=g\",\"contentUrl\":\"https:\\\/\\\/secure.gravatar.com\\\/avatar\\\/f3b7ad3af540688955925ac610647be00b0cf41feea9c4978b73a707ee86bc53?s=96&d=mm&r=g\",\"caption\":\"El Informativo Tam\"}}]}<\/script>\n<!-- \/ Yoast SEO plugin. -->","yoast_head_json":{"title":"MADERO ABRE CONVOCATORIA AL PREMIO MUNICIPAL DEL DEPORTE - EL INFORMATIVO DE TAMAULIPAS","description":"Para reconocer el talento, esfuerzo y dedicaci\u00f3n de deportistas y entrenadores, el Gobierno de Ciudad Madero anunci\u00f3 la convocatoria del Premio Municipal","robots":{"index":"index","follow":"follow","max-snippet":"max-snippet:-1","max-image-preview":"max-image-preview:large","max-video-preview":"max-video-preview:-1"},"canonical":"https:\/\/elinformativotam.com\/index.php\/2020\/02\/05\/madero-abre-convocatoria-al-premio-municipal-del-deporte\/","og_locale":"es_MX","og_type":"article","og_title":"MADERO ABRE CONVOCATORIA AL PREMIO MUNICIPAL DEL DEPORTE - EL INFORMATIVO DE TAMAULIPAS","og_description":"Para reconocer el talento, esfuerzo y dedicaci\u00f3n de deportistas y entrenadores, el Gobierno de Ciudad Madero anunci\u00f3 la convocatoria del Premio Municipal","og_url":"https:\/\/elinformativotam.com\/index.php\/2020\/02\/05\/madero-abre-convocatoria-al-premio-municipal-del-deporte\/","og_site_name":"EL INFORMATIVO DE TAMAULIPAS","article_published_time":"2020-02-05T20:50:33+00:00","author":"El Informativo Tam","twitter_card":"summary_large_image","twitter_misc":{"Escrito por":"El Informativo Tam","Tiempo de lectura":"1 minuto"},"schema":{"@context":"https:\/\/schema.org","@graph":[{"@type":"Article","@id":"https:\/\/elinformativotam.com\/index.php\/2020\/02\/05\/madero-abre-convocatoria-al-premio-municipal-del-deporte\/#article","isPartOf":{"@id":"https:\/\/elinformativotam.com\/index.php\/2020\/02\/05\/madero-abre-convocatoria-al-premio-municipal-del-deporte\/"},"author":{"name":"El Informativo Tam","@id":"https:\/\/elinformativotam.com\/#\/schema\/person\/78e08040eed0f6110f0c5f83b6153590"},"headline":"MADERO ABRE CONVOCATORIA AL PREMIO MUNICIPAL DEL DEPORTE","datePublished":"2020-02-05T20:50:33+00:00","mainEntityOfPage":{"@id":"https:\/\/elinformativotam.com\/index.php\/2020\/02\/05\/madero-abre-convocatoria-al-premio-municipal-del-deporte\/"},"wordCount":294,"commentCount":0,"publisher":{"@id":"https:\/\/elinformativotam.com\/#organization"},"articleSection":["Cd Madero"],"inLanguage":"es","potentialAction":[{"@type":"CommentAction","name":"Comment","target":["https:\/\/elinformativotam.com\/index.php\/2020\/02\/05\/madero-abre-convocatoria-al-premio-municipal-del-deporte\/#respond"]}]},{"@type":"WebPage","@id":"https:\/\/elinformativotam.com\/index.php\/2020\/02\/05\/madero-abre-convocatoria-al-premio-municipal-del-deporte\/","url":"https:\/\/elinformativotam.com\/index.php\/2020\/02\/05\/madero-abre-convocatoria-al-premio-municipal-del-deporte\/","name":"MADERO ABRE CONVOCATORIA AL PREMIO MUNICIPAL DEL DEPORTE - EL INFORMATIVO DE TAMAULIPAS","isPartOf":{"@id":"https:\/\/elinformativotam.com\/#website"},"datePublished":"2020-02-05T20:50:33+00:00","description":"Para reconocer el talento, esfuerzo y dedicaci\u00f3n de deportistas y entrenadores, el Gobierno de Ciudad Madero anunci\u00f3 la convocatoria del Premio Municipal","inLanguage":"es","potentialAction":[{"@type":"ReadAction","target":["https:\/\/elinformativotam.com\/index.php\/2020\/02\/05\/madero-abre-convocatoria-al-premio-municipal-del-deporte\/"]}]},{"@type":"WebSite","@id":"https:\/\/elinformativotam.com\/#website","url":"https:\/\/elinformativotam.com\/","name":"EL INFORMATIVO DE TAMAULIPAS","description":"Desde la Zona Metropolitana Para Todo M\u00e9xico","publisher":{"@id":"https:\/\/elinformativotam.com\/#organization"},"potentialAction":[{"@type":"SearchAction","target":{"@type":"EntryPoint","urlTemplate":"https:\/\/elinformativotam.com\/?s={search_term_string}"},"query-input":{"@type":"PropertyValueSpecification","valueRequired":true,"valueName":"search_term_string"}}],"inLanguage":"es"},{"@type":"Organization","@id":"https:\/\/elinformativotam.com\/#organization","name":"EL INFORMATIVO DE TAMAULIPAS","url":"https:\/\/elinformativotam.com\/","logo":{"@type":"ImageObject","inLanguage":"es","@id":"https:\/\/elinformativotam.com\/#\/schema\/logo\/image\/","url":"https:\/\/elinformativotam.com\/wp-content\/uploads\/2026\/02\/Cabezal.png","contentUrl":"https:\/\/elinformativotam.com\/wp-content\/uploads\/2026\/02\/Cabezal.png","width":960,"height":640,"caption":"EL INFORMATIVO DE TAMAULIPAS"},"image":{"@id":"https:\/\/elinformativotam.com\/#\/schema\/logo\/image\/"}},{"@type":"Person","@id":"https:\/\/elinformativotam.com\/#\/schema\/person\/78e08040eed0f6110f0c5f83b6153590","name":"El Informativo Tam","image":{"@type":"ImageObject","inLanguage":"es","@id":"https:\/\/secure.gravatar.com\/avatar\/f3b7ad3af540688955925ac610647be00b0cf41feea9c4978b73a707ee86bc53?s=96&d=mm&r=g","url":"https:\/\/secure.gravatar.com\/avatar\/f3b7ad3af540688955925ac610647be00b0cf41feea9c4978b73a707ee86bc53?s=96&d=mm&r=g","contentUrl":"https:\/\/secure.gravatar.com\/avatar\/f3b7ad3af540688955925ac610647be00b0cf41feea9c4978b73a707ee86bc53?s=96&d=mm&r=g","caption":"El Informativo Tam"}}]}},"_links":{"self":[{"href":"https:\/\/elinformativotam.com\/index.php\/wp-json\/wp\/v2\/posts\/2342","targetHints":{"allow":["GET"]}}],"collection":[{"href":"https:\/\/elinformativotam.com\/index.php\/wp-json\/wp\/v2\/posts"}],"about":[{"href":"https:\/\/elinformativotam.com\/index.php\/wp-json\/wp\/v2\/types\/post"}],"author":[{"embeddable":true,"href":"https:\/\/elinformativotam.com\/index.php\/wp-json\/wp\/v2\/users\/1"}],"replies":[{"embeddable":true,"href":"https:\/\/elinformativotam.com\/index.php\/wp-json\/wp\/v2\/comments?post=2342"}],"version-history":[{"count":0,"href":"https:\/\/elinformativotam.com\/index.php\/wp-json\/wp\/v2\/posts\/2342\/revisions"}],"wp:attachment":[{"href":"https:\/\/elinformativotam.com\/index.php\/wp-json\/wp\/v2\/media?parent=2342"}],"wp:term":[{"taxonomy":"category","embeddable":true,"href":"https:\/\/elinformativotam.com\/index.php\/wp-json\/wp\/v2\/categories?post=2342"},{"taxonomy":"post_tag","embeddable":true,"href":"https:\/\/elinformativotam.com\/index.php\/wp-json\/wp\/v2\/tags?post=2342"}],"curies":[{"name":"wp","href":"https:\/\/api.w.org\/{rel}","templated":true}]}}