{"id":2258,"date":"2020-02-02T16:53:06","date_gmt":"2020-02-02T22:53:06","guid":{"rendered":"http:\/\/elinformativotam.com\/?p=2258"},"modified":"2020-02-02T16:53:06","modified_gmt":"2020-02-02T22:53:06","slug":"impulsan-campana-de-supervision-en-centros-recreativos-y-albercas-de-madero","status":"publish","type":"post","link":"https:\/\/elinformativotam.com\/index.php\/2020\/02\/02\/impulsan-campana-de-supervision-en-centros-recreativos-y-albercas-de-madero\/","title":{"rendered":"IMPULSAN CAMPA\u00d1A DE SUPERVISI\u00d3N EN CENTROS RECREATIVOS Y ALBERCAS DE MADERO"},"content":{"rendered":"<p>La Direcci\u00f3n de Protecci\u00f3n Civil de Ciudad Madero, impulsa una campa\u00f1a de supervisi\u00f3n en todos los centros recreativos y albercas con la finalidad de que cumplan con los protocolos de seguridad y evitar accidentes en el periodo vacacional de Semana Santa.<\/p>\n<p>&nbsp;<\/p>\n<p>De acuerdo a la informaci\u00f3n emitida por el titular de la citada dependencia, Romel Mart\u00ednez Flores, todos los establecimientos visitados en las rutinas de inspecci\u00f3n durante las vacaciones de verano del a\u00f1o pasado, est\u00e1n siendo revisados nuevamente.<\/p>\n<p>&nbsp;<\/p>\n<p>Y es que expres\u00f3 que despu\u00e9s de seis meses, se retom\u00f3 esta segunda evaluaci\u00f3n sobre las condiciones del lugar para que se cumpla con el reglamento interno de una alberca, entre lo que se contempla tener disponible un botiqu\u00edn de primeros auxilios y constatar la capacitaci\u00f3n de los salvavidas.<\/p>\n<p>&nbsp;<\/p>\n<p>Manifest\u00f3 finalmente Mart\u00ednez Flores, que la prioridad del Gobierno Municipal es buscar dar certidumbre en todo momento a la poblaci\u00f3n, as\u00ed como a turistas nacionales y extranjeros, para que puedan disfrutar de estas \u00e1reas recreativas en entornos m\u00e1s c\u00f3modos y seguros.<\/p>\n","protected":false},"excerpt":{"rendered":"<p>La Direcci\u00f3n de Protecci\u00f3n Civil de Ciudad Madero, impulsa una campa\u00f1a de supervisi\u00f3n en todos los centros recreativos y albercas&hellip;<\/p>\n","protected":false},"author":1,"featured_media":0,"comment_status":"open","ping_status":"open","sticky":false,"template":"","format":"standard","meta":{"footnotes":""},"categories":[4],"tags":[],"class_list":["post-2258","post","type-post","status-publish","format-standard","hentry","category-madero"],"yoast_head":"<!-- This site is optimized with the Yoast SEO plugin v27.5 - https:\/\/yoast.com\/product\/yoast-seo-wordpress\/ -->\n<title>IMPULSAN CAMPA\u00d1A DE SUPERVISI\u00d3N EN CENTROS RECREATIVOS Y ALBERCAS DE MADERO - EL INFORMATIVO DE TAMAULIPAS<\/title>\n<meta name=\"description\" content=\"La Direcci\u00f3n de Protecci\u00f3n Civil de Ciudad Madero, impulsa una campa\u00f1a de supervisi\u00f3n en todos los centros recreativos y albercas con la finalidad de que\" \/>\n<meta name=\"robots\" content=\"index, follow, max-snippet:-1, max-image-preview:large, max-video-preview:-1\" \/>\n<link rel=\"canonical\" href=\"https:\/\/elinformativotam.com\/index.php\/2020\/02\/02\/impulsan-campana-de-supervision-en-centros-recreativos-y-albercas-de-madero\/\" \/>\n<meta property=\"og:locale\" content=\"es_MX\" \/>\n<meta property=\"og:type\" content=\"article\" \/>\n<meta property=\"og:title\" content=\"IMPULSAN CAMPA\u00d1A DE SUPERVISI\u00d3N EN CENTROS RECREATIVOS Y ALBERCAS DE MADERO - EL INFORMATIVO DE TAMAULIPAS\" \/>\n<meta property=\"og:description\" content=\"La Direcci\u00f3n de Protecci\u00f3n Civil de Ciudad Madero, impulsa una campa\u00f1a de supervisi\u00f3n en todos los centros recreativos y albercas con la finalidad de que\" \/>\n<meta property=\"og:url\" content=\"https:\/\/elinformativotam.com\/index.php\/2020\/02\/02\/impulsan-campana-de-supervision-en-centros-recreativos-y-albercas-de-madero\/\" \/>\n<meta property=\"og:site_name\" content=\"EL INFORMATIVO DE TAMAULIPAS\" \/>\n<meta property=\"article:published_time\" content=\"2020-02-02T22:53:06+00:00\" \/>\n<meta name=\"author\" content=\"El Informativo Tam\" \/>\n<meta name=\"twitter:card\" content=\"summary_large_image\" \/>\n<meta name=\"twitter:label1\" content=\"Escrito por\" \/>\n\t<meta name=\"twitter:data1\" content=\"El Informativo Tam\" \/>\n\t<meta name=\"twitter:label2\" content=\"Tiempo de lectura\" \/>\n\t<meta name=\"twitter:data2\" content=\"1 minuto\" \/>\n<script type=\"application\/ld+json\" class=\"yoast-schema-graph\">{\"@context\":\"https:\\\/\\\/schema.org\",\"@graph\":[{\"@type\":\"Article\",\"@id\":\"https:\\\/\\\/elinformativotam.com\\\/index.php\\\/2020\\\/02\\\/02\\\/impulsan-campana-de-supervision-en-centros-recreativos-y-albercas-de-madero\\\/#article\",\"isPartOf\":{\"@id\":\"https:\\\/\\\/elinformativotam.com\\\/index.php\\\/2020\\\/02\\\/02\\\/impulsan-campana-de-supervision-en-centros-recreativos-y-albercas-de-madero\\\/\"},\"author\":{\"name\":\"El Informativo Tam\",\"@id\":\"https:\\\/\\\/elinformativotam.com\\\/#\\\/schema\\\/person\\\/78e08040eed0f6110f0c5f83b6153590\"},\"headline\":\"IMPULSAN CAMPA\u00d1A DE SUPERVISI\u00d3N EN CENTROS RECREATIVOS Y ALBERCAS DE MADERO\",\"datePublished\":\"2020-02-02T22:53:06+00:00\",\"mainEntityOfPage\":{\"@id\":\"https:\\\/\\\/elinformativotam.com\\\/index.php\\\/2020\\\/02\\\/02\\\/impulsan-campana-de-supervision-en-centros-recreativos-y-albercas-de-madero\\\/\"},\"wordCount\":201,\"commentCount\":0,\"publisher\":{\"@id\":\"https:\\\/\\\/elinformativotam.com\\\/#organization\"},\"articleSection\":[\"Cd Madero\"],\"inLanguage\":\"es\",\"potentialAction\":[{\"@type\":\"CommentAction\",\"name\":\"Comment\",\"target\":[\"https:\\\/\\\/elinformativotam.com\\\/index.php\\\/2020\\\/02\\\/02\\\/impulsan-campana-de-supervision-en-centros-recreativos-y-albercas-de-madero\\\/#respond\"]}]},{\"@type\":\"WebPage\",\"@id\":\"https:\\\/\\\/elinformativotam.com\\\/index.php\\\/2020\\\/02\\\/02\\\/impulsan-campana-de-supervision-en-centros-recreativos-y-albercas-de-madero\\\/\",\"url\":\"https:\\\/\\\/elinformativotam.com\\\/index.php\\\/2020\\\/02\\\/02\\\/impulsan-campana-de-supervision-en-centros-recreativos-y-albercas-de-madero\\\/\",\"name\":\"IMPULSAN CAMPA\u00d1A DE SUPERVISI\u00d3N EN CENTROS RECREATIVOS Y ALBERCAS DE MADERO - EL INFORMATIVO DE TAMAULIPAS\",\"isPartOf\":{\"@id\":\"https:\\\/\\\/elinformativotam.com\\\/#website\"},\"datePublished\":\"2020-02-02T22:53:06+00:00\",\"description\":\"La Direcci\u00f3n de Protecci\u00f3n Civil de Ciudad Madero, impulsa una campa\u00f1a de supervisi\u00f3n en todos los centros recreativos y albercas con la finalidad de que\",\"inLanguage\":\"es\",\"potentialAction\":[{\"@type\":\"ReadAction\",\"target\":[\"https:\\\/\\\/elinformativotam.com\\\/index.php\\\/2020\\\/02\\\/02\\\/impulsan-campana-de-supervision-en-centros-recreativos-y-albercas-de-madero\\\/\"]}]},{\"@type\":\"WebSite\",\"@id\":\"https:\\\/\\\/elinformativotam.com\\\/#website\",\"url\":\"https:\\\/\\\/elinformativotam.com\\\/\",\"name\":\"EL INFORMATIVO DE TAMAULIPAS\",\"description\":\"Desde la Zona Metropolitana Para Todo M\u00e9xico\",\"publisher\":{\"@id\":\"https:\\\/\\\/elinformativotam.com\\\/#organization\"},\"potentialAction\":[{\"@type\":\"SearchAction\",\"target\":{\"@type\":\"EntryPoint\",\"urlTemplate\":\"https:\\\/\\\/elinformativotam.com\\\/?s={search_term_string}\"},\"query-input\":{\"@type\":\"PropertyValueSpecification\",\"valueRequired\":true,\"valueName\":\"search_term_string\"}}],\"inLanguage\":\"es\"},{\"@type\":\"Organization\",\"@id\":\"https:\\\/\\\/elinformativotam.com\\\/#organization\",\"name\":\"EL INFORMATIVO DE TAMAULIPAS\",\"url\":\"https:\\\/\\\/elinformativotam.com\\\/\",\"logo\":{\"@type\":\"ImageObject\",\"inLanguage\":\"es\",\"@id\":\"https:\\\/\\\/elinformativotam.com\\\/#\\\/schema\\\/logo\\\/image\\\/\",\"url\":\"https:\\\/\\\/elinformativotam.com\\\/wp-content\\\/uploads\\\/2026\\\/02\\\/Cabezal.png\",\"contentUrl\":\"https:\\\/\\\/elinformativotam.com\\\/wp-content\\\/uploads\\\/2026\\\/02\\\/Cabezal.png\",\"width\":960,\"height\":640,\"caption\":\"EL INFORMATIVO DE TAMAULIPAS\"},\"image\":{\"@id\":\"https:\\\/\\\/elinformativotam.com\\\/#\\\/schema\\\/logo\\\/image\\\/\"}},{\"@type\":\"Person\",\"@id\":\"https:\\\/\\\/elinformativotam.com\\\/#\\\/schema\\\/person\\\/78e08040eed0f6110f0c5f83b6153590\",\"name\":\"El Informativo Tam\",\"image\":{\"@type\":\"ImageObject\",\"inLanguage\":\"es\",\"@id\":\"https:\\\/\\\/secure.gravatar.com\\\/avatar\\\/f3b7ad3af540688955925ac610647be00b0cf41feea9c4978b73a707ee86bc53?s=96&d=mm&r=g\",\"url\":\"https:\\\/\\\/secure.gravatar.com\\\/avatar\\\/f3b7ad3af540688955925ac610647be00b0cf41feea9c4978b73a707ee86bc53?s=96&d=mm&r=g\",\"contentUrl\":\"https:\\\/\\\/secure.gravatar.com\\\/avatar\\\/f3b7ad3af540688955925ac610647be00b0cf41feea9c4978b73a707ee86bc53?s=96&d=mm&r=g\",\"caption\":\"El Informativo Tam\"}}]}<\/script>\n<!-- \/ Yoast SEO plugin. -->","yoast_head_json":{"title":"IMPULSAN CAMPA\u00d1A DE SUPERVISI\u00d3N EN CENTROS RECREATIVOS Y ALBERCAS DE MADERO - EL INFORMATIVO DE TAMAULIPAS","description":"La Direcci\u00f3n de Protecci\u00f3n Civil de Ciudad Madero, impulsa una campa\u00f1a de supervisi\u00f3n en todos los centros recreativos y albercas con la finalidad de que","robots":{"index":"index","follow":"follow","max-snippet":"max-snippet:-1","max-image-preview":"max-image-preview:large","max-video-preview":"max-video-preview:-1"},"canonical":"https:\/\/elinformativotam.com\/index.php\/2020\/02\/02\/impulsan-campana-de-supervision-en-centros-recreativos-y-albercas-de-madero\/","og_locale":"es_MX","og_type":"article","og_title":"IMPULSAN CAMPA\u00d1A DE SUPERVISI\u00d3N EN CENTROS RECREATIVOS Y ALBERCAS DE MADERO - EL INFORMATIVO DE TAMAULIPAS","og_description":"La Direcci\u00f3n de Protecci\u00f3n Civil de Ciudad Madero, impulsa una campa\u00f1a de supervisi\u00f3n en todos los centros recreativos y albercas con la finalidad de que","og_url":"https:\/\/elinformativotam.com\/index.php\/2020\/02\/02\/impulsan-campana-de-supervision-en-centros-recreativos-y-albercas-de-madero\/","og_site_name":"EL INFORMATIVO DE TAMAULIPAS","article_published_time":"2020-02-02T22:53:06+00:00","author":"El Informativo Tam","twitter_card":"summary_large_image","twitter_misc":{"Escrito por":"El Informativo Tam","Tiempo de lectura":"1 minuto"},"schema":{"@context":"https:\/\/schema.org","@graph":[{"@type":"Article","@id":"https:\/\/elinformativotam.com\/index.php\/2020\/02\/02\/impulsan-campana-de-supervision-en-centros-recreativos-y-albercas-de-madero\/#article","isPartOf":{"@id":"https:\/\/elinformativotam.com\/index.php\/2020\/02\/02\/impulsan-campana-de-supervision-en-centros-recreativos-y-albercas-de-madero\/"},"author":{"name":"El Informativo Tam","@id":"https:\/\/elinformativotam.com\/#\/schema\/person\/78e08040eed0f6110f0c5f83b6153590"},"headline":"IMPULSAN CAMPA\u00d1A DE SUPERVISI\u00d3N EN CENTROS RECREATIVOS Y ALBERCAS DE MADERO","datePublished":"2020-02-02T22:53:06+00:00","mainEntityOfPage":{"@id":"https:\/\/elinformativotam.com\/index.php\/2020\/02\/02\/impulsan-campana-de-supervision-en-centros-recreativos-y-albercas-de-madero\/"},"wordCount":201,"commentCount":0,"publisher":{"@id":"https:\/\/elinformativotam.com\/#organization"},"articleSection":["Cd Madero"],"inLanguage":"es","potentialAction":[{"@type":"CommentAction","name":"Comment","target":["https:\/\/elinformativotam.com\/index.php\/2020\/02\/02\/impulsan-campana-de-supervision-en-centros-recreativos-y-albercas-de-madero\/#respond"]}]},{"@type":"WebPage","@id":"https:\/\/elinformativotam.com\/index.php\/2020\/02\/02\/impulsan-campana-de-supervision-en-centros-recreativos-y-albercas-de-madero\/","url":"https:\/\/elinformativotam.com\/index.php\/2020\/02\/02\/impulsan-campana-de-supervision-en-centros-recreativos-y-albercas-de-madero\/","name":"IMPULSAN CAMPA\u00d1A DE SUPERVISI\u00d3N EN CENTROS RECREATIVOS Y ALBERCAS DE MADERO - EL INFORMATIVO DE TAMAULIPAS","isPartOf":{"@id":"https:\/\/elinformativotam.com\/#website"},"datePublished":"2020-02-02T22:53:06+00:00","description":"La Direcci\u00f3n de Protecci\u00f3n Civil de Ciudad Madero, impulsa una campa\u00f1a de supervisi\u00f3n en todos los centros recreativos y albercas con la finalidad de que","inLanguage":"es","potentialAction":[{"@type":"ReadAction","target":["https:\/\/elinformativotam.com\/index.php\/2020\/02\/02\/impulsan-campana-de-supervision-en-centros-recreativos-y-albercas-de-madero\/"]}]},{"@type":"WebSite","@id":"https:\/\/elinformativotam.com\/#website","url":"https:\/\/elinformativotam.com\/","name":"EL INFORMATIVO DE TAMAULIPAS","description":"Desde la Zona Metropolitana Para Todo M\u00e9xico","publisher":{"@id":"https:\/\/elinformativotam.com\/#organization"},"potentialAction":[{"@type":"SearchAction","target":{"@type":"EntryPoint","urlTemplate":"https:\/\/elinformativotam.com\/?s={search_term_string}"},"query-input":{"@type":"PropertyValueSpecification","valueRequired":true,"valueName":"search_term_string"}}],"inLanguage":"es"},{"@type":"Organization","@id":"https:\/\/elinformativotam.com\/#organization","name":"EL INFORMATIVO DE TAMAULIPAS","url":"https:\/\/elinformativotam.com\/","logo":{"@type":"ImageObject","inLanguage":"es","@id":"https:\/\/elinformativotam.com\/#\/schema\/logo\/image\/","url":"https:\/\/elinformativotam.com\/wp-content\/uploads\/2026\/02\/Cabezal.png","contentUrl":"https:\/\/elinformativotam.com\/wp-content\/uploads\/2026\/02\/Cabezal.png","width":960,"height":640,"caption":"EL INFORMATIVO DE TAMAULIPAS"},"image":{"@id":"https:\/\/elinformativotam.com\/#\/schema\/logo\/image\/"}},{"@type":"Person","@id":"https:\/\/elinformativotam.com\/#\/schema\/person\/78e08040eed0f6110f0c5f83b6153590","name":"El Informativo Tam","image":{"@type":"ImageObject","inLanguage":"es","@id":"https:\/\/secure.gravatar.com\/avatar\/f3b7ad3af540688955925ac610647be00b0cf41feea9c4978b73a707ee86bc53?s=96&d=mm&r=g","url":"https:\/\/secure.gravatar.com\/avatar\/f3b7ad3af540688955925ac610647be00b0cf41feea9c4978b73a707ee86bc53?s=96&d=mm&r=g","contentUrl":"https:\/\/secure.gravatar.com\/avatar\/f3b7ad3af540688955925ac610647be00b0cf41feea9c4978b73a707ee86bc53?s=96&d=mm&r=g","caption":"El Informativo Tam"}}]}},"_links":{"self":[{"href":"https:\/\/elinformativotam.com\/index.php\/wp-json\/wp\/v2\/posts\/2258","targetHints":{"allow":["GET"]}}],"collection":[{"href":"https:\/\/elinformativotam.com\/index.php\/wp-json\/wp\/v2\/posts"}],"about":[{"href":"https:\/\/elinformativotam.com\/index.php\/wp-json\/wp\/v2\/types\/post"}],"author":[{"embeddable":true,"href":"https:\/\/elinformativotam.com\/index.php\/wp-json\/wp\/v2\/users\/1"}],"replies":[{"embeddable":true,"href":"https:\/\/elinformativotam.com\/index.php\/wp-json\/wp\/v2\/comments?post=2258"}],"version-history":[{"count":0,"href":"https:\/\/elinformativotam.com\/index.php\/wp-json\/wp\/v2\/posts\/2258\/revisions"}],"wp:attachment":[{"href":"https:\/\/elinformativotam.com\/index.php\/wp-json\/wp\/v2\/media?parent=2258"}],"wp:term":[{"taxonomy":"category","embeddable":true,"href":"https:\/\/elinformativotam.com\/index.php\/wp-json\/wp\/v2\/categories?post=2258"},{"taxonomy":"post_tag","embeddable":true,"href":"https:\/\/elinformativotam.com\/index.php\/wp-json\/wp\/v2\/tags?post=2258"}],"curies":[{"name":"wp","href":"https:\/\/api.w.org\/{rel}","templated":true}]}}