{"id":2249,"date":"2020-02-02T12:09:31","date_gmt":"2020-02-02T18:09:31","guid":{"rendered":"http:\/\/elinformativotam.com\/?p=2249"},"modified":"2020-02-02T12:09:31","modified_gmt":"2020-02-02T18:09:31","slug":"adrian-oseguera-da-certidumbre-a-familias-con-puente-peatonal","status":"publish","type":"post","link":"https:\/\/elinformativotam.com\/index.php\/2020\/02\/02\/adrian-oseguera-da-certidumbre-a-familias-con-puente-peatonal\/","title":{"rendered":"ADRI\u00c1N OSEGUERA DA CERTIDUMBRE A FAMILIAS CON PUENTE PEATONAL"},"content":{"rendered":"<p>Al trabajar en la consolidaci\u00f3n de una ciudad m\u00e1s segura para las familias maderenses, el alcalde Adri\u00e1n Oseguera Kernion, entreg\u00f3 importante puente peatonal a los vecinos del sector L\u00f3pez Portillo y Emiliano Zapata.<\/p>\n<p>&nbsp;<\/p>\n<p>Con dicha obra ubicada a un costado de la primaria Delia Aguirre Barajas, el Gobierno Municipal de Ciudad Madero dio certidumbre a m\u00e1s de 300 ni\u00f1os, maestros y padres de familia que transitan de manera diaria por la calle 18 de Marzo.<\/p>\n<p>&nbsp;<\/p>\n<p>\u201cEste puente era un reclamo ciudadano y en mi Gobierno asumimos el compromiso; hoy me da mucho gusto entregar esta obra con la que damos certidumbre a las familias, haciendo que los ni\u00f1os transiten por zonas m\u00e1s seguras\u201d, asegur\u00f3 el Presidente Municipal.<\/p>\n<p><img loading=\"lazy\" decoding=\"async\" class=\"alignnone  wp-image-2248\" src=\"https:\/\/elinformativotam.com\/wp-content\/uploads\/2020\/02\/oseguera-300x200.jpg\" alt=\"\" width=\"752\" height=\"501\" \/><\/p>\n<p>De acuerdo con el director general de Obras P\u00fablicas, Luis Carlos Leal Contreras, esta obra que cruza con el dren pluvial Cangrejo, requiri\u00f3 una inversi\u00f3n de 314,505.71 pesos y fue ejercida mediante el Fondo de Aportaciones para la Infraestructura Social Municipal y de las Demarcaciones Territoriales del Distrito Federal (FISM DF) ejercicio 2019.<\/p>\n<p>&nbsp;<\/p>\n<p>Al puntualizar que el a\u00f1o 2020 estar\u00e1 marcado por la ejecuci\u00f3n de m\u00e1s proyectos y obra p\u00fablica, resalt\u00f3 finalmente Oseguera Kernion: \u201cFalta mucho por hacer, pero redoblaremos esfuerzos para rescatar m\u00e1s espacios en este sector y en todo Ciudad Madero para que las familias puedan disfrutar de manera digna y con plena seguridad\u201d.<\/p>\n","protected":false},"excerpt":{"rendered":"<p>Al trabajar en la consolidaci\u00f3n de una ciudad m\u00e1s segura para las familias maderenses, el alcalde Adri\u00e1n Oseguera Kernion, entreg\u00f3&hellip;<\/p>\n","protected":false},"author":1,"featured_media":0,"comment_status":"open","ping_status":"open","sticky":false,"template":"","format":"standard","meta":{"footnotes":""},"categories":[4],"tags":[],"class_list":["post-2249","post","type-post","status-publish","format-standard","hentry","category-madero"],"yoast_head":"<!-- This site is optimized with the Yoast SEO plugin v27.5 - https:\/\/yoast.com\/product\/yoast-seo-wordpress\/ -->\n<title>ADRI\u00c1N OSEGUERA DA CERTIDUMBRE A FAMILIAS CON PUENTE PEATONAL - EL INFORMATIVO DE TAMAULIPAS<\/title>\n<meta name=\"description\" content=\"Al trabajar en la consolidaci\u00f3n de una ciudad m\u00e1s segura para las familias maderenses, el alcalde Adri\u00e1n Oseguera Kernion, entreg\u00f3 importante puente\" \/>\n<meta name=\"robots\" content=\"index, follow, max-snippet:-1, max-image-preview:large, max-video-preview:-1\" \/>\n<link rel=\"canonical\" href=\"https:\/\/elinformativotam.com\/index.php\/2020\/02\/02\/adrian-oseguera-da-certidumbre-a-familias-con-puente-peatonal\/\" \/>\n<meta property=\"og:locale\" content=\"es_MX\" \/>\n<meta property=\"og:type\" content=\"article\" \/>\n<meta property=\"og:title\" content=\"ADRI\u00c1N OSEGUERA DA CERTIDUMBRE A FAMILIAS CON PUENTE PEATONAL - EL INFORMATIVO DE TAMAULIPAS\" \/>\n<meta property=\"og:description\" content=\"Al trabajar en la consolidaci\u00f3n de una ciudad m\u00e1s segura para las familias maderenses, el alcalde Adri\u00e1n Oseguera Kernion, entreg\u00f3 importante puente\" \/>\n<meta property=\"og:url\" content=\"https:\/\/elinformativotam.com\/index.php\/2020\/02\/02\/adrian-oseguera-da-certidumbre-a-familias-con-puente-peatonal\/\" \/>\n<meta property=\"og:site_name\" content=\"EL INFORMATIVO DE TAMAULIPAS\" \/>\n<meta property=\"article:published_time\" content=\"2020-02-02T18:09:31+00:00\" \/>\n<meta property=\"og:image\" content=\"http:\/\/elinformativotam.com\/wp-content\/uploads\/2020\/02\/oseguera-300x200.jpg\" \/>\n<meta name=\"author\" content=\"El Informativo Tam\" \/>\n<meta name=\"twitter:card\" content=\"summary_large_image\" \/>\n<meta name=\"twitter:label1\" content=\"Escrito por\" \/>\n\t<meta name=\"twitter:data1\" content=\"El Informativo Tam\" \/>\n\t<meta name=\"twitter:label2\" content=\"Tiempo de lectura\" \/>\n\t<meta name=\"twitter:data2\" content=\"1 minuto\" \/>\n<script type=\"application\/ld+json\" class=\"yoast-schema-graph\">{\"@context\":\"https:\\\/\\\/schema.org\",\"@graph\":[{\"@type\":\"Article\",\"@id\":\"https:\\\/\\\/elinformativotam.com\\\/index.php\\\/2020\\\/02\\\/02\\\/adrian-oseguera-da-certidumbre-a-familias-con-puente-peatonal\\\/#article\",\"isPartOf\":{\"@id\":\"https:\\\/\\\/elinformativotam.com\\\/index.php\\\/2020\\\/02\\\/02\\\/adrian-oseguera-da-certidumbre-a-familias-con-puente-peatonal\\\/\"},\"author\":{\"name\":\"El Informativo Tam\",\"@id\":\"https:\\\/\\\/elinformativotam.com\\\/#\\\/schema\\\/person\\\/78e08040eed0f6110f0c5f83b6153590\"},\"headline\":\"ADRI\u00c1N OSEGUERA DA CERTIDUMBRE A FAMILIAS CON PUENTE PEATONAL\",\"datePublished\":\"2020-02-02T18:09:31+00:00\",\"mainEntityOfPage\":{\"@id\":\"https:\\\/\\\/elinformativotam.com\\\/index.php\\\/2020\\\/02\\\/02\\\/adrian-oseguera-da-certidumbre-a-familias-con-puente-peatonal\\\/\"},\"wordCount\":246,\"commentCount\":0,\"publisher\":{\"@id\":\"https:\\\/\\\/elinformativotam.com\\\/#organization\"},\"image\":{\"@id\":\"https:\\\/\\\/elinformativotam.com\\\/index.php\\\/2020\\\/02\\\/02\\\/adrian-oseguera-da-certidumbre-a-familias-con-puente-peatonal\\\/#primaryimage\"},\"thumbnailUrl\":\"http:\\\/\\\/elinformativotam.com\\\/wp-content\\\/uploads\\\/2020\\\/02\\\/oseguera-300x200.jpg\",\"articleSection\":[\"Cd Madero\"],\"inLanguage\":\"es\",\"potentialAction\":[{\"@type\":\"CommentAction\",\"name\":\"Comment\",\"target\":[\"https:\\\/\\\/elinformativotam.com\\\/index.php\\\/2020\\\/02\\\/02\\\/adrian-oseguera-da-certidumbre-a-familias-con-puente-peatonal\\\/#respond\"]}]},{\"@type\":\"WebPage\",\"@id\":\"https:\\\/\\\/elinformativotam.com\\\/index.php\\\/2020\\\/02\\\/02\\\/adrian-oseguera-da-certidumbre-a-familias-con-puente-peatonal\\\/\",\"url\":\"https:\\\/\\\/elinformativotam.com\\\/index.php\\\/2020\\\/02\\\/02\\\/adrian-oseguera-da-certidumbre-a-familias-con-puente-peatonal\\\/\",\"name\":\"ADRI\u00c1N OSEGUERA DA CERTIDUMBRE A FAMILIAS CON PUENTE PEATONAL - EL INFORMATIVO DE TAMAULIPAS\",\"isPartOf\":{\"@id\":\"https:\\\/\\\/elinformativotam.com\\\/#website\"},\"primaryImageOfPage\":{\"@id\":\"https:\\\/\\\/elinformativotam.com\\\/index.php\\\/2020\\\/02\\\/02\\\/adrian-oseguera-da-certidumbre-a-familias-con-puente-peatonal\\\/#primaryimage\"},\"image\":{\"@id\":\"https:\\\/\\\/elinformativotam.com\\\/index.php\\\/2020\\\/02\\\/02\\\/adrian-oseguera-da-certidumbre-a-familias-con-puente-peatonal\\\/#primaryimage\"},\"thumbnailUrl\":\"http:\\\/\\\/elinformativotam.com\\\/wp-content\\\/uploads\\\/2020\\\/02\\\/oseguera-300x200.jpg\",\"datePublished\":\"2020-02-02T18:09:31+00:00\",\"description\":\"Al trabajar en la consolidaci\u00f3n de una ciudad m\u00e1s segura para las familias maderenses, el alcalde Adri\u00e1n Oseguera Kernion, entreg\u00f3 importante puente\",\"inLanguage\":\"es\",\"potentialAction\":[{\"@type\":\"ReadAction\",\"target\":[\"https:\\\/\\\/elinformativotam.com\\\/index.php\\\/2020\\\/02\\\/02\\\/adrian-oseguera-da-certidumbre-a-familias-con-puente-peatonal\\\/\"]}]},{\"@type\":\"ImageObject\",\"inLanguage\":\"es\",\"@id\":\"https:\\\/\\\/elinformativotam.com\\\/index.php\\\/2020\\\/02\\\/02\\\/adrian-oseguera-da-certidumbre-a-familias-con-puente-peatonal\\\/#primaryimage\",\"url\":\"http:\\\/\\\/elinformativotam.com\\\/wp-content\\\/uploads\\\/2020\\\/02\\\/oseguera-300x200.jpg\",\"contentUrl\":\"http:\\\/\\\/elinformativotam.com\\\/wp-content\\\/uploads\\\/2020\\\/02\\\/oseguera-300x200.jpg\"},{\"@type\":\"WebSite\",\"@id\":\"https:\\\/\\\/elinformativotam.com\\\/#website\",\"url\":\"https:\\\/\\\/elinformativotam.com\\\/\",\"name\":\"EL INFORMATIVO DE TAMAULIPAS\",\"description\":\"Desde la Zona Metropolitana Para Todo M\u00e9xico\",\"publisher\":{\"@id\":\"https:\\\/\\\/elinformativotam.com\\\/#organization\"},\"potentialAction\":[{\"@type\":\"SearchAction\",\"target\":{\"@type\":\"EntryPoint\",\"urlTemplate\":\"https:\\\/\\\/elinformativotam.com\\\/?s={search_term_string}\"},\"query-input\":{\"@type\":\"PropertyValueSpecification\",\"valueRequired\":true,\"valueName\":\"search_term_string\"}}],\"inLanguage\":\"es\"},{\"@type\":\"Organization\",\"@id\":\"https:\\\/\\\/elinformativotam.com\\\/#organization\",\"name\":\"EL INFORMATIVO DE TAMAULIPAS\",\"url\":\"https:\\\/\\\/elinformativotam.com\\\/\",\"logo\":{\"@type\":\"ImageObject\",\"inLanguage\":\"es\",\"@id\":\"https:\\\/\\\/elinformativotam.com\\\/#\\\/schema\\\/logo\\\/image\\\/\",\"url\":\"https:\\\/\\\/elinformativotam.com\\\/wp-content\\\/uploads\\\/2026\\\/02\\\/Cabezal.png\",\"contentUrl\":\"https:\\\/\\\/elinformativotam.com\\\/wp-content\\\/uploads\\\/2026\\\/02\\\/Cabezal.png\",\"width\":960,\"height\":640,\"caption\":\"EL INFORMATIVO DE TAMAULIPAS\"},\"image\":{\"@id\":\"https:\\\/\\\/elinformativotam.com\\\/#\\\/schema\\\/logo\\\/image\\\/\"}},{\"@type\":\"Person\",\"@id\":\"https:\\\/\\\/elinformativotam.com\\\/#\\\/schema\\\/person\\\/78e08040eed0f6110f0c5f83b6153590\",\"name\":\"El Informativo Tam\",\"image\":{\"@type\":\"ImageObject\",\"inLanguage\":\"es\",\"@id\":\"https:\\\/\\\/secure.gravatar.com\\\/avatar\\\/f3b7ad3af540688955925ac610647be00b0cf41feea9c4978b73a707ee86bc53?s=96&d=mm&r=g\",\"url\":\"https:\\\/\\\/secure.gravatar.com\\\/avatar\\\/f3b7ad3af540688955925ac610647be00b0cf41feea9c4978b73a707ee86bc53?s=96&d=mm&r=g\",\"contentUrl\":\"https:\\\/\\\/secure.gravatar.com\\\/avatar\\\/f3b7ad3af540688955925ac610647be00b0cf41feea9c4978b73a707ee86bc53?s=96&d=mm&r=g\",\"caption\":\"El Informativo Tam\"}}]}<\/script>\n<!-- \/ Yoast SEO plugin. -->","yoast_head_json":{"title":"ADRI\u00c1N OSEGUERA DA CERTIDUMBRE A FAMILIAS CON PUENTE PEATONAL - EL INFORMATIVO DE TAMAULIPAS","description":"Al trabajar en la consolidaci\u00f3n de una ciudad m\u00e1s segura para las familias maderenses, el alcalde Adri\u00e1n Oseguera Kernion, entreg\u00f3 importante puente","robots":{"index":"index","follow":"follow","max-snippet":"max-snippet:-1","max-image-preview":"max-image-preview:large","max-video-preview":"max-video-preview:-1"},"canonical":"https:\/\/elinformativotam.com\/index.php\/2020\/02\/02\/adrian-oseguera-da-certidumbre-a-familias-con-puente-peatonal\/","og_locale":"es_MX","og_type":"article","og_title":"ADRI\u00c1N OSEGUERA DA CERTIDUMBRE A FAMILIAS CON PUENTE PEATONAL - EL INFORMATIVO DE TAMAULIPAS","og_description":"Al trabajar en la consolidaci\u00f3n de una ciudad m\u00e1s segura para las familias maderenses, el alcalde Adri\u00e1n Oseguera Kernion, entreg\u00f3 importante puente","og_url":"https:\/\/elinformativotam.com\/index.php\/2020\/02\/02\/adrian-oseguera-da-certidumbre-a-familias-con-puente-peatonal\/","og_site_name":"EL INFORMATIVO DE TAMAULIPAS","article_published_time":"2020-02-02T18:09:31+00:00","og_image":[{"url":"http:\/\/elinformativotam.com\/wp-content\/uploads\/2020\/02\/oseguera-300x200.jpg","type":"","width":"","height":""}],"author":"El Informativo Tam","twitter_card":"summary_large_image","twitter_misc":{"Escrito por":"El Informativo Tam","Tiempo de lectura":"1 minuto"},"schema":{"@context":"https:\/\/schema.org","@graph":[{"@type":"Article","@id":"https:\/\/elinformativotam.com\/index.php\/2020\/02\/02\/adrian-oseguera-da-certidumbre-a-familias-con-puente-peatonal\/#article","isPartOf":{"@id":"https:\/\/elinformativotam.com\/index.php\/2020\/02\/02\/adrian-oseguera-da-certidumbre-a-familias-con-puente-peatonal\/"},"author":{"name":"El Informativo Tam","@id":"https:\/\/elinformativotam.com\/#\/schema\/person\/78e08040eed0f6110f0c5f83b6153590"},"headline":"ADRI\u00c1N OSEGUERA DA CERTIDUMBRE A FAMILIAS CON PUENTE PEATONAL","datePublished":"2020-02-02T18:09:31+00:00","mainEntityOfPage":{"@id":"https:\/\/elinformativotam.com\/index.php\/2020\/02\/02\/adrian-oseguera-da-certidumbre-a-familias-con-puente-peatonal\/"},"wordCount":246,"commentCount":0,"publisher":{"@id":"https:\/\/elinformativotam.com\/#organization"},"image":{"@id":"https:\/\/elinformativotam.com\/index.php\/2020\/02\/02\/adrian-oseguera-da-certidumbre-a-familias-con-puente-peatonal\/#primaryimage"},"thumbnailUrl":"http:\/\/elinformativotam.com\/wp-content\/uploads\/2020\/02\/oseguera-300x200.jpg","articleSection":["Cd Madero"],"inLanguage":"es","potentialAction":[{"@type":"CommentAction","name":"Comment","target":["https:\/\/elinformativotam.com\/index.php\/2020\/02\/02\/adrian-oseguera-da-certidumbre-a-familias-con-puente-peatonal\/#respond"]}]},{"@type":"WebPage","@id":"https:\/\/elinformativotam.com\/index.php\/2020\/02\/02\/adrian-oseguera-da-certidumbre-a-familias-con-puente-peatonal\/","url":"https:\/\/elinformativotam.com\/index.php\/2020\/02\/02\/adrian-oseguera-da-certidumbre-a-familias-con-puente-peatonal\/","name":"ADRI\u00c1N OSEGUERA DA CERTIDUMBRE A FAMILIAS CON PUENTE PEATONAL - EL INFORMATIVO DE TAMAULIPAS","isPartOf":{"@id":"https:\/\/elinformativotam.com\/#website"},"primaryImageOfPage":{"@id":"https:\/\/elinformativotam.com\/index.php\/2020\/02\/02\/adrian-oseguera-da-certidumbre-a-familias-con-puente-peatonal\/#primaryimage"},"image":{"@id":"https:\/\/elinformativotam.com\/index.php\/2020\/02\/02\/adrian-oseguera-da-certidumbre-a-familias-con-puente-peatonal\/#primaryimage"},"thumbnailUrl":"http:\/\/elinformativotam.com\/wp-content\/uploads\/2020\/02\/oseguera-300x200.jpg","datePublished":"2020-02-02T18:09:31+00:00","description":"Al trabajar en la consolidaci\u00f3n de una ciudad m\u00e1s segura para las familias maderenses, el alcalde Adri\u00e1n Oseguera Kernion, entreg\u00f3 importante puente","inLanguage":"es","potentialAction":[{"@type":"ReadAction","target":["https:\/\/elinformativotam.com\/index.php\/2020\/02\/02\/adrian-oseguera-da-certidumbre-a-familias-con-puente-peatonal\/"]}]},{"@type":"ImageObject","inLanguage":"es","@id":"https:\/\/elinformativotam.com\/index.php\/2020\/02\/02\/adrian-oseguera-da-certidumbre-a-familias-con-puente-peatonal\/#primaryimage","url":"http:\/\/elinformativotam.com\/wp-content\/uploads\/2020\/02\/oseguera-300x200.jpg","contentUrl":"http:\/\/elinformativotam.com\/wp-content\/uploads\/2020\/02\/oseguera-300x200.jpg"},{"@type":"WebSite","@id":"https:\/\/elinformativotam.com\/#website","url":"https:\/\/elinformativotam.com\/","name":"EL INFORMATIVO DE TAMAULIPAS","description":"Desde la Zona Metropolitana Para Todo M\u00e9xico","publisher":{"@id":"https:\/\/elinformativotam.com\/#organization"},"potentialAction":[{"@type":"SearchAction","target":{"@type":"EntryPoint","urlTemplate":"https:\/\/elinformativotam.com\/?s={search_term_string}"},"query-input":{"@type":"PropertyValueSpecification","valueRequired":true,"valueName":"search_term_string"}}],"inLanguage":"es"},{"@type":"Organization","@id":"https:\/\/elinformativotam.com\/#organization","name":"EL INFORMATIVO DE TAMAULIPAS","url":"https:\/\/elinformativotam.com\/","logo":{"@type":"ImageObject","inLanguage":"es","@id":"https:\/\/elinformativotam.com\/#\/schema\/logo\/image\/","url":"https:\/\/elinformativotam.com\/wp-content\/uploads\/2026\/02\/Cabezal.png","contentUrl":"https:\/\/elinformativotam.com\/wp-content\/uploads\/2026\/02\/Cabezal.png","width":960,"height":640,"caption":"EL INFORMATIVO DE TAMAULIPAS"},"image":{"@id":"https:\/\/elinformativotam.com\/#\/schema\/logo\/image\/"}},{"@type":"Person","@id":"https:\/\/elinformativotam.com\/#\/schema\/person\/78e08040eed0f6110f0c5f83b6153590","name":"El Informativo Tam","image":{"@type":"ImageObject","inLanguage":"es","@id":"https:\/\/secure.gravatar.com\/avatar\/f3b7ad3af540688955925ac610647be00b0cf41feea9c4978b73a707ee86bc53?s=96&d=mm&r=g","url":"https:\/\/secure.gravatar.com\/avatar\/f3b7ad3af540688955925ac610647be00b0cf41feea9c4978b73a707ee86bc53?s=96&d=mm&r=g","contentUrl":"https:\/\/secure.gravatar.com\/avatar\/f3b7ad3af540688955925ac610647be00b0cf41feea9c4978b73a707ee86bc53?s=96&d=mm&r=g","caption":"El Informativo Tam"}}]}},"_links":{"self":[{"href":"https:\/\/elinformativotam.com\/index.php\/wp-json\/wp\/v2\/posts\/2249","targetHints":{"allow":["GET"]}}],"collection":[{"href":"https:\/\/elinformativotam.com\/index.php\/wp-json\/wp\/v2\/posts"}],"about":[{"href":"https:\/\/elinformativotam.com\/index.php\/wp-json\/wp\/v2\/types\/post"}],"author":[{"embeddable":true,"href":"https:\/\/elinformativotam.com\/index.php\/wp-json\/wp\/v2\/users\/1"}],"replies":[{"embeddable":true,"href":"https:\/\/elinformativotam.com\/index.php\/wp-json\/wp\/v2\/comments?post=2249"}],"version-history":[{"count":0,"href":"https:\/\/elinformativotam.com\/index.php\/wp-json\/wp\/v2\/posts\/2249\/revisions"}],"wp:attachment":[{"href":"https:\/\/elinformativotam.com\/index.php\/wp-json\/wp\/v2\/media?parent=2249"}],"wp:term":[{"taxonomy":"category","embeddable":true,"href":"https:\/\/elinformativotam.com\/index.php\/wp-json\/wp\/v2\/categories?post=2249"},{"taxonomy":"post_tag","embeddable":true,"href":"https:\/\/elinformativotam.com\/index.php\/wp-json\/wp\/v2\/tags?post=2249"}],"curies":[{"name":"wp","href":"https:\/\/api.w.org\/{rel}","templated":true}]}}