{"id":2194,"date":"2020-01-30T16:54:13","date_gmt":"2020-01-30T22:54:13","guid":{"rendered":"http:\/\/elinformativotam.com\/?p=2194"},"modified":"2020-01-30T16:54:13","modified_gmt":"2020-01-30T22:54:13","slug":"agradece-dif-altamira-respaldo-de-panaderia-el-mejor-pan","status":"publish","type":"post","link":"https:\/\/elinformativotam.com\/index.php\/2020\/01\/30\/agradece-dif-altamira-respaldo-de-panaderia-el-mejor-pan\/","title":{"rendered":"AGRADECE DIF ALTAMIRA RESPALDO DE PANADER\u00cdA \u201cEL MEJOR PAN\u201d"},"content":{"rendered":"<h2><em><strong>*Establecimiento Apoya Al Organismo Con La Donaci\u00f3n De Pan Que Se Destina A La Alimentaci\u00f3n De Adultos Mayores De La Casa-Hogar Hacienda Del Abuelito<\/strong><\/em><\/h2>\n<p>&nbsp;<\/p>\n<p>El Sistema DIF Altamira, presidido por Alma Laura Hern\u00e1ndez Ampar\u00e1n, expres\u00f3 su agradecimiento a \u201cEl Mejor Pan\u201d por su invaluable apoyo otorgado a la casa-hogar del adulto mayor Hacienda del Abuelito, mediante la donaci\u00f3n de pan.<\/p>\n<p>&nbsp;<\/p>\n<p>En las oficinas generales del Sistema para el Desarrollo Integral de la Familia, Hern\u00e1ndez Ampar\u00e1n recibi\u00f3 a la maestra Mar\u00eda Elena Numa Jim\u00e9nez, representante del citado establecimiento que se distingue por su labor altruista a favor de quienes menos tienen.<\/p>\n<p>&nbsp;<\/p>\n<p>La casa-hogar del adulto mayor Hacienda del Abuelito, ubicada en el Fraccionamiento Laguna Florida del municipio de Altamira, brinda respaldo absoluto a personas de la tercera edad ofreci\u00e9ndoles cuidado y atenci\u00f3n.<\/p>\n<p>&nbsp;<\/p>\n<p>\u201cGracias por contribuir a una buena alimentaci\u00f3n de nuestros abuelitos; tengan por seguro que ah\u00ed son cuidados y protegidos, brind\u00e1ndoles todo el amor que se merecen. Muchas gracias por el apoyo que hacen al Sistema DIF Altamira y con este tipo de donaciones complementamos su dieta alimenticia\u201d, expres\u00f3 la presidenta del organismo.<\/p>\n<p>&nbsp;<\/p>\n<p>Es as\u00ed como el Sistema DIF Altamira y el gobierno de la alcaldesa Alma Laura Ampar\u00e1n Cruz, fortalecen los lazos con la iniciativa privada con el fin de enfocar beneficios que contribuyan al bienestar de la poblaci\u00f3n.<\/p>\n","protected":false},"excerpt":{"rendered":"<p>*Establecimiento Apoya Al Organismo Con La Donaci\u00f3n De Pan Que Se Destina A La Alimentaci\u00f3n De Adultos Mayores De La&hellip;<\/p>\n","protected":false},"author":1,"featured_media":0,"comment_status":"open","ping_status":"open","sticky":false,"template":"","format":"standard","meta":{"footnotes":""},"categories":[5],"tags":[],"class_list":["post-2194","post","type-post","status-publish","format-standard","hentry","category-altamira"],"yoast_head":"<!-- This site is optimized with the Yoast SEO plugin v27.5 - https:\/\/yoast.com\/product\/yoast-seo-wordpress\/ -->\n<title>AGRADECE DIF ALTAMIRA RESPALDO DE PANADER\u00cdA \u201cEL MEJOR PAN\u201d - EL INFORMATIVO DE TAMAULIPAS<\/title>\n<meta name=\"description\" content=\"*Establecimiento Apoya Al Organismo Con La Donaci\u00f3n De Pan Que Se Destina A La Alimentaci\u00f3n De Adultos Mayores De La Casa-Hogar Hacienda Del Abuelito\" \/>\n<meta name=\"robots\" content=\"index, follow, max-snippet:-1, max-image-preview:large, max-video-preview:-1\" \/>\n<link rel=\"canonical\" href=\"https:\/\/elinformativotam.com\/index.php\/2020\/01\/30\/agradece-dif-altamira-respaldo-de-panaderia-el-mejor-pan\/\" \/>\n<meta property=\"og:locale\" content=\"es_MX\" \/>\n<meta property=\"og:type\" content=\"article\" \/>\n<meta property=\"og:title\" content=\"AGRADECE DIF ALTAMIRA RESPALDO DE PANADER\u00cdA \u201cEL MEJOR PAN\u201d - EL INFORMATIVO DE TAMAULIPAS\" \/>\n<meta property=\"og:description\" content=\"*Establecimiento Apoya Al Organismo Con La Donaci\u00f3n De Pan Que Se Destina A La Alimentaci\u00f3n De Adultos Mayores De La Casa-Hogar Hacienda Del Abuelito\" \/>\n<meta property=\"og:url\" content=\"https:\/\/elinformativotam.com\/index.php\/2020\/01\/30\/agradece-dif-altamira-respaldo-de-panaderia-el-mejor-pan\/\" \/>\n<meta property=\"og:site_name\" content=\"EL INFORMATIVO DE TAMAULIPAS\" \/>\n<meta property=\"article:published_time\" content=\"2020-01-30T22:54:13+00:00\" \/>\n<meta name=\"author\" content=\"El Informativo Tam\" \/>\n<meta name=\"twitter:card\" content=\"summary_large_image\" \/>\n<meta name=\"twitter:label1\" content=\"Escrito por\" \/>\n\t<meta name=\"twitter:data1\" content=\"El Informativo Tam\" \/>\n\t<meta name=\"twitter:label2\" content=\"Tiempo de lectura\" \/>\n\t<meta name=\"twitter:data2\" content=\"1 minuto\" \/>\n<script type=\"application\/ld+json\" class=\"yoast-schema-graph\">{\"@context\":\"https:\\\/\\\/schema.org\",\"@graph\":[{\"@type\":\"Article\",\"@id\":\"https:\\\/\\\/elinformativotam.com\\\/index.php\\\/2020\\\/01\\\/30\\\/agradece-dif-altamira-respaldo-de-panaderia-el-mejor-pan\\\/#article\",\"isPartOf\":{\"@id\":\"https:\\\/\\\/elinformativotam.com\\\/index.php\\\/2020\\\/01\\\/30\\\/agradece-dif-altamira-respaldo-de-panaderia-el-mejor-pan\\\/\"},\"author\":{\"name\":\"El Informativo Tam\",\"@id\":\"https:\\\/\\\/elinformativotam.com\\\/#\\\/schema\\\/person\\\/78e08040eed0f6110f0c5f83b6153590\"},\"headline\":\"AGRADECE DIF ALTAMIRA RESPALDO DE PANADER\u00cdA \u201cEL MEJOR PAN\u201d\",\"datePublished\":\"2020-01-30T22:54:13+00:00\",\"mainEntityOfPage\":{\"@id\":\"https:\\\/\\\/elinformativotam.com\\\/index.php\\\/2020\\\/01\\\/30\\\/agradece-dif-altamira-respaldo-de-panaderia-el-mejor-pan\\\/\"},\"wordCount\":250,\"commentCount\":0,\"publisher\":{\"@id\":\"https:\\\/\\\/elinformativotam.com\\\/#organization\"},\"articleSection\":[\"Altamira\"],\"inLanguage\":\"es\",\"potentialAction\":[{\"@type\":\"CommentAction\",\"name\":\"Comment\",\"target\":[\"https:\\\/\\\/elinformativotam.com\\\/index.php\\\/2020\\\/01\\\/30\\\/agradece-dif-altamira-respaldo-de-panaderia-el-mejor-pan\\\/#respond\"]}]},{\"@type\":\"WebPage\",\"@id\":\"https:\\\/\\\/elinformativotam.com\\\/index.php\\\/2020\\\/01\\\/30\\\/agradece-dif-altamira-respaldo-de-panaderia-el-mejor-pan\\\/\",\"url\":\"https:\\\/\\\/elinformativotam.com\\\/index.php\\\/2020\\\/01\\\/30\\\/agradece-dif-altamira-respaldo-de-panaderia-el-mejor-pan\\\/\",\"name\":\"AGRADECE DIF ALTAMIRA RESPALDO DE PANADER\u00cdA \u201cEL MEJOR PAN\u201d - EL INFORMATIVO DE TAMAULIPAS\",\"isPartOf\":{\"@id\":\"https:\\\/\\\/elinformativotam.com\\\/#website\"},\"datePublished\":\"2020-01-30T22:54:13+00:00\",\"description\":\"*Establecimiento Apoya Al Organismo Con La Donaci\u00f3n De Pan Que Se Destina A La Alimentaci\u00f3n De Adultos Mayores De La Casa-Hogar Hacienda Del Abuelito\",\"inLanguage\":\"es\",\"potentialAction\":[{\"@type\":\"ReadAction\",\"target\":[\"https:\\\/\\\/elinformativotam.com\\\/index.php\\\/2020\\\/01\\\/30\\\/agradece-dif-altamira-respaldo-de-panaderia-el-mejor-pan\\\/\"]}]},{\"@type\":\"WebSite\",\"@id\":\"https:\\\/\\\/elinformativotam.com\\\/#website\",\"url\":\"https:\\\/\\\/elinformativotam.com\\\/\",\"name\":\"EL INFORMATIVO DE TAMAULIPAS\",\"description\":\"Desde la Zona Metropolitana Para Todo M\u00e9xico\",\"publisher\":{\"@id\":\"https:\\\/\\\/elinformativotam.com\\\/#organization\"},\"potentialAction\":[{\"@type\":\"SearchAction\",\"target\":{\"@type\":\"EntryPoint\",\"urlTemplate\":\"https:\\\/\\\/elinformativotam.com\\\/?s={search_term_string}\"},\"query-input\":{\"@type\":\"PropertyValueSpecification\",\"valueRequired\":true,\"valueName\":\"search_term_string\"}}],\"inLanguage\":\"es\"},{\"@type\":\"Organization\",\"@id\":\"https:\\\/\\\/elinformativotam.com\\\/#organization\",\"name\":\"EL INFORMATIVO DE TAMAULIPAS\",\"url\":\"https:\\\/\\\/elinformativotam.com\\\/\",\"logo\":{\"@type\":\"ImageObject\",\"inLanguage\":\"es\",\"@id\":\"https:\\\/\\\/elinformativotam.com\\\/#\\\/schema\\\/logo\\\/image\\\/\",\"url\":\"https:\\\/\\\/elinformativotam.com\\\/wp-content\\\/uploads\\\/2026\\\/02\\\/Cabezal.png\",\"contentUrl\":\"https:\\\/\\\/elinformativotam.com\\\/wp-content\\\/uploads\\\/2026\\\/02\\\/Cabezal.png\",\"width\":960,\"height\":640,\"caption\":\"EL INFORMATIVO DE TAMAULIPAS\"},\"image\":{\"@id\":\"https:\\\/\\\/elinformativotam.com\\\/#\\\/schema\\\/logo\\\/image\\\/\"}},{\"@type\":\"Person\",\"@id\":\"https:\\\/\\\/elinformativotam.com\\\/#\\\/schema\\\/person\\\/78e08040eed0f6110f0c5f83b6153590\",\"name\":\"El Informativo Tam\",\"image\":{\"@type\":\"ImageObject\",\"inLanguage\":\"es\",\"@id\":\"https:\\\/\\\/secure.gravatar.com\\\/avatar\\\/f3b7ad3af540688955925ac610647be00b0cf41feea9c4978b73a707ee86bc53?s=96&d=mm&r=g\",\"url\":\"https:\\\/\\\/secure.gravatar.com\\\/avatar\\\/f3b7ad3af540688955925ac610647be00b0cf41feea9c4978b73a707ee86bc53?s=96&d=mm&r=g\",\"contentUrl\":\"https:\\\/\\\/secure.gravatar.com\\\/avatar\\\/f3b7ad3af540688955925ac610647be00b0cf41feea9c4978b73a707ee86bc53?s=96&d=mm&r=g\",\"caption\":\"El Informativo Tam\"}}]}<\/script>\n<!-- \/ Yoast SEO plugin. -->","yoast_head_json":{"title":"AGRADECE DIF ALTAMIRA RESPALDO DE PANADER\u00cdA \u201cEL MEJOR PAN\u201d - EL INFORMATIVO DE TAMAULIPAS","description":"*Establecimiento Apoya Al Organismo Con La Donaci\u00f3n De Pan Que Se Destina A La Alimentaci\u00f3n De Adultos Mayores De La Casa-Hogar Hacienda Del Abuelito","robots":{"index":"index","follow":"follow","max-snippet":"max-snippet:-1","max-image-preview":"max-image-preview:large","max-video-preview":"max-video-preview:-1"},"canonical":"https:\/\/elinformativotam.com\/index.php\/2020\/01\/30\/agradece-dif-altamira-respaldo-de-panaderia-el-mejor-pan\/","og_locale":"es_MX","og_type":"article","og_title":"AGRADECE DIF ALTAMIRA RESPALDO DE PANADER\u00cdA \u201cEL MEJOR PAN\u201d - EL INFORMATIVO DE TAMAULIPAS","og_description":"*Establecimiento Apoya Al Organismo Con La Donaci\u00f3n De Pan Que Se Destina A La Alimentaci\u00f3n De Adultos Mayores De La Casa-Hogar Hacienda Del Abuelito","og_url":"https:\/\/elinformativotam.com\/index.php\/2020\/01\/30\/agradece-dif-altamira-respaldo-de-panaderia-el-mejor-pan\/","og_site_name":"EL INFORMATIVO DE TAMAULIPAS","article_published_time":"2020-01-30T22:54:13+00:00","author":"El Informativo Tam","twitter_card":"summary_large_image","twitter_misc":{"Escrito por":"El Informativo Tam","Tiempo de lectura":"1 minuto"},"schema":{"@context":"https:\/\/schema.org","@graph":[{"@type":"Article","@id":"https:\/\/elinformativotam.com\/index.php\/2020\/01\/30\/agradece-dif-altamira-respaldo-de-panaderia-el-mejor-pan\/#article","isPartOf":{"@id":"https:\/\/elinformativotam.com\/index.php\/2020\/01\/30\/agradece-dif-altamira-respaldo-de-panaderia-el-mejor-pan\/"},"author":{"name":"El Informativo Tam","@id":"https:\/\/elinformativotam.com\/#\/schema\/person\/78e08040eed0f6110f0c5f83b6153590"},"headline":"AGRADECE DIF ALTAMIRA RESPALDO DE PANADER\u00cdA \u201cEL MEJOR PAN\u201d","datePublished":"2020-01-30T22:54:13+00:00","mainEntityOfPage":{"@id":"https:\/\/elinformativotam.com\/index.php\/2020\/01\/30\/agradece-dif-altamira-respaldo-de-panaderia-el-mejor-pan\/"},"wordCount":250,"commentCount":0,"publisher":{"@id":"https:\/\/elinformativotam.com\/#organization"},"articleSection":["Altamira"],"inLanguage":"es","potentialAction":[{"@type":"CommentAction","name":"Comment","target":["https:\/\/elinformativotam.com\/index.php\/2020\/01\/30\/agradece-dif-altamira-respaldo-de-panaderia-el-mejor-pan\/#respond"]}]},{"@type":"WebPage","@id":"https:\/\/elinformativotam.com\/index.php\/2020\/01\/30\/agradece-dif-altamira-respaldo-de-panaderia-el-mejor-pan\/","url":"https:\/\/elinformativotam.com\/index.php\/2020\/01\/30\/agradece-dif-altamira-respaldo-de-panaderia-el-mejor-pan\/","name":"AGRADECE DIF ALTAMIRA RESPALDO DE PANADER\u00cdA \u201cEL MEJOR PAN\u201d - EL INFORMATIVO DE TAMAULIPAS","isPartOf":{"@id":"https:\/\/elinformativotam.com\/#website"},"datePublished":"2020-01-30T22:54:13+00:00","description":"*Establecimiento Apoya Al Organismo Con La Donaci\u00f3n De Pan Que Se Destina A La Alimentaci\u00f3n De Adultos Mayores De La Casa-Hogar Hacienda Del Abuelito","inLanguage":"es","potentialAction":[{"@type":"ReadAction","target":["https:\/\/elinformativotam.com\/index.php\/2020\/01\/30\/agradece-dif-altamira-respaldo-de-panaderia-el-mejor-pan\/"]}]},{"@type":"WebSite","@id":"https:\/\/elinformativotam.com\/#website","url":"https:\/\/elinformativotam.com\/","name":"EL INFORMATIVO DE TAMAULIPAS","description":"Desde la Zona Metropolitana Para Todo M\u00e9xico","publisher":{"@id":"https:\/\/elinformativotam.com\/#organization"},"potentialAction":[{"@type":"SearchAction","target":{"@type":"EntryPoint","urlTemplate":"https:\/\/elinformativotam.com\/?s={search_term_string}"},"query-input":{"@type":"PropertyValueSpecification","valueRequired":true,"valueName":"search_term_string"}}],"inLanguage":"es"},{"@type":"Organization","@id":"https:\/\/elinformativotam.com\/#organization","name":"EL INFORMATIVO DE TAMAULIPAS","url":"https:\/\/elinformativotam.com\/","logo":{"@type":"ImageObject","inLanguage":"es","@id":"https:\/\/elinformativotam.com\/#\/schema\/logo\/image\/","url":"https:\/\/elinformativotam.com\/wp-content\/uploads\/2026\/02\/Cabezal.png","contentUrl":"https:\/\/elinformativotam.com\/wp-content\/uploads\/2026\/02\/Cabezal.png","width":960,"height":640,"caption":"EL INFORMATIVO DE TAMAULIPAS"},"image":{"@id":"https:\/\/elinformativotam.com\/#\/schema\/logo\/image\/"}},{"@type":"Person","@id":"https:\/\/elinformativotam.com\/#\/schema\/person\/78e08040eed0f6110f0c5f83b6153590","name":"El Informativo Tam","image":{"@type":"ImageObject","inLanguage":"es","@id":"https:\/\/secure.gravatar.com\/avatar\/f3b7ad3af540688955925ac610647be00b0cf41feea9c4978b73a707ee86bc53?s=96&d=mm&r=g","url":"https:\/\/secure.gravatar.com\/avatar\/f3b7ad3af540688955925ac610647be00b0cf41feea9c4978b73a707ee86bc53?s=96&d=mm&r=g","contentUrl":"https:\/\/secure.gravatar.com\/avatar\/f3b7ad3af540688955925ac610647be00b0cf41feea9c4978b73a707ee86bc53?s=96&d=mm&r=g","caption":"El Informativo Tam"}}]}},"_links":{"self":[{"href":"https:\/\/elinformativotam.com\/index.php\/wp-json\/wp\/v2\/posts\/2194","targetHints":{"allow":["GET"]}}],"collection":[{"href":"https:\/\/elinformativotam.com\/index.php\/wp-json\/wp\/v2\/posts"}],"about":[{"href":"https:\/\/elinformativotam.com\/index.php\/wp-json\/wp\/v2\/types\/post"}],"author":[{"embeddable":true,"href":"https:\/\/elinformativotam.com\/index.php\/wp-json\/wp\/v2\/users\/1"}],"replies":[{"embeddable":true,"href":"https:\/\/elinformativotam.com\/index.php\/wp-json\/wp\/v2\/comments?post=2194"}],"version-history":[{"count":0,"href":"https:\/\/elinformativotam.com\/index.php\/wp-json\/wp\/v2\/posts\/2194\/revisions"}],"wp:attachment":[{"href":"https:\/\/elinformativotam.com\/index.php\/wp-json\/wp\/v2\/media?parent=2194"}],"wp:term":[{"taxonomy":"category","embeddable":true,"href":"https:\/\/elinformativotam.com\/index.php\/wp-json\/wp\/v2\/categories?post=2194"},{"taxonomy":"post_tag","embeddable":true,"href":"https:\/\/elinformativotam.com\/index.php\/wp-json\/wp\/v2\/tags?post=2194"}],"curies":[{"name":"wp","href":"https:\/\/api.w.org\/{rel}","templated":true}]}}