{"id":2155,"date":"2020-01-29T18:56:16","date_gmt":"2020-01-30T00:56:16","guid":{"rendered":"http:\/\/elinformativotam.com\/?p=2155"},"modified":"2020-01-29T18:56:16","modified_gmt":"2020-01-30T00:56:16","slug":"con-mas-calles-pavimentadas-estamos-cumpliendo-a-los-tampiquenos-chucho-nader","status":"publish","type":"post","link":"https:\/\/elinformativotam.com\/index.php\/2020\/01\/29\/con-mas-calles-pavimentadas-estamos-cumpliendo-a-los-tampiquenos-chucho-nader\/","title":{"rendered":"CON M\u00c1S CALLES PAVIMENTADAS, ESTAMOS CUMPLIENDO A LOS TAMPIQUE\u00d1OS; CHUCHO NADER"},"content":{"rendered":"<h2><em><strong>*Inaugura La Pavimentaci\u00f3n A Base De Concreto Asf\u00e1ltico De La Calle M\u00e9xico En La Colonia Las Am\u00e9ricas<\/strong><\/em><\/h2>\n<p>&nbsp;<\/p>\n<p>Mediante una inversi\u00f3n superior a los 2.7 MDP el Presidente Municipal Chucho Nader inaugur\u00f3, este mi\u00e9rcoles, la pavimentaci\u00f3n a base de concreto asf\u00e1ltico de la calle M\u00e9xico entre Avenida Las Torres y calle Lima de la colonia Las Am\u00e9ricas, cubriendo una superficie de 2,434 metros cuadrados y una longitud de 120 metros lineales.<\/p>\n<p>&nbsp;<\/p>\n<p>Acompa\u00f1ado de su esposa, A\u00edda F\u00e9res de Nader, Presidenta del Sistema DIF, el Jefe de la comuna destac\u00f3 que con este tramo se concluye la modernizaci\u00f3n de las seis cuadras que conforman esta vialidad, permitiendo mayor conectividad a la zona norte de la ciudad, pero sobretodo, mejorando la calidad de vida de las familias que habitan este sector.<\/p>\n<p>&nbsp;<\/p>\n<p>&#8220;El d\u00eda de hoy venimos a inaugurar la pavimentaci\u00f3n de esta calle que, pese a no estar considerada dentro del programa anual de obra p\u00fablica de 2019, hicimos un esfuerzo para cumplir el compromiso que hicimos con todos los vecinos&#8221;, expres\u00f3.<\/p>\n<p>&nbsp;<\/p>\n<p>Chucho Nader subray\u00f3 que atendiendo las solicitudes de los colonos, durante los \u00faltimos meses se modernizaron los m\u00e1s de 650 metros lineales de la citada arteria, logrando con ello, comunicar la carretera Tampico-Mante con la avenida Las Torres.<\/p>\n<p><img loading=\"lazy\" decoding=\"async\" class=\"alignnone  wp-image-2154\" src=\"https:\/\/elinformativotam.com\/wp-content\/uploads\/2020\/01\/nader-11-300x200.jpg\" alt=\"\" width=\"878\" height=\"585\" \/><\/p>\n<p>&#8220;Desde el inicio de esta administraci\u00f3n nos comprometimos a manejar de manera correcta y transparente los recursos municipales, a fin de realizar m\u00e1s obras de beneficio social; y esa responsabilidad la hemos venido haciendo, eliminando viejas pr\u00e1cticas de anteriores administraciones como el famoso &#8220;moche&#8221; que se les ped\u00eda a las empresas constructoras&#8221;, revel\u00f3.<\/p>\n<p>&nbsp;<\/p>\n<p>El mandatario expuso que a trav\u00e9s de la implementaci\u00f3n de programas orientados al mejoramiento urbano, fortalecimiento de la seguridad y mayor bienestar social, se ha logrado colocar a Tampico en el contexto nacional, como una ciudad segura, limpia, ordenada y con mejor calidad de vida.<\/p>\n<p>&nbsp;<\/p>\n<p>A nombre de todos los vecinos beneficiados, Jos\u00e9 Guadalupe Guzm\u00e1n S\u00e1nchez, agradeci\u00f3 al gobierno municipal que haya dado respuesta a un anhelo que por m\u00e1s de 40 a\u00f1os esperaron los residentes de este sector.<\/p>\n<p>&nbsp;<\/p>\n<p>&#8220;Hoy esta calle es una realidad gracias a la voluntad de nuestras autoridades y muy especialmente del Presidente Chucho Nader, quien nos ha demostrado ser un hombre de palabra, que lo que dice, lo cumple, bajo una sencilla filosof\u00eda; diciendo y haciendo, a trav\u00e9s de la cual est\u00e1 construyendo una ciudad de calidad para bienestar de todas las familias tampique\u00f1as&#8221;, sostuvo.<\/p>\n<p>&nbsp;<\/p>\n<p>A la ceremonia de inauguraci\u00f3n asistieron tambi\u00e9n; el Regidor Presidente de la Comisi\u00f3n de obras p\u00fablicas, Jos\u00e9 Antonio Luengas Dond\u00e9; el Secretario de Obras p\u00fablicas, Pedro Pablo Rangel Cerrillo; el Delegado Municipal de la zona norte, Lamberto Gonz\u00e1lez De la Maza y el titular de la Secretar\u00eda de Bienestar Social y Deportes, Ren\u00e9 Sent\u00edes Barrios; adem\u00e1s de S\u00edndicos y Regidores de la Comuna.<\/p>\n","protected":false},"excerpt":{"rendered":"<p>*Inaugura La Pavimentaci\u00f3n A Base De Concreto Asf\u00e1ltico De La Calle M\u00e9xico En La Colonia Las Am\u00e9ricas &nbsp; Mediante una&hellip;<\/p>\n","protected":false},"author":1,"featured_media":0,"comment_status":"open","ping_status":"open","sticky":false,"template":"","format":"standard","meta":{"footnotes":""},"categories":[3],"tags":[],"class_list":["post-2155","post","type-post","status-publish","format-standard","hentry","category-tampico"],"yoast_head":"<!-- This site is optimized with the Yoast SEO plugin v27.5 - https:\/\/yoast.com\/product\/yoast-seo-wordpress\/ -->\n<title>CON M\u00c1S CALLES PAVIMENTADAS, ESTAMOS CUMPLIENDO A LOS TAMPIQUE\u00d1OS; CHUCHO NADER - EL INFORMATIVO DE TAMAULIPAS<\/title>\n<meta name=\"description\" content=\"*Inaugura La Pavimentaci\u00f3n A Base De Concreto Asf\u00e1ltico De La Calle M\u00e9xico En La Colonia Las Am\u00e9ricas &nbsp; Mediante una inversi\u00f3n superior a los 2.7 MDP\" \/>\n<meta name=\"robots\" content=\"index, follow, max-snippet:-1, max-image-preview:large, max-video-preview:-1\" \/>\n<link rel=\"canonical\" href=\"https:\/\/elinformativotam.com\/index.php\/2020\/01\/29\/con-mas-calles-pavimentadas-estamos-cumpliendo-a-los-tampiquenos-chucho-nader\/\" \/>\n<meta property=\"og:locale\" content=\"es_MX\" \/>\n<meta property=\"og:type\" content=\"article\" \/>\n<meta property=\"og:title\" content=\"CON M\u00c1S CALLES PAVIMENTADAS, ESTAMOS CUMPLIENDO A LOS TAMPIQUE\u00d1OS; CHUCHO NADER - EL INFORMATIVO DE TAMAULIPAS\" \/>\n<meta property=\"og:description\" content=\"*Inaugura La Pavimentaci\u00f3n A Base De Concreto Asf\u00e1ltico De La Calle M\u00e9xico En La Colonia Las Am\u00e9ricas &nbsp; Mediante una inversi\u00f3n superior a los 2.7 MDP\" \/>\n<meta property=\"og:url\" content=\"https:\/\/elinformativotam.com\/index.php\/2020\/01\/29\/con-mas-calles-pavimentadas-estamos-cumpliendo-a-los-tampiquenos-chucho-nader\/\" \/>\n<meta property=\"og:site_name\" content=\"EL INFORMATIVO DE TAMAULIPAS\" \/>\n<meta property=\"article:published_time\" content=\"2020-01-30T00:56:16+00:00\" \/>\n<meta property=\"og:image\" content=\"http:\/\/elinformativotam.com\/wp-content\/uploads\/2020\/01\/nader-11-300x200.jpg\" \/>\n<meta name=\"author\" content=\"El Informativo Tam\" \/>\n<meta name=\"twitter:card\" content=\"summary_large_image\" \/>\n<meta name=\"twitter:label1\" content=\"Escrito por\" \/>\n\t<meta name=\"twitter:data1\" content=\"El Informativo Tam\" \/>\n\t<meta name=\"twitter:label2\" content=\"Tiempo de lectura\" \/>\n\t<meta name=\"twitter:data2\" content=\"3 minutos\" \/>\n<script type=\"application\/ld+json\" class=\"yoast-schema-graph\">{\"@context\":\"https:\\\/\\\/schema.org\",\"@graph\":[{\"@type\":\"Article\",\"@id\":\"https:\\\/\\\/elinformativotam.com\\\/index.php\\\/2020\\\/01\\\/29\\\/con-mas-calles-pavimentadas-estamos-cumpliendo-a-los-tampiquenos-chucho-nader\\\/#article\",\"isPartOf\":{\"@id\":\"https:\\\/\\\/elinformativotam.com\\\/index.php\\\/2020\\\/01\\\/29\\\/con-mas-calles-pavimentadas-estamos-cumpliendo-a-los-tampiquenos-chucho-nader\\\/\"},\"author\":{\"name\":\"El Informativo Tam\",\"@id\":\"https:\\\/\\\/elinformativotam.com\\\/#\\\/schema\\\/person\\\/78e08040eed0f6110f0c5f83b6153590\"},\"headline\":\"CON M\u00c1S CALLES PAVIMENTADAS, ESTAMOS CUMPLIENDO A LOS TAMPIQUE\u00d1OS; CHUCHO NADER\",\"datePublished\":\"2020-01-30T00:56:16+00:00\",\"mainEntityOfPage\":{\"@id\":\"https:\\\/\\\/elinformativotam.com\\\/index.php\\\/2020\\\/01\\\/29\\\/con-mas-calles-pavimentadas-estamos-cumpliendo-a-los-tampiquenos-chucho-nader\\\/\"},\"wordCount\":519,\"commentCount\":0,\"publisher\":{\"@id\":\"https:\\\/\\\/elinformativotam.com\\\/#organization\"},\"image\":{\"@id\":\"https:\\\/\\\/elinformativotam.com\\\/index.php\\\/2020\\\/01\\\/29\\\/con-mas-calles-pavimentadas-estamos-cumpliendo-a-los-tampiquenos-chucho-nader\\\/#primaryimage\"},\"thumbnailUrl\":\"http:\\\/\\\/elinformativotam.com\\\/wp-content\\\/uploads\\\/2020\\\/01\\\/nader-11-300x200.jpg\",\"articleSection\":[\"Tampico\"],\"inLanguage\":\"es\",\"potentialAction\":[{\"@type\":\"CommentAction\",\"name\":\"Comment\",\"target\":[\"https:\\\/\\\/elinformativotam.com\\\/index.php\\\/2020\\\/01\\\/29\\\/con-mas-calles-pavimentadas-estamos-cumpliendo-a-los-tampiquenos-chucho-nader\\\/#respond\"]}]},{\"@type\":\"WebPage\",\"@id\":\"https:\\\/\\\/elinformativotam.com\\\/index.php\\\/2020\\\/01\\\/29\\\/con-mas-calles-pavimentadas-estamos-cumpliendo-a-los-tampiquenos-chucho-nader\\\/\",\"url\":\"https:\\\/\\\/elinformativotam.com\\\/index.php\\\/2020\\\/01\\\/29\\\/con-mas-calles-pavimentadas-estamos-cumpliendo-a-los-tampiquenos-chucho-nader\\\/\",\"name\":\"CON M\u00c1S CALLES PAVIMENTADAS, ESTAMOS CUMPLIENDO A LOS TAMPIQUE\u00d1OS; CHUCHO NADER - EL INFORMATIVO DE TAMAULIPAS\",\"isPartOf\":{\"@id\":\"https:\\\/\\\/elinformativotam.com\\\/#website\"},\"primaryImageOfPage\":{\"@id\":\"https:\\\/\\\/elinformativotam.com\\\/index.php\\\/2020\\\/01\\\/29\\\/con-mas-calles-pavimentadas-estamos-cumpliendo-a-los-tampiquenos-chucho-nader\\\/#primaryimage\"},\"image\":{\"@id\":\"https:\\\/\\\/elinformativotam.com\\\/index.php\\\/2020\\\/01\\\/29\\\/con-mas-calles-pavimentadas-estamos-cumpliendo-a-los-tampiquenos-chucho-nader\\\/#primaryimage\"},\"thumbnailUrl\":\"http:\\\/\\\/elinformativotam.com\\\/wp-content\\\/uploads\\\/2020\\\/01\\\/nader-11-300x200.jpg\",\"datePublished\":\"2020-01-30T00:56:16+00:00\",\"description\":\"*Inaugura La Pavimentaci\u00f3n A Base De Concreto Asf\u00e1ltico De La Calle M\u00e9xico En La Colonia Las Am\u00e9ricas &nbsp; Mediante una inversi\u00f3n superior a los 2.7 MDP\",\"inLanguage\":\"es\",\"potentialAction\":[{\"@type\":\"ReadAction\",\"target\":[\"https:\\\/\\\/elinformativotam.com\\\/index.php\\\/2020\\\/01\\\/29\\\/con-mas-calles-pavimentadas-estamos-cumpliendo-a-los-tampiquenos-chucho-nader\\\/\"]}]},{\"@type\":\"ImageObject\",\"inLanguage\":\"es\",\"@id\":\"https:\\\/\\\/elinformativotam.com\\\/index.php\\\/2020\\\/01\\\/29\\\/con-mas-calles-pavimentadas-estamos-cumpliendo-a-los-tampiquenos-chucho-nader\\\/#primaryimage\",\"url\":\"http:\\\/\\\/elinformativotam.com\\\/wp-content\\\/uploads\\\/2020\\\/01\\\/nader-11-300x200.jpg\",\"contentUrl\":\"http:\\\/\\\/elinformativotam.com\\\/wp-content\\\/uploads\\\/2020\\\/01\\\/nader-11-300x200.jpg\"},{\"@type\":\"WebSite\",\"@id\":\"https:\\\/\\\/elinformativotam.com\\\/#website\",\"url\":\"https:\\\/\\\/elinformativotam.com\\\/\",\"name\":\"EL INFORMATIVO DE TAMAULIPAS\",\"description\":\"Desde la Zona Metropolitana Para Todo M\u00e9xico\",\"publisher\":{\"@id\":\"https:\\\/\\\/elinformativotam.com\\\/#organization\"},\"potentialAction\":[{\"@type\":\"SearchAction\",\"target\":{\"@type\":\"EntryPoint\",\"urlTemplate\":\"https:\\\/\\\/elinformativotam.com\\\/?s={search_term_string}\"},\"query-input\":{\"@type\":\"PropertyValueSpecification\",\"valueRequired\":true,\"valueName\":\"search_term_string\"}}],\"inLanguage\":\"es\"},{\"@type\":\"Organization\",\"@id\":\"https:\\\/\\\/elinformativotam.com\\\/#organization\",\"name\":\"EL INFORMATIVO DE TAMAULIPAS\",\"url\":\"https:\\\/\\\/elinformativotam.com\\\/\",\"logo\":{\"@type\":\"ImageObject\",\"inLanguage\":\"es\",\"@id\":\"https:\\\/\\\/elinformativotam.com\\\/#\\\/schema\\\/logo\\\/image\\\/\",\"url\":\"https:\\\/\\\/elinformativotam.com\\\/wp-content\\\/uploads\\\/2026\\\/02\\\/Cabezal.png\",\"contentUrl\":\"https:\\\/\\\/elinformativotam.com\\\/wp-content\\\/uploads\\\/2026\\\/02\\\/Cabezal.png\",\"width\":960,\"height\":640,\"caption\":\"EL INFORMATIVO DE TAMAULIPAS\"},\"image\":{\"@id\":\"https:\\\/\\\/elinformativotam.com\\\/#\\\/schema\\\/logo\\\/image\\\/\"}},{\"@type\":\"Person\",\"@id\":\"https:\\\/\\\/elinformativotam.com\\\/#\\\/schema\\\/person\\\/78e08040eed0f6110f0c5f83b6153590\",\"name\":\"El Informativo Tam\",\"image\":{\"@type\":\"ImageObject\",\"inLanguage\":\"es\",\"@id\":\"https:\\\/\\\/secure.gravatar.com\\\/avatar\\\/f3b7ad3af540688955925ac610647be00b0cf41feea9c4978b73a707ee86bc53?s=96&d=mm&r=g\",\"url\":\"https:\\\/\\\/secure.gravatar.com\\\/avatar\\\/f3b7ad3af540688955925ac610647be00b0cf41feea9c4978b73a707ee86bc53?s=96&d=mm&r=g\",\"contentUrl\":\"https:\\\/\\\/secure.gravatar.com\\\/avatar\\\/f3b7ad3af540688955925ac610647be00b0cf41feea9c4978b73a707ee86bc53?s=96&d=mm&r=g\",\"caption\":\"El Informativo Tam\"}}]}<\/script>\n<!-- \/ Yoast SEO plugin. -->","yoast_head_json":{"title":"CON M\u00c1S CALLES PAVIMENTADAS, ESTAMOS CUMPLIENDO A LOS TAMPIQUE\u00d1OS; CHUCHO NADER - EL INFORMATIVO DE TAMAULIPAS","description":"*Inaugura La Pavimentaci\u00f3n A Base De Concreto Asf\u00e1ltico De La Calle M\u00e9xico En La Colonia Las Am\u00e9ricas &nbsp; Mediante una inversi\u00f3n superior a los 2.7 MDP","robots":{"index":"index","follow":"follow","max-snippet":"max-snippet:-1","max-image-preview":"max-image-preview:large","max-video-preview":"max-video-preview:-1"},"canonical":"https:\/\/elinformativotam.com\/index.php\/2020\/01\/29\/con-mas-calles-pavimentadas-estamos-cumpliendo-a-los-tampiquenos-chucho-nader\/","og_locale":"es_MX","og_type":"article","og_title":"CON M\u00c1S CALLES PAVIMENTADAS, ESTAMOS CUMPLIENDO A LOS TAMPIQUE\u00d1OS; CHUCHO NADER - EL INFORMATIVO DE TAMAULIPAS","og_description":"*Inaugura La Pavimentaci\u00f3n A Base De Concreto Asf\u00e1ltico De La Calle M\u00e9xico En La Colonia Las Am\u00e9ricas &nbsp; Mediante una inversi\u00f3n superior a los 2.7 MDP","og_url":"https:\/\/elinformativotam.com\/index.php\/2020\/01\/29\/con-mas-calles-pavimentadas-estamos-cumpliendo-a-los-tampiquenos-chucho-nader\/","og_site_name":"EL INFORMATIVO DE TAMAULIPAS","article_published_time":"2020-01-30T00:56:16+00:00","og_image":[{"url":"http:\/\/elinformativotam.com\/wp-content\/uploads\/2020\/01\/nader-11-300x200.jpg","type":"","width":"","height":""}],"author":"El Informativo Tam","twitter_card":"summary_large_image","twitter_misc":{"Escrito por":"El Informativo Tam","Tiempo de lectura":"3 minutos"},"schema":{"@context":"https:\/\/schema.org","@graph":[{"@type":"Article","@id":"https:\/\/elinformativotam.com\/index.php\/2020\/01\/29\/con-mas-calles-pavimentadas-estamos-cumpliendo-a-los-tampiquenos-chucho-nader\/#article","isPartOf":{"@id":"https:\/\/elinformativotam.com\/index.php\/2020\/01\/29\/con-mas-calles-pavimentadas-estamos-cumpliendo-a-los-tampiquenos-chucho-nader\/"},"author":{"name":"El Informativo Tam","@id":"https:\/\/elinformativotam.com\/#\/schema\/person\/78e08040eed0f6110f0c5f83b6153590"},"headline":"CON M\u00c1S CALLES PAVIMENTADAS, ESTAMOS CUMPLIENDO A LOS TAMPIQUE\u00d1OS; CHUCHO NADER","datePublished":"2020-01-30T00:56:16+00:00","mainEntityOfPage":{"@id":"https:\/\/elinformativotam.com\/index.php\/2020\/01\/29\/con-mas-calles-pavimentadas-estamos-cumpliendo-a-los-tampiquenos-chucho-nader\/"},"wordCount":519,"commentCount":0,"publisher":{"@id":"https:\/\/elinformativotam.com\/#organization"},"image":{"@id":"https:\/\/elinformativotam.com\/index.php\/2020\/01\/29\/con-mas-calles-pavimentadas-estamos-cumpliendo-a-los-tampiquenos-chucho-nader\/#primaryimage"},"thumbnailUrl":"http:\/\/elinformativotam.com\/wp-content\/uploads\/2020\/01\/nader-11-300x200.jpg","articleSection":["Tampico"],"inLanguage":"es","potentialAction":[{"@type":"CommentAction","name":"Comment","target":["https:\/\/elinformativotam.com\/index.php\/2020\/01\/29\/con-mas-calles-pavimentadas-estamos-cumpliendo-a-los-tampiquenos-chucho-nader\/#respond"]}]},{"@type":"WebPage","@id":"https:\/\/elinformativotam.com\/index.php\/2020\/01\/29\/con-mas-calles-pavimentadas-estamos-cumpliendo-a-los-tampiquenos-chucho-nader\/","url":"https:\/\/elinformativotam.com\/index.php\/2020\/01\/29\/con-mas-calles-pavimentadas-estamos-cumpliendo-a-los-tampiquenos-chucho-nader\/","name":"CON M\u00c1S CALLES PAVIMENTADAS, ESTAMOS CUMPLIENDO A LOS TAMPIQUE\u00d1OS; CHUCHO NADER - EL INFORMATIVO DE TAMAULIPAS","isPartOf":{"@id":"https:\/\/elinformativotam.com\/#website"},"primaryImageOfPage":{"@id":"https:\/\/elinformativotam.com\/index.php\/2020\/01\/29\/con-mas-calles-pavimentadas-estamos-cumpliendo-a-los-tampiquenos-chucho-nader\/#primaryimage"},"image":{"@id":"https:\/\/elinformativotam.com\/index.php\/2020\/01\/29\/con-mas-calles-pavimentadas-estamos-cumpliendo-a-los-tampiquenos-chucho-nader\/#primaryimage"},"thumbnailUrl":"http:\/\/elinformativotam.com\/wp-content\/uploads\/2020\/01\/nader-11-300x200.jpg","datePublished":"2020-01-30T00:56:16+00:00","description":"*Inaugura La Pavimentaci\u00f3n A Base De Concreto Asf\u00e1ltico De La Calle M\u00e9xico En La Colonia Las Am\u00e9ricas &nbsp; Mediante una inversi\u00f3n superior a los 2.7 MDP","inLanguage":"es","potentialAction":[{"@type":"ReadAction","target":["https:\/\/elinformativotam.com\/index.php\/2020\/01\/29\/con-mas-calles-pavimentadas-estamos-cumpliendo-a-los-tampiquenos-chucho-nader\/"]}]},{"@type":"ImageObject","inLanguage":"es","@id":"https:\/\/elinformativotam.com\/index.php\/2020\/01\/29\/con-mas-calles-pavimentadas-estamos-cumpliendo-a-los-tampiquenos-chucho-nader\/#primaryimage","url":"http:\/\/elinformativotam.com\/wp-content\/uploads\/2020\/01\/nader-11-300x200.jpg","contentUrl":"http:\/\/elinformativotam.com\/wp-content\/uploads\/2020\/01\/nader-11-300x200.jpg"},{"@type":"WebSite","@id":"https:\/\/elinformativotam.com\/#website","url":"https:\/\/elinformativotam.com\/","name":"EL INFORMATIVO DE TAMAULIPAS","description":"Desde la Zona Metropolitana Para Todo M\u00e9xico","publisher":{"@id":"https:\/\/elinformativotam.com\/#organization"},"potentialAction":[{"@type":"SearchAction","target":{"@type":"EntryPoint","urlTemplate":"https:\/\/elinformativotam.com\/?s={search_term_string}"},"query-input":{"@type":"PropertyValueSpecification","valueRequired":true,"valueName":"search_term_string"}}],"inLanguage":"es"},{"@type":"Organization","@id":"https:\/\/elinformativotam.com\/#organization","name":"EL INFORMATIVO DE TAMAULIPAS","url":"https:\/\/elinformativotam.com\/","logo":{"@type":"ImageObject","inLanguage":"es","@id":"https:\/\/elinformativotam.com\/#\/schema\/logo\/image\/","url":"https:\/\/elinformativotam.com\/wp-content\/uploads\/2026\/02\/Cabezal.png","contentUrl":"https:\/\/elinformativotam.com\/wp-content\/uploads\/2026\/02\/Cabezal.png","width":960,"height":640,"caption":"EL INFORMATIVO DE TAMAULIPAS"},"image":{"@id":"https:\/\/elinformativotam.com\/#\/schema\/logo\/image\/"}},{"@type":"Person","@id":"https:\/\/elinformativotam.com\/#\/schema\/person\/78e08040eed0f6110f0c5f83b6153590","name":"El Informativo Tam","image":{"@type":"ImageObject","inLanguage":"es","@id":"https:\/\/secure.gravatar.com\/avatar\/f3b7ad3af540688955925ac610647be00b0cf41feea9c4978b73a707ee86bc53?s=96&d=mm&r=g","url":"https:\/\/secure.gravatar.com\/avatar\/f3b7ad3af540688955925ac610647be00b0cf41feea9c4978b73a707ee86bc53?s=96&d=mm&r=g","contentUrl":"https:\/\/secure.gravatar.com\/avatar\/f3b7ad3af540688955925ac610647be00b0cf41feea9c4978b73a707ee86bc53?s=96&d=mm&r=g","caption":"El Informativo Tam"}}]}},"_links":{"self":[{"href":"https:\/\/elinformativotam.com\/index.php\/wp-json\/wp\/v2\/posts\/2155","targetHints":{"allow":["GET"]}}],"collection":[{"href":"https:\/\/elinformativotam.com\/index.php\/wp-json\/wp\/v2\/posts"}],"about":[{"href":"https:\/\/elinformativotam.com\/index.php\/wp-json\/wp\/v2\/types\/post"}],"author":[{"embeddable":true,"href":"https:\/\/elinformativotam.com\/index.php\/wp-json\/wp\/v2\/users\/1"}],"replies":[{"embeddable":true,"href":"https:\/\/elinformativotam.com\/index.php\/wp-json\/wp\/v2\/comments?post=2155"}],"version-history":[{"count":0,"href":"https:\/\/elinformativotam.com\/index.php\/wp-json\/wp\/v2\/posts\/2155\/revisions"}],"wp:attachment":[{"href":"https:\/\/elinformativotam.com\/index.php\/wp-json\/wp\/v2\/media?parent=2155"}],"wp:term":[{"taxonomy":"category","embeddable":true,"href":"https:\/\/elinformativotam.com\/index.php\/wp-json\/wp\/v2\/categories?post=2155"},{"taxonomy":"post_tag","embeddable":true,"href":"https:\/\/elinformativotam.com\/index.php\/wp-json\/wp\/v2\/tags?post=2155"}],"curies":[{"name":"wp","href":"https:\/\/api.w.org\/{rel}","templated":true}]}}