{"id":2000,"date":"2020-01-22T19:06:24","date_gmt":"2020-01-23T01:06:24","guid":{"rendered":"http:\/\/elinformativotam.com\/?p=2000"},"modified":"2020-01-22T19:06:24","modified_gmt":"2020-01-23T01:06:24","slug":"el-norte-de-veracruz-nunca-mas-quedara-aislado-del-desarrollo-gobernador-cuitlahuac-garcia","status":"publish","type":"post","link":"https:\/\/elinformativotam.com\/index.php\/2020\/01\/22\/el-norte-de-veracruz-nunca-mas-quedara-aislado-del-desarrollo-gobernador-cuitlahuac-garcia\/","title":{"rendered":"\u201cEL NORTE DE VERACRUZ NUNCA M\u00c1S QUEDAR\u00c1 AISLADO DEL DESARROLLO\u201d: GOBERNADOR CUITL\u00c1HUAC GARC\u00cdA"},"content":{"rendered":"<h2><em><strong>*Ponen En Operaci\u00f3n El Tramo Naranjos-Ozuluama De La Autopista Tuxpan A Tampico<\/strong><\/em><\/h2>\n<h2><\/h2>\n<h2><em><strong>*Se Atender\u00e1n Los Problemas De Infraestructura De La Entidad, Garantiza Jim\u00e9nez Espri\u00fa<\/strong><\/em><\/h2>\n<p>&nbsp;<\/p>\n<p>Comunicar el norte con el centro es fundamental en el desarrollo del estado, sobre todo cuando existe el crecimiento del puerto de Veracruz; es necesario garantizar rutas en condiciones que permitan el traslado de bienes y servicios, apunt\u00f3 el gobernador Cuitl\u00e1huac Garc\u00eda Jim\u00e9nez.<\/p>\n<p>&nbsp;<\/p>\n<p>Acompa\u00f1ado del titular de la Secretar\u00eda de Comunicaciones y Transportes (COMUNICACIONES), Javier Jim\u00e9nez Espri\u00fa, afirm\u00f3 que esta acci\u00f3n tambi\u00e9n es parte del compromiso con la ciudadan\u00eda de esta regi\u00f3n, olvidada durante d\u00e9cadas, pues gobiernos pasados s\u00f3lo hac\u00edan obras en el centro.<\/p>\n<p>&nbsp;<\/p>\n<p>\u201cEl norte de Veracruz nunca m\u00e1s quedar\u00e1 aislado de las acciones de nuestro gobierno. En los gobiernos de la Cuarta Transformaci\u00f3n, presidente de la Rep\u00fablica y un servidor estamos obligados a cambiar esto, y lo estamos haciendo\u201d, destac\u00f3.<\/p>\n<p>&nbsp;<\/p>\n<p>Aunado a ello, expuso que hoy por hoy se fortaleci\u00f3 la relaci\u00f3n y cercan\u00eda con los alcaldes de esta regi\u00f3n como Chontla, Tampico Alto, Tamiahua, Tamal\u00edn, Tantima, Ozuluama, Pueblo Viejo, Naranjos, y as\u00ed integrar esfuerzos.<\/p>\n<p><img loading=\"lazy\" decoding=\"async\" class=\"alignnone  wp-image-2002\" src=\"https:\/\/elinformativotam.com\/wp-content\/uploads\/2020\/01\/ortega-300x168.jpg\" alt=\"\" width=\"843\" height=\"472\" \/><\/p>\n<p>De igual manera, Jim\u00e9nez Espri\u00fa agradeci\u00f3 al Gobernador el apoyo para la soluci\u00f3n de asuntos que imped\u00edan la conclusi\u00f3n de esta autopista, y subray\u00f3 el objetivo del Ejecutivo Federal, Andr\u00e9s Manuel L\u00f3pez Obrador, en este sexenio, de conectar a las comunidades m\u00e1s alejadas y retomar las obras inconclusas.<\/p>\n<p>&nbsp;<\/p>\n<p>\u201cLegar una red log\u00edstica eficiente de carreteras, puertos, aeropuertos, v\u00edas f\u00e9rreas y telecomunicaciones, har\u00e1 de este pa\u00eds: uno m\u00e1s productivo, un pueblo con bienestar\u201d.<\/p>\n<p>&nbsp;<\/p>\n<p>Por su parte, el alcalde de Naranjos-Amatl\u00e1n, V\u00edctor Rom\u00e1n Jim\u00e9nez Rodr\u00edguez, expuso que \u201ccon esta obra las v\u00edas de comunicaci\u00f3n har\u00e1n historia en su acceso hacia el sur de Tamaulipas y el centro de M\u00e9xico\u201d.<\/p>\n<p>&nbsp;<\/p>\n<p>Cabe resaltar que el tramo Naranjos-Ozuluama, de la autopista Tuxpan-Tampico, atraviesa los municipios de Naranjos, Chinampa de Gorostiza, Tantima, Tamal\u00edn y Ozuluama. Es una obra carretera tipo A2 de 12 metros de ancho y aloja dos carriles de circulaci\u00f3n con acotamientos laterales. Y forma parte del corredor Veracruz-Monterrey.<\/p>\n","protected":false},"excerpt":{"rendered":"<p>*Ponen En Operaci\u00f3n El Tramo Naranjos-Ozuluama De La Autopista Tuxpan A Tampico *Se Atender\u00e1n Los Problemas De Infraestructura De La&hellip;<\/p>\n","protected":false},"author":1,"featured_media":0,"comment_status":"open","ping_status":"open","sticky":false,"template":"","format":"standard","meta":{"footnotes":""},"categories":[7],"tags":[],"class_list":["post-2000","post","type-post","status-publish","format-standard","hentry","category-nacional"],"yoast_head":"<!-- This site is optimized with the Yoast SEO plugin v27.5 - https:\/\/yoast.com\/product\/yoast-seo-wordpress\/ -->\n<title>\u201cEL NORTE DE VERACRUZ NUNCA M\u00c1S QUEDAR\u00c1 AISLADO DEL DESARROLLO\u201d: GOBERNADOR CUITL\u00c1HUAC GARC\u00cdA - EL INFORMATIVO DE TAMAULIPAS<\/title>\n<meta name=\"description\" content=\"*Ponen En Operaci\u00f3n El Tramo Naranjos-Ozuluama De La Autopista Tuxpan A Tampico *Se Atender\u00e1n Los Problemas De Infraestructura De La Entidad, Garantiza\" \/>\n<meta name=\"robots\" content=\"index, follow, max-snippet:-1, max-image-preview:large, max-video-preview:-1\" \/>\n<link rel=\"canonical\" href=\"https:\/\/elinformativotam.com\/index.php\/2020\/01\/22\/el-norte-de-veracruz-nunca-mas-quedara-aislado-del-desarrollo-gobernador-cuitlahuac-garcia\/\" \/>\n<meta property=\"og:locale\" content=\"es_MX\" \/>\n<meta property=\"og:type\" content=\"article\" \/>\n<meta property=\"og:title\" content=\"\u201cEL NORTE DE VERACRUZ NUNCA M\u00c1S QUEDAR\u00c1 AISLADO DEL DESARROLLO\u201d: GOBERNADOR CUITL\u00c1HUAC GARC\u00cdA - EL INFORMATIVO DE TAMAULIPAS\" \/>\n<meta property=\"og:description\" content=\"*Ponen En Operaci\u00f3n El Tramo Naranjos-Ozuluama De La Autopista Tuxpan A Tampico *Se Atender\u00e1n Los Problemas De Infraestructura De La Entidad, Garantiza\" \/>\n<meta property=\"og:url\" content=\"https:\/\/elinformativotam.com\/index.php\/2020\/01\/22\/el-norte-de-veracruz-nunca-mas-quedara-aislado-del-desarrollo-gobernador-cuitlahuac-garcia\/\" \/>\n<meta property=\"og:site_name\" content=\"EL INFORMATIVO DE TAMAULIPAS\" \/>\n<meta property=\"article:published_time\" content=\"2020-01-23T01:06:24+00:00\" \/>\n<meta property=\"og:image\" content=\"http:\/\/elinformativotam.com\/wp-content\/uploads\/2020\/01\/ortega-300x168.jpg\" \/>\n<meta name=\"author\" content=\"El Informativo Tam\" \/>\n<meta name=\"twitter:card\" content=\"summary_large_image\" \/>\n<meta name=\"twitter:label1\" content=\"Escrito por\" \/>\n\t<meta name=\"twitter:data1\" content=\"El Informativo Tam\" \/>\n\t<meta name=\"twitter:label2\" content=\"Tiempo de lectura\" \/>\n\t<meta name=\"twitter:data2\" content=\"2 minutos\" \/>\n<script type=\"application\/ld+json\" class=\"yoast-schema-graph\">{\"@context\":\"https:\\\/\\\/schema.org\",\"@graph\":[{\"@type\":\"Article\",\"@id\":\"https:\\\/\\\/elinformativotam.com\\\/index.php\\\/2020\\\/01\\\/22\\\/el-norte-de-veracruz-nunca-mas-quedara-aislado-del-desarrollo-gobernador-cuitlahuac-garcia\\\/#article\",\"isPartOf\":{\"@id\":\"https:\\\/\\\/elinformativotam.com\\\/index.php\\\/2020\\\/01\\\/22\\\/el-norte-de-veracruz-nunca-mas-quedara-aislado-del-desarrollo-gobernador-cuitlahuac-garcia\\\/\"},\"author\":{\"name\":\"El Informativo Tam\",\"@id\":\"https:\\\/\\\/elinformativotam.com\\\/#\\\/schema\\\/person\\\/78e08040eed0f6110f0c5f83b6153590\"},\"headline\":\"\u201cEL NORTE DE VERACRUZ NUNCA M\u00c1S QUEDAR\u00c1 AISLADO DEL DESARROLLO\u201d: GOBERNADOR CUITL\u00c1HUAC GARC\u00cdA\",\"datePublished\":\"2020-01-23T01:06:24+00:00\",\"mainEntityOfPage\":{\"@id\":\"https:\\\/\\\/elinformativotam.com\\\/index.php\\\/2020\\\/01\\\/22\\\/el-norte-de-veracruz-nunca-mas-quedara-aislado-del-desarrollo-gobernador-cuitlahuac-garcia\\\/\"},\"wordCount\":404,\"commentCount\":0,\"publisher\":{\"@id\":\"https:\\\/\\\/elinformativotam.com\\\/#organization\"},\"image\":{\"@id\":\"https:\\\/\\\/elinformativotam.com\\\/index.php\\\/2020\\\/01\\\/22\\\/el-norte-de-veracruz-nunca-mas-quedara-aislado-del-desarrollo-gobernador-cuitlahuac-garcia\\\/#primaryimage\"},\"thumbnailUrl\":\"http:\\\/\\\/elinformativotam.com\\\/wp-content\\\/uploads\\\/2020\\\/01\\\/ortega-300x168.jpg\",\"articleSection\":[\"Nacional\"],\"inLanguage\":\"es\",\"potentialAction\":[{\"@type\":\"CommentAction\",\"name\":\"Comment\",\"target\":[\"https:\\\/\\\/elinformativotam.com\\\/index.php\\\/2020\\\/01\\\/22\\\/el-norte-de-veracruz-nunca-mas-quedara-aislado-del-desarrollo-gobernador-cuitlahuac-garcia\\\/#respond\"]}]},{\"@type\":\"WebPage\",\"@id\":\"https:\\\/\\\/elinformativotam.com\\\/index.php\\\/2020\\\/01\\\/22\\\/el-norte-de-veracruz-nunca-mas-quedara-aislado-del-desarrollo-gobernador-cuitlahuac-garcia\\\/\",\"url\":\"https:\\\/\\\/elinformativotam.com\\\/index.php\\\/2020\\\/01\\\/22\\\/el-norte-de-veracruz-nunca-mas-quedara-aislado-del-desarrollo-gobernador-cuitlahuac-garcia\\\/\",\"name\":\"\u201cEL NORTE DE VERACRUZ NUNCA M\u00c1S QUEDAR\u00c1 AISLADO DEL DESARROLLO\u201d: GOBERNADOR CUITL\u00c1HUAC GARC\u00cdA - EL INFORMATIVO DE TAMAULIPAS\",\"isPartOf\":{\"@id\":\"https:\\\/\\\/elinformativotam.com\\\/#website\"},\"primaryImageOfPage\":{\"@id\":\"https:\\\/\\\/elinformativotam.com\\\/index.php\\\/2020\\\/01\\\/22\\\/el-norte-de-veracruz-nunca-mas-quedara-aislado-del-desarrollo-gobernador-cuitlahuac-garcia\\\/#primaryimage\"},\"image\":{\"@id\":\"https:\\\/\\\/elinformativotam.com\\\/index.php\\\/2020\\\/01\\\/22\\\/el-norte-de-veracruz-nunca-mas-quedara-aislado-del-desarrollo-gobernador-cuitlahuac-garcia\\\/#primaryimage\"},\"thumbnailUrl\":\"http:\\\/\\\/elinformativotam.com\\\/wp-content\\\/uploads\\\/2020\\\/01\\\/ortega-300x168.jpg\",\"datePublished\":\"2020-01-23T01:06:24+00:00\",\"description\":\"*Ponen En Operaci\u00f3n El Tramo Naranjos-Ozuluama De La Autopista Tuxpan A Tampico *Se Atender\u00e1n Los Problemas De Infraestructura De La Entidad, Garantiza\",\"inLanguage\":\"es\",\"potentialAction\":[{\"@type\":\"ReadAction\",\"target\":[\"https:\\\/\\\/elinformativotam.com\\\/index.php\\\/2020\\\/01\\\/22\\\/el-norte-de-veracruz-nunca-mas-quedara-aislado-del-desarrollo-gobernador-cuitlahuac-garcia\\\/\"]}]},{\"@type\":\"ImageObject\",\"inLanguage\":\"es\",\"@id\":\"https:\\\/\\\/elinformativotam.com\\\/index.php\\\/2020\\\/01\\\/22\\\/el-norte-de-veracruz-nunca-mas-quedara-aislado-del-desarrollo-gobernador-cuitlahuac-garcia\\\/#primaryimage\",\"url\":\"http:\\\/\\\/elinformativotam.com\\\/wp-content\\\/uploads\\\/2020\\\/01\\\/ortega-300x168.jpg\",\"contentUrl\":\"http:\\\/\\\/elinformativotam.com\\\/wp-content\\\/uploads\\\/2020\\\/01\\\/ortega-300x168.jpg\"},{\"@type\":\"WebSite\",\"@id\":\"https:\\\/\\\/elinformativotam.com\\\/#website\",\"url\":\"https:\\\/\\\/elinformativotam.com\\\/\",\"name\":\"EL INFORMATIVO DE TAMAULIPAS\",\"description\":\"Desde la Zona Metropolitana Para Todo M\u00e9xico\",\"publisher\":{\"@id\":\"https:\\\/\\\/elinformativotam.com\\\/#organization\"},\"potentialAction\":[{\"@type\":\"SearchAction\",\"target\":{\"@type\":\"EntryPoint\",\"urlTemplate\":\"https:\\\/\\\/elinformativotam.com\\\/?s={search_term_string}\"},\"query-input\":{\"@type\":\"PropertyValueSpecification\",\"valueRequired\":true,\"valueName\":\"search_term_string\"}}],\"inLanguage\":\"es\"},{\"@type\":\"Organization\",\"@id\":\"https:\\\/\\\/elinformativotam.com\\\/#organization\",\"name\":\"EL INFORMATIVO DE TAMAULIPAS\",\"url\":\"https:\\\/\\\/elinformativotam.com\\\/\",\"logo\":{\"@type\":\"ImageObject\",\"inLanguage\":\"es\",\"@id\":\"https:\\\/\\\/elinformativotam.com\\\/#\\\/schema\\\/logo\\\/image\\\/\",\"url\":\"https:\\\/\\\/elinformativotam.com\\\/wp-content\\\/uploads\\\/2026\\\/02\\\/Cabezal.png\",\"contentUrl\":\"https:\\\/\\\/elinformativotam.com\\\/wp-content\\\/uploads\\\/2026\\\/02\\\/Cabezal.png\",\"width\":960,\"height\":640,\"caption\":\"EL INFORMATIVO DE TAMAULIPAS\"},\"image\":{\"@id\":\"https:\\\/\\\/elinformativotam.com\\\/#\\\/schema\\\/logo\\\/image\\\/\"}},{\"@type\":\"Person\",\"@id\":\"https:\\\/\\\/elinformativotam.com\\\/#\\\/schema\\\/person\\\/78e08040eed0f6110f0c5f83b6153590\",\"name\":\"El Informativo Tam\",\"image\":{\"@type\":\"ImageObject\",\"inLanguage\":\"es\",\"@id\":\"https:\\\/\\\/secure.gravatar.com\\\/avatar\\\/f3b7ad3af540688955925ac610647be00b0cf41feea9c4978b73a707ee86bc53?s=96&d=mm&r=g\",\"url\":\"https:\\\/\\\/secure.gravatar.com\\\/avatar\\\/f3b7ad3af540688955925ac610647be00b0cf41feea9c4978b73a707ee86bc53?s=96&d=mm&r=g\",\"contentUrl\":\"https:\\\/\\\/secure.gravatar.com\\\/avatar\\\/f3b7ad3af540688955925ac610647be00b0cf41feea9c4978b73a707ee86bc53?s=96&d=mm&r=g\",\"caption\":\"El Informativo Tam\"}}]}<\/script>\n<!-- \/ Yoast SEO plugin. -->","yoast_head_json":{"title":"\u201cEL NORTE DE VERACRUZ NUNCA M\u00c1S QUEDAR\u00c1 AISLADO DEL DESARROLLO\u201d: GOBERNADOR CUITL\u00c1HUAC GARC\u00cdA - EL INFORMATIVO DE TAMAULIPAS","description":"*Ponen En Operaci\u00f3n El Tramo Naranjos-Ozuluama De La Autopista Tuxpan A Tampico *Se Atender\u00e1n Los Problemas De Infraestructura De La Entidad, Garantiza","robots":{"index":"index","follow":"follow","max-snippet":"max-snippet:-1","max-image-preview":"max-image-preview:large","max-video-preview":"max-video-preview:-1"},"canonical":"https:\/\/elinformativotam.com\/index.php\/2020\/01\/22\/el-norte-de-veracruz-nunca-mas-quedara-aislado-del-desarrollo-gobernador-cuitlahuac-garcia\/","og_locale":"es_MX","og_type":"article","og_title":"\u201cEL NORTE DE VERACRUZ NUNCA M\u00c1S QUEDAR\u00c1 AISLADO DEL DESARROLLO\u201d: GOBERNADOR CUITL\u00c1HUAC GARC\u00cdA - EL INFORMATIVO DE TAMAULIPAS","og_description":"*Ponen En Operaci\u00f3n El Tramo Naranjos-Ozuluama De La Autopista Tuxpan A Tampico *Se Atender\u00e1n Los Problemas De Infraestructura De La Entidad, Garantiza","og_url":"https:\/\/elinformativotam.com\/index.php\/2020\/01\/22\/el-norte-de-veracruz-nunca-mas-quedara-aislado-del-desarrollo-gobernador-cuitlahuac-garcia\/","og_site_name":"EL INFORMATIVO DE TAMAULIPAS","article_published_time":"2020-01-23T01:06:24+00:00","og_image":[{"url":"http:\/\/elinformativotam.com\/wp-content\/uploads\/2020\/01\/ortega-300x168.jpg","type":"","width":"","height":""}],"author":"El Informativo Tam","twitter_card":"summary_large_image","twitter_misc":{"Escrito por":"El Informativo Tam","Tiempo de lectura":"2 minutos"},"schema":{"@context":"https:\/\/schema.org","@graph":[{"@type":"Article","@id":"https:\/\/elinformativotam.com\/index.php\/2020\/01\/22\/el-norte-de-veracruz-nunca-mas-quedara-aislado-del-desarrollo-gobernador-cuitlahuac-garcia\/#article","isPartOf":{"@id":"https:\/\/elinformativotam.com\/index.php\/2020\/01\/22\/el-norte-de-veracruz-nunca-mas-quedara-aislado-del-desarrollo-gobernador-cuitlahuac-garcia\/"},"author":{"name":"El Informativo Tam","@id":"https:\/\/elinformativotam.com\/#\/schema\/person\/78e08040eed0f6110f0c5f83b6153590"},"headline":"\u201cEL NORTE DE VERACRUZ NUNCA M\u00c1S QUEDAR\u00c1 AISLADO DEL DESARROLLO\u201d: GOBERNADOR CUITL\u00c1HUAC GARC\u00cdA","datePublished":"2020-01-23T01:06:24+00:00","mainEntityOfPage":{"@id":"https:\/\/elinformativotam.com\/index.php\/2020\/01\/22\/el-norte-de-veracruz-nunca-mas-quedara-aislado-del-desarrollo-gobernador-cuitlahuac-garcia\/"},"wordCount":404,"commentCount":0,"publisher":{"@id":"https:\/\/elinformativotam.com\/#organization"},"image":{"@id":"https:\/\/elinformativotam.com\/index.php\/2020\/01\/22\/el-norte-de-veracruz-nunca-mas-quedara-aislado-del-desarrollo-gobernador-cuitlahuac-garcia\/#primaryimage"},"thumbnailUrl":"http:\/\/elinformativotam.com\/wp-content\/uploads\/2020\/01\/ortega-300x168.jpg","articleSection":["Nacional"],"inLanguage":"es","potentialAction":[{"@type":"CommentAction","name":"Comment","target":["https:\/\/elinformativotam.com\/index.php\/2020\/01\/22\/el-norte-de-veracruz-nunca-mas-quedara-aislado-del-desarrollo-gobernador-cuitlahuac-garcia\/#respond"]}]},{"@type":"WebPage","@id":"https:\/\/elinformativotam.com\/index.php\/2020\/01\/22\/el-norte-de-veracruz-nunca-mas-quedara-aislado-del-desarrollo-gobernador-cuitlahuac-garcia\/","url":"https:\/\/elinformativotam.com\/index.php\/2020\/01\/22\/el-norte-de-veracruz-nunca-mas-quedara-aislado-del-desarrollo-gobernador-cuitlahuac-garcia\/","name":"\u201cEL NORTE DE VERACRUZ NUNCA M\u00c1S QUEDAR\u00c1 AISLADO DEL DESARROLLO\u201d: GOBERNADOR CUITL\u00c1HUAC GARC\u00cdA - EL INFORMATIVO DE TAMAULIPAS","isPartOf":{"@id":"https:\/\/elinformativotam.com\/#website"},"primaryImageOfPage":{"@id":"https:\/\/elinformativotam.com\/index.php\/2020\/01\/22\/el-norte-de-veracruz-nunca-mas-quedara-aislado-del-desarrollo-gobernador-cuitlahuac-garcia\/#primaryimage"},"image":{"@id":"https:\/\/elinformativotam.com\/index.php\/2020\/01\/22\/el-norte-de-veracruz-nunca-mas-quedara-aislado-del-desarrollo-gobernador-cuitlahuac-garcia\/#primaryimage"},"thumbnailUrl":"http:\/\/elinformativotam.com\/wp-content\/uploads\/2020\/01\/ortega-300x168.jpg","datePublished":"2020-01-23T01:06:24+00:00","description":"*Ponen En Operaci\u00f3n El Tramo Naranjos-Ozuluama De La Autopista Tuxpan A Tampico *Se Atender\u00e1n Los Problemas De Infraestructura De La Entidad, Garantiza","inLanguage":"es","potentialAction":[{"@type":"ReadAction","target":["https:\/\/elinformativotam.com\/index.php\/2020\/01\/22\/el-norte-de-veracruz-nunca-mas-quedara-aislado-del-desarrollo-gobernador-cuitlahuac-garcia\/"]}]},{"@type":"ImageObject","inLanguage":"es","@id":"https:\/\/elinformativotam.com\/index.php\/2020\/01\/22\/el-norte-de-veracruz-nunca-mas-quedara-aislado-del-desarrollo-gobernador-cuitlahuac-garcia\/#primaryimage","url":"http:\/\/elinformativotam.com\/wp-content\/uploads\/2020\/01\/ortega-300x168.jpg","contentUrl":"http:\/\/elinformativotam.com\/wp-content\/uploads\/2020\/01\/ortega-300x168.jpg"},{"@type":"WebSite","@id":"https:\/\/elinformativotam.com\/#website","url":"https:\/\/elinformativotam.com\/","name":"EL INFORMATIVO DE TAMAULIPAS","description":"Desde la Zona Metropolitana Para Todo M\u00e9xico","publisher":{"@id":"https:\/\/elinformativotam.com\/#organization"},"potentialAction":[{"@type":"SearchAction","target":{"@type":"EntryPoint","urlTemplate":"https:\/\/elinformativotam.com\/?s={search_term_string}"},"query-input":{"@type":"PropertyValueSpecification","valueRequired":true,"valueName":"search_term_string"}}],"inLanguage":"es"},{"@type":"Organization","@id":"https:\/\/elinformativotam.com\/#organization","name":"EL INFORMATIVO DE TAMAULIPAS","url":"https:\/\/elinformativotam.com\/","logo":{"@type":"ImageObject","inLanguage":"es","@id":"https:\/\/elinformativotam.com\/#\/schema\/logo\/image\/","url":"https:\/\/elinformativotam.com\/wp-content\/uploads\/2026\/02\/Cabezal.png","contentUrl":"https:\/\/elinformativotam.com\/wp-content\/uploads\/2026\/02\/Cabezal.png","width":960,"height":640,"caption":"EL INFORMATIVO DE TAMAULIPAS"},"image":{"@id":"https:\/\/elinformativotam.com\/#\/schema\/logo\/image\/"}},{"@type":"Person","@id":"https:\/\/elinformativotam.com\/#\/schema\/person\/78e08040eed0f6110f0c5f83b6153590","name":"El Informativo Tam","image":{"@type":"ImageObject","inLanguage":"es","@id":"https:\/\/secure.gravatar.com\/avatar\/f3b7ad3af540688955925ac610647be00b0cf41feea9c4978b73a707ee86bc53?s=96&d=mm&r=g","url":"https:\/\/secure.gravatar.com\/avatar\/f3b7ad3af540688955925ac610647be00b0cf41feea9c4978b73a707ee86bc53?s=96&d=mm&r=g","contentUrl":"https:\/\/secure.gravatar.com\/avatar\/f3b7ad3af540688955925ac610647be00b0cf41feea9c4978b73a707ee86bc53?s=96&d=mm&r=g","caption":"El Informativo Tam"}}]}},"_links":{"self":[{"href":"https:\/\/elinformativotam.com\/index.php\/wp-json\/wp\/v2\/posts\/2000","targetHints":{"allow":["GET"]}}],"collection":[{"href":"https:\/\/elinformativotam.com\/index.php\/wp-json\/wp\/v2\/posts"}],"about":[{"href":"https:\/\/elinformativotam.com\/index.php\/wp-json\/wp\/v2\/types\/post"}],"author":[{"embeddable":true,"href":"https:\/\/elinformativotam.com\/index.php\/wp-json\/wp\/v2\/users\/1"}],"replies":[{"embeddable":true,"href":"https:\/\/elinformativotam.com\/index.php\/wp-json\/wp\/v2\/comments?post=2000"}],"version-history":[{"count":0,"href":"https:\/\/elinformativotam.com\/index.php\/wp-json\/wp\/v2\/posts\/2000\/revisions"}],"wp:attachment":[{"href":"https:\/\/elinformativotam.com\/index.php\/wp-json\/wp\/v2\/media?parent=2000"}],"wp:term":[{"taxonomy":"category","embeddable":true,"href":"https:\/\/elinformativotam.com\/index.php\/wp-json\/wp\/v2\/categories?post=2000"},{"taxonomy":"post_tag","embeddable":true,"href":"https:\/\/elinformativotam.com\/index.php\/wp-json\/wp\/v2\/tags?post=2000"}],"curies":[{"name":"wp","href":"https:\/\/api.w.org\/{rel}","templated":true}]}}