{"id":1956,"date":"2020-01-21T20:21:17","date_gmt":"2020-01-22T02:21:17","guid":{"rendered":"http:\/\/elinformativotam.com\/?p=1956"},"modified":"2020-01-21T20:21:17","modified_gmt":"2020-01-22T02:21:17","slug":"entrega-gobernador-unidades-de-transporte-escolar-en-aldama","status":"publish","type":"post","link":"https:\/\/elinformativotam.com\/index.php\/2020\/01\/21\/entrega-gobernador-unidades-de-transporte-escolar-en-aldama\/","title":{"rendered":"ENTREGA GOBERNADOR UNIDADES DE TRANSPORTE ESCOLAR EN ALDAMA"},"content":{"rendered":"<h2><em><strong>*El Mandatario Cumple As\u00ed Compromiso Adquirido Con La Comunidad Escolar De Dos Instituciones Educativas Del Municipio<\/strong><\/em><\/h2>\n<p>&nbsp;<\/p>\n<p>El gobernador, Francisco Garc\u00eda Cabeza de Vaca, entreg\u00f3 este martes 2 camiones escolares a las Escuelas Secundarias T\u00e9cnicas No. 13 \u00abJos\u00e9 Vicente De la Serna\u00bb y No. 72 \u00abProfesor Luis Castro Berm\u00fadez\u00bb de este municipio.<\/p>\n<p>&nbsp;<\/p>\n<p>Las unidades de transporte beneficiar\u00e1n a la comunidad estudiantil de estos centros escolares en sus traslados a convenciones acad\u00e9micas, torneos deportivos y viajes recreativos de manera digna y oportuna.<\/p>\n<p>&nbsp;<\/p>\n<p>La entrega de estos autobuses responde al compromiso del Gobernador a la comunidad escolar de este municipio.<\/p>\n<p>&nbsp;<\/p>\n<p>\u201cTengo la oportunidad de darle seguimiento un compromiso que hice con ustedes hace tres meses en una vuelta que anduve por ac\u00e1\u201d, apunt\u00f3 el mandatario.<\/p>\n<p>&nbsp;<\/p>\n<p>Ante alumnos, maestros y padres de familia de la Escuela Secundar\u00eda T\u00e9cnica No. 13 \u201cJos\u00e9 Vicente De la Sena\u201d, localizada en la cabecera municipal, el mandatario refrend\u00f3 el compromiso de seguir impulsando todas las acciones para elevar la calidad educativa del estado.<\/p>\n<p><img loading=\"lazy\" decoding=\"async\" class=\"alignnone  wp-image-1955\" src=\"https:\/\/elinformativotam.com\/wp-content\/uploads\/2020\/01\/aldama-300x176.jpg\" alt=\"\" width=\"748\" height=\"439\" \/><\/p>\n<p>\u201cImpulsar a la educaci\u00f3n es resaltar la grandeza de nuestro estado, es garantizar la grandeza de nuestro estado\u201d y agreg\u00f3 que eso no depende de un hombre, sino de la voluntad pol\u00edtica de todo un gobierno.<\/p>\n<p>&nbsp;<\/p>\n<p>La unidad escolar reci\u00e9n entregada, a la Escuela Secundaria T\u00e9cnica No.13, beneficiar\u00e1 al rededor de 420 alumnos, de los cuales 60 estudiantes son de poblados y comunidades rurales, como los ejidos La Colmena, El Lucero, Poblado Pozo Hondo, Santa Julia, que se encuentran alrededor de 12 kil\u00f3metros distancia a esta escuela.<\/p>\n<p>&nbsp;<\/p>\n<p>La\u00a0 secundaria \u00abJos\u00e9 Vicente de la Serna\u00bb; se distingue entre la regi\u00f3n por integrar a j\u00f3venes alumnos con alg\u00fan tipo de condici\u00f3n especial; actualmente brinda educaci\u00f3n a 29 alumnos especiales.<\/p>\n<p>&nbsp;<\/p>\n<p>M\u00e1s tarde, en el Ejido Mor\u00f3n, hizo entrega de las llaves del autob\u00fas a la Escuela Secundar\u00eda T\u00e9cnica No. 72 \u201cProfesor Luis Castro Berm\u00fadez\u201d, con una platilla escolar de 66 alumnos de comunidades rurales El Paisajito, Ram\u00f3n Corona, Mariano Matamoros, Fosa de Granadillas, Las Flores y San Felipe.<\/p>\n<p>&nbsp;<\/p>\n<p>El Gobernador estuvo acompa\u00f1ado por Jorge Luis Gonz\u00e1lez Rosales, Alcalde de Aldama y su esposa, Zulema Sarah\u00ed Hern\u00e1ndez Castillo, titular del DIF municipal; por el Secretario de Educaci\u00f3n, Mario G\u00f3mez Monroy; y los directores de las Escuelas Secundarias No. 13;.Carlos Adri\u00e1n V\u00e1zquez Leija, y Jes\u00fas Reyes Medina, director de la Secundaria T\u00e9cnica No. 72; alumnos, maestros y padres de familia.<\/p>\n","protected":false},"excerpt":{"rendered":"<p>*El Mandatario Cumple As\u00ed Compromiso Adquirido Con La Comunidad Escolar De Dos Instituciones Educativas Del Municipio &nbsp; El gobernador, Francisco&hellip;<\/p>\n","protected":false},"author":1,"featured_media":0,"comment_status":"open","ping_status":"open","sticky":false,"template":"","format":"standard","meta":{"footnotes":""},"categories":[6],"tags":[],"class_list":["post-1956","post","type-post","status-publish","format-standard","hentry","category-tamaulipas"],"yoast_head":"<!-- This site is optimized with the Yoast SEO plugin v27.5 - https:\/\/yoast.com\/product\/yoast-seo-wordpress\/ -->\n<title>ENTREGA GOBERNADOR UNIDADES DE TRANSPORTE ESCOLAR EN ALDAMA - EL INFORMATIVO DE TAMAULIPAS<\/title>\n<meta name=\"description\" content=\"*El Mandatario Cumple As\u00ed Compromiso Adquirido Con La Comunidad Escolar De Dos Instituciones Educativas Del Municipio &nbsp; El gobernador, Francisco\" \/>\n<meta name=\"robots\" content=\"index, follow, max-snippet:-1, max-image-preview:large, max-video-preview:-1\" \/>\n<link rel=\"canonical\" href=\"https:\/\/elinformativotam.com\/index.php\/2020\/01\/21\/entrega-gobernador-unidades-de-transporte-escolar-en-aldama\/\" \/>\n<meta property=\"og:locale\" content=\"es_MX\" \/>\n<meta property=\"og:type\" content=\"article\" \/>\n<meta property=\"og:title\" content=\"ENTREGA GOBERNADOR UNIDADES DE TRANSPORTE ESCOLAR EN ALDAMA - EL INFORMATIVO DE TAMAULIPAS\" \/>\n<meta property=\"og:description\" content=\"*El Mandatario Cumple As\u00ed Compromiso Adquirido Con La Comunidad Escolar De Dos Instituciones Educativas Del Municipio &nbsp; El gobernador, Francisco\" \/>\n<meta property=\"og:url\" content=\"https:\/\/elinformativotam.com\/index.php\/2020\/01\/21\/entrega-gobernador-unidades-de-transporte-escolar-en-aldama\/\" \/>\n<meta property=\"og:site_name\" content=\"EL INFORMATIVO DE TAMAULIPAS\" \/>\n<meta property=\"article:published_time\" content=\"2020-01-22T02:21:17+00:00\" \/>\n<meta property=\"og:image\" content=\"http:\/\/elinformativotam.com\/wp-content\/uploads\/2020\/01\/aldama-300x176.jpg\" \/>\n<meta name=\"author\" content=\"El Informativo Tam\" \/>\n<meta name=\"twitter:card\" content=\"summary_large_image\" \/>\n<meta name=\"twitter:label1\" content=\"Escrito por\" \/>\n\t<meta name=\"twitter:data1\" content=\"El Informativo Tam\" \/>\n\t<meta name=\"twitter:label2\" content=\"Tiempo de lectura\" \/>\n\t<meta name=\"twitter:data2\" content=\"2 minutos\" \/>\n<script type=\"application\/ld+json\" class=\"yoast-schema-graph\">{\"@context\":\"https:\\\/\\\/schema.org\",\"@graph\":[{\"@type\":\"Article\",\"@id\":\"https:\\\/\\\/elinformativotam.com\\\/index.php\\\/2020\\\/01\\\/21\\\/entrega-gobernador-unidades-de-transporte-escolar-en-aldama\\\/#article\",\"isPartOf\":{\"@id\":\"https:\\\/\\\/elinformativotam.com\\\/index.php\\\/2020\\\/01\\\/21\\\/entrega-gobernador-unidades-de-transporte-escolar-en-aldama\\\/\"},\"author\":{\"name\":\"El Informativo Tam\",\"@id\":\"https:\\\/\\\/elinformativotam.com\\\/#\\\/schema\\\/person\\\/78e08040eed0f6110f0c5f83b6153590\"},\"headline\":\"ENTREGA GOBERNADOR UNIDADES DE TRANSPORTE ESCOLAR EN ALDAMA\",\"datePublished\":\"2020-01-22T02:21:17+00:00\",\"mainEntityOfPage\":{\"@id\":\"https:\\\/\\\/elinformativotam.com\\\/index.php\\\/2020\\\/01\\\/21\\\/entrega-gobernador-unidades-de-transporte-escolar-en-aldama\\\/\"},\"wordCount\":428,\"commentCount\":0,\"publisher\":{\"@id\":\"https:\\\/\\\/elinformativotam.com\\\/#organization\"},\"image\":{\"@id\":\"https:\\\/\\\/elinformativotam.com\\\/index.php\\\/2020\\\/01\\\/21\\\/entrega-gobernador-unidades-de-transporte-escolar-en-aldama\\\/#primaryimage\"},\"thumbnailUrl\":\"http:\\\/\\\/elinformativotam.com\\\/wp-content\\\/uploads\\\/2020\\\/01\\\/aldama-300x176.jpg\",\"articleSection\":[\"Tamaulipas\"],\"inLanguage\":\"es\",\"potentialAction\":[{\"@type\":\"CommentAction\",\"name\":\"Comment\",\"target\":[\"https:\\\/\\\/elinformativotam.com\\\/index.php\\\/2020\\\/01\\\/21\\\/entrega-gobernador-unidades-de-transporte-escolar-en-aldama\\\/#respond\"]}]},{\"@type\":\"WebPage\",\"@id\":\"https:\\\/\\\/elinformativotam.com\\\/index.php\\\/2020\\\/01\\\/21\\\/entrega-gobernador-unidades-de-transporte-escolar-en-aldama\\\/\",\"url\":\"https:\\\/\\\/elinformativotam.com\\\/index.php\\\/2020\\\/01\\\/21\\\/entrega-gobernador-unidades-de-transporte-escolar-en-aldama\\\/\",\"name\":\"ENTREGA GOBERNADOR UNIDADES DE TRANSPORTE ESCOLAR EN ALDAMA - EL INFORMATIVO DE TAMAULIPAS\",\"isPartOf\":{\"@id\":\"https:\\\/\\\/elinformativotam.com\\\/#website\"},\"primaryImageOfPage\":{\"@id\":\"https:\\\/\\\/elinformativotam.com\\\/index.php\\\/2020\\\/01\\\/21\\\/entrega-gobernador-unidades-de-transporte-escolar-en-aldama\\\/#primaryimage\"},\"image\":{\"@id\":\"https:\\\/\\\/elinformativotam.com\\\/index.php\\\/2020\\\/01\\\/21\\\/entrega-gobernador-unidades-de-transporte-escolar-en-aldama\\\/#primaryimage\"},\"thumbnailUrl\":\"http:\\\/\\\/elinformativotam.com\\\/wp-content\\\/uploads\\\/2020\\\/01\\\/aldama-300x176.jpg\",\"datePublished\":\"2020-01-22T02:21:17+00:00\",\"description\":\"*El Mandatario Cumple As\u00ed Compromiso Adquirido Con La Comunidad Escolar De Dos Instituciones Educativas Del Municipio &nbsp; El gobernador, Francisco\",\"inLanguage\":\"es\",\"potentialAction\":[{\"@type\":\"ReadAction\",\"target\":[\"https:\\\/\\\/elinformativotam.com\\\/index.php\\\/2020\\\/01\\\/21\\\/entrega-gobernador-unidades-de-transporte-escolar-en-aldama\\\/\"]}]},{\"@type\":\"ImageObject\",\"inLanguage\":\"es\",\"@id\":\"https:\\\/\\\/elinformativotam.com\\\/index.php\\\/2020\\\/01\\\/21\\\/entrega-gobernador-unidades-de-transporte-escolar-en-aldama\\\/#primaryimage\",\"url\":\"http:\\\/\\\/elinformativotam.com\\\/wp-content\\\/uploads\\\/2020\\\/01\\\/aldama-300x176.jpg\",\"contentUrl\":\"http:\\\/\\\/elinformativotam.com\\\/wp-content\\\/uploads\\\/2020\\\/01\\\/aldama-300x176.jpg\"},{\"@type\":\"WebSite\",\"@id\":\"https:\\\/\\\/elinformativotam.com\\\/#website\",\"url\":\"https:\\\/\\\/elinformativotam.com\\\/\",\"name\":\"EL INFORMATIVO DE TAMAULIPAS\",\"description\":\"Desde la Zona Metropolitana Para Todo M\u00e9xico\",\"publisher\":{\"@id\":\"https:\\\/\\\/elinformativotam.com\\\/#organization\"},\"potentialAction\":[{\"@type\":\"SearchAction\",\"target\":{\"@type\":\"EntryPoint\",\"urlTemplate\":\"https:\\\/\\\/elinformativotam.com\\\/?s={search_term_string}\"},\"query-input\":{\"@type\":\"PropertyValueSpecification\",\"valueRequired\":true,\"valueName\":\"search_term_string\"}}],\"inLanguage\":\"es\"},{\"@type\":\"Organization\",\"@id\":\"https:\\\/\\\/elinformativotam.com\\\/#organization\",\"name\":\"EL INFORMATIVO DE TAMAULIPAS\",\"url\":\"https:\\\/\\\/elinformativotam.com\\\/\",\"logo\":{\"@type\":\"ImageObject\",\"inLanguage\":\"es\",\"@id\":\"https:\\\/\\\/elinformativotam.com\\\/#\\\/schema\\\/logo\\\/image\\\/\",\"url\":\"https:\\\/\\\/elinformativotam.com\\\/wp-content\\\/uploads\\\/2026\\\/02\\\/Cabezal.png\",\"contentUrl\":\"https:\\\/\\\/elinformativotam.com\\\/wp-content\\\/uploads\\\/2026\\\/02\\\/Cabezal.png\",\"width\":960,\"height\":640,\"caption\":\"EL INFORMATIVO DE TAMAULIPAS\"},\"image\":{\"@id\":\"https:\\\/\\\/elinformativotam.com\\\/#\\\/schema\\\/logo\\\/image\\\/\"}},{\"@type\":\"Person\",\"@id\":\"https:\\\/\\\/elinformativotam.com\\\/#\\\/schema\\\/person\\\/78e08040eed0f6110f0c5f83b6153590\",\"name\":\"El Informativo Tam\",\"image\":{\"@type\":\"ImageObject\",\"inLanguage\":\"es\",\"@id\":\"https:\\\/\\\/secure.gravatar.com\\\/avatar\\\/f3b7ad3af540688955925ac610647be00b0cf41feea9c4978b73a707ee86bc53?s=96&d=mm&r=g\",\"url\":\"https:\\\/\\\/secure.gravatar.com\\\/avatar\\\/f3b7ad3af540688955925ac610647be00b0cf41feea9c4978b73a707ee86bc53?s=96&d=mm&r=g\",\"contentUrl\":\"https:\\\/\\\/secure.gravatar.com\\\/avatar\\\/f3b7ad3af540688955925ac610647be00b0cf41feea9c4978b73a707ee86bc53?s=96&d=mm&r=g\",\"caption\":\"El Informativo Tam\"}}]}<\/script>\n<!-- \/ Yoast SEO plugin. -->","yoast_head_json":{"title":"ENTREGA GOBERNADOR UNIDADES DE TRANSPORTE ESCOLAR EN ALDAMA - EL INFORMATIVO DE TAMAULIPAS","description":"*El Mandatario Cumple As\u00ed Compromiso Adquirido Con La Comunidad Escolar De Dos Instituciones Educativas Del Municipio &nbsp; El gobernador, Francisco","robots":{"index":"index","follow":"follow","max-snippet":"max-snippet:-1","max-image-preview":"max-image-preview:large","max-video-preview":"max-video-preview:-1"},"canonical":"https:\/\/elinformativotam.com\/index.php\/2020\/01\/21\/entrega-gobernador-unidades-de-transporte-escolar-en-aldama\/","og_locale":"es_MX","og_type":"article","og_title":"ENTREGA GOBERNADOR UNIDADES DE TRANSPORTE ESCOLAR EN ALDAMA - EL INFORMATIVO DE TAMAULIPAS","og_description":"*El Mandatario Cumple As\u00ed Compromiso Adquirido Con La Comunidad Escolar De Dos Instituciones Educativas Del Municipio &nbsp; El gobernador, Francisco","og_url":"https:\/\/elinformativotam.com\/index.php\/2020\/01\/21\/entrega-gobernador-unidades-de-transporte-escolar-en-aldama\/","og_site_name":"EL INFORMATIVO DE TAMAULIPAS","article_published_time":"2020-01-22T02:21:17+00:00","og_image":[{"url":"http:\/\/elinformativotam.com\/wp-content\/uploads\/2020\/01\/aldama-300x176.jpg","type":"","width":"","height":""}],"author":"El Informativo Tam","twitter_card":"summary_large_image","twitter_misc":{"Escrito por":"El Informativo Tam","Tiempo de lectura":"2 minutos"},"schema":{"@context":"https:\/\/schema.org","@graph":[{"@type":"Article","@id":"https:\/\/elinformativotam.com\/index.php\/2020\/01\/21\/entrega-gobernador-unidades-de-transporte-escolar-en-aldama\/#article","isPartOf":{"@id":"https:\/\/elinformativotam.com\/index.php\/2020\/01\/21\/entrega-gobernador-unidades-de-transporte-escolar-en-aldama\/"},"author":{"name":"El Informativo Tam","@id":"https:\/\/elinformativotam.com\/#\/schema\/person\/78e08040eed0f6110f0c5f83b6153590"},"headline":"ENTREGA GOBERNADOR UNIDADES DE TRANSPORTE ESCOLAR EN ALDAMA","datePublished":"2020-01-22T02:21:17+00:00","mainEntityOfPage":{"@id":"https:\/\/elinformativotam.com\/index.php\/2020\/01\/21\/entrega-gobernador-unidades-de-transporte-escolar-en-aldama\/"},"wordCount":428,"commentCount":0,"publisher":{"@id":"https:\/\/elinformativotam.com\/#organization"},"image":{"@id":"https:\/\/elinformativotam.com\/index.php\/2020\/01\/21\/entrega-gobernador-unidades-de-transporte-escolar-en-aldama\/#primaryimage"},"thumbnailUrl":"http:\/\/elinformativotam.com\/wp-content\/uploads\/2020\/01\/aldama-300x176.jpg","articleSection":["Tamaulipas"],"inLanguage":"es","potentialAction":[{"@type":"CommentAction","name":"Comment","target":["https:\/\/elinformativotam.com\/index.php\/2020\/01\/21\/entrega-gobernador-unidades-de-transporte-escolar-en-aldama\/#respond"]}]},{"@type":"WebPage","@id":"https:\/\/elinformativotam.com\/index.php\/2020\/01\/21\/entrega-gobernador-unidades-de-transporte-escolar-en-aldama\/","url":"https:\/\/elinformativotam.com\/index.php\/2020\/01\/21\/entrega-gobernador-unidades-de-transporte-escolar-en-aldama\/","name":"ENTREGA GOBERNADOR UNIDADES DE TRANSPORTE ESCOLAR EN ALDAMA - EL INFORMATIVO DE TAMAULIPAS","isPartOf":{"@id":"https:\/\/elinformativotam.com\/#website"},"primaryImageOfPage":{"@id":"https:\/\/elinformativotam.com\/index.php\/2020\/01\/21\/entrega-gobernador-unidades-de-transporte-escolar-en-aldama\/#primaryimage"},"image":{"@id":"https:\/\/elinformativotam.com\/index.php\/2020\/01\/21\/entrega-gobernador-unidades-de-transporte-escolar-en-aldama\/#primaryimage"},"thumbnailUrl":"http:\/\/elinformativotam.com\/wp-content\/uploads\/2020\/01\/aldama-300x176.jpg","datePublished":"2020-01-22T02:21:17+00:00","description":"*El Mandatario Cumple As\u00ed Compromiso Adquirido Con La Comunidad Escolar De Dos Instituciones Educativas Del Municipio &nbsp; El gobernador, Francisco","inLanguage":"es","potentialAction":[{"@type":"ReadAction","target":["https:\/\/elinformativotam.com\/index.php\/2020\/01\/21\/entrega-gobernador-unidades-de-transporte-escolar-en-aldama\/"]}]},{"@type":"ImageObject","inLanguage":"es","@id":"https:\/\/elinformativotam.com\/index.php\/2020\/01\/21\/entrega-gobernador-unidades-de-transporte-escolar-en-aldama\/#primaryimage","url":"http:\/\/elinformativotam.com\/wp-content\/uploads\/2020\/01\/aldama-300x176.jpg","contentUrl":"http:\/\/elinformativotam.com\/wp-content\/uploads\/2020\/01\/aldama-300x176.jpg"},{"@type":"WebSite","@id":"https:\/\/elinformativotam.com\/#website","url":"https:\/\/elinformativotam.com\/","name":"EL INFORMATIVO DE TAMAULIPAS","description":"Desde la Zona Metropolitana Para Todo M\u00e9xico","publisher":{"@id":"https:\/\/elinformativotam.com\/#organization"},"potentialAction":[{"@type":"SearchAction","target":{"@type":"EntryPoint","urlTemplate":"https:\/\/elinformativotam.com\/?s={search_term_string}"},"query-input":{"@type":"PropertyValueSpecification","valueRequired":true,"valueName":"search_term_string"}}],"inLanguage":"es"},{"@type":"Organization","@id":"https:\/\/elinformativotam.com\/#organization","name":"EL INFORMATIVO DE TAMAULIPAS","url":"https:\/\/elinformativotam.com\/","logo":{"@type":"ImageObject","inLanguage":"es","@id":"https:\/\/elinformativotam.com\/#\/schema\/logo\/image\/","url":"https:\/\/elinformativotam.com\/wp-content\/uploads\/2026\/02\/Cabezal.png","contentUrl":"https:\/\/elinformativotam.com\/wp-content\/uploads\/2026\/02\/Cabezal.png","width":960,"height":640,"caption":"EL INFORMATIVO DE TAMAULIPAS"},"image":{"@id":"https:\/\/elinformativotam.com\/#\/schema\/logo\/image\/"}},{"@type":"Person","@id":"https:\/\/elinformativotam.com\/#\/schema\/person\/78e08040eed0f6110f0c5f83b6153590","name":"El Informativo Tam","image":{"@type":"ImageObject","inLanguage":"es","@id":"https:\/\/secure.gravatar.com\/avatar\/f3b7ad3af540688955925ac610647be00b0cf41feea9c4978b73a707ee86bc53?s=96&d=mm&r=g","url":"https:\/\/secure.gravatar.com\/avatar\/f3b7ad3af540688955925ac610647be00b0cf41feea9c4978b73a707ee86bc53?s=96&d=mm&r=g","contentUrl":"https:\/\/secure.gravatar.com\/avatar\/f3b7ad3af540688955925ac610647be00b0cf41feea9c4978b73a707ee86bc53?s=96&d=mm&r=g","caption":"El Informativo Tam"}}]}},"_links":{"self":[{"href":"https:\/\/elinformativotam.com\/index.php\/wp-json\/wp\/v2\/posts\/1956","targetHints":{"allow":["GET"]}}],"collection":[{"href":"https:\/\/elinformativotam.com\/index.php\/wp-json\/wp\/v2\/posts"}],"about":[{"href":"https:\/\/elinformativotam.com\/index.php\/wp-json\/wp\/v2\/types\/post"}],"author":[{"embeddable":true,"href":"https:\/\/elinformativotam.com\/index.php\/wp-json\/wp\/v2\/users\/1"}],"replies":[{"embeddable":true,"href":"https:\/\/elinformativotam.com\/index.php\/wp-json\/wp\/v2\/comments?post=1956"}],"version-history":[{"count":0,"href":"https:\/\/elinformativotam.com\/index.php\/wp-json\/wp\/v2\/posts\/1956\/revisions"}],"wp:attachment":[{"href":"https:\/\/elinformativotam.com\/index.php\/wp-json\/wp\/v2\/media?parent=1956"}],"wp:term":[{"taxonomy":"category","embeddable":true,"href":"https:\/\/elinformativotam.com\/index.php\/wp-json\/wp\/v2\/categories?post=1956"},{"taxonomy":"post_tag","embeddable":true,"href":"https:\/\/elinformativotam.com\/index.php\/wp-json\/wp\/v2\/tags?post=1956"}],"curies":[{"name":"wp","href":"https:\/\/api.w.org\/{rel}","templated":true}]}}