{"id":192,"date":"2019-10-10T17:32:56","date_gmt":"2019-10-10T23:32:56","guid":{"rendered":"http:\/\/elinformativotam.com\/?p=192"},"modified":"2019-10-10T17:32:57","modified_gmt":"2019-10-10T23:32:57","slug":"se-abre-china-a-posible-acuerdo-comercial-con-eu","status":"publish","type":"post","link":"https:\/\/elinformativotam.com\/index.php\/2019\/10\/10\/se-abre-china-a-posible-acuerdo-comercial-con-eu\/","title":{"rendered":"SE ABRE CHINA A POSIBLE ACUERDO COMERCIAL CON EU"},"content":{"rendered":"\n<p>El vicepremier ministro Liu He dijo el jueves que China est\u00e1 dispuesta a alcanzar un acuerdo comercial con Estados Unidos en temas de inter\u00e9s mutuo para evitar una mayor escalada en las tensiones, inform\u00f3 la agencia de noticias estatal Xinhua.<\/p>\n\n\n\n<p>Liu, el m\u00e1ximo negociador comercial de China, hizo sus comentarios en Washington, donde se reuni\u00f3 con la nueva directora gerente del FMI, Kristalina Georgieva.<\/p>\n\n\n\n<p>\u201cLa delegaci\u00f3n china lleg\u00f3 con gran sinceridad, con la intenci\u00f3n de cooperar con Estados Unidos en el balance comercial, el acceso al mercado y la protecci\u00f3n de los inversores\u201d, sostuvo Liu seg\u00fan lo cit\u00f3 Xinhua.<\/p>\n\n\n\n<p>Liu remarc\u00f3 que China espera que la comunidad internacional trabaje junta para mantener la estabilidad y prosperidad global.<\/p>\n\n\n\n<p>Poco despu\u00e9s, el presidente de Estados Unidos, Donald Trump, sostuvo que se reunir\u00e1 con Liu el viernes.<\/p>\n\n\n\n<p>\u201cUn gran d\u00eda de negociaciones con China. Ellos quieren llegar a un acuerdo, pero \u00bfyo quiero? Me reunir\u00e9 ma\u00f1ana con el vicepremier chino en la Casa Blanca\u201d, sostuvo el mandatario en Twitter.<\/p>\n","protected":false},"excerpt":{"rendered":"<p>El vicepremier ministro Liu He dijo el jueves que China est\u00e1 dispuesta a alcanzar un acuerdo comercial con Estados Unidos&hellip;<\/p>\n","protected":false},"author":1,"featured_media":0,"comment_status":"open","ping_status":"open","sticky":false,"template":"","format":"standard","meta":{"footnotes":""},"categories":[9],"tags":[],"class_list":["post-192","post","type-post","status-publish","format-standard","hentry","category-internacional"],"yoast_head":"<!-- This site is optimized with the Yoast SEO plugin v27.5 - https:\/\/yoast.com\/product\/yoast-seo-wordpress\/ -->\n<title>SE ABRE CHINA A POSIBLE ACUERDO COMERCIAL CON EU - EL INFORMATIVO DE TAMAULIPAS<\/title>\n<meta name=\"description\" content=\"El vicepremier ministro Liu He dijo el jueves que China est\u00e1 dispuesta a alcanzar un acuerdo comercial con Estados Unidos en temas de inter\u00e9s mutuo para\" \/>\n<meta name=\"robots\" content=\"index, follow, max-snippet:-1, max-image-preview:large, max-video-preview:-1\" \/>\n<link rel=\"canonical\" href=\"https:\/\/elinformativotam.com\/index.php\/2019\/10\/10\/se-abre-china-a-posible-acuerdo-comercial-con-eu\/\" \/>\n<meta property=\"og:locale\" content=\"es_MX\" \/>\n<meta property=\"og:type\" content=\"article\" \/>\n<meta property=\"og:title\" content=\"SE ABRE CHINA A POSIBLE ACUERDO COMERCIAL CON EU - EL INFORMATIVO DE TAMAULIPAS\" \/>\n<meta property=\"og:description\" content=\"El vicepremier ministro Liu He dijo el jueves que China est\u00e1 dispuesta a alcanzar un acuerdo comercial con Estados Unidos en temas de inter\u00e9s mutuo para\" \/>\n<meta property=\"og:url\" content=\"https:\/\/elinformativotam.com\/index.php\/2019\/10\/10\/se-abre-china-a-posible-acuerdo-comercial-con-eu\/\" \/>\n<meta property=\"og:site_name\" content=\"EL INFORMATIVO DE TAMAULIPAS\" \/>\n<meta property=\"article:published_time\" content=\"2019-10-10T23:32:56+00:00\" \/>\n<meta property=\"article:modified_time\" content=\"2019-10-10T23:32:57+00:00\" \/>\n<meta name=\"author\" content=\"El Informativo Tam\" \/>\n<meta name=\"twitter:card\" content=\"summary_large_image\" \/>\n<meta name=\"twitter:label1\" content=\"Escrito por\" \/>\n\t<meta name=\"twitter:data1\" content=\"El Informativo Tam\" \/>\n\t<meta name=\"twitter:label2\" content=\"Tiempo de lectura\" \/>\n\t<meta name=\"twitter:data2\" content=\"1 minuto\" \/>\n<script type=\"application\/ld+json\" class=\"yoast-schema-graph\">{\"@context\":\"https:\\\/\\\/schema.org\",\"@graph\":[{\"@type\":\"Article\",\"@id\":\"https:\\\/\\\/elinformativotam.com\\\/index.php\\\/2019\\\/10\\\/10\\\/se-abre-china-a-posible-acuerdo-comercial-con-eu\\\/#article\",\"isPartOf\":{\"@id\":\"https:\\\/\\\/elinformativotam.com\\\/index.php\\\/2019\\\/10\\\/10\\\/se-abre-china-a-posible-acuerdo-comercial-con-eu\\\/\"},\"author\":{\"name\":\"El Informativo Tam\",\"@id\":\"https:\\\/\\\/elinformativotam.com\\\/#\\\/schema\\\/person\\\/78e08040eed0f6110f0c5f83b6153590\"},\"headline\":\"SE ABRE CHINA A POSIBLE ACUERDO COMERCIAL CON EU\",\"datePublished\":\"2019-10-10T23:32:56+00:00\",\"dateModified\":\"2019-10-10T23:32:57+00:00\",\"mainEntityOfPage\":{\"@id\":\"https:\\\/\\\/elinformativotam.com\\\/index.php\\\/2019\\\/10\\\/10\\\/se-abre-china-a-posible-acuerdo-comercial-con-eu\\\/\"},\"wordCount\":184,\"commentCount\":0,\"publisher\":{\"@id\":\"https:\\\/\\\/elinformativotam.com\\\/#organization\"},\"articleSection\":[\"Internacional\"],\"inLanguage\":\"es\",\"potentialAction\":[{\"@type\":\"CommentAction\",\"name\":\"Comment\",\"target\":[\"https:\\\/\\\/elinformativotam.com\\\/index.php\\\/2019\\\/10\\\/10\\\/se-abre-china-a-posible-acuerdo-comercial-con-eu\\\/#respond\"]}]},{\"@type\":\"WebPage\",\"@id\":\"https:\\\/\\\/elinformativotam.com\\\/index.php\\\/2019\\\/10\\\/10\\\/se-abre-china-a-posible-acuerdo-comercial-con-eu\\\/\",\"url\":\"https:\\\/\\\/elinformativotam.com\\\/index.php\\\/2019\\\/10\\\/10\\\/se-abre-china-a-posible-acuerdo-comercial-con-eu\\\/\",\"name\":\"SE ABRE CHINA A POSIBLE ACUERDO COMERCIAL CON EU - EL INFORMATIVO DE TAMAULIPAS\",\"isPartOf\":{\"@id\":\"https:\\\/\\\/elinformativotam.com\\\/#website\"},\"datePublished\":\"2019-10-10T23:32:56+00:00\",\"dateModified\":\"2019-10-10T23:32:57+00:00\",\"description\":\"El vicepremier ministro Liu He dijo el jueves que China est\u00e1 dispuesta a alcanzar un acuerdo comercial con Estados Unidos en temas de inter\u00e9s mutuo para\",\"inLanguage\":\"es\",\"potentialAction\":[{\"@type\":\"ReadAction\",\"target\":[\"https:\\\/\\\/elinformativotam.com\\\/index.php\\\/2019\\\/10\\\/10\\\/se-abre-china-a-posible-acuerdo-comercial-con-eu\\\/\"]}]},{\"@type\":\"WebSite\",\"@id\":\"https:\\\/\\\/elinformativotam.com\\\/#website\",\"url\":\"https:\\\/\\\/elinformativotam.com\\\/\",\"name\":\"EL INFORMATIVO DE TAMAULIPAS\",\"description\":\"Desde la Zona Metropolitana Para Todo M\u00e9xico\",\"publisher\":{\"@id\":\"https:\\\/\\\/elinformativotam.com\\\/#organization\"},\"potentialAction\":[{\"@type\":\"SearchAction\",\"target\":{\"@type\":\"EntryPoint\",\"urlTemplate\":\"https:\\\/\\\/elinformativotam.com\\\/?s={search_term_string}\"},\"query-input\":{\"@type\":\"PropertyValueSpecification\",\"valueRequired\":true,\"valueName\":\"search_term_string\"}}],\"inLanguage\":\"es\"},{\"@type\":\"Organization\",\"@id\":\"https:\\\/\\\/elinformativotam.com\\\/#organization\",\"name\":\"EL INFORMATIVO DE TAMAULIPAS\",\"url\":\"https:\\\/\\\/elinformativotam.com\\\/\",\"logo\":{\"@type\":\"ImageObject\",\"inLanguage\":\"es\",\"@id\":\"https:\\\/\\\/elinformativotam.com\\\/#\\\/schema\\\/logo\\\/image\\\/\",\"url\":\"https:\\\/\\\/elinformativotam.com\\\/wp-content\\\/uploads\\\/2026\\\/02\\\/Cabezal.png\",\"contentUrl\":\"https:\\\/\\\/elinformativotam.com\\\/wp-content\\\/uploads\\\/2026\\\/02\\\/Cabezal.png\",\"width\":960,\"height\":640,\"caption\":\"EL INFORMATIVO DE TAMAULIPAS\"},\"image\":{\"@id\":\"https:\\\/\\\/elinformativotam.com\\\/#\\\/schema\\\/logo\\\/image\\\/\"}},{\"@type\":\"Person\",\"@id\":\"https:\\\/\\\/elinformativotam.com\\\/#\\\/schema\\\/person\\\/78e08040eed0f6110f0c5f83b6153590\",\"name\":\"El Informativo Tam\",\"image\":{\"@type\":\"ImageObject\",\"inLanguage\":\"es\",\"@id\":\"https:\\\/\\\/secure.gravatar.com\\\/avatar\\\/f3b7ad3af540688955925ac610647be00b0cf41feea9c4978b73a707ee86bc53?s=96&d=mm&r=g\",\"url\":\"https:\\\/\\\/secure.gravatar.com\\\/avatar\\\/f3b7ad3af540688955925ac610647be00b0cf41feea9c4978b73a707ee86bc53?s=96&d=mm&r=g\",\"contentUrl\":\"https:\\\/\\\/secure.gravatar.com\\\/avatar\\\/f3b7ad3af540688955925ac610647be00b0cf41feea9c4978b73a707ee86bc53?s=96&d=mm&r=g\",\"caption\":\"El Informativo Tam\"}}]}<\/script>\n<!-- \/ Yoast SEO plugin. -->","yoast_head_json":{"title":"SE ABRE CHINA A POSIBLE ACUERDO COMERCIAL CON EU - EL INFORMATIVO DE TAMAULIPAS","description":"El vicepremier ministro Liu He dijo el jueves que China est\u00e1 dispuesta a alcanzar un acuerdo comercial con Estados Unidos en temas de inter\u00e9s mutuo para","robots":{"index":"index","follow":"follow","max-snippet":"max-snippet:-1","max-image-preview":"max-image-preview:large","max-video-preview":"max-video-preview:-1"},"canonical":"https:\/\/elinformativotam.com\/index.php\/2019\/10\/10\/se-abre-china-a-posible-acuerdo-comercial-con-eu\/","og_locale":"es_MX","og_type":"article","og_title":"SE ABRE CHINA A POSIBLE ACUERDO COMERCIAL CON EU - EL INFORMATIVO DE TAMAULIPAS","og_description":"El vicepremier ministro Liu He dijo el jueves que China est\u00e1 dispuesta a alcanzar un acuerdo comercial con Estados Unidos en temas de inter\u00e9s mutuo para","og_url":"https:\/\/elinformativotam.com\/index.php\/2019\/10\/10\/se-abre-china-a-posible-acuerdo-comercial-con-eu\/","og_site_name":"EL INFORMATIVO DE TAMAULIPAS","article_published_time":"2019-10-10T23:32:56+00:00","article_modified_time":"2019-10-10T23:32:57+00:00","author":"El Informativo Tam","twitter_card":"summary_large_image","twitter_misc":{"Escrito por":"El Informativo Tam","Tiempo de lectura":"1 minuto"},"schema":{"@context":"https:\/\/schema.org","@graph":[{"@type":"Article","@id":"https:\/\/elinformativotam.com\/index.php\/2019\/10\/10\/se-abre-china-a-posible-acuerdo-comercial-con-eu\/#article","isPartOf":{"@id":"https:\/\/elinformativotam.com\/index.php\/2019\/10\/10\/se-abre-china-a-posible-acuerdo-comercial-con-eu\/"},"author":{"name":"El Informativo Tam","@id":"https:\/\/elinformativotam.com\/#\/schema\/person\/78e08040eed0f6110f0c5f83b6153590"},"headline":"SE ABRE CHINA A POSIBLE ACUERDO COMERCIAL CON EU","datePublished":"2019-10-10T23:32:56+00:00","dateModified":"2019-10-10T23:32:57+00:00","mainEntityOfPage":{"@id":"https:\/\/elinformativotam.com\/index.php\/2019\/10\/10\/se-abre-china-a-posible-acuerdo-comercial-con-eu\/"},"wordCount":184,"commentCount":0,"publisher":{"@id":"https:\/\/elinformativotam.com\/#organization"},"articleSection":["Internacional"],"inLanguage":"es","potentialAction":[{"@type":"CommentAction","name":"Comment","target":["https:\/\/elinformativotam.com\/index.php\/2019\/10\/10\/se-abre-china-a-posible-acuerdo-comercial-con-eu\/#respond"]}]},{"@type":"WebPage","@id":"https:\/\/elinformativotam.com\/index.php\/2019\/10\/10\/se-abre-china-a-posible-acuerdo-comercial-con-eu\/","url":"https:\/\/elinformativotam.com\/index.php\/2019\/10\/10\/se-abre-china-a-posible-acuerdo-comercial-con-eu\/","name":"SE ABRE CHINA A POSIBLE ACUERDO COMERCIAL CON EU - EL INFORMATIVO DE TAMAULIPAS","isPartOf":{"@id":"https:\/\/elinformativotam.com\/#website"},"datePublished":"2019-10-10T23:32:56+00:00","dateModified":"2019-10-10T23:32:57+00:00","description":"El vicepremier ministro Liu He dijo el jueves que China est\u00e1 dispuesta a alcanzar un acuerdo comercial con Estados Unidos en temas de inter\u00e9s mutuo para","inLanguage":"es","potentialAction":[{"@type":"ReadAction","target":["https:\/\/elinformativotam.com\/index.php\/2019\/10\/10\/se-abre-china-a-posible-acuerdo-comercial-con-eu\/"]}]},{"@type":"WebSite","@id":"https:\/\/elinformativotam.com\/#website","url":"https:\/\/elinformativotam.com\/","name":"EL INFORMATIVO DE TAMAULIPAS","description":"Desde la Zona Metropolitana Para Todo M\u00e9xico","publisher":{"@id":"https:\/\/elinformativotam.com\/#organization"},"potentialAction":[{"@type":"SearchAction","target":{"@type":"EntryPoint","urlTemplate":"https:\/\/elinformativotam.com\/?s={search_term_string}"},"query-input":{"@type":"PropertyValueSpecification","valueRequired":true,"valueName":"search_term_string"}}],"inLanguage":"es"},{"@type":"Organization","@id":"https:\/\/elinformativotam.com\/#organization","name":"EL INFORMATIVO DE TAMAULIPAS","url":"https:\/\/elinformativotam.com\/","logo":{"@type":"ImageObject","inLanguage":"es","@id":"https:\/\/elinformativotam.com\/#\/schema\/logo\/image\/","url":"https:\/\/elinformativotam.com\/wp-content\/uploads\/2026\/02\/Cabezal.png","contentUrl":"https:\/\/elinformativotam.com\/wp-content\/uploads\/2026\/02\/Cabezal.png","width":960,"height":640,"caption":"EL INFORMATIVO DE TAMAULIPAS"},"image":{"@id":"https:\/\/elinformativotam.com\/#\/schema\/logo\/image\/"}},{"@type":"Person","@id":"https:\/\/elinformativotam.com\/#\/schema\/person\/78e08040eed0f6110f0c5f83b6153590","name":"El Informativo Tam","image":{"@type":"ImageObject","inLanguage":"es","@id":"https:\/\/secure.gravatar.com\/avatar\/f3b7ad3af540688955925ac610647be00b0cf41feea9c4978b73a707ee86bc53?s=96&d=mm&r=g","url":"https:\/\/secure.gravatar.com\/avatar\/f3b7ad3af540688955925ac610647be00b0cf41feea9c4978b73a707ee86bc53?s=96&d=mm&r=g","contentUrl":"https:\/\/secure.gravatar.com\/avatar\/f3b7ad3af540688955925ac610647be00b0cf41feea9c4978b73a707ee86bc53?s=96&d=mm&r=g","caption":"El Informativo Tam"}}]}},"_links":{"self":[{"href":"https:\/\/elinformativotam.com\/index.php\/wp-json\/wp\/v2\/posts\/192","targetHints":{"allow":["GET"]}}],"collection":[{"href":"https:\/\/elinformativotam.com\/index.php\/wp-json\/wp\/v2\/posts"}],"about":[{"href":"https:\/\/elinformativotam.com\/index.php\/wp-json\/wp\/v2\/types\/post"}],"author":[{"embeddable":true,"href":"https:\/\/elinformativotam.com\/index.php\/wp-json\/wp\/v2\/users\/1"}],"replies":[{"embeddable":true,"href":"https:\/\/elinformativotam.com\/index.php\/wp-json\/wp\/v2\/comments?post=192"}],"version-history":[{"count":0,"href":"https:\/\/elinformativotam.com\/index.php\/wp-json\/wp\/v2\/posts\/192\/revisions"}],"wp:attachment":[{"href":"https:\/\/elinformativotam.com\/index.php\/wp-json\/wp\/v2\/media?parent=192"}],"wp:term":[{"taxonomy":"category","embeddable":true,"href":"https:\/\/elinformativotam.com\/index.php\/wp-json\/wp\/v2\/categories?post=192"},{"taxonomy":"post_tag","embeddable":true,"href":"https:\/\/elinformativotam.com\/index.php\/wp-json\/wp\/v2\/tags?post=192"}],"curies":[{"name":"wp","href":"https:\/\/api.w.org\/{rel}","templated":true}]}}