{"id":176,"date":"2019-10-10T07:03:28","date_gmt":"2019-10-10T13:03:28","guid":{"rendered":"http:\/\/elinformativotam.com\/?p=176"},"modified":"2019-10-10T07:03:30","modified_gmt":"2019-10-10T13:03:30","slug":"entrega-material-para-el-mejoramiento-fisico-de-la-secundaria-general-numero-8","status":"publish","type":"post","link":"https:\/\/elinformativotam.com\/index.php\/2019\/10\/10\/entrega-material-para-el-mejoramiento-fisico-de-la-secundaria-general-numero-8\/","title":{"rendered":"Entrega Material Para el Mejoramiento F\u00edsico de la Secundaria General N\u00famero 8"},"content":{"rendered":"\n<p><strong><em>*El Presidente Municipal Chucho Nader entreg\u00f3 este mi\u00e9rcoles un nuevo paquete de material de pintura.<\/em><\/strong><\/p>\n\n\n\n<p>El Presidente Municipal Chucho Nader entreg\u00f3 este mi\u00e9rcoles\nun nuevo paquete de material de pintura, \u00fatiles escolares y luminarias a la\nescuela secundaria general n\u00famero 8 &#8220;Profesor Rigoberto Castillo\nMireles&#8221; ubicada en la colonia Tancol, dentro del programa de\nmantenimiento a la infraestructura escolar que lleva a cabo la administraci\u00f3n\nmunicipal en coordinaci\u00f3n con el Gobierno del Estado.<\/p>\n\n\n\n<p>El jefe de la comuna acompa\u00f1ado por la Regidora Presidente\nde la Comisi\u00f3n de Educaci\u00f3n, Nora G\u00f3mez Gonz\u00e1lez; el Secretario de Educaci\u00f3n en\nel municipio, Rogelio Carlos Caballero Silva; la titular del Centro Regional de\nDesarrollo Educativo, Ana Bertha V\u00e1zquez Hern\u00e1ndez y por el coordinador de\nSecretarios Generales del SNTE, Jaime Olvera C\u00e1rdenas, se\u00f1al\u00f3 que el respaldo\ndel Gobierno del Estado ha sido esencial para el mejoramiento de muchas de las\nescuelas del nivel b\u00e1sico.<\/p>\n\n\n\n<p>&#8220;Estamos poniendo en marcha, junto al Gobierno del\nEstado, un programa de apoyo al sector educativo y lo estamos llevando a cabo\nen distintas escuelas, con la entrega de material de pintura,\nimpermeabilizaci\u00f3n, y material diverso para que beneficiar a la mayor cantidad\nde planteles&#8221;, dijo el alcalde, acompa\u00f1ado tambi\u00e9n por su cuerpo de\nRegidores.<\/p>\n\n\n\n<p>Expres\u00f3 que adem\u00e1s de la rehabilitaci\u00f3n de las instituciones\neducativas, se han destinado recursos para la adquisici\u00f3n e instalaci\u00f3n de\nequipos de aire acondicionado, construcci\u00f3n y mantenimiento de techumbres,\nmejoramiento en espacios deportivos, recreativos y c\u00edvicos, adem\u00e1s de \u00e1reas\nverdes, y sitios de convivencia.<\/p>\n\n\n\n<p>&#8220;Estamos mejorando las condiciones f\u00edsicas de todas las\nescuelas bajo la premisa de que es ah\u00ed, donde se construye el futuro de Tampico\ny de Tamaulipas&#8221;, se\u00f1al\u00f3.<\/p>\n\n\n\n<p>Nader Nasrallah explic\u00f3 que con el apoyo del Gobernador\nFrancisco Garc\u00eda Cabeza de Vaca, a trav\u00e9s del Instituto Tamaulipeco de\nInfraestructura F\u00edsica Educativa -ITIFE- se han logrado optimizar las\ncondiciones en que miles de alumnos reciben su educaci\u00f3n b\u00e1sica.<\/p>\n\n\n\n<p>&#8220;Estamos entregando mochilas, mobiliario escolar,\nclimas, y llevando a cabo la construcci\u00f3n de techumbres, desayunadores\nescolares, aulas y diversos espacios para la modernizaci\u00f3n de la escuelas, en\nun esfuerzo que hacemos en coordinaci\u00f3n con el Gobierno del Estado y con\nrecursos municipales&#8221;, detall\u00f3.<\/p>\n\n\n\n<p>El mandatario subray\u00f3 que de la Federaci\u00f3n ha sido limitado los\nrecursos obtenido para mejorar las escuelas, por lo que confi\u00f3 en que el\npresupuesto federal de 2020 incluya un incremento considerable para el\nmejoramiento de los estados y municipios.<\/p>\n","protected":false},"excerpt":{"rendered":"<p>*El Presidente Municipal Chucho Nader entreg\u00f3 este mi\u00e9rcoles un nuevo paquete de material de pintura. El Presidente Municipal Chucho Nader&hellip;<\/p>\n","protected":false},"author":1,"featured_media":0,"comment_status":"open","ping_status":"open","sticky":false,"template":"","format":"standard","meta":{"footnotes":""},"categories":[3],"tags":[],"class_list":["post-176","post","type-post","status-publish","format-standard","hentry","category-tampico"],"yoast_head":"<!-- This site is optimized with the Yoast SEO plugin v27.5 - https:\/\/yoast.com\/product\/yoast-seo-wordpress\/ -->\n<title>Entrega Material Para el Mejoramiento F\u00edsico de la Secundaria General N\u00famero 8 - EL INFORMATIVO DE TAMAULIPAS<\/title>\n<meta name=\"description\" content=\"*El Presidente Municipal Chucho Nader entreg\u00f3 este mi\u00e9rcoles un nuevo paquete de material de pintura. El Presidente Municipal Chucho Nader entreg\u00f3 este\" \/>\n<meta name=\"robots\" content=\"index, follow, max-snippet:-1, max-image-preview:large, max-video-preview:-1\" \/>\n<link rel=\"canonical\" href=\"https:\/\/elinformativotam.com\/index.php\/2019\/10\/10\/entrega-material-para-el-mejoramiento-fisico-de-la-secundaria-general-numero-8\/\" \/>\n<meta property=\"og:locale\" content=\"es_MX\" \/>\n<meta property=\"og:type\" content=\"article\" \/>\n<meta property=\"og:title\" content=\"Entrega Material Para el Mejoramiento F\u00edsico de la Secundaria General N\u00famero 8 - EL INFORMATIVO DE TAMAULIPAS\" \/>\n<meta property=\"og:description\" content=\"*El Presidente Municipal Chucho Nader entreg\u00f3 este mi\u00e9rcoles un nuevo paquete de material de pintura. El Presidente Municipal Chucho Nader entreg\u00f3 este\" \/>\n<meta property=\"og:url\" content=\"https:\/\/elinformativotam.com\/index.php\/2019\/10\/10\/entrega-material-para-el-mejoramiento-fisico-de-la-secundaria-general-numero-8\/\" \/>\n<meta property=\"og:site_name\" content=\"EL INFORMATIVO DE TAMAULIPAS\" \/>\n<meta property=\"article:published_time\" content=\"2019-10-10T13:03:28+00:00\" \/>\n<meta property=\"article:modified_time\" content=\"2019-10-10T13:03:30+00:00\" \/>\n<meta name=\"author\" content=\"El Informativo Tam\" \/>\n<meta name=\"twitter:card\" content=\"summary_large_image\" \/>\n<meta name=\"twitter:label1\" content=\"Escrito por\" \/>\n\t<meta name=\"twitter:data1\" content=\"El Informativo Tam\" \/>\n\t<meta name=\"twitter:label2\" content=\"Tiempo de lectura\" \/>\n\t<meta name=\"twitter:data2\" content=\"2 minutos\" \/>\n<script type=\"application\/ld+json\" class=\"yoast-schema-graph\">{\"@context\":\"https:\\\/\\\/schema.org\",\"@graph\":[{\"@type\":\"Article\",\"@id\":\"https:\\\/\\\/elinformativotam.com\\\/index.php\\\/2019\\\/10\\\/10\\\/entrega-material-para-el-mejoramiento-fisico-de-la-secundaria-general-numero-8\\\/#article\",\"isPartOf\":{\"@id\":\"https:\\\/\\\/elinformativotam.com\\\/index.php\\\/2019\\\/10\\\/10\\\/entrega-material-para-el-mejoramiento-fisico-de-la-secundaria-general-numero-8\\\/\"},\"author\":{\"name\":\"El Informativo Tam\",\"@id\":\"https:\\\/\\\/elinformativotam.com\\\/#\\\/schema\\\/person\\\/78e08040eed0f6110f0c5f83b6153590\"},\"headline\":\"Entrega Material Para el Mejoramiento F\u00edsico de la Secundaria General N\u00famero 8\",\"datePublished\":\"2019-10-10T13:03:28+00:00\",\"dateModified\":\"2019-10-10T13:03:30+00:00\",\"mainEntityOfPage\":{\"@id\":\"https:\\\/\\\/elinformativotam.com\\\/index.php\\\/2019\\\/10\\\/10\\\/entrega-material-para-el-mejoramiento-fisico-de-la-secundaria-general-numero-8\\\/\"},\"wordCount\":444,\"commentCount\":0,\"publisher\":{\"@id\":\"https:\\\/\\\/elinformativotam.com\\\/#organization\"},\"articleSection\":[\"Tampico\"],\"inLanguage\":\"es\",\"potentialAction\":[{\"@type\":\"CommentAction\",\"name\":\"Comment\",\"target\":[\"https:\\\/\\\/elinformativotam.com\\\/index.php\\\/2019\\\/10\\\/10\\\/entrega-material-para-el-mejoramiento-fisico-de-la-secundaria-general-numero-8\\\/#respond\"]}]},{\"@type\":\"WebPage\",\"@id\":\"https:\\\/\\\/elinformativotam.com\\\/index.php\\\/2019\\\/10\\\/10\\\/entrega-material-para-el-mejoramiento-fisico-de-la-secundaria-general-numero-8\\\/\",\"url\":\"https:\\\/\\\/elinformativotam.com\\\/index.php\\\/2019\\\/10\\\/10\\\/entrega-material-para-el-mejoramiento-fisico-de-la-secundaria-general-numero-8\\\/\",\"name\":\"Entrega Material Para el Mejoramiento F\u00edsico de la Secundaria General N\u00famero 8 - EL INFORMATIVO DE TAMAULIPAS\",\"isPartOf\":{\"@id\":\"https:\\\/\\\/elinformativotam.com\\\/#website\"},\"datePublished\":\"2019-10-10T13:03:28+00:00\",\"dateModified\":\"2019-10-10T13:03:30+00:00\",\"description\":\"*El Presidente Municipal Chucho Nader entreg\u00f3 este mi\u00e9rcoles un nuevo paquete de material de pintura. El Presidente Municipal Chucho Nader entreg\u00f3 este\",\"inLanguage\":\"es\",\"potentialAction\":[{\"@type\":\"ReadAction\",\"target\":[\"https:\\\/\\\/elinformativotam.com\\\/index.php\\\/2019\\\/10\\\/10\\\/entrega-material-para-el-mejoramiento-fisico-de-la-secundaria-general-numero-8\\\/\"]}]},{\"@type\":\"WebSite\",\"@id\":\"https:\\\/\\\/elinformativotam.com\\\/#website\",\"url\":\"https:\\\/\\\/elinformativotam.com\\\/\",\"name\":\"EL INFORMATIVO DE TAMAULIPAS\",\"description\":\"Desde la Zona Metropolitana Para Todo M\u00e9xico\",\"publisher\":{\"@id\":\"https:\\\/\\\/elinformativotam.com\\\/#organization\"},\"potentialAction\":[{\"@type\":\"SearchAction\",\"target\":{\"@type\":\"EntryPoint\",\"urlTemplate\":\"https:\\\/\\\/elinformativotam.com\\\/?s={search_term_string}\"},\"query-input\":{\"@type\":\"PropertyValueSpecification\",\"valueRequired\":true,\"valueName\":\"search_term_string\"}}],\"inLanguage\":\"es\"},{\"@type\":\"Organization\",\"@id\":\"https:\\\/\\\/elinformativotam.com\\\/#organization\",\"name\":\"EL INFORMATIVO DE TAMAULIPAS\",\"url\":\"https:\\\/\\\/elinformativotam.com\\\/\",\"logo\":{\"@type\":\"ImageObject\",\"inLanguage\":\"es\",\"@id\":\"https:\\\/\\\/elinformativotam.com\\\/#\\\/schema\\\/logo\\\/image\\\/\",\"url\":\"https:\\\/\\\/elinformativotam.com\\\/wp-content\\\/uploads\\\/2026\\\/02\\\/Cabezal.png\",\"contentUrl\":\"https:\\\/\\\/elinformativotam.com\\\/wp-content\\\/uploads\\\/2026\\\/02\\\/Cabezal.png\",\"width\":960,\"height\":640,\"caption\":\"EL INFORMATIVO DE TAMAULIPAS\"},\"image\":{\"@id\":\"https:\\\/\\\/elinformativotam.com\\\/#\\\/schema\\\/logo\\\/image\\\/\"}},{\"@type\":\"Person\",\"@id\":\"https:\\\/\\\/elinformativotam.com\\\/#\\\/schema\\\/person\\\/78e08040eed0f6110f0c5f83b6153590\",\"name\":\"El Informativo Tam\",\"image\":{\"@type\":\"ImageObject\",\"inLanguage\":\"es\",\"@id\":\"https:\\\/\\\/secure.gravatar.com\\\/avatar\\\/f3b7ad3af540688955925ac610647be00b0cf41feea9c4978b73a707ee86bc53?s=96&d=mm&r=g\",\"url\":\"https:\\\/\\\/secure.gravatar.com\\\/avatar\\\/f3b7ad3af540688955925ac610647be00b0cf41feea9c4978b73a707ee86bc53?s=96&d=mm&r=g\",\"contentUrl\":\"https:\\\/\\\/secure.gravatar.com\\\/avatar\\\/f3b7ad3af540688955925ac610647be00b0cf41feea9c4978b73a707ee86bc53?s=96&d=mm&r=g\",\"caption\":\"El Informativo Tam\"}}]}<\/script>\n<!-- \/ Yoast SEO plugin. -->","yoast_head_json":{"title":"Entrega Material Para el Mejoramiento F\u00edsico de la Secundaria General N\u00famero 8 - EL INFORMATIVO DE TAMAULIPAS","description":"*El Presidente Municipal Chucho Nader entreg\u00f3 este mi\u00e9rcoles un nuevo paquete de material de pintura. El Presidente Municipal Chucho Nader entreg\u00f3 este","robots":{"index":"index","follow":"follow","max-snippet":"max-snippet:-1","max-image-preview":"max-image-preview:large","max-video-preview":"max-video-preview:-1"},"canonical":"https:\/\/elinformativotam.com\/index.php\/2019\/10\/10\/entrega-material-para-el-mejoramiento-fisico-de-la-secundaria-general-numero-8\/","og_locale":"es_MX","og_type":"article","og_title":"Entrega Material Para el Mejoramiento F\u00edsico de la Secundaria General N\u00famero 8 - EL INFORMATIVO DE TAMAULIPAS","og_description":"*El Presidente Municipal Chucho Nader entreg\u00f3 este mi\u00e9rcoles un nuevo paquete de material de pintura. El Presidente Municipal Chucho Nader entreg\u00f3 este","og_url":"https:\/\/elinformativotam.com\/index.php\/2019\/10\/10\/entrega-material-para-el-mejoramiento-fisico-de-la-secundaria-general-numero-8\/","og_site_name":"EL INFORMATIVO DE TAMAULIPAS","article_published_time":"2019-10-10T13:03:28+00:00","article_modified_time":"2019-10-10T13:03:30+00:00","author":"El Informativo Tam","twitter_card":"summary_large_image","twitter_misc":{"Escrito por":"El Informativo Tam","Tiempo de lectura":"2 minutos"},"schema":{"@context":"https:\/\/schema.org","@graph":[{"@type":"Article","@id":"https:\/\/elinformativotam.com\/index.php\/2019\/10\/10\/entrega-material-para-el-mejoramiento-fisico-de-la-secundaria-general-numero-8\/#article","isPartOf":{"@id":"https:\/\/elinformativotam.com\/index.php\/2019\/10\/10\/entrega-material-para-el-mejoramiento-fisico-de-la-secundaria-general-numero-8\/"},"author":{"name":"El Informativo Tam","@id":"https:\/\/elinformativotam.com\/#\/schema\/person\/78e08040eed0f6110f0c5f83b6153590"},"headline":"Entrega Material Para el Mejoramiento F\u00edsico de la Secundaria General N\u00famero 8","datePublished":"2019-10-10T13:03:28+00:00","dateModified":"2019-10-10T13:03:30+00:00","mainEntityOfPage":{"@id":"https:\/\/elinformativotam.com\/index.php\/2019\/10\/10\/entrega-material-para-el-mejoramiento-fisico-de-la-secundaria-general-numero-8\/"},"wordCount":444,"commentCount":0,"publisher":{"@id":"https:\/\/elinformativotam.com\/#organization"},"articleSection":["Tampico"],"inLanguage":"es","potentialAction":[{"@type":"CommentAction","name":"Comment","target":["https:\/\/elinformativotam.com\/index.php\/2019\/10\/10\/entrega-material-para-el-mejoramiento-fisico-de-la-secundaria-general-numero-8\/#respond"]}]},{"@type":"WebPage","@id":"https:\/\/elinformativotam.com\/index.php\/2019\/10\/10\/entrega-material-para-el-mejoramiento-fisico-de-la-secundaria-general-numero-8\/","url":"https:\/\/elinformativotam.com\/index.php\/2019\/10\/10\/entrega-material-para-el-mejoramiento-fisico-de-la-secundaria-general-numero-8\/","name":"Entrega Material Para el Mejoramiento F\u00edsico de la Secundaria General N\u00famero 8 - EL INFORMATIVO DE TAMAULIPAS","isPartOf":{"@id":"https:\/\/elinformativotam.com\/#website"},"datePublished":"2019-10-10T13:03:28+00:00","dateModified":"2019-10-10T13:03:30+00:00","description":"*El Presidente Municipal Chucho Nader entreg\u00f3 este mi\u00e9rcoles un nuevo paquete de material de pintura. El Presidente Municipal Chucho Nader entreg\u00f3 este","inLanguage":"es","potentialAction":[{"@type":"ReadAction","target":["https:\/\/elinformativotam.com\/index.php\/2019\/10\/10\/entrega-material-para-el-mejoramiento-fisico-de-la-secundaria-general-numero-8\/"]}]},{"@type":"WebSite","@id":"https:\/\/elinformativotam.com\/#website","url":"https:\/\/elinformativotam.com\/","name":"EL INFORMATIVO DE TAMAULIPAS","description":"Desde la Zona Metropolitana Para Todo M\u00e9xico","publisher":{"@id":"https:\/\/elinformativotam.com\/#organization"},"potentialAction":[{"@type":"SearchAction","target":{"@type":"EntryPoint","urlTemplate":"https:\/\/elinformativotam.com\/?s={search_term_string}"},"query-input":{"@type":"PropertyValueSpecification","valueRequired":true,"valueName":"search_term_string"}}],"inLanguage":"es"},{"@type":"Organization","@id":"https:\/\/elinformativotam.com\/#organization","name":"EL INFORMATIVO DE TAMAULIPAS","url":"https:\/\/elinformativotam.com\/","logo":{"@type":"ImageObject","inLanguage":"es","@id":"https:\/\/elinformativotam.com\/#\/schema\/logo\/image\/","url":"https:\/\/elinformativotam.com\/wp-content\/uploads\/2026\/02\/Cabezal.png","contentUrl":"https:\/\/elinformativotam.com\/wp-content\/uploads\/2026\/02\/Cabezal.png","width":960,"height":640,"caption":"EL INFORMATIVO DE TAMAULIPAS"},"image":{"@id":"https:\/\/elinformativotam.com\/#\/schema\/logo\/image\/"}},{"@type":"Person","@id":"https:\/\/elinformativotam.com\/#\/schema\/person\/78e08040eed0f6110f0c5f83b6153590","name":"El Informativo Tam","image":{"@type":"ImageObject","inLanguage":"es","@id":"https:\/\/secure.gravatar.com\/avatar\/f3b7ad3af540688955925ac610647be00b0cf41feea9c4978b73a707ee86bc53?s=96&d=mm&r=g","url":"https:\/\/secure.gravatar.com\/avatar\/f3b7ad3af540688955925ac610647be00b0cf41feea9c4978b73a707ee86bc53?s=96&d=mm&r=g","contentUrl":"https:\/\/secure.gravatar.com\/avatar\/f3b7ad3af540688955925ac610647be00b0cf41feea9c4978b73a707ee86bc53?s=96&d=mm&r=g","caption":"El Informativo Tam"}}]}},"_links":{"self":[{"href":"https:\/\/elinformativotam.com\/index.php\/wp-json\/wp\/v2\/posts\/176","targetHints":{"allow":["GET"]}}],"collection":[{"href":"https:\/\/elinformativotam.com\/index.php\/wp-json\/wp\/v2\/posts"}],"about":[{"href":"https:\/\/elinformativotam.com\/index.php\/wp-json\/wp\/v2\/types\/post"}],"author":[{"embeddable":true,"href":"https:\/\/elinformativotam.com\/index.php\/wp-json\/wp\/v2\/users\/1"}],"replies":[{"embeddable":true,"href":"https:\/\/elinformativotam.com\/index.php\/wp-json\/wp\/v2\/comments?post=176"}],"version-history":[{"count":0,"href":"https:\/\/elinformativotam.com\/index.php\/wp-json\/wp\/v2\/posts\/176\/revisions"}],"wp:attachment":[{"href":"https:\/\/elinformativotam.com\/index.php\/wp-json\/wp\/v2\/media?parent=176"}],"wp:term":[{"taxonomy":"category","embeddable":true,"href":"https:\/\/elinformativotam.com\/index.php\/wp-json\/wp\/v2\/categories?post=176"},{"taxonomy":"post_tag","embeddable":true,"href":"https:\/\/elinformativotam.com\/index.php\/wp-json\/wp\/v2\/tags?post=176"}],"curies":[{"name":"wp","href":"https:\/\/api.w.org\/{rel}","templated":true}]}}