{"id":16983,"date":"2021-04-02T19:26:39","date_gmt":"2021-04-03T01:26:39","guid":{"rendered":"https:\/\/elinformativotam.com\/?p=16983"},"modified":"2021-04-02T19:26:39","modified_gmt":"2021-04-03T01:26:39","slug":"en-microbus-llegan-familias-de-saltillo-y-monterrey-a-disfrutar-miramar","status":"publish","type":"post","link":"https:\/\/elinformativotam.com\/index.php\/2021\/04\/02\/en-microbus-llegan-familias-de-saltillo-y-monterrey-a-disfrutar-miramar\/","title":{"rendered":"EN MICROB\u00daS LLEGAN FAMILIAS DE SALTILLO Y MONTERREY A DISFRUTAR MIRAMAR."},"content":{"rendered":"<p><em>Cd. Madero, Tamaulipas.- Una familia, cuyos integrantes provienen del Saltillo, Coahuila y Monterrey, Nuevo Le\u00f3n, decidieron realizar su viaje de vacaciones de semana asanta a playa Miramar, por lo que arribaron a la zona am\u00e9n un microb\u00fas.<\/em><\/p>\n<p><em>\u00a0<\/em><\/p>\n<p><em>La unidad, que fue bautizada con el nombre de &#8220;Guiligan&#8221;, fue acondicionado con dormitorios, cocina, ba\u00f1o, frigobar y se abastece de energ\u00eda el\u00e9ctrica por medio de dos paneles solares.<\/em><\/p>\n<p><em>\u00a0<\/em><\/p>\n<p><em>Santiago Flores Herrera, propietario y conductor de esta unidad modelo 93, dijo que invirti\u00f3 alrededor de 40 mil pesos para acondicionarla con todo lo necesario para viajar con sus seres queridos a diversas partes de la Rep\u00fablica Mexicana.<\/em><\/p>\n<p><em>\u00a0<\/em><\/p>\n<p><em>&#8220;Venimos de Monterrey, as\u00ed como de Saltillo, con mi esposa, hija, yerno, nietos y venimos a pasar un ratito feliz ac\u00e1&#8221;.<\/em><\/p>\n<p><em>\u00a0<\/em><\/p>\n<p><em>Mencion\u00f3 que el veh\u00edculo lo compraron especialmente para realizar viajes, pero estaba pr\u00e1cticamente desmantelada y poco a poco, le han invertido para tenerla lista.<\/em><\/p>\n<p><em>\u00a0<\/em><\/p>\n<p><em>Mencion\u00f3 que ya ten\u00edan todo preparado para visitar playa Miramar, pues reservaron con anticipaci\u00f3n y no pensaron que habr\u00eda mal clima, pero esto, no fue impedimento para que disfrutaran las aguas del Golfo de M\u00e9xico.<\/em><\/p>\n<p><em>\u00a0<\/em><\/p>\n<p><em>Expres\u00f3 que se hicieron siete horas de viaje, resaltando la seguridad en la carretera, pues fueron escoltados por unidades de la Polic\u00eda Federal y de la Marina.<\/em><\/p>\n<p><em>\u00a0<\/em><\/p>\n<p><em>A\u00f1adi\u00f3 que \u00e9l y su familia tienen miedo al coronavirus, pero quer\u00edan visitar el mar en familia, por lo que tomaron todas las precauciones para poder disfrutar un viernes santo en playa Miramar, aunque el clima no sea el adecuado.<\/em><\/p>\n","protected":false},"excerpt":{"rendered":"<p>Cd. Madero, Tamaulipas.- Una familia, cuyos integrantes provienen del Saltillo, Coahuila y Monterrey, Nuevo Le\u00f3n, decidieron realizar su viaje de&hellip;<\/p>\n","protected":false},"author":1,"featured_media":16984,"comment_status":"open","ping_status":"open","sticky":false,"template":"","format":"standard","meta":{"footnotes":""},"categories":[4],"tags":[],"class_list":["post-16983","post","type-post","status-publish","format-standard","has-post-thumbnail","hentry","category-madero"],"yoast_head":"<!-- This site is optimized with the Yoast SEO plugin v27.4 - https:\/\/yoast.com\/product\/yoast-seo-wordpress\/ -->\n<title>EN MICROB\u00daS LLEGAN FAMILIAS DE SALTILLO Y MONTERREY A DISFRUTAR MIRAMAR. - EL INFORMATIVO DE TAMAULIPAS<\/title>\n<meta name=\"description\" content=\"Cd. Madero, Tamaulipas.- Una familia, cuyos integrantes provienen del Saltillo, Coahuila y Monterrey, Nuevo Le\u00f3n, decidieron realizar su viaje de\" \/>\n<meta name=\"robots\" content=\"index, follow, max-snippet:-1, max-image-preview:large, max-video-preview:-1\" \/>\n<link rel=\"canonical\" href=\"https:\/\/elinformativotam.com\/index.php\/2021\/04\/02\/en-microbus-llegan-familias-de-saltillo-y-monterrey-a-disfrutar-miramar\/\" \/>\n<meta property=\"og:locale\" content=\"es_MX\" \/>\n<meta property=\"og:type\" content=\"article\" \/>\n<meta property=\"og:title\" content=\"EN MICROB\u00daS LLEGAN FAMILIAS DE SALTILLO Y MONTERREY A DISFRUTAR MIRAMAR. - EL INFORMATIVO DE TAMAULIPAS\" \/>\n<meta property=\"og:description\" content=\"Cd. Madero, Tamaulipas.- Una familia, cuyos integrantes provienen del Saltillo, Coahuila y Monterrey, Nuevo Le\u00f3n, decidieron realizar su viaje de\" \/>\n<meta property=\"og:url\" content=\"https:\/\/elinformativotam.com\/index.php\/2021\/04\/02\/en-microbus-llegan-familias-de-saltillo-y-monterrey-a-disfrutar-miramar\/\" \/>\n<meta property=\"og:site_name\" content=\"EL INFORMATIVO DE TAMAULIPAS\" \/>\n<meta property=\"article:published_time\" content=\"2021-04-03T01:26:39+00:00\" \/>\n<meta property=\"og:image\" content=\"https:\/\/elinformativotam.com\/wp-content\/uploads\/2021\/04\/Microbus.jpg\" \/>\n\t<meta property=\"og:image:width\" content=\"1024\" \/>\n\t<meta property=\"og:image:height\" content=\"768\" \/>\n\t<meta property=\"og:image:type\" content=\"image\/jpeg\" \/>\n<meta name=\"author\" content=\"El Informativo Tam\" \/>\n<meta name=\"twitter:card\" content=\"summary_large_image\" \/>\n<meta name=\"twitter:label1\" content=\"Escrito por\" \/>\n\t<meta name=\"twitter:data1\" content=\"El Informativo Tam\" \/>\n\t<meta name=\"twitter:label2\" content=\"Tiempo de lectura\" \/>\n\t<meta name=\"twitter:data2\" content=\"2 minutos\" \/>\n<script type=\"application\/ld+json\" class=\"yoast-schema-graph\">{\"@context\":\"https:\\\/\\\/schema.org\",\"@graph\":[{\"@type\":\"Article\",\"@id\":\"https:\\\/\\\/elinformativotam.com\\\/index.php\\\/2021\\\/04\\\/02\\\/en-microbus-llegan-familias-de-saltillo-y-monterrey-a-disfrutar-miramar\\\/#article\",\"isPartOf\":{\"@id\":\"https:\\\/\\\/elinformativotam.com\\\/index.php\\\/2021\\\/04\\\/02\\\/en-microbus-llegan-familias-de-saltillo-y-monterrey-a-disfrutar-miramar\\\/\"},\"author\":{\"name\":\"El Informativo Tam\",\"@id\":\"https:\\\/\\\/elinformativotam.com\\\/#\\\/schema\\\/person\\\/78e08040eed0f6110f0c5f83b6153590\"},\"headline\":\"EN MICROB\u00daS LLEGAN FAMILIAS DE SALTILLO Y MONTERREY A DISFRUTAR MIRAMAR.\",\"datePublished\":\"2021-04-03T01:26:39+00:00\",\"mainEntityOfPage\":{\"@id\":\"https:\\\/\\\/elinformativotam.com\\\/index.php\\\/2021\\\/04\\\/02\\\/en-microbus-llegan-familias-de-saltillo-y-monterrey-a-disfrutar-miramar\\\/\"},\"wordCount\":278,\"commentCount\":0,\"publisher\":{\"@id\":\"https:\\\/\\\/elinformativotam.com\\\/#organization\"},\"image\":{\"@id\":\"https:\\\/\\\/elinformativotam.com\\\/index.php\\\/2021\\\/04\\\/02\\\/en-microbus-llegan-familias-de-saltillo-y-monterrey-a-disfrutar-miramar\\\/#primaryimage\"},\"thumbnailUrl\":\"https:\\\/\\\/elinformativotam.com\\\/wp-content\\\/uploads\\\/2021\\\/04\\\/Microbus.jpg\",\"articleSection\":[\"Cd Madero\"],\"inLanguage\":\"es\",\"potentialAction\":[{\"@type\":\"CommentAction\",\"name\":\"Comment\",\"target\":[\"https:\\\/\\\/elinformativotam.com\\\/index.php\\\/2021\\\/04\\\/02\\\/en-microbus-llegan-familias-de-saltillo-y-monterrey-a-disfrutar-miramar\\\/#respond\"]}]},{\"@type\":\"WebPage\",\"@id\":\"https:\\\/\\\/elinformativotam.com\\\/index.php\\\/2021\\\/04\\\/02\\\/en-microbus-llegan-familias-de-saltillo-y-monterrey-a-disfrutar-miramar\\\/\",\"url\":\"https:\\\/\\\/elinformativotam.com\\\/index.php\\\/2021\\\/04\\\/02\\\/en-microbus-llegan-familias-de-saltillo-y-monterrey-a-disfrutar-miramar\\\/\",\"name\":\"EN MICROB\u00daS LLEGAN FAMILIAS DE SALTILLO Y MONTERREY A DISFRUTAR MIRAMAR. - EL INFORMATIVO DE TAMAULIPAS\",\"isPartOf\":{\"@id\":\"https:\\\/\\\/elinformativotam.com\\\/#website\"},\"primaryImageOfPage\":{\"@id\":\"https:\\\/\\\/elinformativotam.com\\\/index.php\\\/2021\\\/04\\\/02\\\/en-microbus-llegan-familias-de-saltillo-y-monterrey-a-disfrutar-miramar\\\/#primaryimage\"},\"image\":{\"@id\":\"https:\\\/\\\/elinformativotam.com\\\/index.php\\\/2021\\\/04\\\/02\\\/en-microbus-llegan-familias-de-saltillo-y-monterrey-a-disfrutar-miramar\\\/#primaryimage\"},\"thumbnailUrl\":\"https:\\\/\\\/elinformativotam.com\\\/wp-content\\\/uploads\\\/2021\\\/04\\\/Microbus.jpg\",\"datePublished\":\"2021-04-03T01:26:39+00:00\",\"description\":\"Cd. Madero, Tamaulipas.- Una familia, cuyos integrantes provienen del Saltillo, Coahuila y Monterrey, Nuevo Le\u00f3n, decidieron realizar su viaje de\",\"inLanguage\":\"es\",\"potentialAction\":[{\"@type\":\"ReadAction\",\"target\":[\"https:\\\/\\\/elinformativotam.com\\\/index.php\\\/2021\\\/04\\\/02\\\/en-microbus-llegan-familias-de-saltillo-y-monterrey-a-disfrutar-miramar\\\/\"]}]},{\"@type\":\"ImageObject\",\"inLanguage\":\"es\",\"@id\":\"https:\\\/\\\/elinformativotam.com\\\/index.php\\\/2021\\\/04\\\/02\\\/en-microbus-llegan-familias-de-saltillo-y-monterrey-a-disfrutar-miramar\\\/#primaryimage\",\"url\":\"https:\\\/\\\/elinformativotam.com\\\/wp-content\\\/uploads\\\/2021\\\/04\\\/Microbus.jpg\",\"contentUrl\":\"https:\\\/\\\/elinformativotam.com\\\/wp-content\\\/uploads\\\/2021\\\/04\\\/Microbus.jpg\",\"width\":1024,\"height\":768},{\"@type\":\"WebSite\",\"@id\":\"https:\\\/\\\/elinformativotam.com\\\/#website\",\"url\":\"https:\\\/\\\/elinformativotam.com\\\/\",\"name\":\"EL INFORMATIVO DE TAMAULIPAS\",\"description\":\"Desde la Zona Metropolitana Para Todo M\u00e9xico\",\"publisher\":{\"@id\":\"https:\\\/\\\/elinformativotam.com\\\/#organization\"},\"potentialAction\":[{\"@type\":\"SearchAction\",\"target\":{\"@type\":\"EntryPoint\",\"urlTemplate\":\"https:\\\/\\\/elinformativotam.com\\\/?s={search_term_string}\"},\"query-input\":{\"@type\":\"PropertyValueSpecification\",\"valueRequired\":true,\"valueName\":\"search_term_string\"}}],\"inLanguage\":\"es\"},{\"@type\":\"Organization\",\"@id\":\"https:\\\/\\\/elinformativotam.com\\\/#organization\",\"name\":\"EL INFORMATIVO DE TAMAULIPAS\",\"url\":\"https:\\\/\\\/elinformativotam.com\\\/\",\"logo\":{\"@type\":\"ImageObject\",\"inLanguage\":\"es\",\"@id\":\"https:\\\/\\\/elinformativotam.com\\\/#\\\/schema\\\/logo\\\/image\\\/\",\"url\":\"https:\\\/\\\/elinformativotam.com\\\/wp-content\\\/uploads\\\/2026\\\/02\\\/Cabezal.png\",\"contentUrl\":\"https:\\\/\\\/elinformativotam.com\\\/wp-content\\\/uploads\\\/2026\\\/02\\\/Cabezal.png\",\"width\":960,\"height\":640,\"caption\":\"EL INFORMATIVO DE TAMAULIPAS\"},\"image\":{\"@id\":\"https:\\\/\\\/elinformativotam.com\\\/#\\\/schema\\\/logo\\\/image\\\/\"}},{\"@type\":\"Person\",\"@id\":\"https:\\\/\\\/elinformativotam.com\\\/#\\\/schema\\\/person\\\/78e08040eed0f6110f0c5f83b6153590\",\"name\":\"El Informativo Tam\",\"image\":{\"@type\":\"ImageObject\",\"inLanguage\":\"es\",\"@id\":\"https:\\\/\\\/secure.gravatar.com\\\/avatar\\\/f3b7ad3af540688955925ac610647be00b0cf41feea9c4978b73a707ee86bc53?s=96&d=mm&r=g\",\"url\":\"https:\\\/\\\/secure.gravatar.com\\\/avatar\\\/f3b7ad3af540688955925ac610647be00b0cf41feea9c4978b73a707ee86bc53?s=96&d=mm&r=g\",\"contentUrl\":\"https:\\\/\\\/secure.gravatar.com\\\/avatar\\\/f3b7ad3af540688955925ac610647be00b0cf41feea9c4978b73a707ee86bc53?s=96&d=mm&r=g\",\"caption\":\"El Informativo Tam\"}}]}<\/script>\n<!-- \/ Yoast SEO plugin. -->","yoast_head_json":{"title":"EN MICROB\u00daS LLEGAN FAMILIAS DE SALTILLO Y MONTERREY A DISFRUTAR MIRAMAR. - EL INFORMATIVO DE TAMAULIPAS","description":"Cd. Madero, Tamaulipas.- Una familia, cuyos integrantes provienen del Saltillo, Coahuila y Monterrey, Nuevo Le\u00f3n, decidieron realizar su viaje de","robots":{"index":"index","follow":"follow","max-snippet":"max-snippet:-1","max-image-preview":"max-image-preview:large","max-video-preview":"max-video-preview:-1"},"canonical":"https:\/\/elinformativotam.com\/index.php\/2021\/04\/02\/en-microbus-llegan-familias-de-saltillo-y-monterrey-a-disfrutar-miramar\/","og_locale":"es_MX","og_type":"article","og_title":"EN MICROB\u00daS LLEGAN FAMILIAS DE SALTILLO Y MONTERREY A DISFRUTAR MIRAMAR. - EL INFORMATIVO DE TAMAULIPAS","og_description":"Cd. Madero, Tamaulipas.- Una familia, cuyos integrantes provienen del Saltillo, Coahuila y Monterrey, Nuevo Le\u00f3n, decidieron realizar su viaje de","og_url":"https:\/\/elinformativotam.com\/index.php\/2021\/04\/02\/en-microbus-llegan-familias-de-saltillo-y-monterrey-a-disfrutar-miramar\/","og_site_name":"EL INFORMATIVO DE TAMAULIPAS","article_published_time":"2021-04-03T01:26:39+00:00","og_image":[{"width":1024,"height":768,"url":"https:\/\/elinformativotam.com\/wp-content\/uploads\/2021\/04\/Microbus.jpg","type":"image\/jpeg"}],"author":"El Informativo Tam","twitter_card":"summary_large_image","twitter_misc":{"Escrito por":"El Informativo Tam","Tiempo de lectura":"2 minutos"},"schema":{"@context":"https:\/\/schema.org","@graph":[{"@type":"Article","@id":"https:\/\/elinformativotam.com\/index.php\/2021\/04\/02\/en-microbus-llegan-familias-de-saltillo-y-monterrey-a-disfrutar-miramar\/#article","isPartOf":{"@id":"https:\/\/elinformativotam.com\/index.php\/2021\/04\/02\/en-microbus-llegan-familias-de-saltillo-y-monterrey-a-disfrutar-miramar\/"},"author":{"name":"El Informativo Tam","@id":"https:\/\/elinformativotam.com\/#\/schema\/person\/78e08040eed0f6110f0c5f83b6153590"},"headline":"EN MICROB\u00daS LLEGAN FAMILIAS DE SALTILLO Y MONTERREY A DISFRUTAR MIRAMAR.","datePublished":"2021-04-03T01:26:39+00:00","mainEntityOfPage":{"@id":"https:\/\/elinformativotam.com\/index.php\/2021\/04\/02\/en-microbus-llegan-familias-de-saltillo-y-monterrey-a-disfrutar-miramar\/"},"wordCount":278,"commentCount":0,"publisher":{"@id":"https:\/\/elinformativotam.com\/#organization"},"image":{"@id":"https:\/\/elinformativotam.com\/index.php\/2021\/04\/02\/en-microbus-llegan-familias-de-saltillo-y-monterrey-a-disfrutar-miramar\/#primaryimage"},"thumbnailUrl":"https:\/\/elinformativotam.com\/wp-content\/uploads\/2021\/04\/Microbus.jpg","articleSection":["Cd Madero"],"inLanguage":"es","potentialAction":[{"@type":"CommentAction","name":"Comment","target":["https:\/\/elinformativotam.com\/index.php\/2021\/04\/02\/en-microbus-llegan-familias-de-saltillo-y-monterrey-a-disfrutar-miramar\/#respond"]}]},{"@type":"WebPage","@id":"https:\/\/elinformativotam.com\/index.php\/2021\/04\/02\/en-microbus-llegan-familias-de-saltillo-y-monterrey-a-disfrutar-miramar\/","url":"https:\/\/elinformativotam.com\/index.php\/2021\/04\/02\/en-microbus-llegan-familias-de-saltillo-y-monterrey-a-disfrutar-miramar\/","name":"EN MICROB\u00daS LLEGAN FAMILIAS DE SALTILLO Y MONTERREY A DISFRUTAR MIRAMAR. - EL INFORMATIVO DE TAMAULIPAS","isPartOf":{"@id":"https:\/\/elinformativotam.com\/#website"},"primaryImageOfPage":{"@id":"https:\/\/elinformativotam.com\/index.php\/2021\/04\/02\/en-microbus-llegan-familias-de-saltillo-y-monterrey-a-disfrutar-miramar\/#primaryimage"},"image":{"@id":"https:\/\/elinformativotam.com\/index.php\/2021\/04\/02\/en-microbus-llegan-familias-de-saltillo-y-monterrey-a-disfrutar-miramar\/#primaryimage"},"thumbnailUrl":"https:\/\/elinformativotam.com\/wp-content\/uploads\/2021\/04\/Microbus.jpg","datePublished":"2021-04-03T01:26:39+00:00","description":"Cd. Madero, Tamaulipas.- Una familia, cuyos integrantes provienen del Saltillo, Coahuila y Monterrey, Nuevo Le\u00f3n, decidieron realizar su viaje de","inLanguage":"es","potentialAction":[{"@type":"ReadAction","target":["https:\/\/elinformativotam.com\/index.php\/2021\/04\/02\/en-microbus-llegan-familias-de-saltillo-y-monterrey-a-disfrutar-miramar\/"]}]},{"@type":"ImageObject","inLanguage":"es","@id":"https:\/\/elinformativotam.com\/index.php\/2021\/04\/02\/en-microbus-llegan-familias-de-saltillo-y-monterrey-a-disfrutar-miramar\/#primaryimage","url":"https:\/\/elinformativotam.com\/wp-content\/uploads\/2021\/04\/Microbus.jpg","contentUrl":"https:\/\/elinformativotam.com\/wp-content\/uploads\/2021\/04\/Microbus.jpg","width":1024,"height":768},{"@type":"WebSite","@id":"https:\/\/elinformativotam.com\/#website","url":"https:\/\/elinformativotam.com\/","name":"EL INFORMATIVO DE TAMAULIPAS","description":"Desde la Zona Metropolitana Para Todo M\u00e9xico","publisher":{"@id":"https:\/\/elinformativotam.com\/#organization"},"potentialAction":[{"@type":"SearchAction","target":{"@type":"EntryPoint","urlTemplate":"https:\/\/elinformativotam.com\/?s={search_term_string}"},"query-input":{"@type":"PropertyValueSpecification","valueRequired":true,"valueName":"search_term_string"}}],"inLanguage":"es"},{"@type":"Organization","@id":"https:\/\/elinformativotam.com\/#organization","name":"EL INFORMATIVO DE TAMAULIPAS","url":"https:\/\/elinformativotam.com\/","logo":{"@type":"ImageObject","inLanguage":"es","@id":"https:\/\/elinformativotam.com\/#\/schema\/logo\/image\/","url":"https:\/\/elinformativotam.com\/wp-content\/uploads\/2026\/02\/Cabezal.png","contentUrl":"https:\/\/elinformativotam.com\/wp-content\/uploads\/2026\/02\/Cabezal.png","width":960,"height":640,"caption":"EL INFORMATIVO DE TAMAULIPAS"},"image":{"@id":"https:\/\/elinformativotam.com\/#\/schema\/logo\/image\/"}},{"@type":"Person","@id":"https:\/\/elinformativotam.com\/#\/schema\/person\/78e08040eed0f6110f0c5f83b6153590","name":"El Informativo Tam","image":{"@type":"ImageObject","inLanguage":"es","@id":"https:\/\/secure.gravatar.com\/avatar\/f3b7ad3af540688955925ac610647be00b0cf41feea9c4978b73a707ee86bc53?s=96&d=mm&r=g","url":"https:\/\/secure.gravatar.com\/avatar\/f3b7ad3af540688955925ac610647be00b0cf41feea9c4978b73a707ee86bc53?s=96&d=mm&r=g","contentUrl":"https:\/\/secure.gravatar.com\/avatar\/f3b7ad3af540688955925ac610647be00b0cf41feea9c4978b73a707ee86bc53?s=96&d=mm&r=g","caption":"El Informativo Tam"}}]}},"_links":{"self":[{"href":"https:\/\/elinformativotam.com\/index.php\/wp-json\/wp\/v2\/posts\/16983","targetHints":{"allow":["GET"]}}],"collection":[{"href":"https:\/\/elinformativotam.com\/index.php\/wp-json\/wp\/v2\/posts"}],"about":[{"href":"https:\/\/elinformativotam.com\/index.php\/wp-json\/wp\/v2\/types\/post"}],"author":[{"embeddable":true,"href":"https:\/\/elinformativotam.com\/index.php\/wp-json\/wp\/v2\/users\/1"}],"replies":[{"embeddable":true,"href":"https:\/\/elinformativotam.com\/index.php\/wp-json\/wp\/v2\/comments?post=16983"}],"version-history":[{"count":1,"href":"https:\/\/elinformativotam.com\/index.php\/wp-json\/wp\/v2\/posts\/16983\/revisions"}],"predecessor-version":[{"id":16985,"href":"https:\/\/elinformativotam.com\/index.php\/wp-json\/wp\/v2\/posts\/16983\/revisions\/16985"}],"wp:featuredmedia":[{"embeddable":true,"href":"https:\/\/elinformativotam.com\/index.php\/wp-json\/wp\/v2\/media\/16984"}],"wp:attachment":[{"href":"https:\/\/elinformativotam.com\/index.php\/wp-json\/wp\/v2\/media?parent=16983"}],"wp:term":[{"taxonomy":"category","embeddable":true,"href":"https:\/\/elinformativotam.com\/index.php\/wp-json\/wp\/v2\/categories?post=16983"},{"taxonomy":"post_tag","embeddable":true,"href":"https:\/\/elinformativotam.com\/index.php\/wp-json\/wp\/v2\/tags?post=16983"}],"curies":[{"name":"wp","href":"https:\/\/api.w.org\/{rel}","templated":true}]}}