{"id":16980,"date":"2021-04-02T19:23:42","date_gmt":"2021-04-03T01:23:42","guid":{"rendered":"https:\/\/elinformativotam.com\/?p=16980"},"modified":"2021-04-02T19:23:42","modified_gmt":"2021-04-03T01:23:42","slug":"marea-alta-aguas-malas-y-bandera-negra-en-playa-miramar","status":"publish","type":"post","link":"https:\/\/elinformativotam.com\/index.php\/2021\/04\/02\/marea-alta-aguas-malas-y-bandera-negra-en-playa-miramar\/","title":{"rendered":"MAREA ALTA, AGUAS MALAS Y BANDERA NEGRA EN PLAYA MIRAMAR."},"content":{"rendered":"<p><em>Cd. Madero, Tamaulipas.- Este viernes se registra marea alta en playa Miramar, por lo que personal de protecci\u00f3n civil realiza recorridos en la zona de ba\u00f1istas para recomendar no ingresar al mar.<\/em><\/p>\n<p><em>\u00a0<\/em><\/p>\n<p><em>El director de protecci\u00f3n civil en Madero, Romel Mart\u00ednez Flores, dijo que las olas llegan en algunas partes hasta el area de palapas, algo que se puede convertir en un problema si no se toman las precauciones pertinentes.<\/em><\/p>\n<p><em>\u00a0<\/em><\/p>\n<p><em>&#8220;Dentro de los recorridos que andan haciendo elementos de protecci\u00f3n civil y guarda vidas est\u00e1n invitando a toda la ciudadan\u00eda que se encuentra hoy en playa Miramar que lo mejor y las indicaciones es que no ingresen al mar est\u00e1 un oleaje bastante fuerte y esto puede traer alguna situaci\u00f3n de riesgo y sobre todo por las personas que intentan desafiar este tipo de oleaje pensando que tienen la oportunidad de experimentar algo nuevo divertirse y en ocasiones esto sale contraproducente&#8221;.<\/em><\/p>\n<p><em>\u00a0<\/em><\/p>\n<p><em>Indic\u00f3 que aunado a esto se encuentran muchas pozas dentro de la orilla del mar con lo que puede verse afectadas las personas que ingresen a nadar<\/em><\/p>\n<p><em>\u00a0<\/em><\/p>\n<p><em>Expuso Mart\u00ednez Flores, que hay bandera negra en todo el margen de la playa, la cual no se va a retirar, por lo que se continuar\u00e1 invitando a la ciudadan\u00eda para que no ingrese al mar.<\/em><\/p>\n","protected":false},"excerpt":{"rendered":"<p>Cd. Madero, Tamaulipas.- Este viernes se registra marea alta en playa Miramar, por lo que personal de protecci\u00f3n civil realiza&hellip;<\/p>\n","protected":false},"author":1,"featured_media":16981,"comment_status":"open","ping_status":"open","sticky":false,"template":"","format":"standard","meta":{"footnotes":""},"categories":[4],"tags":[],"class_list":["post-16980","post","type-post","status-publish","format-standard","has-post-thumbnail","hentry","category-madero"],"yoast_head":"<!-- This site is optimized with the Yoast SEO plugin v27.4 - https:\/\/yoast.com\/product\/yoast-seo-wordpress\/ -->\n<title>MAREA ALTA, AGUAS MALAS Y BANDERA NEGRA EN PLAYA MIRAMAR. - EL INFORMATIVO DE TAMAULIPAS<\/title>\n<meta name=\"description\" content=\"Cd. Madero, Tamaulipas.- Este viernes se registra marea alta en playa Miramar, por lo que personal de protecci\u00f3n civil realiza recorridos en la zona de\" \/>\n<meta name=\"robots\" content=\"index, follow, max-snippet:-1, max-image-preview:large, max-video-preview:-1\" \/>\n<link rel=\"canonical\" href=\"https:\/\/elinformativotam.com\/index.php\/2021\/04\/02\/marea-alta-aguas-malas-y-bandera-negra-en-playa-miramar\/\" \/>\n<meta property=\"og:locale\" content=\"es_MX\" \/>\n<meta property=\"og:type\" content=\"article\" \/>\n<meta property=\"og:title\" content=\"MAREA ALTA, AGUAS MALAS Y BANDERA NEGRA EN PLAYA MIRAMAR. - EL INFORMATIVO DE TAMAULIPAS\" \/>\n<meta property=\"og:description\" content=\"Cd. Madero, Tamaulipas.- Este viernes se registra marea alta en playa Miramar, por lo que personal de protecci\u00f3n civil realiza recorridos en la zona de\" \/>\n<meta property=\"og:url\" content=\"https:\/\/elinformativotam.com\/index.php\/2021\/04\/02\/marea-alta-aguas-malas-y-bandera-negra-en-playa-miramar\/\" \/>\n<meta property=\"og:site_name\" content=\"EL INFORMATIVO DE TAMAULIPAS\" \/>\n<meta property=\"article:published_time\" content=\"2021-04-03T01:23:42+00:00\" \/>\n<meta property=\"og:image\" content=\"https:\/\/elinformativotam.com\/wp-content\/uploads\/2021\/04\/Marea-Alta.jpg\" \/>\n\t<meta property=\"og:image:width\" content=\"1280\" \/>\n\t<meta property=\"og:image:height\" content=\"720\" \/>\n\t<meta property=\"og:image:type\" content=\"image\/jpeg\" \/>\n<meta name=\"author\" content=\"El Informativo Tam\" \/>\n<meta name=\"twitter:card\" content=\"summary_large_image\" \/>\n<meta name=\"twitter:label1\" content=\"Escrito por\" \/>\n\t<meta name=\"twitter:data1\" content=\"El Informativo Tam\" \/>\n\t<meta name=\"twitter:label2\" content=\"Tiempo de lectura\" \/>\n\t<meta name=\"twitter:data2\" content=\"1 minuto\" \/>\n<script type=\"application\/ld+json\" class=\"yoast-schema-graph\">{\"@context\":\"https:\\\/\\\/schema.org\",\"@graph\":[{\"@type\":\"Article\",\"@id\":\"https:\\\/\\\/elinformativotam.com\\\/index.php\\\/2021\\\/04\\\/02\\\/marea-alta-aguas-malas-y-bandera-negra-en-playa-miramar\\\/#article\",\"isPartOf\":{\"@id\":\"https:\\\/\\\/elinformativotam.com\\\/index.php\\\/2021\\\/04\\\/02\\\/marea-alta-aguas-malas-y-bandera-negra-en-playa-miramar\\\/\"},\"author\":{\"name\":\"El Informativo Tam\",\"@id\":\"https:\\\/\\\/elinformativotam.com\\\/#\\\/schema\\\/person\\\/78e08040eed0f6110f0c5f83b6153590\"},\"headline\":\"MAREA ALTA, AGUAS MALAS Y BANDERA NEGRA EN PLAYA MIRAMAR.\",\"datePublished\":\"2021-04-03T01:23:42+00:00\",\"mainEntityOfPage\":{\"@id\":\"https:\\\/\\\/elinformativotam.com\\\/index.php\\\/2021\\\/04\\\/02\\\/marea-alta-aguas-malas-y-bandera-negra-en-playa-miramar\\\/\"},\"wordCount\":235,\"commentCount\":0,\"publisher\":{\"@id\":\"https:\\\/\\\/elinformativotam.com\\\/#organization\"},\"image\":{\"@id\":\"https:\\\/\\\/elinformativotam.com\\\/index.php\\\/2021\\\/04\\\/02\\\/marea-alta-aguas-malas-y-bandera-negra-en-playa-miramar\\\/#primaryimage\"},\"thumbnailUrl\":\"https:\\\/\\\/elinformativotam.com\\\/wp-content\\\/uploads\\\/2021\\\/04\\\/Marea-Alta.jpg\",\"articleSection\":[\"Cd Madero\"],\"inLanguage\":\"es\",\"potentialAction\":[{\"@type\":\"CommentAction\",\"name\":\"Comment\",\"target\":[\"https:\\\/\\\/elinformativotam.com\\\/index.php\\\/2021\\\/04\\\/02\\\/marea-alta-aguas-malas-y-bandera-negra-en-playa-miramar\\\/#respond\"]}]},{\"@type\":\"WebPage\",\"@id\":\"https:\\\/\\\/elinformativotam.com\\\/index.php\\\/2021\\\/04\\\/02\\\/marea-alta-aguas-malas-y-bandera-negra-en-playa-miramar\\\/\",\"url\":\"https:\\\/\\\/elinformativotam.com\\\/index.php\\\/2021\\\/04\\\/02\\\/marea-alta-aguas-malas-y-bandera-negra-en-playa-miramar\\\/\",\"name\":\"MAREA ALTA, AGUAS MALAS Y BANDERA NEGRA EN PLAYA MIRAMAR. - EL INFORMATIVO DE TAMAULIPAS\",\"isPartOf\":{\"@id\":\"https:\\\/\\\/elinformativotam.com\\\/#website\"},\"primaryImageOfPage\":{\"@id\":\"https:\\\/\\\/elinformativotam.com\\\/index.php\\\/2021\\\/04\\\/02\\\/marea-alta-aguas-malas-y-bandera-negra-en-playa-miramar\\\/#primaryimage\"},\"image\":{\"@id\":\"https:\\\/\\\/elinformativotam.com\\\/index.php\\\/2021\\\/04\\\/02\\\/marea-alta-aguas-malas-y-bandera-negra-en-playa-miramar\\\/#primaryimage\"},\"thumbnailUrl\":\"https:\\\/\\\/elinformativotam.com\\\/wp-content\\\/uploads\\\/2021\\\/04\\\/Marea-Alta.jpg\",\"datePublished\":\"2021-04-03T01:23:42+00:00\",\"description\":\"Cd. Madero, Tamaulipas.- Este viernes se registra marea alta en playa Miramar, por lo que personal de protecci\u00f3n civil realiza recorridos en la zona de\",\"inLanguage\":\"es\",\"potentialAction\":[{\"@type\":\"ReadAction\",\"target\":[\"https:\\\/\\\/elinformativotam.com\\\/index.php\\\/2021\\\/04\\\/02\\\/marea-alta-aguas-malas-y-bandera-negra-en-playa-miramar\\\/\"]}]},{\"@type\":\"ImageObject\",\"inLanguage\":\"es\",\"@id\":\"https:\\\/\\\/elinformativotam.com\\\/index.php\\\/2021\\\/04\\\/02\\\/marea-alta-aguas-malas-y-bandera-negra-en-playa-miramar\\\/#primaryimage\",\"url\":\"https:\\\/\\\/elinformativotam.com\\\/wp-content\\\/uploads\\\/2021\\\/04\\\/Marea-Alta.jpg\",\"contentUrl\":\"https:\\\/\\\/elinformativotam.com\\\/wp-content\\\/uploads\\\/2021\\\/04\\\/Marea-Alta.jpg\",\"width\":1280,\"height\":720},{\"@type\":\"WebSite\",\"@id\":\"https:\\\/\\\/elinformativotam.com\\\/#website\",\"url\":\"https:\\\/\\\/elinformativotam.com\\\/\",\"name\":\"EL INFORMATIVO DE TAMAULIPAS\",\"description\":\"Desde la Zona Metropolitana Para Todo M\u00e9xico\",\"publisher\":{\"@id\":\"https:\\\/\\\/elinformativotam.com\\\/#organization\"},\"potentialAction\":[{\"@type\":\"SearchAction\",\"target\":{\"@type\":\"EntryPoint\",\"urlTemplate\":\"https:\\\/\\\/elinformativotam.com\\\/?s={search_term_string}\"},\"query-input\":{\"@type\":\"PropertyValueSpecification\",\"valueRequired\":true,\"valueName\":\"search_term_string\"}}],\"inLanguage\":\"es\"},{\"@type\":\"Organization\",\"@id\":\"https:\\\/\\\/elinformativotam.com\\\/#organization\",\"name\":\"EL INFORMATIVO DE TAMAULIPAS\",\"url\":\"https:\\\/\\\/elinformativotam.com\\\/\",\"logo\":{\"@type\":\"ImageObject\",\"inLanguage\":\"es\",\"@id\":\"https:\\\/\\\/elinformativotam.com\\\/#\\\/schema\\\/logo\\\/image\\\/\",\"url\":\"https:\\\/\\\/elinformativotam.com\\\/wp-content\\\/uploads\\\/2026\\\/02\\\/Cabezal.png\",\"contentUrl\":\"https:\\\/\\\/elinformativotam.com\\\/wp-content\\\/uploads\\\/2026\\\/02\\\/Cabezal.png\",\"width\":960,\"height\":640,\"caption\":\"EL INFORMATIVO DE TAMAULIPAS\"},\"image\":{\"@id\":\"https:\\\/\\\/elinformativotam.com\\\/#\\\/schema\\\/logo\\\/image\\\/\"}},{\"@type\":\"Person\",\"@id\":\"https:\\\/\\\/elinformativotam.com\\\/#\\\/schema\\\/person\\\/78e08040eed0f6110f0c5f83b6153590\",\"name\":\"El Informativo Tam\",\"image\":{\"@type\":\"ImageObject\",\"inLanguage\":\"es\",\"@id\":\"https:\\\/\\\/secure.gravatar.com\\\/avatar\\\/f3b7ad3af540688955925ac610647be00b0cf41feea9c4978b73a707ee86bc53?s=96&d=mm&r=g\",\"url\":\"https:\\\/\\\/secure.gravatar.com\\\/avatar\\\/f3b7ad3af540688955925ac610647be00b0cf41feea9c4978b73a707ee86bc53?s=96&d=mm&r=g\",\"contentUrl\":\"https:\\\/\\\/secure.gravatar.com\\\/avatar\\\/f3b7ad3af540688955925ac610647be00b0cf41feea9c4978b73a707ee86bc53?s=96&d=mm&r=g\",\"caption\":\"El Informativo Tam\"}}]}<\/script>\n<!-- \/ Yoast SEO plugin. -->","yoast_head_json":{"title":"MAREA ALTA, AGUAS MALAS Y BANDERA NEGRA EN PLAYA MIRAMAR. - EL INFORMATIVO DE TAMAULIPAS","description":"Cd. Madero, Tamaulipas.- Este viernes se registra marea alta en playa Miramar, por lo que personal de protecci\u00f3n civil realiza recorridos en la zona de","robots":{"index":"index","follow":"follow","max-snippet":"max-snippet:-1","max-image-preview":"max-image-preview:large","max-video-preview":"max-video-preview:-1"},"canonical":"https:\/\/elinformativotam.com\/index.php\/2021\/04\/02\/marea-alta-aguas-malas-y-bandera-negra-en-playa-miramar\/","og_locale":"es_MX","og_type":"article","og_title":"MAREA ALTA, AGUAS MALAS Y BANDERA NEGRA EN PLAYA MIRAMAR. - EL INFORMATIVO DE TAMAULIPAS","og_description":"Cd. Madero, Tamaulipas.- Este viernes se registra marea alta en playa Miramar, por lo que personal de protecci\u00f3n civil realiza recorridos en la zona de","og_url":"https:\/\/elinformativotam.com\/index.php\/2021\/04\/02\/marea-alta-aguas-malas-y-bandera-negra-en-playa-miramar\/","og_site_name":"EL INFORMATIVO DE TAMAULIPAS","article_published_time":"2021-04-03T01:23:42+00:00","og_image":[{"width":1280,"height":720,"url":"https:\/\/elinformativotam.com\/wp-content\/uploads\/2021\/04\/Marea-Alta.jpg","type":"image\/jpeg"}],"author":"El Informativo Tam","twitter_card":"summary_large_image","twitter_misc":{"Escrito por":"El Informativo Tam","Tiempo de lectura":"1 minuto"},"schema":{"@context":"https:\/\/schema.org","@graph":[{"@type":"Article","@id":"https:\/\/elinformativotam.com\/index.php\/2021\/04\/02\/marea-alta-aguas-malas-y-bandera-negra-en-playa-miramar\/#article","isPartOf":{"@id":"https:\/\/elinformativotam.com\/index.php\/2021\/04\/02\/marea-alta-aguas-malas-y-bandera-negra-en-playa-miramar\/"},"author":{"name":"El Informativo Tam","@id":"https:\/\/elinformativotam.com\/#\/schema\/person\/78e08040eed0f6110f0c5f83b6153590"},"headline":"MAREA ALTA, AGUAS MALAS Y BANDERA NEGRA EN PLAYA MIRAMAR.","datePublished":"2021-04-03T01:23:42+00:00","mainEntityOfPage":{"@id":"https:\/\/elinformativotam.com\/index.php\/2021\/04\/02\/marea-alta-aguas-malas-y-bandera-negra-en-playa-miramar\/"},"wordCount":235,"commentCount":0,"publisher":{"@id":"https:\/\/elinformativotam.com\/#organization"},"image":{"@id":"https:\/\/elinformativotam.com\/index.php\/2021\/04\/02\/marea-alta-aguas-malas-y-bandera-negra-en-playa-miramar\/#primaryimage"},"thumbnailUrl":"https:\/\/elinformativotam.com\/wp-content\/uploads\/2021\/04\/Marea-Alta.jpg","articleSection":["Cd Madero"],"inLanguage":"es","potentialAction":[{"@type":"CommentAction","name":"Comment","target":["https:\/\/elinformativotam.com\/index.php\/2021\/04\/02\/marea-alta-aguas-malas-y-bandera-negra-en-playa-miramar\/#respond"]}]},{"@type":"WebPage","@id":"https:\/\/elinformativotam.com\/index.php\/2021\/04\/02\/marea-alta-aguas-malas-y-bandera-negra-en-playa-miramar\/","url":"https:\/\/elinformativotam.com\/index.php\/2021\/04\/02\/marea-alta-aguas-malas-y-bandera-negra-en-playa-miramar\/","name":"MAREA ALTA, AGUAS MALAS Y BANDERA NEGRA EN PLAYA MIRAMAR. - EL INFORMATIVO DE TAMAULIPAS","isPartOf":{"@id":"https:\/\/elinformativotam.com\/#website"},"primaryImageOfPage":{"@id":"https:\/\/elinformativotam.com\/index.php\/2021\/04\/02\/marea-alta-aguas-malas-y-bandera-negra-en-playa-miramar\/#primaryimage"},"image":{"@id":"https:\/\/elinformativotam.com\/index.php\/2021\/04\/02\/marea-alta-aguas-malas-y-bandera-negra-en-playa-miramar\/#primaryimage"},"thumbnailUrl":"https:\/\/elinformativotam.com\/wp-content\/uploads\/2021\/04\/Marea-Alta.jpg","datePublished":"2021-04-03T01:23:42+00:00","description":"Cd. Madero, Tamaulipas.- Este viernes se registra marea alta en playa Miramar, por lo que personal de protecci\u00f3n civil realiza recorridos en la zona de","inLanguage":"es","potentialAction":[{"@type":"ReadAction","target":["https:\/\/elinformativotam.com\/index.php\/2021\/04\/02\/marea-alta-aguas-malas-y-bandera-negra-en-playa-miramar\/"]}]},{"@type":"ImageObject","inLanguage":"es","@id":"https:\/\/elinformativotam.com\/index.php\/2021\/04\/02\/marea-alta-aguas-malas-y-bandera-negra-en-playa-miramar\/#primaryimage","url":"https:\/\/elinformativotam.com\/wp-content\/uploads\/2021\/04\/Marea-Alta.jpg","contentUrl":"https:\/\/elinformativotam.com\/wp-content\/uploads\/2021\/04\/Marea-Alta.jpg","width":1280,"height":720},{"@type":"WebSite","@id":"https:\/\/elinformativotam.com\/#website","url":"https:\/\/elinformativotam.com\/","name":"EL INFORMATIVO DE TAMAULIPAS","description":"Desde la Zona Metropolitana Para Todo M\u00e9xico","publisher":{"@id":"https:\/\/elinformativotam.com\/#organization"},"potentialAction":[{"@type":"SearchAction","target":{"@type":"EntryPoint","urlTemplate":"https:\/\/elinformativotam.com\/?s={search_term_string}"},"query-input":{"@type":"PropertyValueSpecification","valueRequired":true,"valueName":"search_term_string"}}],"inLanguage":"es"},{"@type":"Organization","@id":"https:\/\/elinformativotam.com\/#organization","name":"EL INFORMATIVO DE TAMAULIPAS","url":"https:\/\/elinformativotam.com\/","logo":{"@type":"ImageObject","inLanguage":"es","@id":"https:\/\/elinformativotam.com\/#\/schema\/logo\/image\/","url":"https:\/\/elinformativotam.com\/wp-content\/uploads\/2026\/02\/Cabezal.png","contentUrl":"https:\/\/elinformativotam.com\/wp-content\/uploads\/2026\/02\/Cabezal.png","width":960,"height":640,"caption":"EL INFORMATIVO DE TAMAULIPAS"},"image":{"@id":"https:\/\/elinformativotam.com\/#\/schema\/logo\/image\/"}},{"@type":"Person","@id":"https:\/\/elinformativotam.com\/#\/schema\/person\/78e08040eed0f6110f0c5f83b6153590","name":"El Informativo Tam","image":{"@type":"ImageObject","inLanguage":"es","@id":"https:\/\/secure.gravatar.com\/avatar\/f3b7ad3af540688955925ac610647be00b0cf41feea9c4978b73a707ee86bc53?s=96&d=mm&r=g","url":"https:\/\/secure.gravatar.com\/avatar\/f3b7ad3af540688955925ac610647be00b0cf41feea9c4978b73a707ee86bc53?s=96&d=mm&r=g","contentUrl":"https:\/\/secure.gravatar.com\/avatar\/f3b7ad3af540688955925ac610647be00b0cf41feea9c4978b73a707ee86bc53?s=96&d=mm&r=g","caption":"El Informativo Tam"}}]}},"_links":{"self":[{"href":"https:\/\/elinformativotam.com\/index.php\/wp-json\/wp\/v2\/posts\/16980","targetHints":{"allow":["GET"]}}],"collection":[{"href":"https:\/\/elinformativotam.com\/index.php\/wp-json\/wp\/v2\/posts"}],"about":[{"href":"https:\/\/elinformativotam.com\/index.php\/wp-json\/wp\/v2\/types\/post"}],"author":[{"embeddable":true,"href":"https:\/\/elinformativotam.com\/index.php\/wp-json\/wp\/v2\/users\/1"}],"replies":[{"embeddable":true,"href":"https:\/\/elinformativotam.com\/index.php\/wp-json\/wp\/v2\/comments?post=16980"}],"version-history":[{"count":1,"href":"https:\/\/elinformativotam.com\/index.php\/wp-json\/wp\/v2\/posts\/16980\/revisions"}],"predecessor-version":[{"id":16982,"href":"https:\/\/elinformativotam.com\/index.php\/wp-json\/wp\/v2\/posts\/16980\/revisions\/16982"}],"wp:featuredmedia":[{"embeddable":true,"href":"https:\/\/elinformativotam.com\/index.php\/wp-json\/wp\/v2\/media\/16981"}],"wp:attachment":[{"href":"https:\/\/elinformativotam.com\/index.php\/wp-json\/wp\/v2\/media?parent=16980"}],"wp:term":[{"taxonomy":"category","embeddable":true,"href":"https:\/\/elinformativotam.com\/index.php\/wp-json\/wp\/v2\/categories?post=16980"},{"taxonomy":"post_tag","embeddable":true,"href":"https:\/\/elinformativotam.com\/index.php\/wp-json\/wp\/v2\/tags?post=16980"}],"curies":[{"name":"wp","href":"https:\/\/api.w.org\/{rel}","templated":true}]}}