{"id":1695,"date":"2020-01-13T17:58:33","date_gmt":"2020-01-13T23:58:33","guid":{"rendered":"http:\/\/elinformativotam.com\/?p=1695"},"modified":"2020-01-13T17:58:33","modified_gmt":"2020-01-13T23:58:33","slug":"se-reune-chucho-nader-con-empresarios-pesqueros-y-despicadores","status":"publish","type":"post","link":"https:\/\/elinformativotam.com\/index.php\/2020\/01\/13\/se-reune-chucho-nader-con-empresarios-pesqueros-y-despicadores\/","title":{"rendered":"SE RE\u00daNE CHUCHO NADER CON EMPRESARIOS PESQUEROS Y DESPICADORES"},"content":{"rendered":"<h2><em><strong>*Asegura Que El Sector Es Fundamental En El Desarrollo Econ\u00f3mico De Tampico.<\/strong><\/em><\/h2>\n<p>&nbsp;<\/p>\n<p>Al sostener un encuentro con empresarios tampique\u00f1os dedicados al despique y empaquetado de productos pesqueros, el Presidente Municipal Chucho Nader reconoci\u00f3 la importancia de esta actividad en el desarrollo econ\u00f3mico de la zona, as\u00ed como su contribuci\u00f3n en la generaci\u00f3n de empleo y bienestar para miles de familias que se dedican a esta actividad.<\/p>\n<p>&nbsp;<\/p>\n<p>Durante la reuni\u00f3n, efectuada en el Hotel Inglaterra, el jefe edilicio hizo un breve resumen de los avances m\u00e1s significativos de su administraci\u00f3n, durante el primer tercio de gobierno, donde enfatiz\u00f3, el cumplimiento de los compromisos adquiridos con la ciudadan\u00eda en materia de servicios p\u00fablicos y obra p\u00fablica.<\/p>\n<p>&nbsp;<\/p>\n<p>&#8220;Hemos dado puntual cumplimiento a nuestro compromiso de transformar positivamente la imagen de nuestra ciudad. Hoy Tampico luce mucho m\u00e1s limpia, alumbrada y con servicios p\u00fablicos de calidad&#8221;, dijo.<\/p>\n<p>&nbsp;<\/p>\n<p>Chucho Nader expres\u00f3 que en el rengl\u00f3n de alumbrado p\u00fablico m\u00e1s de 10,500 l\u00e1mparas de bajo consumo y alto rendimiento han sido colocadas en todo el municipio, ofreciendo, principalmente, mayor seguridad a la ciudadan\u00eda.<\/p>\n<p><img loading=\"lazy\" decoding=\"async\" class=\"alignnone  wp-image-1694\" src=\"https:\/\/elinformativotam.com\/wp-content\/uploads\/2020\/01\/Nader-4-300x181.jpg\" alt=\"\" width=\"936\" height=\"565\" \/><\/p>\n<p>&#8220;Hoy Tampico se ubica entre las ciudades m\u00e1s limpias y seguras a nivel nacional y este indicador eleva la confianza de la poblaci\u00f3n y de los inversionistas por seguir desarrollando en nuestro municipio sus proyectos de crecimiento&#8221;, subray\u00f3.<\/p>\n<p>&nbsp;<\/p>\n<p>El Alcalde porte\u00f1o puntualiz\u00f3 que las m\u00e1s de 250 cuadras pavimentadas en 2019 dinamizan la movilidad de toda la ciudad y elevan la calidad de vida de la poblaci\u00f3n, y reiter\u00f3 que durante el presente a\u00f1o, se continuar\u00e1 desarrollando un amplio programa de obra p\u00fablica, que incluye seguir modernizando la red vial en los diferentes sectores.<\/p>\n<p>&nbsp;<\/p>\n<p>Nader Nasrallah se\u00f1al\u00f3, por otra parte, que gracias al respaldo del Gobernador Francisco Garc\u00eda Cabeza de Vaca, existe mucha certidumbre para el desarrollo de actividades econ\u00f3micas y productivas, principalmente en materia de turismo, comercio, gastronom\u00eda y pesca.<\/p>\n<p>&nbsp;<\/p>\n<p>Por \u00faltimo, el mandatario refrend\u00f3 el respaldo de su gobierno a ese sector de la econom\u00eda, del cual dependen miles de familias tampique\u00f1as y de la zona conurbada del sur de Tamaulipas y norte de Veracruz.<\/p>\n","protected":false},"excerpt":{"rendered":"<p>*Asegura Que El Sector Es Fundamental En El Desarrollo Econ\u00f3mico De Tampico. &nbsp; Al sostener un encuentro con empresarios tampique\u00f1os&hellip;<\/p>\n","protected":false},"author":1,"featured_media":0,"comment_status":"open","ping_status":"open","sticky":false,"template":"","format":"standard","meta":{"footnotes":""},"categories":[3],"tags":[],"class_list":["post-1695","post","type-post","status-publish","format-standard","hentry","category-tampico"],"yoast_head":"<!-- This site is optimized with the Yoast SEO plugin v27.5 - https:\/\/yoast.com\/product\/yoast-seo-wordpress\/ -->\n<title>SE RE\u00daNE CHUCHO NADER CON EMPRESARIOS PESQUEROS Y DESPICADORES - EL INFORMATIVO DE TAMAULIPAS<\/title>\n<meta name=\"description\" content=\"*Asegura Que El Sector Es Fundamental En El Desarrollo Econ\u00f3mico De Tampico. &nbsp; Al sostener un encuentro con empresarios tampique\u00f1os dedicados al\" \/>\n<meta name=\"robots\" content=\"index, follow, max-snippet:-1, max-image-preview:large, max-video-preview:-1\" \/>\n<link rel=\"canonical\" href=\"https:\/\/elinformativotam.com\/index.php\/2020\/01\/13\/se-reune-chucho-nader-con-empresarios-pesqueros-y-despicadores\/\" \/>\n<meta property=\"og:locale\" content=\"es_MX\" \/>\n<meta property=\"og:type\" content=\"article\" \/>\n<meta property=\"og:title\" content=\"SE RE\u00daNE CHUCHO NADER CON EMPRESARIOS PESQUEROS Y DESPICADORES - EL INFORMATIVO DE TAMAULIPAS\" \/>\n<meta property=\"og:description\" content=\"*Asegura Que El Sector Es Fundamental En El Desarrollo Econ\u00f3mico De Tampico. &nbsp; Al sostener un encuentro con empresarios tampique\u00f1os dedicados al\" \/>\n<meta property=\"og:url\" content=\"https:\/\/elinformativotam.com\/index.php\/2020\/01\/13\/se-reune-chucho-nader-con-empresarios-pesqueros-y-despicadores\/\" \/>\n<meta property=\"og:site_name\" content=\"EL INFORMATIVO DE TAMAULIPAS\" \/>\n<meta property=\"article:published_time\" content=\"2020-01-13T23:58:33+00:00\" \/>\n<meta property=\"og:image\" content=\"http:\/\/elinformativotam.com\/wp-content\/uploads\/2020\/01\/Nader-4-300x181.jpg\" \/>\n<meta name=\"author\" content=\"El Informativo Tam\" \/>\n<meta name=\"twitter:card\" content=\"summary_large_image\" \/>\n<meta name=\"twitter:label1\" content=\"Escrito por\" \/>\n\t<meta name=\"twitter:data1\" content=\"El Informativo Tam\" \/>\n\t<meta name=\"twitter:label2\" content=\"Tiempo de lectura\" \/>\n\t<meta name=\"twitter:data2\" content=\"2 minutos\" \/>\n<script type=\"application\/ld+json\" class=\"yoast-schema-graph\">{\"@context\":\"https:\\\/\\\/schema.org\",\"@graph\":[{\"@type\":\"Article\",\"@id\":\"https:\\\/\\\/elinformativotam.com\\\/index.php\\\/2020\\\/01\\\/13\\\/se-reune-chucho-nader-con-empresarios-pesqueros-y-despicadores\\\/#article\",\"isPartOf\":{\"@id\":\"https:\\\/\\\/elinformativotam.com\\\/index.php\\\/2020\\\/01\\\/13\\\/se-reune-chucho-nader-con-empresarios-pesqueros-y-despicadores\\\/\"},\"author\":{\"name\":\"El Informativo Tam\",\"@id\":\"https:\\\/\\\/elinformativotam.com\\\/#\\\/schema\\\/person\\\/78e08040eed0f6110f0c5f83b6153590\"},\"headline\":\"SE RE\u00daNE CHUCHO NADER CON EMPRESARIOS PESQUEROS Y DESPICADORES\",\"datePublished\":\"2020-01-13T23:58:33+00:00\",\"mainEntityOfPage\":{\"@id\":\"https:\\\/\\\/elinformativotam.com\\\/index.php\\\/2020\\\/01\\\/13\\\/se-reune-chucho-nader-con-empresarios-pesqueros-y-despicadores\\\/\"},\"wordCount\":389,\"commentCount\":0,\"publisher\":{\"@id\":\"https:\\\/\\\/elinformativotam.com\\\/#organization\"},\"image\":{\"@id\":\"https:\\\/\\\/elinformativotam.com\\\/index.php\\\/2020\\\/01\\\/13\\\/se-reune-chucho-nader-con-empresarios-pesqueros-y-despicadores\\\/#primaryimage\"},\"thumbnailUrl\":\"http:\\\/\\\/elinformativotam.com\\\/wp-content\\\/uploads\\\/2020\\\/01\\\/Nader-4-300x181.jpg\",\"articleSection\":[\"Tampico\"],\"inLanguage\":\"es\",\"potentialAction\":[{\"@type\":\"CommentAction\",\"name\":\"Comment\",\"target\":[\"https:\\\/\\\/elinformativotam.com\\\/index.php\\\/2020\\\/01\\\/13\\\/se-reune-chucho-nader-con-empresarios-pesqueros-y-despicadores\\\/#respond\"]}]},{\"@type\":\"WebPage\",\"@id\":\"https:\\\/\\\/elinformativotam.com\\\/index.php\\\/2020\\\/01\\\/13\\\/se-reune-chucho-nader-con-empresarios-pesqueros-y-despicadores\\\/\",\"url\":\"https:\\\/\\\/elinformativotam.com\\\/index.php\\\/2020\\\/01\\\/13\\\/se-reune-chucho-nader-con-empresarios-pesqueros-y-despicadores\\\/\",\"name\":\"SE RE\u00daNE CHUCHO NADER CON EMPRESARIOS PESQUEROS Y DESPICADORES - EL INFORMATIVO DE TAMAULIPAS\",\"isPartOf\":{\"@id\":\"https:\\\/\\\/elinformativotam.com\\\/#website\"},\"primaryImageOfPage\":{\"@id\":\"https:\\\/\\\/elinformativotam.com\\\/index.php\\\/2020\\\/01\\\/13\\\/se-reune-chucho-nader-con-empresarios-pesqueros-y-despicadores\\\/#primaryimage\"},\"image\":{\"@id\":\"https:\\\/\\\/elinformativotam.com\\\/index.php\\\/2020\\\/01\\\/13\\\/se-reune-chucho-nader-con-empresarios-pesqueros-y-despicadores\\\/#primaryimage\"},\"thumbnailUrl\":\"http:\\\/\\\/elinformativotam.com\\\/wp-content\\\/uploads\\\/2020\\\/01\\\/Nader-4-300x181.jpg\",\"datePublished\":\"2020-01-13T23:58:33+00:00\",\"description\":\"*Asegura Que El Sector Es Fundamental En El Desarrollo Econ\u00f3mico De Tampico. &nbsp; Al sostener un encuentro con empresarios tampique\u00f1os dedicados al\",\"inLanguage\":\"es\",\"potentialAction\":[{\"@type\":\"ReadAction\",\"target\":[\"https:\\\/\\\/elinformativotam.com\\\/index.php\\\/2020\\\/01\\\/13\\\/se-reune-chucho-nader-con-empresarios-pesqueros-y-despicadores\\\/\"]}]},{\"@type\":\"ImageObject\",\"inLanguage\":\"es\",\"@id\":\"https:\\\/\\\/elinformativotam.com\\\/index.php\\\/2020\\\/01\\\/13\\\/se-reune-chucho-nader-con-empresarios-pesqueros-y-despicadores\\\/#primaryimage\",\"url\":\"http:\\\/\\\/elinformativotam.com\\\/wp-content\\\/uploads\\\/2020\\\/01\\\/Nader-4-300x181.jpg\",\"contentUrl\":\"http:\\\/\\\/elinformativotam.com\\\/wp-content\\\/uploads\\\/2020\\\/01\\\/Nader-4-300x181.jpg\"},{\"@type\":\"WebSite\",\"@id\":\"https:\\\/\\\/elinformativotam.com\\\/#website\",\"url\":\"https:\\\/\\\/elinformativotam.com\\\/\",\"name\":\"EL INFORMATIVO DE TAMAULIPAS\",\"description\":\"Desde la Zona Metropolitana Para Todo M\u00e9xico\",\"publisher\":{\"@id\":\"https:\\\/\\\/elinformativotam.com\\\/#organization\"},\"potentialAction\":[{\"@type\":\"SearchAction\",\"target\":{\"@type\":\"EntryPoint\",\"urlTemplate\":\"https:\\\/\\\/elinformativotam.com\\\/?s={search_term_string}\"},\"query-input\":{\"@type\":\"PropertyValueSpecification\",\"valueRequired\":true,\"valueName\":\"search_term_string\"}}],\"inLanguage\":\"es\"},{\"@type\":\"Organization\",\"@id\":\"https:\\\/\\\/elinformativotam.com\\\/#organization\",\"name\":\"EL INFORMATIVO DE TAMAULIPAS\",\"url\":\"https:\\\/\\\/elinformativotam.com\\\/\",\"logo\":{\"@type\":\"ImageObject\",\"inLanguage\":\"es\",\"@id\":\"https:\\\/\\\/elinformativotam.com\\\/#\\\/schema\\\/logo\\\/image\\\/\",\"url\":\"https:\\\/\\\/elinformativotam.com\\\/wp-content\\\/uploads\\\/2026\\\/02\\\/Cabezal.png\",\"contentUrl\":\"https:\\\/\\\/elinformativotam.com\\\/wp-content\\\/uploads\\\/2026\\\/02\\\/Cabezal.png\",\"width\":960,\"height\":640,\"caption\":\"EL INFORMATIVO DE TAMAULIPAS\"},\"image\":{\"@id\":\"https:\\\/\\\/elinformativotam.com\\\/#\\\/schema\\\/logo\\\/image\\\/\"}},{\"@type\":\"Person\",\"@id\":\"https:\\\/\\\/elinformativotam.com\\\/#\\\/schema\\\/person\\\/78e08040eed0f6110f0c5f83b6153590\",\"name\":\"El Informativo Tam\",\"image\":{\"@type\":\"ImageObject\",\"inLanguage\":\"es\",\"@id\":\"https:\\\/\\\/secure.gravatar.com\\\/avatar\\\/f3b7ad3af540688955925ac610647be00b0cf41feea9c4978b73a707ee86bc53?s=96&d=mm&r=g\",\"url\":\"https:\\\/\\\/secure.gravatar.com\\\/avatar\\\/f3b7ad3af540688955925ac610647be00b0cf41feea9c4978b73a707ee86bc53?s=96&d=mm&r=g\",\"contentUrl\":\"https:\\\/\\\/secure.gravatar.com\\\/avatar\\\/f3b7ad3af540688955925ac610647be00b0cf41feea9c4978b73a707ee86bc53?s=96&d=mm&r=g\",\"caption\":\"El Informativo Tam\"}}]}<\/script>\n<!-- \/ Yoast SEO plugin. -->","yoast_head_json":{"title":"SE RE\u00daNE CHUCHO NADER CON EMPRESARIOS PESQUEROS Y DESPICADORES - EL INFORMATIVO DE TAMAULIPAS","description":"*Asegura Que El Sector Es Fundamental En El Desarrollo Econ\u00f3mico De Tampico. &nbsp; Al sostener un encuentro con empresarios tampique\u00f1os dedicados al","robots":{"index":"index","follow":"follow","max-snippet":"max-snippet:-1","max-image-preview":"max-image-preview:large","max-video-preview":"max-video-preview:-1"},"canonical":"https:\/\/elinformativotam.com\/index.php\/2020\/01\/13\/se-reune-chucho-nader-con-empresarios-pesqueros-y-despicadores\/","og_locale":"es_MX","og_type":"article","og_title":"SE RE\u00daNE CHUCHO NADER CON EMPRESARIOS PESQUEROS Y DESPICADORES - EL INFORMATIVO DE TAMAULIPAS","og_description":"*Asegura Que El Sector Es Fundamental En El Desarrollo Econ\u00f3mico De Tampico. &nbsp; Al sostener un encuentro con empresarios tampique\u00f1os dedicados al","og_url":"https:\/\/elinformativotam.com\/index.php\/2020\/01\/13\/se-reune-chucho-nader-con-empresarios-pesqueros-y-despicadores\/","og_site_name":"EL INFORMATIVO DE TAMAULIPAS","article_published_time":"2020-01-13T23:58:33+00:00","og_image":[{"url":"http:\/\/elinformativotam.com\/wp-content\/uploads\/2020\/01\/Nader-4-300x181.jpg","type":"","width":"","height":""}],"author":"El Informativo Tam","twitter_card":"summary_large_image","twitter_misc":{"Escrito por":"El Informativo Tam","Tiempo de lectura":"2 minutos"},"schema":{"@context":"https:\/\/schema.org","@graph":[{"@type":"Article","@id":"https:\/\/elinformativotam.com\/index.php\/2020\/01\/13\/se-reune-chucho-nader-con-empresarios-pesqueros-y-despicadores\/#article","isPartOf":{"@id":"https:\/\/elinformativotam.com\/index.php\/2020\/01\/13\/se-reune-chucho-nader-con-empresarios-pesqueros-y-despicadores\/"},"author":{"name":"El Informativo Tam","@id":"https:\/\/elinformativotam.com\/#\/schema\/person\/78e08040eed0f6110f0c5f83b6153590"},"headline":"SE RE\u00daNE CHUCHO NADER CON EMPRESARIOS PESQUEROS Y DESPICADORES","datePublished":"2020-01-13T23:58:33+00:00","mainEntityOfPage":{"@id":"https:\/\/elinformativotam.com\/index.php\/2020\/01\/13\/se-reune-chucho-nader-con-empresarios-pesqueros-y-despicadores\/"},"wordCount":389,"commentCount":0,"publisher":{"@id":"https:\/\/elinformativotam.com\/#organization"},"image":{"@id":"https:\/\/elinformativotam.com\/index.php\/2020\/01\/13\/se-reune-chucho-nader-con-empresarios-pesqueros-y-despicadores\/#primaryimage"},"thumbnailUrl":"http:\/\/elinformativotam.com\/wp-content\/uploads\/2020\/01\/Nader-4-300x181.jpg","articleSection":["Tampico"],"inLanguage":"es","potentialAction":[{"@type":"CommentAction","name":"Comment","target":["https:\/\/elinformativotam.com\/index.php\/2020\/01\/13\/se-reune-chucho-nader-con-empresarios-pesqueros-y-despicadores\/#respond"]}]},{"@type":"WebPage","@id":"https:\/\/elinformativotam.com\/index.php\/2020\/01\/13\/se-reune-chucho-nader-con-empresarios-pesqueros-y-despicadores\/","url":"https:\/\/elinformativotam.com\/index.php\/2020\/01\/13\/se-reune-chucho-nader-con-empresarios-pesqueros-y-despicadores\/","name":"SE RE\u00daNE CHUCHO NADER CON EMPRESARIOS PESQUEROS Y DESPICADORES - EL INFORMATIVO DE TAMAULIPAS","isPartOf":{"@id":"https:\/\/elinformativotam.com\/#website"},"primaryImageOfPage":{"@id":"https:\/\/elinformativotam.com\/index.php\/2020\/01\/13\/se-reune-chucho-nader-con-empresarios-pesqueros-y-despicadores\/#primaryimage"},"image":{"@id":"https:\/\/elinformativotam.com\/index.php\/2020\/01\/13\/se-reune-chucho-nader-con-empresarios-pesqueros-y-despicadores\/#primaryimage"},"thumbnailUrl":"http:\/\/elinformativotam.com\/wp-content\/uploads\/2020\/01\/Nader-4-300x181.jpg","datePublished":"2020-01-13T23:58:33+00:00","description":"*Asegura Que El Sector Es Fundamental En El Desarrollo Econ\u00f3mico De Tampico. &nbsp; Al sostener un encuentro con empresarios tampique\u00f1os dedicados al","inLanguage":"es","potentialAction":[{"@type":"ReadAction","target":["https:\/\/elinformativotam.com\/index.php\/2020\/01\/13\/se-reune-chucho-nader-con-empresarios-pesqueros-y-despicadores\/"]}]},{"@type":"ImageObject","inLanguage":"es","@id":"https:\/\/elinformativotam.com\/index.php\/2020\/01\/13\/se-reune-chucho-nader-con-empresarios-pesqueros-y-despicadores\/#primaryimage","url":"http:\/\/elinformativotam.com\/wp-content\/uploads\/2020\/01\/Nader-4-300x181.jpg","contentUrl":"http:\/\/elinformativotam.com\/wp-content\/uploads\/2020\/01\/Nader-4-300x181.jpg"},{"@type":"WebSite","@id":"https:\/\/elinformativotam.com\/#website","url":"https:\/\/elinformativotam.com\/","name":"EL INFORMATIVO DE TAMAULIPAS","description":"Desde la Zona Metropolitana Para Todo M\u00e9xico","publisher":{"@id":"https:\/\/elinformativotam.com\/#organization"},"potentialAction":[{"@type":"SearchAction","target":{"@type":"EntryPoint","urlTemplate":"https:\/\/elinformativotam.com\/?s={search_term_string}"},"query-input":{"@type":"PropertyValueSpecification","valueRequired":true,"valueName":"search_term_string"}}],"inLanguage":"es"},{"@type":"Organization","@id":"https:\/\/elinformativotam.com\/#organization","name":"EL INFORMATIVO DE TAMAULIPAS","url":"https:\/\/elinformativotam.com\/","logo":{"@type":"ImageObject","inLanguage":"es","@id":"https:\/\/elinformativotam.com\/#\/schema\/logo\/image\/","url":"https:\/\/elinformativotam.com\/wp-content\/uploads\/2026\/02\/Cabezal.png","contentUrl":"https:\/\/elinformativotam.com\/wp-content\/uploads\/2026\/02\/Cabezal.png","width":960,"height":640,"caption":"EL INFORMATIVO DE TAMAULIPAS"},"image":{"@id":"https:\/\/elinformativotam.com\/#\/schema\/logo\/image\/"}},{"@type":"Person","@id":"https:\/\/elinformativotam.com\/#\/schema\/person\/78e08040eed0f6110f0c5f83b6153590","name":"El Informativo Tam","image":{"@type":"ImageObject","inLanguage":"es","@id":"https:\/\/secure.gravatar.com\/avatar\/f3b7ad3af540688955925ac610647be00b0cf41feea9c4978b73a707ee86bc53?s=96&d=mm&r=g","url":"https:\/\/secure.gravatar.com\/avatar\/f3b7ad3af540688955925ac610647be00b0cf41feea9c4978b73a707ee86bc53?s=96&d=mm&r=g","contentUrl":"https:\/\/secure.gravatar.com\/avatar\/f3b7ad3af540688955925ac610647be00b0cf41feea9c4978b73a707ee86bc53?s=96&d=mm&r=g","caption":"El Informativo Tam"}}]}},"_links":{"self":[{"href":"https:\/\/elinformativotam.com\/index.php\/wp-json\/wp\/v2\/posts\/1695","targetHints":{"allow":["GET"]}}],"collection":[{"href":"https:\/\/elinformativotam.com\/index.php\/wp-json\/wp\/v2\/posts"}],"about":[{"href":"https:\/\/elinformativotam.com\/index.php\/wp-json\/wp\/v2\/types\/post"}],"author":[{"embeddable":true,"href":"https:\/\/elinformativotam.com\/index.php\/wp-json\/wp\/v2\/users\/1"}],"replies":[{"embeddable":true,"href":"https:\/\/elinformativotam.com\/index.php\/wp-json\/wp\/v2\/comments?post=1695"}],"version-history":[{"count":0,"href":"https:\/\/elinformativotam.com\/index.php\/wp-json\/wp\/v2\/posts\/1695\/revisions"}],"wp:attachment":[{"href":"https:\/\/elinformativotam.com\/index.php\/wp-json\/wp\/v2\/media?parent=1695"}],"wp:term":[{"taxonomy":"category","embeddable":true,"href":"https:\/\/elinformativotam.com\/index.php\/wp-json\/wp\/v2\/categories?post=1695"},{"taxonomy":"post_tag","embeddable":true,"href":"https:\/\/elinformativotam.com\/index.php\/wp-json\/wp\/v2\/tags?post=1695"}],"curies":[{"name":"wp","href":"https:\/\/api.w.org\/{rel}","templated":true}]}}