{"id":1668,"date":"2020-01-12T11:36:49","date_gmt":"2020-01-12T17:36:49","guid":{"rendered":"http:\/\/elinformativotam.com\/?p=1668"},"modified":"2020-01-12T11:36:49","modified_gmt":"2020-01-12T17:36:49","slug":"invita-gobierno-de-madero-a-cursos-gratuitos-de-tejido-y-bisuteria","status":"publish","type":"post","link":"https:\/\/elinformativotam.com\/index.php\/2020\/01\/12\/invita-gobierno-de-madero-a-cursos-gratuitos-de-tejido-y-bisuteria\/","title":{"rendered":"INVITA GOBIERNO DE MADERO A CURSOS GRATUITOS DE TEJIDO Y BISUTER\u00cdA"},"content":{"rendered":"<p>El Gobierno de Ciudad Madero que preside el alcalde Adri\u00e1n Oseguera Kernion, hace una atenta invitaci\u00f3n a la poblaci\u00f3n para que aprovechen los diferentes cursos y talleres que se imparten a trav\u00e9s del Instituto Municipal de la Mujer, sin costo alguno.<\/p>\n<p>Esperanza Balderas G\u00f3mez, directora del citado organismo, manifest\u00f3 que algunos de estos cursos como tejido y bisuter\u00eda, se ofrecen a la comunidad para promover el autoempleo y aportar un recurso extra al hogar.<\/p>\n<p>\u201cReconozco el emprendimiento de las mujeres maderenses. Muchas de nuestras alumnas logran iniciar su propio negocio al salir de los cursos\u201d, asegur\u00f3 Balderas G\u00f3mez.<\/p>\n<p>En otro tema, hizo un llamado para que la ciudadan\u00eda que as\u00ed lo requiera, aproveche las pl\u00e1ticas prematrimoniales los d\u00edas martes de cada semana en un horario de nueve treinta de la ma\u00f1ana a una de la tarde.<\/p>\n<p>Asimismo, indic\u00f3 que tras detectar la necesidad de orientaci\u00f3n en temas legales que derivan de situaciones familiares, el Instituto de la Mujer brinda asesor\u00eda jur\u00eddica y psicol\u00f3gica a la poblaci\u00f3n de manera gratuita.<\/p>\n<p>Para mayor informaci\u00f3n, puntualiz\u00f3, comunicarse al tel\u00e9fono 833 306-00-29 o acudir al Centro Cultural Bicentenario ubicado en calle Ni\u00f1os H\u00e9roes de la zona centro de Ciudad Madero.<\/p>\n","protected":false},"excerpt":{"rendered":"<p>El Gobierno de Ciudad Madero que preside el alcalde Adri\u00e1n Oseguera Kernion, hace una atenta invitaci\u00f3n a la poblaci\u00f3n para&hellip;<\/p>\n","protected":false},"author":1,"featured_media":0,"comment_status":"open","ping_status":"open","sticky":false,"template":"","format":"standard","meta":{"footnotes":""},"categories":[4],"tags":[],"class_list":["post-1668","post","type-post","status-publish","format-standard","hentry","category-madero"],"yoast_head":"<!-- This site is optimized with the Yoast SEO plugin v27.5 - https:\/\/yoast.com\/product\/yoast-seo-wordpress\/ -->\n<title>INVITA GOBIERNO DE MADERO A CURSOS GRATUITOS DE TEJIDO Y BISUTER\u00cdA - EL INFORMATIVO DE TAMAULIPAS<\/title>\n<meta name=\"description\" content=\"El Gobierno de Ciudad Madero que preside el alcalde Adri\u00e1n Oseguera Kernion, hace una atenta invitaci\u00f3n a la poblaci\u00f3n para que aprovechen los diferentes\" \/>\n<meta name=\"robots\" content=\"index, follow, max-snippet:-1, max-image-preview:large, max-video-preview:-1\" \/>\n<link rel=\"canonical\" href=\"https:\/\/elinformativotam.com\/index.php\/2020\/01\/12\/invita-gobierno-de-madero-a-cursos-gratuitos-de-tejido-y-bisuteria\/\" \/>\n<meta property=\"og:locale\" content=\"es_MX\" \/>\n<meta property=\"og:type\" content=\"article\" \/>\n<meta property=\"og:title\" content=\"INVITA GOBIERNO DE MADERO A CURSOS GRATUITOS DE TEJIDO Y BISUTER\u00cdA - EL INFORMATIVO DE TAMAULIPAS\" \/>\n<meta property=\"og:description\" content=\"El Gobierno de Ciudad Madero que preside el alcalde Adri\u00e1n Oseguera Kernion, hace una atenta invitaci\u00f3n a la poblaci\u00f3n para que aprovechen los diferentes\" \/>\n<meta property=\"og:url\" content=\"https:\/\/elinformativotam.com\/index.php\/2020\/01\/12\/invita-gobierno-de-madero-a-cursos-gratuitos-de-tejido-y-bisuteria\/\" \/>\n<meta property=\"og:site_name\" content=\"EL INFORMATIVO DE TAMAULIPAS\" \/>\n<meta property=\"article:published_time\" content=\"2020-01-12T17:36:49+00:00\" \/>\n<meta name=\"author\" content=\"El Informativo Tam\" \/>\n<meta name=\"twitter:card\" content=\"summary_large_image\" \/>\n<meta name=\"twitter:label1\" content=\"Escrito por\" \/>\n\t<meta name=\"twitter:data1\" content=\"El Informativo Tam\" \/>\n\t<meta name=\"twitter:label2\" content=\"Tiempo de lectura\" \/>\n\t<meta name=\"twitter:data2\" content=\"1 minuto\" \/>\n<script type=\"application\/ld+json\" class=\"yoast-schema-graph\">{\"@context\":\"https:\\\/\\\/schema.org\",\"@graph\":[{\"@type\":\"Article\",\"@id\":\"https:\\\/\\\/elinformativotam.com\\\/index.php\\\/2020\\\/01\\\/12\\\/invita-gobierno-de-madero-a-cursos-gratuitos-de-tejido-y-bisuteria\\\/#article\",\"isPartOf\":{\"@id\":\"https:\\\/\\\/elinformativotam.com\\\/index.php\\\/2020\\\/01\\\/12\\\/invita-gobierno-de-madero-a-cursos-gratuitos-de-tejido-y-bisuteria\\\/\"},\"author\":{\"name\":\"El Informativo Tam\",\"@id\":\"https:\\\/\\\/elinformativotam.com\\\/#\\\/schema\\\/person\\\/78e08040eed0f6110f0c5f83b6153590\"},\"headline\":\"INVITA GOBIERNO DE MADERO A CURSOS GRATUITOS DE TEJIDO Y BISUTER\u00cdA\",\"datePublished\":\"2020-01-12T17:36:49+00:00\",\"mainEntityOfPage\":{\"@id\":\"https:\\\/\\\/elinformativotam.com\\\/index.php\\\/2020\\\/01\\\/12\\\/invita-gobierno-de-madero-a-cursos-gratuitos-de-tejido-y-bisuteria\\\/\"},\"wordCount\":228,\"commentCount\":0,\"publisher\":{\"@id\":\"https:\\\/\\\/elinformativotam.com\\\/#organization\"},\"articleSection\":[\"Cd Madero\"],\"inLanguage\":\"es\",\"potentialAction\":[{\"@type\":\"CommentAction\",\"name\":\"Comment\",\"target\":[\"https:\\\/\\\/elinformativotam.com\\\/index.php\\\/2020\\\/01\\\/12\\\/invita-gobierno-de-madero-a-cursos-gratuitos-de-tejido-y-bisuteria\\\/#respond\"]}]},{\"@type\":\"WebPage\",\"@id\":\"https:\\\/\\\/elinformativotam.com\\\/index.php\\\/2020\\\/01\\\/12\\\/invita-gobierno-de-madero-a-cursos-gratuitos-de-tejido-y-bisuteria\\\/\",\"url\":\"https:\\\/\\\/elinformativotam.com\\\/index.php\\\/2020\\\/01\\\/12\\\/invita-gobierno-de-madero-a-cursos-gratuitos-de-tejido-y-bisuteria\\\/\",\"name\":\"INVITA GOBIERNO DE MADERO A CURSOS GRATUITOS DE TEJIDO Y BISUTER\u00cdA - EL INFORMATIVO DE TAMAULIPAS\",\"isPartOf\":{\"@id\":\"https:\\\/\\\/elinformativotam.com\\\/#website\"},\"datePublished\":\"2020-01-12T17:36:49+00:00\",\"description\":\"El Gobierno de Ciudad Madero que preside el alcalde Adri\u00e1n Oseguera Kernion, hace una atenta invitaci\u00f3n a la poblaci\u00f3n para que aprovechen los diferentes\",\"inLanguage\":\"es\",\"potentialAction\":[{\"@type\":\"ReadAction\",\"target\":[\"https:\\\/\\\/elinformativotam.com\\\/index.php\\\/2020\\\/01\\\/12\\\/invita-gobierno-de-madero-a-cursos-gratuitos-de-tejido-y-bisuteria\\\/\"]}]},{\"@type\":\"WebSite\",\"@id\":\"https:\\\/\\\/elinformativotam.com\\\/#website\",\"url\":\"https:\\\/\\\/elinformativotam.com\\\/\",\"name\":\"EL INFORMATIVO DE TAMAULIPAS\",\"description\":\"Desde la Zona Metropolitana Para Todo M\u00e9xico\",\"publisher\":{\"@id\":\"https:\\\/\\\/elinformativotam.com\\\/#organization\"},\"potentialAction\":[{\"@type\":\"SearchAction\",\"target\":{\"@type\":\"EntryPoint\",\"urlTemplate\":\"https:\\\/\\\/elinformativotam.com\\\/?s={search_term_string}\"},\"query-input\":{\"@type\":\"PropertyValueSpecification\",\"valueRequired\":true,\"valueName\":\"search_term_string\"}}],\"inLanguage\":\"es\"},{\"@type\":\"Organization\",\"@id\":\"https:\\\/\\\/elinformativotam.com\\\/#organization\",\"name\":\"EL INFORMATIVO DE TAMAULIPAS\",\"url\":\"https:\\\/\\\/elinformativotam.com\\\/\",\"logo\":{\"@type\":\"ImageObject\",\"inLanguage\":\"es\",\"@id\":\"https:\\\/\\\/elinformativotam.com\\\/#\\\/schema\\\/logo\\\/image\\\/\",\"url\":\"https:\\\/\\\/elinformativotam.com\\\/wp-content\\\/uploads\\\/2026\\\/02\\\/Cabezal.png\",\"contentUrl\":\"https:\\\/\\\/elinformativotam.com\\\/wp-content\\\/uploads\\\/2026\\\/02\\\/Cabezal.png\",\"width\":960,\"height\":640,\"caption\":\"EL INFORMATIVO DE TAMAULIPAS\"},\"image\":{\"@id\":\"https:\\\/\\\/elinformativotam.com\\\/#\\\/schema\\\/logo\\\/image\\\/\"}},{\"@type\":\"Person\",\"@id\":\"https:\\\/\\\/elinformativotam.com\\\/#\\\/schema\\\/person\\\/78e08040eed0f6110f0c5f83b6153590\",\"name\":\"El Informativo Tam\",\"image\":{\"@type\":\"ImageObject\",\"inLanguage\":\"es\",\"@id\":\"https:\\\/\\\/secure.gravatar.com\\\/avatar\\\/f3b7ad3af540688955925ac610647be00b0cf41feea9c4978b73a707ee86bc53?s=96&d=mm&r=g\",\"url\":\"https:\\\/\\\/secure.gravatar.com\\\/avatar\\\/f3b7ad3af540688955925ac610647be00b0cf41feea9c4978b73a707ee86bc53?s=96&d=mm&r=g\",\"contentUrl\":\"https:\\\/\\\/secure.gravatar.com\\\/avatar\\\/f3b7ad3af540688955925ac610647be00b0cf41feea9c4978b73a707ee86bc53?s=96&d=mm&r=g\",\"caption\":\"El Informativo Tam\"}}]}<\/script>\n<!-- \/ Yoast SEO plugin. -->","yoast_head_json":{"title":"INVITA GOBIERNO DE MADERO A CURSOS GRATUITOS DE TEJIDO Y BISUTER\u00cdA - EL INFORMATIVO DE TAMAULIPAS","description":"El Gobierno de Ciudad Madero que preside el alcalde Adri\u00e1n Oseguera Kernion, hace una atenta invitaci\u00f3n a la poblaci\u00f3n para que aprovechen los diferentes","robots":{"index":"index","follow":"follow","max-snippet":"max-snippet:-1","max-image-preview":"max-image-preview:large","max-video-preview":"max-video-preview:-1"},"canonical":"https:\/\/elinformativotam.com\/index.php\/2020\/01\/12\/invita-gobierno-de-madero-a-cursos-gratuitos-de-tejido-y-bisuteria\/","og_locale":"es_MX","og_type":"article","og_title":"INVITA GOBIERNO DE MADERO A CURSOS GRATUITOS DE TEJIDO Y BISUTER\u00cdA - EL INFORMATIVO DE TAMAULIPAS","og_description":"El Gobierno de Ciudad Madero que preside el alcalde Adri\u00e1n Oseguera Kernion, hace una atenta invitaci\u00f3n a la poblaci\u00f3n para que aprovechen los diferentes","og_url":"https:\/\/elinformativotam.com\/index.php\/2020\/01\/12\/invita-gobierno-de-madero-a-cursos-gratuitos-de-tejido-y-bisuteria\/","og_site_name":"EL INFORMATIVO DE TAMAULIPAS","article_published_time":"2020-01-12T17:36:49+00:00","author":"El Informativo Tam","twitter_card":"summary_large_image","twitter_misc":{"Escrito por":"El Informativo Tam","Tiempo de lectura":"1 minuto"},"schema":{"@context":"https:\/\/schema.org","@graph":[{"@type":"Article","@id":"https:\/\/elinformativotam.com\/index.php\/2020\/01\/12\/invita-gobierno-de-madero-a-cursos-gratuitos-de-tejido-y-bisuteria\/#article","isPartOf":{"@id":"https:\/\/elinformativotam.com\/index.php\/2020\/01\/12\/invita-gobierno-de-madero-a-cursos-gratuitos-de-tejido-y-bisuteria\/"},"author":{"name":"El Informativo Tam","@id":"https:\/\/elinformativotam.com\/#\/schema\/person\/78e08040eed0f6110f0c5f83b6153590"},"headline":"INVITA GOBIERNO DE MADERO A CURSOS GRATUITOS DE TEJIDO Y BISUTER\u00cdA","datePublished":"2020-01-12T17:36:49+00:00","mainEntityOfPage":{"@id":"https:\/\/elinformativotam.com\/index.php\/2020\/01\/12\/invita-gobierno-de-madero-a-cursos-gratuitos-de-tejido-y-bisuteria\/"},"wordCount":228,"commentCount":0,"publisher":{"@id":"https:\/\/elinformativotam.com\/#organization"},"articleSection":["Cd Madero"],"inLanguage":"es","potentialAction":[{"@type":"CommentAction","name":"Comment","target":["https:\/\/elinformativotam.com\/index.php\/2020\/01\/12\/invita-gobierno-de-madero-a-cursos-gratuitos-de-tejido-y-bisuteria\/#respond"]}]},{"@type":"WebPage","@id":"https:\/\/elinformativotam.com\/index.php\/2020\/01\/12\/invita-gobierno-de-madero-a-cursos-gratuitos-de-tejido-y-bisuteria\/","url":"https:\/\/elinformativotam.com\/index.php\/2020\/01\/12\/invita-gobierno-de-madero-a-cursos-gratuitos-de-tejido-y-bisuteria\/","name":"INVITA GOBIERNO DE MADERO A CURSOS GRATUITOS DE TEJIDO Y BISUTER\u00cdA - EL INFORMATIVO DE TAMAULIPAS","isPartOf":{"@id":"https:\/\/elinformativotam.com\/#website"},"datePublished":"2020-01-12T17:36:49+00:00","description":"El Gobierno de Ciudad Madero que preside el alcalde Adri\u00e1n Oseguera Kernion, hace una atenta invitaci\u00f3n a la poblaci\u00f3n para que aprovechen los diferentes","inLanguage":"es","potentialAction":[{"@type":"ReadAction","target":["https:\/\/elinformativotam.com\/index.php\/2020\/01\/12\/invita-gobierno-de-madero-a-cursos-gratuitos-de-tejido-y-bisuteria\/"]}]},{"@type":"WebSite","@id":"https:\/\/elinformativotam.com\/#website","url":"https:\/\/elinformativotam.com\/","name":"EL INFORMATIVO DE TAMAULIPAS","description":"Desde la Zona Metropolitana Para Todo M\u00e9xico","publisher":{"@id":"https:\/\/elinformativotam.com\/#organization"},"potentialAction":[{"@type":"SearchAction","target":{"@type":"EntryPoint","urlTemplate":"https:\/\/elinformativotam.com\/?s={search_term_string}"},"query-input":{"@type":"PropertyValueSpecification","valueRequired":true,"valueName":"search_term_string"}}],"inLanguage":"es"},{"@type":"Organization","@id":"https:\/\/elinformativotam.com\/#organization","name":"EL INFORMATIVO DE TAMAULIPAS","url":"https:\/\/elinformativotam.com\/","logo":{"@type":"ImageObject","inLanguage":"es","@id":"https:\/\/elinformativotam.com\/#\/schema\/logo\/image\/","url":"https:\/\/elinformativotam.com\/wp-content\/uploads\/2026\/02\/Cabezal.png","contentUrl":"https:\/\/elinformativotam.com\/wp-content\/uploads\/2026\/02\/Cabezal.png","width":960,"height":640,"caption":"EL INFORMATIVO DE TAMAULIPAS"},"image":{"@id":"https:\/\/elinformativotam.com\/#\/schema\/logo\/image\/"}},{"@type":"Person","@id":"https:\/\/elinformativotam.com\/#\/schema\/person\/78e08040eed0f6110f0c5f83b6153590","name":"El Informativo Tam","image":{"@type":"ImageObject","inLanguage":"es","@id":"https:\/\/secure.gravatar.com\/avatar\/f3b7ad3af540688955925ac610647be00b0cf41feea9c4978b73a707ee86bc53?s=96&d=mm&r=g","url":"https:\/\/secure.gravatar.com\/avatar\/f3b7ad3af540688955925ac610647be00b0cf41feea9c4978b73a707ee86bc53?s=96&d=mm&r=g","contentUrl":"https:\/\/secure.gravatar.com\/avatar\/f3b7ad3af540688955925ac610647be00b0cf41feea9c4978b73a707ee86bc53?s=96&d=mm&r=g","caption":"El Informativo Tam"}}]}},"_links":{"self":[{"href":"https:\/\/elinformativotam.com\/index.php\/wp-json\/wp\/v2\/posts\/1668","targetHints":{"allow":["GET"]}}],"collection":[{"href":"https:\/\/elinformativotam.com\/index.php\/wp-json\/wp\/v2\/posts"}],"about":[{"href":"https:\/\/elinformativotam.com\/index.php\/wp-json\/wp\/v2\/types\/post"}],"author":[{"embeddable":true,"href":"https:\/\/elinformativotam.com\/index.php\/wp-json\/wp\/v2\/users\/1"}],"replies":[{"embeddable":true,"href":"https:\/\/elinformativotam.com\/index.php\/wp-json\/wp\/v2\/comments?post=1668"}],"version-history":[{"count":0,"href":"https:\/\/elinformativotam.com\/index.php\/wp-json\/wp\/v2\/posts\/1668\/revisions"}],"wp:attachment":[{"href":"https:\/\/elinformativotam.com\/index.php\/wp-json\/wp\/v2\/media?parent=1668"}],"wp:term":[{"taxonomy":"category","embeddable":true,"href":"https:\/\/elinformativotam.com\/index.php\/wp-json\/wp\/v2\/categories?post=1668"},{"taxonomy":"post_tag","embeddable":true,"href":"https:\/\/elinformativotam.com\/index.php\/wp-json\/wp\/v2\/tags?post=1668"}],"curies":[{"name":"wp","href":"https:\/\/api.w.org\/{rel}","templated":true}]}}