{"id":1666,"date":"2020-01-12T11:15:09","date_gmt":"2020-01-12T17:15:09","guid":{"rendered":"http:\/\/elinformativotam.com\/?p=1666"},"modified":"2020-01-12T11:15:09","modified_gmt":"2020-01-12T17:15:09","slug":"capacitara-proteccion-civil-a-ciudadania-sobre-prevencion-de-accidentes","status":"publish","type":"post","link":"https:\/\/elinformativotam.com\/index.php\/2020\/01\/12\/capacitara-proteccion-civil-a-ciudadania-sobre-prevencion-de-accidentes\/","title":{"rendered":"CAPACITAR\u00c1 PROTECCI\u00d3N CIVIL A CIUDADAN\u00cdA SOBRE PREVENCI\u00d3N DE ACCIDENTES"},"content":{"rendered":"<h3><em><strong>* Empezaremos Principalmente Con La Colonias Colindantes A Refiner\u00eda Madero<\/strong><\/em><\/h3>\n<p>&nbsp;<\/p>\n<p>La Direcci\u00f3n de Protecci\u00f3n Civil de Ciudad Madero, llevar\u00e1 a cabo un curso de capacitaci\u00f3n a habitantes colindantes de la Refiner\u00eda Francisco I. Madero, con el objetivo de formar una red de ciudadanos que puedan actuar en situaci\u00f3n de riesgo.<\/p>\n<p>&nbsp;<\/p>\n<p>As\u00ed lo dio a conocer la regidora presidente de la comisi\u00f3n de Protecci\u00f3n Civil, Sandra Patricia Cruz Moreno, al se\u00f1alar que estas acciones iniciar\u00e1n en los pr\u00f3ximos d\u00edas y que de acuerdo con el titular de la dependencia, Romel Mart\u00ednez Flores, participar\u00e1 personal de bomberos.<\/p>\n<p>&nbsp;<\/p>\n<p>\u201cEste curso lo empezaremos con grupos de diversas colonias, pero sobre todo, con los que est\u00e1n colindantes a refiner\u00eda, ya que ah\u00ed existen canales pluviales y tienen mayor probabilidad de inundaci\u00f3n\u201d, expres\u00f3 la funcionaria.<\/p>\n<p>&nbsp;<\/p>\n<p>Explic\u00f3 que la capacitaci\u00f3n estar\u00e1 enfocada principalmente en la prevenci\u00f3n de accidentes as\u00ed como en el manejo de extintores y control de incendios, para que la poblaci\u00f3n pueda actuar de inmediato mientras llegan las diferentes corporaciones de seguridad.<\/p>\n<p>&nbsp;<\/p>\n<p>Cruz Moreno, agreg\u00f3 finalmente que la instrucci\u00f3n del alcalde Adri\u00e1n Oseguera Kernion, es estar muy de cerca de la ciudadan\u00eda y brindarle las herramientas necesarias que salvaguarden su integridad f\u00edsica.<\/p>\n","protected":false},"excerpt":{"rendered":"<p>* Empezaremos Principalmente Con La Colonias Colindantes A Refiner\u00eda Madero &nbsp; La Direcci\u00f3n de Protecci\u00f3n Civil de Ciudad Madero, llevar\u00e1&hellip;<\/p>\n","protected":false},"author":1,"featured_media":0,"comment_status":"open","ping_status":"open","sticky":false,"template":"","format":"standard","meta":{"footnotes":""},"categories":[4],"tags":[],"class_list":["post-1666","post","type-post","status-publish","format-standard","hentry","category-madero"],"yoast_head":"<!-- This site is optimized with the Yoast SEO plugin v27.5 - https:\/\/yoast.com\/product\/yoast-seo-wordpress\/ -->\n<title>CAPACITAR\u00c1 PROTECCI\u00d3N CIVIL A CIUDADAN\u00cdA SOBRE PREVENCI\u00d3N DE ACCIDENTES - EL INFORMATIVO DE TAMAULIPAS<\/title>\n<meta name=\"description\" content=\"* Empezaremos Principalmente Con La Colonias Colindantes A Refiner\u00eda Madero &nbsp; La Direcci\u00f3n de Protecci\u00f3n Civil de Ciudad Madero, llevar\u00e1 a cabo un\" \/>\n<meta name=\"robots\" content=\"index, follow, max-snippet:-1, max-image-preview:large, max-video-preview:-1\" \/>\n<link rel=\"canonical\" href=\"https:\/\/elinformativotam.com\/index.php\/2020\/01\/12\/capacitara-proteccion-civil-a-ciudadania-sobre-prevencion-de-accidentes\/\" \/>\n<meta property=\"og:locale\" content=\"es_MX\" \/>\n<meta property=\"og:type\" content=\"article\" \/>\n<meta property=\"og:title\" content=\"CAPACITAR\u00c1 PROTECCI\u00d3N CIVIL A CIUDADAN\u00cdA SOBRE PREVENCI\u00d3N DE ACCIDENTES - EL INFORMATIVO DE TAMAULIPAS\" \/>\n<meta property=\"og:description\" content=\"* Empezaremos Principalmente Con La Colonias Colindantes A Refiner\u00eda Madero &nbsp; La Direcci\u00f3n de Protecci\u00f3n Civil de Ciudad Madero, llevar\u00e1 a cabo un\" \/>\n<meta property=\"og:url\" content=\"https:\/\/elinformativotam.com\/index.php\/2020\/01\/12\/capacitara-proteccion-civil-a-ciudadania-sobre-prevencion-de-accidentes\/\" \/>\n<meta property=\"og:site_name\" content=\"EL INFORMATIVO DE TAMAULIPAS\" \/>\n<meta property=\"article:published_time\" content=\"2020-01-12T17:15:09+00:00\" \/>\n<meta name=\"author\" content=\"El Informativo Tam\" \/>\n<meta name=\"twitter:card\" content=\"summary_large_image\" \/>\n<meta name=\"twitter:label1\" content=\"Escrito por\" \/>\n\t<meta name=\"twitter:data1\" content=\"El Informativo Tam\" \/>\n\t<meta name=\"twitter:label2\" content=\"Tiempo de lectura\" \/>\n\t<meta name=\"twitter:data2\" content=\"1 minuto\" \/>\n<script type=\"application\/ld+json\" class=\"yoast-schema-graph\">{\"@context\":\"https:\\\/\\\/schema.org\",\"@graph\":[{\"@type\":\"Article\",\"@id\":\"https:\\\/\\\/elinformativotam.com\\\/index.php\\\/2020\\\/01\\\/12\\\/capacitara-proteccion-civil-a-ciudadania-sobre-prevencion-de-accidentes\\\/#article\",\"isPartOf\":{\"@id\":\"https:\\\/\\\/elinformativotam.com\\\/index.php\\\/2020\\\/01\\\/12\\\/capacitara-proteccion-civil-a-ciudadania-sobre-prevencion-de-accidentes\\\/\"},\"author\":{\"name\":\"El Informativo Tam\",\"@id\":\"https:\\\/\\\/elinformativotam.com\\\/#\\\/schema\\\/person\\\/78e08040eed0f6110f0c5f83b6153590\"},\"headline\":\"CAPACITAR\u00c1 PROTECCI\u00d3N CIVIL A CIUDADAN\u00cdA SOBRE PREVENCI\u00d3N DE ACCIDENTES\",\"datePublished\":\"2020-01-12T17:15:09+00:00\",\"mainEntityOfPage\":{\"@id\":\"https:\\\/\\\/elinformativotam.com\\\/index.php\\\/2020\\\/01\\\/12\\\/capacitara-proteccion-civil-a-ciudadania-sobre-prevencion-de-accidentes\\\/\"},\"wordCount\":236,\"commentCount\":0,\"publisher\":{\"@id\":\"https:\\\/\\\/elinformativotam.com\\\/#organization\"},\"articleSection\":[\"Cd Madero\"],\"inLanguage\":\"es\",\"potentialAction\":[{\"@type\":\"CommentAction\",\"name\":\"Comment\",\"target\":[\"https:\\\/\\\/elinformativotam.com\\\/index.php\\\/2020\\\/01\\\/12\\\/capacitara-proteccion-civil-a-ciudadania-sobre-prevencion-de-accidentes\\\/#respond\"]}]},{\"@type\":\"WebPage\",\"@id\":\"https:\\\/\\\/elinformativotam.com\\\/index.php\\\/2020\\\/01\\\/12\\\/capacitara-proteccion-civil-a-ciudadania-sobre-prevencion-de-accidentes\\\/\",\"url\":\"https:\\\/\\\/elinformativotam.com\\\/index.php\\\/2020\\\/01\\\/12\\\/capacitara-proteccion-civil-a-ciudadania-sobre-prevencion-de-accidentes\\\/\",\"name\":\"CAPACITAR\u00c1 PROTECCI\u00d3N CIVIL A CIUDADAN\u00cdA SOBRE PREVENCI\u00d3N DE ACCIDENTES - EL INFORMATIVO DE TAMAULIPAS\",\"isPartOf\":{\"@id\":\"https:\\\/\\\/elinformativotam.com\\\/#website\"},\"datePublished\":\"2020-01-12T17:15:09+00:00\",\"description\":\"* Empezaremos Principalmente Con La Colonias Colindantes A Refiner\u00eda Madero &nbsp; La Direcci\u00f3n de Protecci\u00f3n Civil de Ciudad Madero, llevar\u00e1 a cabo un\",\"inLanguage\":\"es\",\"potentialAction\":[{\"@type\":\"ReadAction\",\"target\":[\"https:\\\/\\\/elinformativotam.com\\\/index.php\\\/2020\\\/01\\\/12\\\/capacitara-proteccion-civil-a-ciudadania-sobre-prevencion-de-accidentes\\\/\"]}]},{\"@type\":\"WebSite\",\"@id\":\"https:\\\/\\\/elinformativotam.com\\\/#website\",\"url\":\"https:\\\/\\\/elinformativotam.com\\\/\",\"name\":\"EL INFORMATIVO DE TAMAULIPAS\",\"description\":\"Desde la Zona Metropolitana Para Todo M\u00e9xico\",\"publisher\":{\"@id\":\"https:\\\/\\\/elinformativotam.com\\\/#organization\"},\"potentialAction\":[{\"@type\":\"SearchAction\",\"target\":{\"@type\":\"EntryPoint\",\"urlTemplate\":\"https:\\\/\\\/elinformativotam.com\\\/?s={search_term_string}\"},\"query-input\":{\"@type\":\"PropertyValueSpecification\",\"valueRequired\":true,\"valueName\":\"search_term_string\"}}],\"inLanguage\":\"es\"},{\"@type\":\"Organization\",\"@id\":\"https:\\\/\\\/elinformativotam.com\\\/#organization\",\"name\":\"EL INFORMATIVO DE TAMAULIPAS\",\"url\":\"https:\\\/\\\/elinformativotam.com\\\/\",\"logo\":{\"@type\":\"ImageObject\",\"inLanguage\":\"es\",\"@id\":\"https:\\\/\\\/elinformativotam.com\\\/#\\\/schema\\\/logo\\\/image\\\/\",\"url\":\"https:\\\/\\\/elinformativotam.com\\\/wp-content\\\/uploads\\\/2026\\\/02\\\/Cabezal.png\",\"contentUrl\":\"https:\\\/\\\/elinformativotam.com\\\/wp-content\\\/uploads\\\/2026\\\/02\\\/Cabezal.png\",\"width\":960,\"height\":640,\"caption\":\"EL INFORMATIVO DE TAMAULIPAS\"},\"image\":{\"@id\":\"https:\\\/\\\/elinformativotam.com\\\/#\\\/schema\\\/logo\\\/image\\\/\"}},{\"@type\":\"Person\",\"@id\":\"https:\\\/\\\/elinformativotam.com\\\/#\\\/schema\\\/person\\\/78e08040eed0f6110f0c5f83b6153590\",\"name\":\"El Informativo Tam\",\"image\":{\"@type\":\"ImageObject\",\"inLanguage\":\"es\",\"@id\":\"https:\\\/\\\/secure.gravatar.com\\\/avatar\\\/f3b7ad3af540688955925ac610647be00b0cf41feea9c4978b73a707ee86bc53?s=96&d=mm&r=g\",\"url\":\"https:\\\/\\\/secure.gravatar.com\\\/avatar\\\/f3b7ad3af540688955925ac610647be00b0cf41feea9c4978b73a707ee86bc53?s=96&d=mm&r=g\",\"contentUrl\":\"https:\\\/\\\/secure.gravatar.com\\\/avatar\\\/f3b7ad3af540688955925ac610647be00b0cf41feea9c4978b73a707ee86bc53?s=96&d=mm&r=g\",\"caption\":\"El Informativo Tam\"}}]}<\/script>\n<!-- \/ Yoast SEO plugin. -->","yoast_head_json":{"title":"CAPACITAR\u00c1 PROTECCI\u00d3N CIVIL A CIUDADAN\u00cdA SOBRE PREVENCI\u00d3N DE ACCIDENTES - EL INFORMATIVO DE TAMAULIPAS","description":"* Empezaremos Principalmente Con La Colonias Colindantes A Refiner\u00eda Madero &nbsp; La Direcci\u00f3n de Protecci\u00f3n Civil de Ciudad Madero, llevar\u00e1 a cabo un","robots":{"index":"index","follow":"follow","max-snippet":"max-snippet:-1","max-image-preview":"max-image-preview:large","max-video-preview":"max-video-preview:-1"},"canonical":"https:\/\/elinformativotam.com\/index.php\/2020\/01\/12\/capacitara-proteccion-civil-a-ciudadania-sobre-prevencion-de-accidentes\/","og_locale":"es_MX","og_type":"article","og_title":"CAPACITAR\u00c1 PROTECCI\u00d3N CIVIL A CIUDADAN\u00cdA SOBRE PREVENCI\u00d3N DE ACCIDENTES - EL INFORMATIVO DE TAMAULIPAS","og_description":"* Empezaremos Principalmente Con La Colonias Colindantes A Refiner\u00eda Madero &nbsp; La Direcci\u00f3n de Protecci\u00f3n Civil de Ciudad Madero, llevar\u00e1 a cabo un","og_url":"https:\/\/elinformativotam.com\/index.php\/2020\/01\/12\/capacitara-proteccion-civil-a-ciudadania-sobre-prevencion-de-accidentes\/","og_site_name":"EL INFORMATIVO DE TAMAULIPAS","article_published_time":"2020-01-12T17:15:09+00:00","author":"El Informativo Tam","twitter_card":"summary_large_image","twitter_misc":{"Escrito por":"El Informativo Tam","Tiempo de lectura":"1 minuto"},"schema":{"@context":"https:\/\/schema.org","@graph":[{"@type":"Article","@id":"https:\/\/elinformativotam.com\/index.php\/2020\/01\/12\/capacitara-proteccion-civil-a-ciudadania-sobre-prevencion-de-accidentes\/#article","isPartOf":{"@id":"https:\/\/elinformativotam.com\/index.php\/2020\/01\/12\/capacitara-proteccion-civil-a-ciudadania-sobre-prevencion-de-accidentes\/"},"author":{"name":"El Informativo Tam","@id":"https:\/\/elinformativotam.com\/#\/schema\/person\/78e08040eed0f6110f0c5f83b6153590"},"headline":"CAPACITAR\u00c1 PROTECCI\u00d3N CIVIL A CIUDADAN\u00cdA SOBRE PREVENCI\u00d3N DE ACCIDENTES","datePublished":"2020-01-12T17:15:09+00:00","mainEntityOfPage":{"@id":"https:\/\/elinformativotam.com\/index.php\/2020\/01\/12\/capacitara-proteccion-civil-a-ciudadania-sobre-prevencion-de-accidentes\/"},"wordCount":236,"commentCount":0,"publisher":{"@id":"https:\/\/elinformativotam.com\/#organization"},"articleSection":["Cd Madero"],"inLanguage":"es","potentialAction":[{"@type":"CommentAction","name":"Comment","target":["https:\/\/elinformativotam.com\/index.php\/2020\/01\/12\/capacitara-proteccion-civil-a-ciudadania-sobre-prevencion-de-accidentes\/#respond"]}]},{"@type":"WebPage","@id":"https:\/\/elinformativotam.com\/index.php\/2020\/01\/12\/capacitara-proteccion-civil-a-ciudadania-sobre-prevencion-de-accidentes\/","url":"https:\/\/elinformativotam.com\/index.php\/2020\/01\/12\/capacitara-proteccion-civil-a-ciudadania-sobre-prevencion-de-accidentes\/","name":"CAPACITAR\u00c1 PROTECCI\u00d3N CIVIL A CIUDADAN\u00cdA SOBRE PREVENCI\u00d3N DE ACCIDENTES - EL INFORMATIVO DE TAMAULIPAS","isPartOf":{"@id":"https:\/\/elinformativotam.com\/#website"},"datePublished":"2020-01-12T17:15:09+00:00","description":"* Empezaremos Principalmente Con La Colonias Colindantes A Refiner\u00eda Madero &nbsp; La Direcci\u00f3n de Protecci\u00f3n Civil de Ciudad Madero, llevar\u00e1 a cabo un","inLanguage":"es","potentialAction":[{"@type":"ReadAction","target":["https:\/\/elinformativotam.com\/index.php\/2020\/01\/12\/capacitara-proteccion-civil-a-ciudadania-sobre-prevencion-de-accidentes\/"]}]},{"@type":"WebSite","@id":"https:\/\/elinformativotam.com\/#website","url":"https:\/\/elinformativotam.com\/","name":"EL INFORMATIVO DE TAMAULIPAS","description":"Desde la Zona Metropolitana Para Todo M\u00e9xico","publisher":{"@id":"https:\/\/elinformativotam.com\/#organization"},"potentialAction":[{"@type":"SearchAction","target":{"@type":"EntryPoint","urlTemplate":"https:\/\/elinformativotam.com\/?s={search_term_string}"},"query-input":{"@type":"PropertyValueSpecification","valueRequired":true,"valueName":"search_term_string"}}],"inLanguage":"es"},{"@type":"Organization","@id":"https:\/\/elinformativotam.com\/#organization","name":"EL INFORMATIVO DE TAMAULIPAS","url":"https:\/\/elinformativotam.com\/","logo":{"@type":"ImageObject","inLanguage":"es","@id":"https:\/\/elinformativotam.com\/#\/schema\/logo\/image\/","url":"https:\/\/elinformativotam.com\/wp-content\/uploads\/2026\/02\/Cabezal.png","contentUrl":"https:\/\/elinformativotam.com\/wp-content\/uploads\/2026\/02\/Cabezal.png","width":960,"height":640,"caption":"EL INFORMATIVO DE TAMAULIPAS"},"image":{"@id":"https:\/\/elinformativotam.com\/#\/schema\/logo\/image\/"}},{"@type":"Person","@id":"https:\/\/elinformativotam.com\/#\/schema\/person\/78e08040eed0f6110f0c5f83b6153590","name":"El Informativo Tam","image":{"@type":"ImageObject","inLanguage":"es","@id":"https:\/\/secure.gravatar.com\/avatar\/f3b7ad3af540688955925ac610647be00b0cf41feea9c4978b73a707ee86bc53?s=96&d=mm&r=g","url":"https:\/\/secure.gravatar.com\/avatar\/f3b7ad3af540688955925ac610647be00b0cf41feea9c4978b73a707ee86bc53?s=96&d=mm&r=g","contentUrl":"https:\/\/secure.gravatar.com\/avatar\/f3b7ad3af540688955925ac610647be00b0cf41feea9c4978b73a707ee86bc53?s=96&d=mm&r=g","caption":"El Informativo Tam"}}]}},"_links":{"self":[{"href":"https:\/\/elinformativotam.com\/index.php\/wp-json\/wp\/v2\/posts\/1666","targetHints":{"allow":["GET"]}}],"collection":[{"href":"https:\/\/elinformativotam.com\/index.php\/wp-json\/wp\/v2\/posts"}],"about":[{"href":"https:\/\/elinformativotam.com\/index.php\/wp-json\/wp\/v2\/types\/post"}],"author":[{"embeddable":true,"href":"https:\/\/elinformativotam.com\/index.php\/wp-json\/wp\/v2\/users\/1"}],"replies":[{"embeddable":true,"href":"https:\/\/elinformativotam.com\/index.php\/wp-json\/wp\/v2\/comments?post=1666"}],"version-history":[{"count":0,"href":"https:\/\/elinformativotam.com\/index.php\/wp-json\/wp\/v2\/posts\/1666\/revisions"}],"wp:attachment":[{"href":"https:\/\/elinformativotam.com\/index.php\/wp-json\/wp\/v2\/media?parent=1666"}],"wp:term":[{"taxonomy":"category","embeddable":true,"href":"https:\/\/elinformativotam.com\/index.php\/wp-json\/wp\/v2\/categories?post=1666"},{"taxonomy":"post_tag","embeddable":true,"href":"https:\/\/elinformativotam.com\/index.php\/wp-json\/wp\/v2\/tags?post=1666"}],"curies":[{"name":"wp","href":"https:\/\/api.w.org\/{rel}","templated":true}]}}