{"id":163,"date":"2019-10-08T16:59:42","date_gmt":"2019-10-08T22:59:42","guid":{"rendered":"http:\/\/elinformativotam.com\/?p=163"},"modified":"2019-10-08T16:59:42","modified_gmt":"2019-10-08T22:59:42","slug":"adobe-deja-de-operar-en-venezuela-y-suspende-todas-las-cuentas-de-creative-cloud-por-orden-de-trump","status":"publish","type":"post","link":"https:\/\/elinformativotam.com\/index.php\/2019\/10\/08\/adobe-deja-de-operar-en-venezuela-y-suspende-todas-las-cuentas-de-creative-cloud-por-orden-de-trump\/","title":{"rendered":"Adobe deja de operar en Venezuela y suspende todas las cuentas de Creative Cloud por orden de Trump"},"content":{"rendered":"\n<p><em>**El gobierno de Estados Unidos ha emitido una orden ejecutiva que proh\u00edbe casi todas las transacciones y servicios entre empresas, entidades e individuos estadounidenses en Venezuela. Adobe es la primera en cesar su actividad.<\/em><\/p>\n\n\n\n<p>Nuevo varapalo para las relaciones exteriores de Venezuela,\nel Gobierno de los Estados Unidos ha emitido una orden ejecutiva 13884 por el\nque prohibe las transacciones entre servicios norteamericanos y su uso en\nVenezuela, incluyendo el de los usuarios particulares, que ha tenido como\nprimer resultado que Adobe, la compa\u00f1\u00eda propietaria de Photoshop, Lightroom,\nIlustrator, etc. deje de operar en el pa\u00eds sudamericano.<\/p>\n\n\n\n<p>En un email remitido a los usuarios del pa\u00eds, Adobe anuncia\nque deja en suspenso toda actividad, incluyendo la posibilidad de usar su\nsoftware a trav\u00e9s de la licencia de Creative Cloud, y las cuentas de aquellos\nque usen su suite o cualquiera de sus aplicaciones en Venezuela a partir de hoy\nmismo. No obstante, la compa\u00f1\u00eda ha confirmado un per\u00edodo de gracia que permite\na los usuarios venezolanos descargar su contenido de la nube hasta el 28 de\noctubre:<\/p>\n\n\n\n<p>&#8220;Debido a la reciente Orden Ejecutiva Presidencial en\nlos Estados Unidos (Orden Ejecutiva 13884) concerniente a las actividades con\nel Gobierno de Venezuela, Adobe ya no est\u00e1 autorizado a proporcionarte acceso\nal software y a los servicios, ni a permitirte realizar nuevas compras&#8221;<\/p>\n\n\n\n<p>&#8220;Despu\u00e9s del 28 de octubre de 2019, ya no tendr\u00e1s\nacceso a tu cuenta, a Adobe.com o al software y los servicios de Creative\nCloud&#8221;<\/p>\n\n\n\n<p>Esto es un problema important\u00edsimo para los usuarios\nvenezolanos, en tanto que la suite de Adobe es casi un est\u00e1ndar para todo el\npersonal creativo y un paso casi obligatorio para tener relaciones comerciales\ncon empresas del exterior, sobre todos aquellos que trabajan de forma aut\u00f3noma.\nEs m\u00e1s, los usuarios tampoco recibir\u00e1n un reembolso de sus compras, aunque\nhayan pagado un a\u00f1o completo, en tanto que la compa\u00f1\u00eda apunta a que &#8220;no\npodemos emitir reembolsos. La Orden ejecutiva 13884, ordena el cese de toda\nactividad con las entidades, incluidas las ventas, servicio, soporte,\nreembolsos, cr\u00e9ditos, etc.&#8221;<\/p>\n\n\n\n<p>Adem\u00e1s, no hay un per\u00edodo determinado en el que va a estar\nen vigor la orden ejecutiva, por lo que se trata de un medida indefinida que\ndeja a los usuarios venezolanos sin poder usar el software de Adobe y, muy\nprobablemente, el acceso a otras aplicaciones y servicios de terceros en el\nmedio plazo, sobre todo aquellas que entren dentro de las competencias de la\nmencionada directiva antes mencionada.<\/p>\n","protected":false},"excerpt":{"rendered":"<p>**El gobierno de Estados Unidos ha emitido una orden ejecutiva que proh\u00edbe casi todas las transacciones y servicios entre empresas,&hellip;<\/p>\n","protected":false},"author":1,"featured_media":0,"comment_status":"open","ping_status":"open","sticky":false,"template":"","format":"standard","meta":{"footnotes":""},"categories":[9],"tags":[],"class_list":["post-163","post","type-post","status-publish","format-standard","hentry","category-internacional"],"yoast_head":"<!-- This site is optimized with the Yoast SEO plugin v27.5 - https:\/\/yoast.com\/product\/yoast-seo-wordpress\/ -->\n<title>Adobe deja de operar en Venezuela y suspende todas las cuentas de Creative Cloud por orden de Trump - EL INFORMATIVO DE TAMAULIPAS<\/title>\n<meta name=\"description\" content=\"**El gobierno de Estados Unidos ha emitido una orden ejecutiva que proh\u00edbe casi todas las transacciones y servicios entre empresas, entidades e individuos\" \/>\n<meta name=\"robots\" content=\"index, follow, max-snippet:-1, max-image-preview:large, max-video-preview:-1\" \/>\n<link rel=\"canonical\" href=\"https:\/\/elinformativotam.com\/index.php\/2019\/10\/08\/adobe-deja-de-operar-en-venezuela-y-suspende-todas-las-cuentas-de-creative-cloud-por-orden-de-trump\/\" \/>\n<meta property=\"og:locale\" content=\"es_MX\" \/>\n<meta property=\"og:type\" content=\"article\" \/>\n<meta property=\"og:title\" content=\"Adobe deja de operar en Venezuela y suspende todas las cuentas de Creative Cloud por orden de Trump - EL INFORMATIVO DE TAMAULIPAS\" \/>\n<meta property=\"og:description\" content=\"**El gobierno de Estados Unidos ha emitido una orden ejecutiva que proh\u00edbe casi todas las transacciones y servicios entre empresas, entidades e individuos\" \/>\n<meta property=\"og:url\" content=\"https:\/\/elinformativotam.com\/index.php\/2019\/10\/08\/adobe-deja-de-operar-en-venezuela-y-suspende-todas-las-cuentas-de-creative-cloud-por-orden-de-trump\/\" \/>\n<meta property=\"og:site_name\" content=\"EL INFORMATIVO DE TAMAULIPAS\" \/>\n<meta property=\"article:published_time\" content=\"2019-10-08T22:59:42+00:00\" \/>\n<meta name=\"author\" content=\"El Informativo Tam\" \/>\n<meta name=\"twitter:card\" content=\"summary_large_image\" \/>\n<meta name=\"twitter:label1\" content=\"Escrito por\" \/>\n\t<meta name=\"twitter:data1\" content=\"El Informativo Tam\" \/>\n\t<meta name=\"twitter:label2\" content=\"Tiempo de lectura\" \/>\n\t<meta name=\"twitter:data2\" content=\"2 minutos\" \/>\n<script type=\"application\/ld+json\" class=\"yoast-schema-graph\">{\"@context\":\"https:\\\/\\\/schema.org\",\"@graph\":[{\"@type\":\"Article\",\"@id\":\"https:\\\/\\\/elinformativotam.com\\\/index.php\\\/2019\\\/10\\\/08\\\/adobe-deja-de-operar-en-venezuela-y-suspende-todas-las-cuentas-de-creative-cloud-por-orden-de-trump\\\/#article\",\"isPartOf\":{\"@id\":\"https:\\\/\\\/elinformativotam.com\\\/index.php\\\/2019\\\/10\\\/08\\\/adobe-deja-de-operar-en-venezuela-y-suspende-todas-las-cuentas-de-creative-cloud-por-orden-de-trump\\\/\"},\"author\":{\"name\":\"El Informativo Tam\",\"@id\":\"https:\\\/\\\/elinformativotam.com\\\/#\\\/schema\\\/person\\\/78e08040eed0f6110f0c5f83b6153590\"},\"headline\":\"Adobe deja de operar en Venezuela y suspende todas las cuentas de Creative Cloud por orden de Trump\",\"datePublished\":\"2019-10-08T22:59:42+00:00\",\"mainEntityOfPage\":{\"@id\":\"https:\\\/\\\/elinformativotam.com\\\/index.php\\\/2019\\\/10\\\/08\\\/adobe-deja-de-operar-en-venezuela-y-suspende-todas-las-cuentas-de-creative-cloud-por-orden-de-trump\\\/\"},\"wordCount\":443,\"commentCount\":0,\"publisher\":{\"@id\":\"https:\\\/\\\/elinformativotam.com\\\/#organization\"},\"articleSection\":[\"Internacional\"],\"inLanguage\":\"es\",\"potentialAction\":[{\"@type\":\"CommentAction\",\"name\":\"Comment\",\"target\":[\"https:\\\/\\\/elinformativotam.com\\\/index.php\\\/2019\\\/10\\\/08\\\/adobe-deja-de-operar-en-venezuela-y-suspende-todas-las-cuentas-de-creative-cloud-por-orden-de-trump\\\/#respond\"]}]},{\"@type\":\"WebPage\",\"@id\":\"https:\\\/\\\/elinformativotam.com\\\/index.php\\\/2019\\\/10\\\/08\\\/adobe-deja-de-operar-en-venezuela-y-suspende-todas-las-cuentas-de-creative-cloud-por-orden-de-trump\\\/\",\"url\":\"https:\\\/\\\/elinformativotam.com\\\/index.php\\\/2019\\\/10\\\/08\\\/adobe-deja-de-operar-en-venezuela-y-suspende-todas-las-cuentas-de-creative-cloud-por-orden-de-trump\\\/\",\"name\":\"Adobe deja de operar en Venezuela y suspende todas las cuentas de Creative Cloud por orden de Trump - EL INFORMATIVO DE TAMAULIPAS\",\"isPartOf\":{\"@id\":\"https:\\\/\\\/elinformativotam.com\\\/#website\"},\"datePublished\":\"2019-10-08T22:59:42+00:00\",\"description\":\"**El gobierno de Estados Unidos ha emitido una orden ejecutiva que proh\u00edbe casi todas las transacciones y servicios entre empresas, entidades e individuos\",\"inLanguage\":\"es\",\"potentialAction\":[{\"@type\":\"ReadAction\",\"target\":[\"https:\\\/\\\/elinformativotam.com\\\/index.php\\\/2019\\\/10\\\/08\\\/adobe-deja-de-operar-en-venezuela-y-suspende-todas-las-cuentas-de-creative-cloud-por-orden-de-trump\\\/\"]}]},{\"@type\":\"WebSite\",\"@id\":\"https:\\\/\\\/elinformativotam.com\\\/#website\",\"url\":\"https:\\\/\\\/elinformativotam.com\\\/\",\"name\":\"EL INFORMATIVO DE TAMAULIPAS\",\"description\":\"Desde la Zona Metropolitana Para Todo M\u00e9xico\",\"publisher\":{\"@id\":\"https:\\\/\\\/elinformativotam.com\\\/#organization\"},\"potentialAction\":[{\"@type\":\"SearchAction\",\"target\":{\"@type\":\"EntryPoint\",\"urlTemplate\":\"https:\\\/\\\/elinformativotam.com\\\/?s={search_term_string}\"},\"query-input\":{\"@type\":\"PropertyValueSpecification\",\"valueRequired\":true,\"valueName\":\"search_term_string\"}}],\"inLanguage\":\"es\"},{\"@type\":\"Organization\",\"@id\":\"https:\\\/\\\/elinformativotam.com\\\/#organization\",\"name\":\"EL INFORMATIVO DE TAMAULIPAS\",\"url\":\"https:\\\/\\\/elinformativotam.com\\\/\",\"logo\":{\"@type\":\"ImageObject\",\"inLanguage\":\"es\",\"@id\":\"https:\\\/\\\/elinformativotam.com\\\/#\\\/schema\\\/logo\\\/image\\\/\",\"url\":\"https:\\\/\\\/elinformativotam.com\\\/wp-content\\\/uploads\\\/2026\\\/02\\\/Cabezal.png\",\"contentUrl\":\"https:\\\/\\\/elinformativotam.com\\\/wp-content\\\/uploads\\\/2026\\\/02\\\/Cabezal.png\",\"width\":960,\"height\":640,\"caption\":\"EL INFORMATIVO DE TAMAULIPAS\"},\"image\":{\"@id\":\"https:\\\/\\\/elinformativotam.com\\\/#\\\/schema\\\/logo\\\/image\\\/\"}},{\"@type\":\"Person\",\"@id\":\"https:\\\/\\\/elinformativotam.com\\\/#\\\/schema\\\/person\\\/78e08040eed0f6110f0c5f83b6153590\",\"name\":\"El Informativo Tam\",\"image\":{\"@type\":\"ImageObject\",\"inLanguage\":\"es\",\"@id\":\"https:\\\/\\\/secure.gravatar.com\\\/avatar\\\/f3b7ad3af540688955925ac610647be00b0cf41feea9c4978b73a707ee86bc53?s=96&d=mm&r=g\",\"url\":\"https:\\\/\\\/secure.gravatar.com\\\/avatar\\\/f3b7ad3af540688955925ac610647be00b0cf41feea9c4978b73a707ee86bc53?s=96&d=mm&r=g\",\"contentUrl\":\"https:\\\/\\\/secure.gravatar.com\\\/avatar\\\/f3b7ad3af540688955925ac610647be00b0cf41feea9c4978b73a707ee86bc53?s=96&d=mm&r=g\",\"caption\":\"El Informativo Tam\"}}]}<\/script>\n<!-- \/ Yoast SEO plugin. -->","yoast_head_json":{"title":"Adobe deja de operar en Venezuela y suspende todas las cuentas de Creative Cloud por orden de Trump - EL INFORMATIVO DE TAMAULIPAS","description":"**El gobierno de Estados Unidos ha emitido una orden ejecutiva que proh\u00edbe casi todas las transacciones y servicios entre empresas, entidades e individuos","robots":{"index":"index","follow":"follow","max-snippet":"max-snippet:-1","max-image-preview":"max-image-preview:large","max-video-preview":"max-video-preview:-1"},"canonical":"https:\/\/elinformativotam.com\/index.php\/2019\/10\/08\/adobe-deja-de-operar-en-venezuela-y-suspende-todas-las-cuentas-de-creative-cloud-por-orden-de-trump\/","og_locale":"es_MX","og_type":"article","og_title":"Adobe deja de operar en Venezuela y suspende todas las cuentas de Creative Cloud por orden de Trump - EL INFORMATIVO DE TAMAULIPAS","og_description":"**El gobierno de Estados Unidos ha emitido una orden ejecutiva que proh\u00edbe casi todas las transacciones y servicios entre empresas, entidades e individuos","og_url":"https:\/\/elinformativotam.com\/index.php\/2019\/10\/08\/adobe-deja-de-operar-en-venezuela-y-suspende-todas-las-cuentas-de-creative-cloud-por-orden-de-trump\/","og_site_name":"EL INFORMATIVO DE TAMAULIPAS","article_published_time":"2019-10-08T22:59:42+00:00","author":"El Informativo Tam","twitter_card":"summary_large_image","twitter_misc":{"Escrito por":"El Informativo Tam","Tiempo de lectura":"2 minutos"},"schema":{"@context":"https:\/\/schema.org","@graph":[{"@type":"Article","@id":"https:\/\/elinformativotam.com\/index.php\/2019\/10\/08\/adobe-deja-de-operar-en-venezuela-y-suspende-todas-las-cuentas-de-creative-cloud-por-orden-de-trump\/#article","isPartOf":{"@id":"https:\/\/elinformativotam.com\/index.php\/2019\/10\/08\/adobe-deja-de-operar-en-venezuela-y-suspende-todas-las-cuentas-de-creative-cloud-por-orden-de-trump\/"},"author":{"name":"El Informativo Tam","@id":"https:\/\/elinformativotam.com\/#\/schema\/person\/78e08040eed0f6110f0c5f83b6153590"},"headline":"Adobe deja de operar en Venezuela y suspende todas las cuentas de Creative Cloud por orden de Trump","datePublished":"2019-10-08T22:59:42+00:00","mainEntityOfPage":{"@id":"https:\/\/elinformativotam.com\/index.php\/2019\/10\/08\/adobe-deja-de-operar-en-venezuela-y-suspende-todas-las-cuentas-de-creative-cloud-por-orden-de-trump\/"},"wordCount":443,"commentCount":0,"publisher":{"@id":"https:\/\/elinformativotam.com\/#organization"},"articleSection":["Internacional"],"inLanguage":"es","potentialAction":[{"@type":"CommentAction","name":"Comment","target":["https:\/\/elinformativotam.com\/index.php\/2019\/10\/08\/adobe-deja-de-operar-en-venezuela-y-suspende-todas-las-cuentas-de-creative-cloud-por-orden-de-trump\/#respond"]}]},{"@type":"WebPage","@id":"https:\/\/elinformativotam.com\/index.php\/2019\/10\/08\/adobe-deja-de-operar-en-venezuela-y-suspende-todas-las-cuentas-de-creative-cloud-por-orden-de-trump\/","url":"https:\/\/elinformativotam.com\/index.php\/2019\/10\/08\/adobe-deja-de-operar-en-venezuela-y-suspende-todas-las-cuentas-de-creative-cloud-por-orden-de-trump\/","name":"Adobe deja de operar en Venezuela y suspende todas las cuentas de Creative Cloud por orden de Trump - EL INFORMATIVO DE TAMAULIPAS","isPartOf":{"@id":"https:\/\/elinformativotam.com\/#website"},"datePublished":"2019-10-08T22:59:42+00:00","description":"**El gobierno de Estados Unidos ha emitido una orden ejecutiva que proh\u00edbe casi todas las transacciones y servicios entre empresas, entidades e individuos","inLanguage":"es","potentialAction":[{"@type":"ReadAction","target":["https:\/\/elinformativotam.com\/index.php\/2019\/10\/08\/adobe-deja-de-operar-en-venezuela-y-suspende-todas-las-cuentas-de-creative-cloud-por-orden-de-trump\/"]}]},{"@type":"WebSite","@id":"https:\/\/elinformativotam.com\/#website","url":"https:\/\/elinformativotam.com\/","name":"EL INFORMATIVO DE TAMAULIPAS","description":"Desde la Zona Metropolitana Para Todo M\u00e9xico","publisher":{"@id":"https:\/\/elinformativotam.com\/#organization"},"potentialAction":[{"@type":"SearchAction","target":{"@type":"EntryPoint","urlTemplate":"https:\/\/elinformativotam.com\/?s={search_term_string}"},"query-input":{"@type":"PropertyValueSpecification","valueRequired":true,"valueName":"search_term_string"}}],"inLanguage":"es"},{"@type":"Organization","@id":"https:\/\/elinformativotam.com\/#organization","name":"EL INFORMATIVO DE TAMAULIPAS","url":"https:\/\/elinformativotam.com\/","logo":{"@type":"ImageObject","inLanguage":"es","@id":"https:\/\/elinformativotam.com\/#\/schema\/logo\/image\/","url":"https:\/\/elinformativotam.com\/wp-content\/uploads\/2026\/02\/Cabezal.png","contentUrl":"https:\/\/elinformativotam.com\/wp-content\/uploads\/2026\/02\/Cabezal.png","width":960,"height":640,"caption":"EL INFORMATIVO DE TAMAULIPAS"},"image":{"@id":"https:\/\/elinformativotam.com\/#\/schema\/logo\/image\/"}},{"@type":"Person","@id":"https:\/\/elinformativotam.com\/#\/schema\/person\/78e08040eed0f6110f0c5f83b6153590","name":"El Informativo Tam","image":{"@type":"ImageObject","inLanguage":"es","@id":"https:\/\/secure.gravatar.com\/avatar\/f3b7ad3af540688955925ac610647be00b0cf41feea9c4978b73a707ee86bc53?s=96&d=mm&r=g","url":"https:\/\/secure.gravatar.com\/avatar\/f3b7ad3af540688955925ac610647be00b0cf41feea9c4978b73a707ee86bc53?s=96&d=mm&r=g","contentUrl":"https:\/\/secure.gravatar.com\/avatar\/f3b7ad3af540688955925ac610647be00b0cf41feea9c4978b73a707ee86bc53?s=96&d=mm&r=g","caption":"El Informativo Tam"}}]}},"_links":{"self":[{"href":"https:\/\/elinformativotam.com\/index.php\/wp-json\/wp\/v2\/posts\/163","targetHints":{"allow":["GET"]}}],"collection":[{"href":"https:\/\/elinformativotam.com\/index.php\/wp-json\/wp\/v2\/posts"}],"about":[{"href":"https:\/\/elinformativotam.com\/index.php\/wp-json\/wp\/v2\/types\/post"}],"author":[{"embeddable":true,"href":"https:\/\/elinformativotam.com\/index.php\/wp-json\/wp\/v2\/users\/1"}],"replies":[{"embeddable":true,"href":"https:\/\/elinformativotam.com\/index.php\/wp-json\/wp\/v2\/comments?post=163"}],"version-history":[{"count":0,"href":"https:\/\/elinformativotam.com\/index.php\/wp-json\/wp\/v2\/posts\/163\/revisions"}],"wp:attachment":[{"href":"https:\/\/elinformativotam.com\/index.php\/wp-json\/wp\/v2\/media?parent=163"}],"wp:term":[{"taxonomy":"category","embeddable":true,"href":"https:\/\/elinformativotam.com\/index.php\/wp-json\/wp\/v2\/categories?post=163"},{"taxonomy":"post_tag","embeddable":true,"href":"https:\/\/elinformativotam.com\/index.php\/wp-json\/wp\/v2\/tags?post=163"}],"curies":[{"name":"wp","href":"https:\/\/api.w.org\/{rel}","templated":true}]}}