{"id":1614,"date":"2020-01-10T21:40:20","date_gmt":"2020-01-11T03:40:20","guid":{"rendered":"http:\/\/elinformativotam.com\/?p=1614"},"modified":"2020-01-10T21:40:20","modified_gmt":"2020-01-11T03:40:20","slug":"miles-de-ninos-disfrutaron-la-llegada-de-la-esperanza-con-festejo-de-dia-de-reyes","status":"publish","type":"post","link":"https:\/\/elinformativotam.com\/index.php\/2020\/01\/10\/miles-de-ninos-disfrutaron-la-llegada-de-la-esperanza-con-festejo-de-dia-de-reyes\/","title":{"rendered":"MILES DE NI\u00d1OS DISFRUTARON LA LLEGADA DE LA ESPERANZA CON FESTEJO DE D\u00cdA DE REYES"},"content":{"rendered":"<h3><em><strong>* Compartimos la esperanza de que la magia de los Reyes Magos dibuje felicidad en cada rostro: Ana Cristina Organista de Oseguera<\/strong> <\/em><\/h3>\n<p>&nbsp;<\/p>\n<p>M\u00e1s de 10 mil ni\u00f1os y ni\u00f1as maderenses festejaron este viernes \u201cLa Llegada de la Esperanza\u201d, una celebraci\u00f3n alusiva al D\u00eda de Reyes realizada por el Sistema DIF de Ciudad Madero en coordinaci\u00f3n con el Gobierno Municipal, donde adem\u00e1s de divertidos shows, los m\u00e1s peque\u00f1os del hogar recibieron juguetes, dulces y partieron la tradicional rosca.<\/p>\n<p>&nbsp;<\/p>\n<p>El magno evento realizado en el parque Bicentenario estuvo encabezado por el alcalde Adri\u00e1n Oseguera Kernion y su esposa la presidenta del Sistema para el Desarrollo Integral de la Familia, Sra. Ana Cristina Organista de Oseguera y sus hijos, Adri\u00e1n y Regina, quienes compartieron con las familias de Ciudad Madero, la alegr\u00eda de la llegada de los Reyes Magos.<\/p>\n<p>&nbsp;<\/p>\n<p>En su mensaje, la titular del organismo asistencial, expres\u00f3 el inter\u00e9s del DIF municipal y del Gobierno maderense, por continuar creando entornos seguros, protegidos y felices, donde la ni\u00f1ez pueda desarrollarse en entornos de paz.<\/p>\n<p><img loading=\"lazy\" decoding=\"async\" class=\"alignnone  wp-image-1616\" src=\"https:\/\/elinformativotam.com\/wp-content\/uploads\/2020\/01\/oseguera-4-300x225.jpg\" alt=\"\" width=\"892\" height=\"669\" \/><\/p>\n<p>\u201cMe da mucho gusto que nos encontremos aqu\u00ed reunidos en conmemoraci\u00f3n al D\u00eda de Reyes, para brindarles a todas las ni\u00f1as y ni\u00f1os de Ciudad Madero un gran festejo donde reine la diversi\u00f3n, las sorpresas y la integraci\u00f3n familiar.<\/p>\n<p>&nbsp;<\/p>\n<p>Que la bella sonrisa que hoy se dibuja en sus caritas, sea la constante que los acompa\u00f1e en su desarrollo y crecimiento\u201d, expres\u00f3 Organista de Oseguera.<\/p>\n<p>&nbsp;<\/p>\n<p>La primera dama en el municipio adem\u00e1s destac\u00f3, que junto a su esposo el alcalde Adri\u00e1n Oseguera Kernion, refrendan a diario el compromiso de fomentar las tradiciones, pues a trav\u00e9s de ellas se unen las familias, n\u00facleo de nuestra sociedad.<\/p>\n<p>&nbsp;<\/p>\n<p>\u201cCompartimos la esperanza de que la magia de los Reyes Magos dibuje felicidad en cada rostro. No existe nada m\u00e1s hermoso que la sonrisa y la mirada que nos regala un ni\u00f1o\u201d, concluy\u00f3 la titular del DIF en Ciudad Madero.<\/p>\n<p>&nbsp;<\/p>\n<p>En esta celebraci\u00f3n los ni\u00f1os disfrutaron de las presentaciones art\u00edsticas de los payasos \u201cLos Guajalotes de la Sierra\u201d, las payasitas \u201cFabulous Kids\u201d y el show de magia de \u201cJhony Fantasy, adem\u00e1s, los peque\u00f1os participaron en la rifa donde se entregaron bicicletas, triciclos, mu\u00f1ecas, carritos y muchas sorpresas m\u00e1s.<\/p>\n","protected":false},"excerpt":{"rendered":"<p>* Compartimos la esperanza de que la magia de los Reyes Magos dibuje felicidad en cada rostro: Ana Cristina Organista&hellip;<\/p>\n","protected":false},"author":1,"featured_media":0,"comment_status":"open","ping_status":"open","sticky":false,"template":"","format":"standard","meta":{"footnotes":""},"categories":[4],"tags":[],"class_list":["post-1614","post","type-post","status-publish","format-standard","hentry","category-madero"],"yoast_head":"<!-- This site is optimized with the Yoast SEO plugin v27.5 - https:\/\/yoast.com\/product\/yoast-seo-wordpress\/ -->\n<title>MILES DE NI\u00d1OS DISFRUTARON LA LLEGADA DE LA ESPERANZA CON FESTEJO DE D\u00cdA DE REYES - EL INFORMATIVO DE TAMAULIPAS<\/title>\n<meta name=\"description\" content=\"* Compartimos la esperanza de que la magia de los Reyes Magos dibuje felicidad en cada rostro: Ana Cristina Organista de Oseguera &nbsp; M\u00e1s de 10 mil\" \/>\n<meta name=\"robots\" content=\"index, follow, max-snippet:-1, max-image-preview:large, max-video-preview:-1\" \/>\n<link rel=\"canonical\" href=\"https:\/\/elinformativotam.com\/index.php\/2020\/01\/10\/miles-de-ninos-disfrutaron-la-llegada-de-la-esperanza-con-festejo-de-dia-de-reyes\/\" \/>\n<meta property=\"og:locale\" content=\"es_MX\" \/>\n<meta property=\"og:type\" content=\"article\" \/>\n<meta property=\"og:title\" content=\"MILES DE NI\u00d1OS DISFRUTARON LA LLEGADA DE LA ESPERANZA CON FESTEJO DE D\u00cdA DE REYES - EL INFORMATIVO DE TAMAULIPAS\" \/>\n<meta property=\"og:description\" content=\"* Compartimos la esperanza de que la magia de los Reyes Magos dibuje felicidad en cada rostro: Ana Cristina Organista de Oseguera &nbsp; M\u00e1s de 10 mil\" \/>\n<meta property=\"og:url\" content=\"https:\/\/elinformativotam.com\/index.php\/2020\/01\/10\/miles-de-ninos-disfrutaron-la-llegada-de-la-esperanza-con-festejo-de-dia-de-reyes\/\" \/>\n<meta property=\"og:site_name\" content=\"EL INFORMATIVO DE TAMAULIPAS\" \/>\n<meta property=\"article:published_time\" content=\"2020-01-11T03:40:20+00:00\" \/>\n<meta property=\"og:image\" content=\"http:\/\/elinformativotam.com\/wp-content\/uploads\/2020\/01\/oseguera-4-300x225.jpg\" \/>\n<meta name=\"author\" content=\"El Informativo Tam\" \/>\n<meta name=\"twitter:card\" content=\"summary_large_image\" \/>\n<meta name=\"twitter:label1\" content=\"Escrito por\" \/>\n\t<meta name=\"twitter:data1\" content=\"El Informativo Tam\" \/>\n\t<meta name=\"twitter:label2\" content=\"Tiempo de lectura\" \/>\n\t<meta name=\"twitter:data2\" content=\"2 minutos\" \/>\n<script type=\"application\/ld+json\" class=\"yoast-schema-graph\">{\"@context\":\"https:\\\/\\\/schema.org\",\"@graph\":[{\"@type\":\"Article\",\"@id\":\"https:\\\/\\\/elinformativotam.com\\\/index.php\\\/2020\\\/01\\\/10\\\/miles-de-ninos-disfrutaron-la-llegada-de-la-esperanza-con-festejo-de-dia-de-reyes\\\/#article\",\"isPartOf\":{\"@id\":\"https:\\\/\\\/elinformativotam.com\\\/index.php\\\/2020\\\/01\\\/10\\\/miles-de-ninos-disfrutaron-la-llegada-de-la-esperanza-con-festejo-de-dia-de-reyes\\\/\"},\"author\":{\"name\":\"El Informativo Tam\",\"@id\":\"https:\\\/\\\/elinformativotam.com\\\/#\\\/schema\\\/person\\\/78e08040eed0f6110f0c5f83b6153590\"},\"headline\":\"MILES DE NI\u00d1OS DISFRUTARON LA LLEGADA DE LA ESPERANZA CON FESTEJO DE D\u00cdA DE REYES\",\"datePublished\":\"2020-01-11T03:40:20+00:00\",\"mainEntityOfPage\":{\"@id\":\"https:\\\/\\\/elinformativotam.com\\\/index.php\\\/2020\\\/01\\\/10\\\/miles-de-ninos-disfrutaron-la-llegada-de-la-esperanza-con-festejo-de-dia-de-reyes\\\/\"},\"wordCount\":420,\"commentCount\":0,\"publisher\":{\"@id\":\"https:\\\/\\\/elinformativotam.com\\\/#organization\"},\"image\":{\"@id\":\"https:\\\/\\\/elinformativotam.com\\\/index.php\\\/2020\\\/01\\\/10\\\/miles-de-ninos-disfrutaron-la-llegada-de-la-esperanza-con-festejo-de-dia-de-reyes\\\/#primaryimage\"},\"thumbnailUrl\":\"http:\\\/\\\/elinformativotam.com\\\/wp-content\\\/uploads\\\/2020\\\/01\\\/oseguera-4-300x225.jpg\",\"articleSection\":[\"Cd Madero\"],\"inLanguage\":\"es\",\"potentialAction\":[{\"@type\":\"CommentAction\",\"name\":\"Comment\",\"target\":[\"https:\\\/\\\/elinformativotam.com\\\/index.php\\\/2020\\\/01\\\/10\\\/miles-de-ninos-disfrutaron-la-llegada-de-la-esperanza-con-festejo-de-dia-de-reyes\\\/#respond\"]}]},{\"@type\":\"WebPage\",\"@id\":\"https:\\\/\\\/elinformativotam.com\\\/index.php\\\/2020\\\/01\\\/10\\\/miles-de-ninos-disfrutaron-la-llegada-de-la-esperanza-con-festejo-de-dia-de-reyes\\\/\",\"url\":\"https:\\\/\\\/elinformativotam.com\\\/index.php\\\/2020\\\/01\\\/10\\\/miles-de-ninos-disfrutaron-la-llegada-de-la-esperanza-con-festejo-de-dia-de-reyes\\\/\",\"name\":\"MILES DE NI\u00d1OS DISFRUTARON LA LLEGADA DE LA ESPERANZA CON FESTEJO DE D\u00cdA DE REYES - EL INFORMATIVO DE TAMAULIPAS\",\"isPartOf\":{\"@id\":\"https:\\\/\\\/elinformativotam.com\\\/#website\"},\"primaryImageOfPage\":{\"@id\":\"https:\\\/\\\/elinformativotam.com\\\/index.php\\\/2020\\\/01\\\/10\\\/miles-de-ninos-disfrutaron-la-llegada-de-la-esperanza-con-festejo-de-dia-de-reyes\\\/#primaryimage\"},\"image\":{\"@id\":\"https:\\\/\\\/elinformativotam.com\\\/index.php\\\/2020\\\/01\\\/10\\\/miles-de-ninos-disfrutaron-la-llegada-de-la-esperanza-con-festejo-de-dia-de-reyes\\\/#primaryimage\"},\"thumbnailUrl\":\"http:\\\/\\\/elinformativotam.com\\\/wp-content\\\/uploads\\\/2020\\\/01\\\/oseguera-4-300x225.jpg\",\"datePublished\":\"2020-01-11T03:40:20+00:00\",\"description\":\"* Compartimos la esperanza de que la magia de los Reyes Magos dibuje felicidad en cada rostro: Ana Cristina Organista de Oseguera &nbsp; M\u00e1s de 10 mil\",\"inLanguage\":\"es\",\"potentialAction\":[{\"@type\":\"ReadAction\",\"target\":[\"https:\\\/\\\/elinformativotam.com\\\/index.php\\\/2020\\\/01\\\/10\\\/miles-de-ninos-disfrutaron-la-llegada-de-la-esperanza-con-festejo-de-dia-de-reyes\\\/\"]}]},{\"@type\":\"ImageObject\",\"inLanguage\":\"es\",\"@id\":\"https:\\\/\\\/elinformativotam.com\\\/index.php\\\/2020\\\/01\\\/10\\\/miles-de-ninos-disfrutaron-la-llegada-de-la-esperanza-con-festejo-de-dia-de-reyes\\\/#primaryimage\",\"url\":\"http:\\\/\\\/elinformativotam.com\\\/wp-content\\\/uploads\\\/2020\\\/01\\\/oseguera-4-300x225.jpg\",\"contentUrl\":\"http:\\\/\\\/elinformativotam.com\\\/wp-content\\\/uploads\\\/2020\\\/01\\\/oseguera-4-300x225.jpg\"},{\"@type\":\"WebSite\",\"@id\":\"https:\\\/\\\/elinformativotam.com\\\/#website\",\"url\":\"https:\\\/\\\/elinformativotam.com\\\/\",\"name\":\"EL INFORMATIVO DE TAMAULIPAS\",\"description\":\"Desde la Zona Metropolitana Para Todo M\u00e9xico\",\"publisher\":{\"@id\":\"https:\\\/\\\/elinformativotam.com\\\/#organization\"},\"potentialAction\":[{\"@type\":\"SearchAction\",\"target\":{\"@type\":\"EntryPoint\",\"urlTemplate\":\"https:\\\/\\\/elinformativotam.com\\\/?s={search_term_string}\"},\"query-input\":{\"@type\":\"PropertyValueSpecification\",\"valueRequired\":true,\"valueName\":\"search_term_string\"}}],\"inLanguage\":\"es\"},{\"@type\":\"Organization\",\"@id\":\"https:\\\/\\\/elinformativotam.com\\\/#organization\",\"name\":\"EL INFORMATIVO DE TAMAULIPAS\",\"url\":\"https:\\\/\\\/elinformativotam.com\\\/\",\"logo\":{\"@type\":\"ImageObject\",\"inLanguage\":\"es\",\"@id\":\"https:\\\/\\\/elinformativotam.com\\\/#\\\/schema\\\/logo\\\/image\\\/\",\"url\":\"https:\\\/\\\/elinformativotam.com\\\/wp-content\\\/uploads\\\/2026\\\/02\\\/Cabezal.png\",\"contentUrl\":\"https:\\\/\\\/elinformativotam.com\\\/wp-content\\\/uploads\\\/2026\\\/02\\\/Cabezal.png\",\"width\":960,\"height\":640,\"caption\":\"EL INFORMATIVO DE TAMAULIPAS\"},\"image\":{\"@id\":\"https:\\\/\\\/elinformativotam.com\\\/#\\\/schema\\\/logo\\\/image\\\/\"}},{\"@type\":\"Person\",\"@id\":\"https:\\\/\\\/elinformativotam.com\\\/#\\\/schema\\\/person\\\/78e08040eed0f6110f0c5f83b6153590\",\"name\":\"El Informativo Tam\",\"image\":{\"@type\":\"ImageObject\",\"inLanguage\":\"es\",\"@id\":\"https:\\\/\\\/secure.gravatar.com\\\/avatar\\\/f3b7ad3af540688955925ac610647be00b0cf41feea9c4978b73a707ee86bc53?s=96&d=mm&r=g\",\"url\":\"https:\\\/\\\/secure.gravatar.com\\\/avatar\\\/f3b7ad3af540688955925ac610647be00b0cf41feea9c4978b73a707ee86bc53?s=96&d=mm&r=g\",\"contentUrl\":\"https:\\\/\\\/secure.gravatar.com\\\/avatar\\\/f3b7ad3af540688955925ac610647be00b0cf41feea9c4978b73a707ee86bc53?s=96&d=mm&r=g\",\"caption\":\"El Informativo Tam\"}}]}<\/script>\n<!-- \/ Yoast SEO plugin. -->","yoast_head_json":{"title":"MILES DE NI\u00d1OS DISFRUTARON LA LLEGADA DE LA ESPERANZA CON FESTEJO DE D\u00cdA DE REYES - EL INFORMATIVO DE TAMAULIPAS","description":"* Compartimos la esperanza de que la magia de los Reyes Magos dibuje felicidad en cada rostro: Ana Cristina Organista de Oseguera &nbsp; M\u00e1s de 10 mil","robots":{"index":"index","follow":"follow","max-snippet":"max-snippet:-1","max-image-preview":"max-image-preview:large","max-video-preview":"max-video-preview:-1"},"canonical":"https:\/\/elinformativotam.com\/index.php\/2020\/01\/10\/miles-de-ninos-disfrutaron-la-llegada-de-la-esperanza-con-festejo-de-dia-de-reyes\/","og_locale":"es_MX","og_type":"article","og_title":"MILES DE NI\u00d1OS DISFRUTARON LA LLEGADA DE LA ESPERANZA CON FESTEJO DE D\u00cdA DE REYES - EL INFORMATIVO DE TAMAULIPAS","og_description":"* Compartimos la esperanza de que la magia de los Reyes Magos dibuje felicidad en cada rostro: Ana Cristina Organista de Oseguera &nbsp; M\u00e1s de 10 mil","og_url":"https:\/\/elinformativotam.com\/index.php\/2020\/01\/10\/miles-de-ninos-disfrutaron-la-llegada-de-la-esperanza-con-festejo-de-dia-de-reyes\/","og_site_name":"EL INFORMATIVO DE TAMAULIPAS","article_published_time":"2020-01-11T03:40:20+00:00","og_image":[{"url":"http:\/\/elinformativotam.com\/wp-content\/uploads\/2020\/01\/oseguera-4-300x225.jpg","type":"","width":"","height":""}],"author":"El Informativo Tam","twitter_card":"summary_large_image","twitter_misc":{"Escrito por":"El Informativo Tam","Tiempo de lectura":"2 minutos"},"schema":{"@context":"https:\/\/schema.org","@graph":[{"@type":"Article","@id":"https:\/\/elinformativotam.com\/index.php\/2020\/01\/10\/miles-de-ninos-disfrutaron-la-llegada-de-la-esperanza-con-festejo-de-dia-de-reyes\/#article","isPartOf":{"@id":"https:\/\/elinformativotam.com\/index.php\/2020\/01\/10\/miles-de-ninos-disfrutaron-la-llegada-de-la-esperanza-con-festejo-de-dia-de-reyes\/"},"author":{"name":"El Informativo Tam","@id":"https:\/\/elinformativotam.com\/#\/schema\/person\/78e08040eed0f6110f0c5f83b6153590"},"headline":"MILES DE NI\u00d1OS DISFRUTARON LA LLEGADA DE LA ESPERANZA CON FESTEJO DE D\u00cdA DE REYES","datePublished":"2020-01-11T03:40:20+00:00","mainEntityOfPage":{"@id":"https:\/\/elinformativotam.com\/index.php\/2020\/01\/10\/miles-de-ninos-disfrutaron-la-llegada-de-la-esperanza-con-festejo-de-dia-de-reyes\/"},"wordCount":420,"commentCount":0,"publisher":{"@id":"https:\/\/elinformativotam.com\/#organization"},"image":{"@id":"https:\/\/elinformativotam.com\/index.php\/2020\/01\/10\/miles-de-ninos-disfrutaron-la-llegada-de-la-esperanza-con-festejo-de-dia-de-reyes\/#primaryimage"},"thumbnailUrl":"http:\/\/elinformativotam.com\/wp-content\/uploads\/2020\/01\/oseguera-4-300x225.jpg","articleSection":["Cd Madero"],"inLanguage":"es","potentialAction":[{"@type":"CommentAction","name":"Comment","target":["https:\/\/elinformativotam.com\/index.php\/2020\/01\/10\/miles-de-ninos-disfrutaron-la-llegada-de-la-esperanza-con-festejo-de-dia-de-reyes\/#respond"]}]},{"@type":"WebPage","@id":"https:\/\/elinformativotam.com\/index.php\/2020\/01\/10\/miles-de-ninos-disfrutaron-la-llegada-de-la-esperanza-con-festejo-de-dia-de-reyes\/","url":"https:\/\/elinformativotam.com\/index.php\/2020\/01\/10\/miles-de-ninos-disfrutaron-la-llegada-de-la-esperanza-con-festejo-de-dia-de-reyes\/","name":"MILES DE NI\u00d1OS DISFRUTARON LA LLEGADA DE LA ESPERANZA CON FESTEJO DE D\u00cdA DE REYES - EL INFORMATIVO DE TAMAULIPAS","isPartOf":{"@id":"https:\/\/elinformativotam.com\/#website"},"primaryImageOfPage":{"@id":"https:\/\/elinformativotam.com\/index.php\/2020\/01\/10\/miles-de-ninos-disfrutaron-la-llegada-de-la-esperanza-con-festejo-de-dia-de-reyes\/#primaryimage"},"image":{"@id":"https:\/\/elinformativotam.com\/index.php\/2020\/01\/10\/miles-de-ninos-disfrutaron-la-llegada-de-la-esperanza-con-festejo-de-dia-de-reyes\/#primaryimage"},"thumbnailUrl":"http:\/\/elinformativotam.com\/wp-content\/uploads\/2020\/01\/oseguera-4-300x225.jpg","datePublished":"2020-01-11T03:40:20+00:00","description":"* Compartimos la esperanza de que la magia de los Reyes Magos dibuje felicidad en cada rostro: Ana Cristina Organista de Oseguera &nbsp; M\u00e1s de 10 mil","inLanguage":"es","potentialAction":[{"@type":"ReadAction","target":["https:\/\/elinformativotam.com\/index.php\/2020\/01\/10\/miles-de-ninos-disfrutaron-la-llegada-de-la-esperanza-con-festejo-de-dia-de-reyes\/"]}]},{"@type":"ImageObject","inLanguage":"es","@id":"https:\/\/elinformativotam.com\/index.php\/2020\/01\/10\/miles-de-ninos-disfrutaron-la-llegada-de-la-esperanza-con-festejo-de-dia-de-reyes\/#primaryimage","url":"http:\/\/elinformativotam.com\/wp-content\/uploads\/2020\/01\/oseguera-4-300x225.jpg","contentUrl":"http:\/\/elinformativotam.com\/wp-content\/uploads\/2020\/01\/oseguera-4-300x225.jpg"},{"@type":"WebSite","@id":"https:\/\/elinformativotam.com\/#website","url":"https:\/\/elinformativotam.com\/","name":"EL INFORMATIVO DE TAMAULIPAS","description":"Desde la Zona Metropolitana Para Todo M\u00e9xico","publisher":{"@id":"https:\/\/elinformativotam.com\/#organization"},"potentialAction":[{"@type":"SearchAction","target":{"@type":"EntryPoint","urlTemplate":"https:\/\/elinformativotam.com\/?s={search_term_string}"},"query-input":{"@type":"PropertyValueSpecification","valueRequired":true,"valueName":"search_term_string"}}],"inLanguage":"es"},{"@type":"Organization","@id":"https:\/\/elinformativotam.com\/#organization","name":"EL INFORMATIVO DE TAMAULIPAS","url":"https:\/\/elinformativotam.com\/","logo":{"@type":"ImageObject","inLanguage":"es","@id":"https:\/\/elinformativotam.com\/#\/schema\/logo\/image\/","url":"https:\/\/elinformativotam.com\/wp-content\/uploads\/2026\/02\/Cabezal.png","contentUrl":"https:\/\/elinformativotam.com\/wp-content\/uploads\/2026\/02\/Cabezal.png","width":960,"height":640,"caption":"EL INFORMATIVO DE TAMAULIPAS"},"image":{"@id":"https:\/\/elinformativotam.com\/#\/schema\/logo\/image\/"}},{"@type":"Person","@id":"https:\/\/elinformativotam.com\/#\/schema\/person\/78e08040eed0f6110f0c5f83b6153590","name":"El Informativo Tam","image":{"@type":"ImageObject","inLanguage":"es","@id":"https:\/\/secure.gravatar.com\/avatar\/f3b7ad3af540688955925ac610647be00b0cf41feea9c4978b73a707ee86bc53?s=96&d=mm&r=g","url":"https:\/\/secure.gravatar.com\/avatar\/f3b7ad3af540688955925ac610647be00b0cf41feea9c4978b73a707ee86bc53?s=96&d=mm&r=g","contentUrl":"https:\/\/secure.gravatar.com\/avatar\/f3b7ad3af540688955925ac610647be00b0cf41feea9c4978b73a707ee86bc53?s=96&d=mm&r=g","caption":"El Informativo Tam"}}]}},"_links":{"self":[{"href":"https:\/\/elinformativotam.com\/index.php\/wp-json\/wp\/v2\/posts\/1614","targetHints":{"allow":["GET"]}}],"collection":[{"href":"https:\/\/elinformativotam.com\/index.php\/wp-json\/wp\/v2\/posts"}],"about":[{"href":"https:\/\/elinformativotam.com\/index.php\/wp-json\/wp\/v2\/types\/post"}],"author":[{"embeddable":true,"href":"https:\/\/elinformativotam.com\/index.php\/wp-json\/wp\/v2\/users\/1"}],"replies":[{"embeddable":true,"href":"https:\/\/elinformativotam.com\/index.php\/wp-json\/wp\/v2\/comments?post=1614"}],"version-history":[{"count":0,"href":"https:\/\/elinformativotam.com\/index.php\/wp-json\/wp\/v2\/posts\/1614\/revisions"}],"wp:attachment":[{"href":"https:\/\/elinformativotam.com\/index.php\/wp-json\/wp\/v2\/media?parent=1614"}],"wp:term":[{"taxonomy":"category","embeddable":true,"href":"https:\/\/elinformativotam.com\/index.php\/wp-json\/wp\/v2\/categories?post=1614"},{"taxonomy":"post_tag","embeddable":true,"href":"https:\/\/elinformativotam.com\/index.php\/wp-json\/wp\/v2\/tags?post=1614"}],"curies":[{"name":"wp","href":"https:\/\/api.w.org\/{rel}","templated":true}]}}