{"id":1562,"date":"2020-01-08T19:35:43","date_gmt":"2020-01-09T01:35:43","guid":{"rendered":"http:\/\/elinformativotam.com\/?p=1562"},"modified":"2020-01-08T19:35:43","modified_gmt":"2020-01-09T01:35:43","slug":"preparan-en-madero-paquete-de-obra-publica-2020","status":"publish","type":"post","link":"https:\/\/elinformativotam.com\/index.php\/2020\/01\/08\/preparan-en-madero-paquete-de-obra-publica-2020\/","title":{"rendered":"PREPARAN EN MADERO PAQUETE DE OBRA P\u00daBLICA 2020"},"content":{"rendered":"<h3><em><strong>* Los Trabajos Incluidos En Este Paquete, Destacar\u00e1n Acciones De Pavimentaci\u00f3n, Alumbrado P\u00fablico, La Continuaci\u00f3n Del Rescate Lagunario<\/strong><\/em><\/h3>\n<p>&nbsp;<\/p>\n<p>En el Gobierno de la urbe petrolera se alistan los \u00faltimos detalles para presentar ante el Cabildo maderense, obras y proyectos que dar\u00e1n pauta al desarrollo y crecimiento de Ciudad Madero, inform\u00f3 el alcalde Adri\u00e1n Oseguera Kernion.<\/p>\n<p>&nbsp;<\/p>\n<p>Lo anterior al enfatizar que pr\u00f3ximamente, ser\u00e1 presentado ante s\u00edndicos y regidores el paquete de obra p\u00fablica 2020 en el que se contemplan trabajos que beneficiar\u00e1n de manera importante el desarrollo urbano de la ciudad.<\/p>\n<p>&nbsp;<\/p>\n<p>\u201cEstamos alist\u00e1ndonos ya con las obras que vamos a presentar al Cabildo para que sean aprobadas y trabajar al doble del ritmo que tuvimos el a\u00f1o pasado\u201d, asegur\u00f3 el Presidente Municipal.<\/p>\n<p><img loading=\"lazy\" decoding=\"async\" class=\"alignnone  wp-image-1564\" src=\"https:\/\/elinformativotam.com\/wp-content\/uploads\/2020\/01\/avmonterrey-300x169.jpg\" alt=\"\" width=\"804\" height=\"453\" \/><\/p>\n<p>En este tenor, detall\u00f3 que entre los trabajos incluidos en este paquete, destacar\u00e1n acciones de pavimentaci\u00f3n, alumbrado p\u00fablico, la continuaci\u00f3n del rescate lagunario, la creaci\u00f3n de espacios de recreaci\u00f3n para las familias maderenses, as\u00ed como la remodelaci\u00f3n de la plaza Isauro Alfaro.<\/p>\n<p>&nbsp;<\/p>\n<p>\u201cEl periodo de nosotros es muy corto y el tiempo pasa muy r\u00e1pido, entonces hay que acelerar el paso. No s\u00f3lo en obra p\u00fablica, tambi\u00e9n en la atracci\u00f3n de eventos que hagan sonar el nombre de Ciudad Madero por todo M\u00e9xico\u201d, subray\u00f3 Oseguera Kernion.<\/p>\n<p>&nbsp;<\/p>\n<p>Finalmente, refiri\u00f3 que en el ejercicio fiscal 2020, ser\u00e1 destinado en Ciudad Madero m\u00e1s de cien millones de pesos en obra p\u00fablica municipal, sumado al recurso federal que se espera llegue sin recortes en el transcurso del mes de febrero.<\/p>\n","protected":false},"excerpt":{"rendered":"<p>* Los Trabajos Incluidos En Este Paquete, Destacar\u00e1n Acciones De Pavimentaci\u00f3n, Alumbrado P\u00fablico, La Continuaci\u00f3n Del Rescate Lagunario &nbsp; En&hellip;<\/p>\n","protected":false},"author":1,"featured_media":0,"comment_status":"open","ping_status":"open","sticky":false,"template":"","format":"standard","meta":{"footnotes":""},"categories":[4],"tags":[],"class_list":["post-1562","post","type-post","status-publish","format-standard","hentry","category-madero"],"yoast_head":"<!-- This site is optimized with the Yoast SEO plugin v27.5 - https:\/\/yoast.com\/product\/yoast-seo-wordpress\/ -->\n<title>PREPARAN EN MADERO PAQUETE DE OBRA P\u00daBLICA 2020 - EL INFORMATIVO DE TAMAULIPAS<\/title>\n<meta name=\"description\" content=\"* Los Trabajos Incluidos En Este Paquete, Destacar\u00e1n Acciones De Pavimentaci\u00f3n, Alumbrado P\u00fablico, La Continuaci\u00f3n Del Rescate Lagunario &nbsp; En el\" \/>\n<meta name=\"robots\" content=\"index, follow, max-snippet:-1, max-image-preview:large, max-video-preview:-1\" \/>\n<link rel=\"canonical\" href=\"https:\/\/elinformativotam.com\/index.php\/2020\/01\/08\/preparan-en-madero-paquete-de-obra-publica-2020\/\" \/>\n<meta property=\"og:locale\" content=\"es_MX\" \/>\n<meta property=\"og:type\" content=\"article\" \/>\n<meta property=\"og:title\" content=\"PREPARAN EN MADERO PAQUETE DE OBRA P\u00daBLICA 2020 - EL INFORMATIVO DE TAMAULIPAS\" \/>\n<meta property=\"og:description\" content=\"* Los Trabajos Incluidos En Este Paquete, Destacar\u00e1n Acciones De Pavimentaci\u00f3n, Alumbrado P\u00fablico, La Continuaci\u00f3n Del Rescate Lagunario &nbsp; En el\" \/>\n<meta property=\"og:url\" content=\"https:\/\/elinformativotam.com\/index.php\/2020\/01\/08\/preparan-en-madero-paquete-de-obra-publica-2020\/\" \/>\n<meta property=\"og:site_name\" content=\"EL INFORMATIVO DE TAMAULIPAS\" \/>\n<meta property=\"article:published_time\" content=\"2020-01-09T01:35:43+00:00\" \/>\n<meta property=\"og:image\" content=\"http:\/\/elinformativotam.com\/wp-content\/uploads\/2020\/01\/avmonterrey-300x169.jpg\" \/>\n<meta name=\"author\" content=\"El Informativo Tam\" \/>\n<meta name=\"twitter:card\" content=\"summary_large_image\" \/>\n<meta name=\"twitter:label1\" content=\"Escrito por\" \/>\n\t<meta name=\"twitter:data1\" content=\"El Informativo Tam\" \/>\n\t<meta name=\"twitter:label2\" content=\"Tiempo de lectura\" \/>\n\t<meta name=\"twitter:data2\" content=\"1 minuto\" \/>\n<script type=\"application\/ld+json\" class=\"yoast-schema-graph\">{\"@context\":\"https:\\\/\\\/schema.org\",\"@graph\":[{\"@type\":\"Article\",\"@id\":\"https:\\\/\\\/elinformativotam.com\\\/index.php\\\/2020\\\/01\\\/08\\\/preparan-en-madero-paquete-de-obra-publica-2020\\\/#article\",\"isPartOf\":{\"@id\":\"https:\\\/\\\/elinformativotam.com\\\/index.php\\\/2020\\\/01\\\/08\\\/preparan-en-madero-paquete-de-obra-publica-2020\\\/\"},\"author\":{\"name\":\"El Informativo Tam\",\"@id\":\"https:\\\/\\\/elinformativotam.com\\\/#\\\/schema\\\/person\\\/78e08040eed0f6110f0c5f83b6153590\"},\"headline\":\"PREPARAN EN MADERO PAQUETE DE OBRA P\u00daBLICA 2020\",\"datePublished\":\"2020-01-09T01:35:43+00:00\",\"mainEntityOfPage\":{\"@id\":\"https:\\\/\\\/elinformativotam.com\\\/index.php\\\/2020\\\/01\\\/08\\\/preparan-en-madero-paquete-de-obra-publica-2020\\\/\"},\"wordCount\":284,\"commentCount\":0,\"publisher\":{\"@id\":\"https:\\\/\\\/elinformativotam.com\\\/#organization\"},\"image\":{\"@id\":\"https:\\\/\\\/elinformativotam.com\\\/index.php\\\/2020\\\/01\\\/08\\\/preparan-en-madero-paquete-de-obra-publica-2020\\\/#primaryimage\"},\"thumbnailUrl\":\"http:\\\/\\\/elinformativotam.com\\\/wp-content\\\/uploads\\\/2020\\\/01\\\/avmonterrey-300x169.jpg\",\"articleSection\":[\"Cd Madero\"],\"inLanguage\":\"es\",\"potentialAction\":[{\"@type\":\"CommentAction\",\"name\":\"Comment\",\"target\":[\"https:\\\/\\\/elinformativotam.com\\\/index.php\\\/2020\\\/01\\\/08\\\/preparan-en-madero-paquete-de-obra-publica-2020\\\/#respond\"]}]},{\"@type\":\"WebPage\",\"@id\":\"https:\\\/\\\/elinformativotam.com\\\/index.php\\\/2020\\\/01\\\/08\\\/preparan-en-madero-paquete-de-obra-publica-2020\\\/\",\"url\":\"https:\\\/\\\/elinformativotam.com\\\/index.php\\\/2020\\\/01\\\/08\\\/preparan-en-madero-paquete-de-obra-publica-2020\\\/\",\"name\":\"PREPARAN EN MADERO PAQUETE DE OBRA P\u00daBLICA 2020 - EL INFORMATIVO DE TAMAULIPAS\",\"isPartOf\":{\"@id\":\"https:\\\/\\\/elinformativotam.com\\\/#website\"},\"primaryImageOfPage\":{\"@id\":\"https:\\\/\\\/elinformativotam.com\\\/index.php\\\/2020\\\/01\\\/08\\\/preparan-en-madero-paquete-de-obra-publica-2020\\\/#primaryimage\"},\"image\":{\"@id\":\"https:\\\/\\\/elinformativotam.com\\\/index.php\\\/2020\\\/01\\\/08\\\/preparan-en-madero-paquete-de-obra-publica-2020\\\/#primaryimage\"},\"thumbnailUrl\":\"http:\\\/\\\/elinformativotam.com\\\/wp-content\\\/uploads\\\/2020\\\/01\\\/avmonterrey-300x169.jpg\",\"datePublished\":\"2020-01-09T01:35:43+00:00\",\"description\":\"* Los Trabajos Incluidos En Este Paquete, Destacar\u00e1n Acciones De Pavimentaci\u00f3n, Alumbrado P\u00fablico, La Continuaci\u00f3n Del Rescate Lagunario &nbsp; En el\",\"inLanguage\":\"es\",\"potentialAction\":[{\"@type\":\"ReadAction\",\"target\":[\"https:\\\/\\\/elinformativotam.com\\\/index.php\\\/2020\\\/01\\\/08\\\/preparan-en-madero-paquete-de-obra-publica-2020\\\/\"]}]},{\"@type\":\"ImageObject\",\"inLanguage\":\"es\",\"@id\":\"https:\\\/\\\/elinformativotam.com\\\/index.php\\\/2020\\\/01\\\/08\\\/preparan-en-madero-paquete-de-obra-publica-2020\\\/#primaryimage\",\"url\":\"http:\\\/\\\/elinformativotam.com\\\/wp-content\\\/uploads\\\/2020\\\/01\\\/avmonterrey-300x169.jpg\",\"contentUrl\":\"http:\\\/\\\/elinformativotam.com\\\/wp-content\\\/uploads\\\/2020\\\/01\\\/avmonterrey-300x169.jpg\"},{\"@type\":\"WebSite\",\"@id\":\"https:\\\/\\\/elinformativotam.com\\\/#website\",\"url\":\"https:\\\/\\\/elinformativotam.com\\\/\",\"name\":\"EL INFORMATIVO DE TAMAULIPAS\",\"description\":\"Desde la Zona Metropolitana Para Todo M\u00e9xico\",\"publisher\":{\"@id\":\"https:\\\/\\\/elinformativotam.com\\\/#organization\"},\"potentialAction\":[{\"@type\":\"SearchAction\",\"target\":{\"@type\":\"EntryPoint\",\"urlTemplate\":\"https:\\\/\\\/elinformativotam.com\\\/?s={search_term_string}\"},\"query-input\":{\"@type\":\"PropertyValueSpecification\",\"valueRequired\":true,\"valueName\":\"search_term_string\"}}],\"inLanguage\":\"es\"},{\"@type\":\"Organization\",\"@id\":\"https:\\\/\\\/elinformativotam.com\\\/#organization\",\"name\":\"EL INFORMATIVO DE TAMAULIPAS\",\"url\":\"https:\\\/\\\/elinformativotam.com\\\/\",\"logo\":{\"@type\":\"ImageObject\",\"inLanguage\":\"es\",\"@id\":\"https:\\\/\\\/elinformativotam.com\\\/#\\\/schema\\\/logo\\\/image\\\/\",\"url\":\"https:\\\/\\\/elinformativotam.com\\\/wp-content\\\/uploads\\\/2026\\\/02\\\/Cabezal.png\",\"contentUrl\":\"https:\\\/\\\/elinformativotam.com\\\/wp-content\\\/uploads\\\/2026\\\/02\\\/Cabezal.png\",\"width\":960,\"height\":640,\"caption\":\"EL INFORMATIVO DE TAMAULIPAS\"},\"image\":{\"@id\":\"https:\\\/\\\/elinformativotam.com\\\/#\\\/schema\\\/logo\\\/image\\\/\"}},{\"@type\":\"Person\",\"@id\":\"https:\\\/\\\/elinformativotam.com\\\/#\\\/schema\\\/person\\\/78e08040eed0f6110f0c5f83b6153590\",\"name\":\"El Informativo Tam\",\"image\":{\"@type\":\"ImageObject\",\"inLanguage\":\"es\",\"@id\":\"https:\\\/\\\/secure.gravatar.com\\\/avatar\\\/f3b7ad3af540688955925ac610647be00b0cf41feea9c4978b73a707ee86bc53?s=96&d=mm&r=g\",\"url\":\"https:\\\/\\\/secure.gravatar.com\\\/avatar\\\/f3b7ad3af540688955925ac610647be00b0cf41feea9c4978b73a707ee86bc53?s=96&d=mm&r=g\",\"contentUrl\":\"https:\\\/\\\/secure.gravatar.com\\\/avatar\\\/f3b7ad3af540688955925ac610647be00b0cf41feea9c4978b73a707ee86bc53?s=96&d=mm&r=g\",\"caption\":\"El Informativo Tam\"}}]}<\/script>\n<!-- \/ Yoast SEO plugin. -->","yoast_head_json":{"title":"PREPARAN EN MADERO PAQUETE DE OBRA P\u00daBLICA 2020 - EL INFORMATIVO DE TAMAULIPAS","description":"* Los Trabajos Incluidos En Este Paquete, Destacar\u00e1n Acciones De Pavimentaci\u00f3n, Alumbrado P\u00fablico, La Continuaci\u00f3n Del Rescate Lagunario &nbsp; En el","robots":{"index":"index","follow":"follow","max-snippet":"max-snippet:-1","max-image-preview":"max-image-preview:large","max-video-preview":"max-video-preview:-1"},"canonical":"https:\/\/elinformativotam.com\/index.php\/2020\/01\/08\/preparan-en-madero-paquete-de-obra-publica-2020\/","og_locale":"es_MX","og_type":"article","og_title":"PREPARAN EN MADERO PAQUETE DE OBRA P\u00daBLICA 2020 - EL INFORMATIVO DE TAMAULIPAS","og_description":"* Los Trabajos Incluidos En Este Paquete, Destacar\u00e1n Acciones De Pavimentaci\u00f3n, Alumbrado P\u00fablico, La Continuaci\u00f3n Del Rescate Lagunario &nbsp; En el","og_url":"https:\/\/elinformativotam.com\/index.php\/2020\/01\/08\/preparan-en-madero-paquete-de-obra-publica-2020\/","og_site_name":"EL INFORMATIVO DE TAMAULIPAS","article_published_time":"2020-01-09T01:35:43+00:00","og_image":[{"url":"http:\/\/elinformativotam.com\/wp-content\/uploads\/2020\/01\/avmonterrey-300x169.jpg","type":"","width":"","height":""}],"author":"El Informativo Tam","twitter_card":"summary_large_image","twitter_misc":{"Escrito por":"El Informativo Tam","Tiempo de lectura":"1 minuto"},"schema":{"@context":"https:\/\/schema.org","@graph":[{"@type":"Article","@id":"https:\/\/elinformativotam.com\/index.php\/2020\/01\/08\/preparan-en-madero-paquete-de-obra-publica-2020\/#article","isPartOf":{"@id":"https:\/\/elinformativotam.com\/index.php\/2020\/01\/08\/preparan-en-madero-paquete-de-obra-publica-2020\/"},"author":{"name":"El Informativo Tam","@id":"https:\/\/elinformativotam.com\/#\/schema\/person\/78e08040eed0f6110f0c5f83b6153590"},"headline":"PREPARAN EN MADERO PAQUETE DE OBRA P\u00daBLICA 2020","datePublished":"2020-01-09T01:35:43+00:00","mainEntityOfPage":{"@id":"https:\/\/elinformativotam.com\/index.php\/2020\/01\/08\/preparan-en-madero-paquete-de-obra-publica-2020\/"},"wordCount":284,"commentCount":0,"publisher":{"@id":"https:\/\/elinformativotam.com\/#organization"},"image":{"@id":"https:\/\/elinformativotam.com\/index.php\/2020\/01\/08\/preparan-en-madero-paquete-de-obra-publica-2020\/#primaryimage"},"thumbnailUrl":"http:\/\/elinformativotam.com\/wp-content\/uploads\/2020\/01\/avmonterrey-300x169.jpg","articleSection":["Cd Madero"],"inLanguage":"es","potentialAction":[{"@type":"CommentAction","name":"Comment","target":["https:\/\/elinformativotam.com\/index.php\/2020\/01\/08\/preparan-en-madero-paquete-de-obra-publica-2020\/#respond"]}]},{"@type":"WebPage","@id":"https:\/\/elinformativotam.com\/index.php\/2020\/01\/08\/preparan-en-madero-paquete-de-obra-publica-2020\/","url":"https:\/\/elinformativotam.com\/index.php\/2020\/01\/08\/preparan-en-madero-paquete-de-obra-publica-2020\/","name":"PREPARAN EN MADERO PAQUETE DE OBRA P\u00daBLICA 2020 - EL INFORMATIVO DE TAMAULIPAS","isPartOf":{"@id":"https:\/\/elinformativotam.com\/#website"},"primaryImageOfPage":{"@id":"https:\/\/elinformativotam.com\/index.php\/2020\/01\/08\/preparan-en-madero-paquete-de-obra-publica-2020\/#primaryimage"},"image":{"@id":"https:\/\/elinformativotam.com\/index.php\/2020\/01\/08\/preparan-en-madero-paquete-de-obra-publica-2020\/#primaryimage"},"thumbnailUrl":"http:\/\/elinformativotam.com\/wp-content\/uploads\/2020\/01\/avmonterrey-300x169.jpg","datePublished":"2020-01-09T01:35:43+00:00","description":"* Los Trabajos Incluidos En Este Paquete, Destacar\u00e1n Acciones De Pavimentaci\u00f3n, Alumbrado P\u00fablico, La Continuaci\u00f3n Del Rescate Lagunario &nbsp; En el","inLanguage":"es","potentialAction":[{"@type":"ReadAction","target":["https:\/\/elinformativotam.com\/index.php\/2020\/01\/08\/preparan-en-madero-paquete-de-obra-publica-2020\/"]}]},{"@type":"ImageObject","inLanguage":"es","@id":"https:\/\/elinformativotam.com\/index.php\/2020\/01\/08\/preparan-en-madero-paquete-de-obra-publica-2020\/#primaryimage","url":"http:\/\/elinformativotam.com\/wp-content\/uploads\/2020\/01\/avmonterrey-300x169.jpg","contentUrl":"http:\/\/elinformativotam.com\/wp-content\/uploads\/2020\/01\/avmonterrey-300x169.jpg"},{"@type":"WebSite","@id":"https:\/\/elinformativotam.com\/#website","url":"https:\/\/elinformativotam.com\/","name":"EL INFORMATIVO DE TAMAULIPAS","description":"Desde la Zona Metropolitana Para Todo M\u00e9xico","publisher":{"@id":"https:\/\/elinformativotam.com\/#organization"},"potentialAction":[{"@type":"SearchAction","target":{"@type":"EntryPoint","urlTemplate":"https:\/\/elinformativotam.com\/?s={search_term_string}"},"query-input":{"@type":"PropertyValueSpecification","valueRequired":true,"valueName":"search_term_string"}}],"inLanguage":"es"},{"@type":"Organization","@id":"https:\/\/elinformativotam.com\/#organization","name":"EL INFORMATIVO DE TAMAULIPAS","url":"https:\/\/elinformativotam.com\/","logo":{"@type":"ImageObject","inLanguage":"es","@id":"https:\/\/elinformativotam.com\/#\/schema\/logo\/image\/","url":"https:\/\/elinformativotam.com\/wp-content\/uploads\/2026\/02\/Cabezal.png","contentUrl":"https:\/\/elinformativotam.com\/wp-content\/uploads\/2026\/02\/Cabezal.png","width":960,"height":640,"caption":"EL INFORMATIVO DE TAMAULIPAS"},"image":{"@id":"https:\/\/elinformativotam.com\/#\/schema\/logo\/image\/"}},{"@type":"Person","@id":"https:\/\/elinformativotam.com\/#\/schema\/person\/78e08040eed0f6110f0c5f83b6153590","name":"El Informativo Tam","image":{"@type":"ImageObject","inLanguage":"es","@id":"https:\/\/secure.gravatar.com\/avatar\/f3b7ad3af540688955925ac610647be00b0cf41feea9c4978b73a707ee86bc53?s=96&d=mm&r=g","url":"https:\/\/secure.gravatar.com\/avatar\/f3b7ad3af540688955925ac610647be00b0cf41feea9c4978b73a707ee86bc53?s=96&d=mm&r=g","contentUrl":"https:\/\/secure.gravatar.com\/avatar\/f3b7ad3af540688955925ac610647be00b0cf41feea9c4978b73a707ee86bc53?s=96&d=mm&r=g","caption":"El Informativo Tam"}}]}},"_links":{"self":[{"href":"https:\/\/elinformativotam.com\/index.php\/wp-json\/wp\/v2\/posts\/1562","targetHints":{"allow":["GET"]}}],"collection":[{"href":"https:\/\/elinformativotam.com\/index.php\/wp-json\/wp\/v2\/posts"}],"about":[{"href":"https:\/\/elinformativotam.com\/index.php\/wp-json\/wp\/v2\/types\/post"}],"author":[{"embeddable":true,"href":"https:\/\/elinformativotam.com\/index.php\/wp-json\/wp\/v2\/users\/1"}],"replies":[{"embeddable":true,"href":"https:\/\/elinformativotam.com\/index.php\/wp-json\/wp\/v2\/comments?post=1562"}],"version-history":[{"count":0,"href":"https:\/\/elinformativotam.com\/index.php\/wp-json\/wp\/v2\/posts\/1562\/revisions"}],"wp:attachment":[{"href":"https:\/\/elinformativotam.com\/index.php\/wp-json\/wp\/v2\/media?parent=1562"}],"wp:term":[{"taxonomy":"category","embeddable":true,"href":"https:\/\/elinformativotam.com\/index.php\/wp-json\/wp\/v2\/categories?post=1562"},{"taxonomy":"post_tag","embeddable":true,"href":"https:\/\/elinformativotam.com\/index.php\/wp-json\/wp\/v2\/tags?post=1562"}],"curies":[{"name":"wp","href":"https:\/\/api.w.org\/{rel}","templated":true}]}}