{"id":154,"date":"2019-10-08T16:39:37","date_gmt":"2019-10-08T22:39:37","guid":{"rendered":"http:\/\/elinformativotam.com\/?p=154"},"modified":"2019-10-08T16:39:38","modified_gmt":"2019-10-08T22:39:38","slug":"en-12-meses-218-cuadras-han-sido-pavimentadas-con-chucho-nader","status":"publish","type":"post","link":"https:\/\/elinformativotam.com\/index.php\/2019\/10\/08\/en-12-meses-218-cuadras-han-sido-pavimentadas-con-chucho-nader\/","title":{"rendered":"En 12 Meses 218 Cuadras Han Sido Pavimentadas Con Chucho Nader"},"content":{"rendered":"\n<p>***MAS DE &nbsp;290 MDP INVERTIDOS\nEN MATERIA DE MODERNIZACION DE LA RED VIAL <\/p>\n\n\n\n<p>&#8220;En tan solo doce meses de\nadministraci\u00f3n hemos pavimentado 218 cuadras, mediante una inversi\u00f3n de 295\nmillones de pesos, lo que demuestra el compromiso de nuestro gobierno por\nmejorar las condiciones de la ciudad y generar mayor bienestar a la\npoblaci\u00f3n&#8221;, expres\u00f3 el Presidente Municipal Chucho Nader al se\u00f1alar que\ntrabajando de una manera eficiente y transparente se pueden lograr grandes\nbeneficios para las familias tampique\u00f1as.<\/p>\n\n\n\n<p>El jefe edilicio sostuvo que para\nalcanzar esta meta se ha contado con el invaluable respaldo del Gobierno del\nEstado, ya que a un a\u00f1o de gesti\u00f3n, la Federaci\u00f3n no ha aportado recursos\nextraordinarios para abatir el rezago que en materia de modernizaci\u00f3n vial aun\nprevalece en el municipio.<\/p>\n\n\n\n<p>&#8220;Vamos a continuar mejorando\nla red vial de nuestra ciudad, pues contamos con el apoyo del Gobernador\nFrancisco Garc\u00eda Cabeza de Vaca, quien siempre est\u00e1 dispuesto a respaldar el\ndesarrollo y mejorar la calidad de vida de todos los tampique\u00f1os&#8221;, se\u00f1al\u00f3.<\/p>\n\n\n\n<p>Chucho Nader explic\u00f3 que durante\nel primer tercio de su gobierno se han dejado de recibir alrededor de 80\nmillones de pesos del ramo 023, sin embargo aclar\u00f3 que eso no ha sido factor\npara dejar de trabajar por el bien de la ciudad.<\/p>\n\n\n\n<p>&#8220;No hemos recibido recursos\nadicionales por parte de la Federaci\u00f3n, pese a ello hemos estado realizando\nobras con recursos del gobierno estatal y del gobierno municipal,&nbsp; apret\u00e1ndonos el cintur\u00f3n y administrando los\nrecursos de manera eficiente y transparente, haciendo m\u00e1s con menos porque el\nprogreso de Tampico no debe detenerse&#8221;, subray\u00f3.<\/p>\n\n\n\n<p>El alcalde porte\u00f1o precis\u00f3 que\nadem\u00e1s de la obra p\u00fablica se han optimizado los diferentes servicios p\u00fablicos,\ntransformando la imagen del municipio y colocando a la ciudad como la m\u00e1s\nlimpia en el estado y una de las m\u00e1s ordenadas a nivel nacional.<\/p>\n\n\n\n<p>Resalt\u00f3 que en breve se destinar\u00e1\nuna millonaria inversi\u00f3n a la zona de transferencia, para incrementar su\ncapacidad de operaci\u00f3n, luego de que durante la presente gesti\u00f3n, fuera\nrescatada del abandono y situaci\u00f3n de clausura en que se encontraba.<\/p>\n","protected":false},"excerpt":{"rendered":"<p>***MAS DE &nbsp;290 MDP INVERTIDOS EN MATERIA DE MODERNIZACION DE LA RED VIAL &#8220;En tan solo doce meses de administraci\u00f3n&hellip;<\/p>\n","protected":false},"author":1,"featured_media":0,"comment_status":"open","ping_status":"open","sticky":false,"template":"","format":"standard","meta":{"footnotes":""},"categories":[3],"tags":[],"class_list":["post-154","post","type-post","status-publish","format-standard","hentry","category-tampico"],"yoast_head":"<!-- This site is optimized with the Yoast SEO plugin v27.5 - https:\/\/yoast.com\/product\/yoast-seo-wordpress\/ -->\n<title>En 12 Meses 218 Cuadras Han Sido Pavimentadas Con Chucho Nader - EL INFORMATIVO DE TAMAULIPAS<\/title>\n<meta name=\"description\" content=\"***MAS DE &nbsp;290 MDP INVERTIDOS EN MATERIA DE MODERNIZACION DE LA RED VIAL &quot;En tan solo doce meses de administraci\u00f3n hemos pavimentado 218 cuadras,\" \/>\n<meta name=\"robots\" content=\"index, follow, max-snippet:-1, max-image-preview:large, max-video-preview:-1\" \/>\n<link rel=\"canonical\" href=\"https:\/\/elinformativotam.com\/index.php\/2019\/10\/08\/en-12-meses-218-cuadras-han-sido-pavimentadas-con-chucho-nader\/\" \/>\n<meta property=\"og:locale\" content=\"es_MX\" \/>\n<meta property=\"og:type\" content=\"article\" \/>\n<meta property=\"og:title\" content=\"En 12 Meses 218 Cuadras Han Sido Pavimentadas Con Chucho Nader - EL INFORMATIVO DE TAMAULIPAS\" \/>\n<meta property=\"og:description\" content=\"***MAS DE &nbsp;290 MDP INVERTIDOS EN MATERIA DE MODERNIZACION DE LA RED VIAL &quot;En tan solo doce meses de administraci\u00f3n hemos pavimentado 218 cuadras,\" \/>\n<meta property=\"og:url\" content=\"https:\/\/elinformativotam.com\/index.php\/2019\/10\/08\/en-12-meses-218-cuadras-han-sido-pavimentadas-con-chucho-nader\/\" \/>\n<meta property=\"og:site_name\" content=\"EL INFORMATIVO DE TAMAULIPAS\" \/>\n<meta property=\"article:published_time\" content=\"2019-10-08T22:39:37+00:00\" \/>\n<meta property=\"article:modified_time\" content=\"2019-10-08T22:39:38+00:00\" \/>\n<meta name=\"author\" content=\"El Informativo Tam\" \/>\n<meta name=\"twitter:card\" content=\"summary_large_image\" \/>\n<meta name=\"twitter:label1\" content=\"Escrito por\" \/>\n\t<meta name=\"twitter:data1\" content=\"El Informativo Tam\" \/>\n\t<meta name=\"twitter:label2\" content=\"Tiempo de lectura\" \/>\n\t<meta name=\"twitter:data2\" content=\"2 minutos\" \/>\n<script type=\"application\/ld+json\" class=\"yoast-schema-graph\">{\"@context\":\"https:\\\/\\\/schema.org\",\"@graph\":[{\"@type\":\"Article\",\"@id\":\"https:\\\/\\\/elinformativotam.com\\\/index.php\\\/2019\\\/10\\\/08\\\/en-12-meses-218-cuadras-han-sido-pavimentadas-con-chucho-nader\\\/#article\",\"isPartOf\":{\"@id\":\"https:\\\/\\\/elinformativotam.com\\\/index.php\\\/2019\\\/10\\\/08\\\/en-12-meses-218-cuadras-han-sido-pavimentadas-con-chucho-nader\\\/\"},\"author\":{\"name\":\"El Informativo Tam\",\"@id\":\"https:\\\/\\\/elinformativotam.com\\\/#\\\/schema\\\/person\\\/78e08040eed0f6110f0c5f83b6153590\"},\"headline\":\"En 12 Meses 218 Cuadras Han Sido Pavimentadas Con Chucho Nader\",\"datePublished\":\"2019-10-08T22:39:37+00:00\",\"dateModified\":\"2019-10-08T22:39:38+00:00\",\"mainEntityOfPage\":{\"@id\":\"https:\\\/\\\/elinformativotam.com\\\/index.php\\\/2019\\\/10\\\/08\\\/en-12-meses-218-cuadras-han-sido-pavimentadas-con-chucho-nader\\\/\"},\"wordCount\":378,\"commentCount\":0,\"publisher\":{\"@id\":\"https:\\\/\\\/elinformativotam.com\\\/#organization\"},\"articleSection\":[\"Tampico\"],\"inLanguage\":\"es\",\"potentialAction\":[{\"@type\":\"CommentAction\",\"name\":\"Comment\",\"target\":[\"https:\\\/\\\/elinformativotam.com\\\/index.php\\\/2019\\\/10\\\/08\\\/en-12-meses-218-cuadras-han-sido-pavimentadas-con-chucho-nader\\\/#respond\"]}]},{\"@type\":\"WebPage\",\"@id\":\"https:\\\/\\\/elinformativotam.com\\\/index.php\\\/2019\\\/10\\\/08\\\/en-12-meses-218-cuadras-han-sido-pavimentadas-con-chucho-nader\\\/\",\"url\":\"https:\\\/\\\/elinformativotam.com\\\/index.php\\\/2019\\\/10\\\/08\\\/en-12-meses-218-cuadras-han-sido-pavimentadas-con-chucho-nader\\\/\",\"name\":\"En 12 Meses 218 Cuadras Han Sido Pavimentadas Con Chucho Nader - EL INFORMATIVO DE TAMAULIPAS\",\"isPartOf\":{\"@id\":\"https:\\\/\\\/elinformativotam.com\\\/#website\"},\"datePublished\":\"2019-10-08T22:39:37+00:00\",\"dateModified\":\"2019-10-08T22:39:38+00:00\",\"description\":\"***MAS DE &nbsp;290 MDP INVERTIDOS EN MATERIA DE MODERNIZACION DE LA RED VIAL \\\"En tan solo doce meses de administraci\u00f3n hemos pavimentado 218 cuadras,\",\"inLanguage\":\"es\",\"potentialAction\":[{\"@type\":\"ReadAction\",\"target\":[\"https:\\\/\\\/elinformativotam.com\\\/index.php\\\/2019\\\/10\\\/08\\\/en-12-meses-218-cuadras-han-sido-pavimentadas-con-chucho-nader\\\/\"]}]},{\"@type\":\"WebSite\",\"@id\":\"https:\\\/\\\/elinformativotam.com\\\/#website\",\"url\":\"https:\\\/\\\/elinformativotam.com\\\/\",\"name\":\"EL INFORMATIVO DE TAMAULIPAS\",\"description\":\"Desde la Zona Metropolitana Para Todo M\u00e9xico\",\"publisher\":{\"@id\":\"https:\\\/\\\/elinformativotam.com\\\/#organization\"},\"potentialAction\":[{\"@type\":\"SearchAction\",\"target\":{\"@type\":\"EntryPoint\",\"urlTemplate\":\"https:\\\/\\\/elinformativotam.com\\\/?s={search_term_string}\"},\"query-input\":{\"@type\":\"PropertyValueSpecification\",\"valueRequired\":true,\"valueName\":\"search_term_string\"}}],\"inLanguage\":\"es\"},{\"@type\":\"Organization\",\"@id\":\"https:\\\/\\\/elinformativotam.com\\\/#organization\",\"name\":\"EL INFORMATIVO DE TAMAULIPAS\",\"url\":\"https:\\\/\\\/elinformativotam.com\\\/\",\"logo\":{\"@type\":\"ImageObject\",\"inLanguage\":\"es\",\"@id\":\"https:\\\/\\\/elinformativotam.com\\\/#\\\/schema\\\/logo\\\/image\\\/\",\"url\":\"https:\\\/\\\/elinformativotam.com\\\/wp-content\\\/uploads\\\/2026\\\/02\\\/Cabezal.png\",\"contentUrl\":\"https:\\\/\\\/elinformativotam.com\\\/wp-content\\\/uploads\\\/2026\\\/02\\\/Cabezal.png\",\"width\":960,\"height\":640,\"caption\":\"EL INFORMATIVO DE TAMAULIPAS\"},\"image\":{\"@id\":\"https:\\\/\\\/elinformativotam.com\\\/#\\\/schema\\\/logo\\\/image\\\/\"}},{\"@type\":\"Person\",\"@id\":\"https:\\\/\\\/elinformativotam.com\\\/#\\\/schema\\\/person\\\/78e08040eed0f6110f0c5f83b6153590\",\"name\":\"El Informativo Tam\",\"image\":{\"@type\":\"ImageObject\",\"inLanguage\":\"es\",\"@id\":\"https:\\\/\\\/secure.gravatar.com\\\/avatar\\\/f3b7ad3af540688955925ac610647be00b0cf41feea9c4978b73a707ee86bc53?s=96&d=mm&r=g\",\"url\":\"https:\\\/\\\/secure.gravatar.com\\\/avatar\\\/f3b7ad3af540688955925ac610647be00b0cf41feea9c4978b73a707ee86bc53?s=96&d=mm&r=g\",\"contentUrl\":\"https:\\\/\\\/secure.gravatar.com\\\/avatar\\\/f3b7ad3af540688955925ac610647be00b0cf41feea9c4978b73a707ee86bc53?s=96&d=mm&r=g\",\"caption\":\"El Informativo Tam\"}}]}<\/script>\n<!-- \/ Yoast SEO plugin. -->","yoast_head_json":{"title":"En 12 Meses 218 Cuadras Han Sido Pavimentadas Con Chucho Nader - EL INFORMATIVO DE TAMAULIPAS","description":"***MAS DE &nbsp;290 MDP INVERTIDOS EN MATERIA DE MODERNIZACION DE LA RED VIAL \"En tan solo doce meses de administraci\u00f3n hemos pavimentado 218 cuadras,","robots":{"index":"index","follow":"follow","max-snippet":"max-snippet:-1","max-image-preview":"max-image-preview:large","max-video-preview":"max-video-preview:-1"},"canonical":"https:\/\/elinformativotam.com\/index.php\/2019\/10\/08\/en-12-meses-218-cuadras-han-sido-pavimentadas-con-chucho-nader\/","og_locale":"es_MX","og_type":"article","og_title":"En 12 Meses 218 Cuadras Han Sido Pavimentadas Con Chucho Nader - EL INFORMATIVO DE TAMAULIPAS","og_description":"***MAS DE &nbsp;290 MDP INVERTIDOS EN MATERIA DE MODERNIZACION DE LA RED VIAL \"En tan solo doce meses de administraci\u00f3n hemos pavimentado 218 cuadras,","og_url":"https:\/\/elinformativotam.com\/index.php\/2019\/10\/08\/en-12-meses-218-cuadras-han-sido-pavimentadas-con-chucho-nader\/","og_site_name":"EL INFORMATIVO DE TAMAULIPAS","article_published_time":"2019-10-08T22:39:37+00:00","article_modified_time":"2019-10-08T22:39:38+00:00","author":"El Informativo Tam","twitter_card":"summary_large_image","twitter_misc":{"Escrito por":"El Informativo Tam","Tiempo de lectura":"2 minutos"},"schema":{"@context":"https:\/\/schema.org","@graph":[{"@type":"Article","@id":"https:\/\/elinformativotam.com\/index.php\/2019\/10\/08\/en-12-meses-218-cuadras-han-sido-pavimentadas-con-chucho-nader\/#article","isPartOf":{"@id":"https:\/\/elinformativotam.com\/index.php\/2019\/10\/08\/en-12-meses-218-cuadras-han-sido-pavimentadas-con-chucho-nader\/"},"author":{"name":"El Informativo Tam","@id":"https:\/\/elinformativotam.com\/#\/schema\/person\/78e08040eed0f6110f0c5f83b6153590"},"headline":"En 12 Meses 218 Cuadras Han Sido Pavimentadas Con Chucho Nader","datePublished":"2019-10-08T22:39:37+00:00","dateModified":"2019-10-08T22:39:38+00:00","mainEntityOfPage":{"@id":"https:\/\/elinformativotam.com\/index.php\/2019\/10\/08\/en-12-meses-218-cuadras-han-sido-pavimentadas-con-chucho-nader\/"},"wordCount":378,"commentCount":0,"publisher":{"@id":"https:\/\/elinformativotam.com\/#organization"},"articleSection":["Tampico"],"inLanguage":"es","potentialAction":[{"@type":"CommentAction","name":"Comment","target":["https:\/\/elinformativotam.com\/index.php\/2019\/10\/08\/en-12-meses-218-cuadras-han-sido-pavimentadas-con-chucho-nader\/#respond"]}]},{"@type":"WebPage","@id":"https:\/\/elinformativotam.com\/index.php\/2019\/10\/08\/en-12-meses-218-cuadras-han-sido-pavimentadas-con-chucho-nader\/","url":"https:\/\/elinformativotam.com\/index.php\/2019\/10\/08\/en-12-meses-218-cuadras-han-sido-pavimentadas-con-chucho-nader\/","name":"En 12 Meses 218 Cuadras Han Sido Pavimentadas Con Chucho Nader - EL INFORMATIVO DE TAMAULIPAS","isPartOf":{"@id":"https:\/\/elinformativotam.com\/#website"},"datePublished":"2019-10-08T22:39:37+00:00","dateModified":"2019-10-08T22:39:38+00:00","description":"***MAS DE &nbsp;290 MDP INVERTIDOS EN MATERIA DE MODERNIZACION DE LA RED VIAL \"En tan solo doce meses de administraci\u00f3n hemos pavimentado 218 cuadras,","inLanguage":"es","potentialAction":[{"@type":"ReadAction","target":["https:\/\/elinformativotam.com\/index.php\/2019\/10\/08\/en-12-meses-218-cuadras-han-sido-pavimentadas-con-chucho-nader\/"]}]},{"@type":"WebSite","@id":"https:\/\/elinformativotam.com\/#website","url":"https:\/\/elinformativotam.com\/","name":"EL INFORMATIVO DE TAMAULIPAS","description":"Desde la Zona Metropolitana Para Todo M\u00e9xico","publisher":{"@id":"https:\/\/elinformativotam.com\/#organization"},"potentialAction":[{"@type":"SearchAction","target":{"@type":"EntryPoint","urlTemplate":"https:\/\/elinformativotam.com\/?s={search_term_string}"},"query-input":{"@type":"PropertyValueSpecification","valueRequired":true,"valueName":"search_term_string"}}],"inLanguage":"es"},{"@type":"Organization","@id":"https:\/\/elinformativotam.com\/#organization","name":"EL INFORMATIVO DE TAMAULIPAS","url":"https:\/\/elinformativotam.com\/","logo":{"@type":"ImageObject","inLanguage":"es","@id":"https:\/\/elinformativotam.com\/#\/schema\/logo\/image\/","url":"https:\/\/elinformativotam.com\/wp-content\/uploads\/2026\/02\/Cabezal.png","contentUrl":"https:\/\/elinformativotam.com\/wp-content\/uploads\/2026\/02\/Cabezal.png","width":960,"height":640,"caption":"EL INFORMATIVO DE TAMAULIPAS"},"image":{"@id":"https:\/\/elinformativotam.com\/#\/schema\/logo\/image\/"}},{"@type":"Person","@id":"https:\/\/elinformativotam.com\/#\/schema\/person\/78e08040eed0f6110f0c5f83b6153590","name":"El Informativo Tam","image":{"@type":"ImageObject","inLanguage":"es","@id":"https:\/\/secure.gravatar.com\/avatar\/f3b7ad3af540688955925ac610647be00b0cf41feea9c4978b73a707ee86bc53?s=96&d=mm&r=g","url":"https:\/\/secure.gravatar.com\/avatar\/f3b7ad3af540688955925ac610647be00b0cf41feea9c4978b73a707ee86bc53?s=96&d=mm&r=g","contentUrl":"https:\/\/secure.gravatar.com\/avatar\/f3b7ad3af540688955925ac610647be00b0cf41feea9c4978b73a707ee86bc53?s=96&d=mm&r=g","caption":"El Informativo Tam"}}]}},"_links":{"self":[{"href":"https:\/\/elinformativotam.com\/index.php\/wp-json\/wp\/v2\/posts\/154","targetHints":{"allow":["GET"]}}],"collection":[{"href":"https:\/\/elinformativotam.com\/index.php\/wp-json\/wp\/v2\/posts"}],"about":[{"href":"https:\/\/elinformativotam.com\/index.php\/wp-json\/wp\/v2\/types\/post"}],"author":[{"embeddable":true,"href":"https:\/\/elinformativotam.com\/index.php\/wp-json\/wp\/v2\/users\/1"}],"replies":[{"embeddable":true,"href":"https:\/\/elinformativotam.com\/index.php\/wp-json\/wp\/v2\/comments?post=154"}],"version-history":[{"count":0,"href":"https:\/\/elinformativotam.com\/index.php\/wp-json\/wp\/v2\/posts\/154\/revisions"}],"wp:attachment":[{"href":"https:\/\/elinformativotam.com\/index.php\/wp-json\/wp\/v2\/media?parent=154"}],"wp:term":[{"taxonomy":"category","embeddable":true,"href":"https:\/\/elinformativotam.com\/index.php\/wp-json\/wp\/v2\/categories?post=154"},{"taxonomy":"post_tag","embeddable":true,"href":"https:\/\/elinformativotam.com\/index.php\/wp-json\/wp\/v2\/tags?post=154"}],"curies":[{"name":"wp","href":"https:\/\/api.w.org\/{rel}","templated":true}]}}