{"id":1531,"date":"2020-01-08T07:25:50","date_gmt":"2020-01-08T13:25:50","guid":{"rendered":"http:\/\/elinformativotam.com\/?p=1531"},"modified":"2020-01-08T07:27:10","modified_gmt":"2020-01-08T13:27:10","slug":"avion-ucraniano-con-170-personas-choco-cerca-de-capital-irani","status":"publish","type":"post","link":"https:\/\/elinformativotam.com\/index.php\/2020\/01\/08\/avion-ucraniano-con-170-personas-choco-cerca-de-capital-irani\/","title":{"rendered":"AVI\u00d3N UCRANIANO CON 170 PERSONAS CHOC\u00d3 CERCA DE CAPITAL IRAN\u00cd"},"content":{"rendered":"<h3><strong><em>* La aeronave se habr\u00eda desplomado por problemas mec\u00e1nicos en el extremo suroccidental de Teher\u00e1n<\/em><\/strong><\/h3>\n<p>&nbsp;<\/p>\n<p>Un avi\u00f3n ucraniano con al menos 170 personas a bordo choc\u00f3 el mi\u00e9rcoles cerca del aeropuerto de Teher\u00e1n, report\u00f3 la televisora estatal de Ir\u00e1n. No hab\u00eda informaci\u00f3n sobre v\u00edctimas hasta el momento.<\/p>\n<p>&nbsp;<\/p>\n<p>La aeronave hab\u00eda despegado del Aeropuerto Internacional Im\u00e1n Khomeini en la capital iran\u00ed, se\u00f1al\u00f3 el reporte. Se sospecha que el accidente fue por problemas mec\u00e1nicos, agreg\u00f3 la televisora, sin dar m\u00e1s detalles.<\/p>\n<p>&nbsp;<\/p>\n<p>Un equipo de investigadores acudi\u00f3 al lugar del percance en el extremo suroccidental de Teher\u00e1n, dijo Reza Jafarzadeh, portavoz de aviaci\u00f3n civil.<\/p>\n<p>&nbsp;<\/p>\n<p>\u201cDespu\u00e9s de despegar del Aeropuerto Internacional Im\u00e1n Khomeini choc\u00f3 entre Parand y Shahriar. Se envi\u00f3 al lugar a un equipo de investigadores del departamento nacional de aviaci\u00f3n despu\u00e9s de que se diera a conocer la noticia\u201d, se\u00f1al\u00f3.<\/p>\n<div id=\"attachment_1533\" style=\"width: 910px\" class=\"wp-caption alignnone\"><img loading=\"lazy\" decoding=\"async\" aria-describedby=\"caption-attachment-1533\" class=\"wp-image-1533\" src=\"https:\/\/elinformativotam.com\/wp-content\/uploads\/2020\/01\/avion1-300x146.jpg\" alt=\"\" width=\"900\" height=\"438\" \/><p id=\"caption-attachment-1533\" class=\"wp-caption-text\">Imagen de Archivo<\/p><\/div>\n<p>La televisora estatal hab\u00eda reportado previamente la presencia de 180 pasajeros y tripulantes. Por el momento se desconoc\u00eda la causa de la discrepancia en las cifras<\/p>\n<p>&nbsp;<\/p>\n<p>Datos del vuelo registrados en el aeropuerto indicaban que el Boeing 737-800 operado por Ukraine International Airlines despeg\u00f3 este mi\u00e9rcoles en la ma\u00f1ana y casi de inmediato dej\u00f3 de enviar datos, seg\u00fan el sitio FlightRadar24.<\/p>\n<p>&nbsp;<\/p>\n<p>El choque ocurri\u00f3 horas despu\u00e9s de que Ir\u00e1n lanz\u00f3 misiles bal\u00edsticos a dos bases militares iraqu\u00edes que alojan a soldados estadounidenses, en represalia por la muerte del general de la Guardia Revolucionaria, Qassem Soleimani.<\/p>\n<p>https:\/\/twitter.com\/MundoEConflicto\/status\/1214764771708428290<\/p>\n","protected":false},"excerpt":{"rendered":"<p>* La aeronave se habr\u00eda desplomado por problemas mec\u00e1nicos en el extremo suroccidental de Teher\u00e1n &nbsp; Un avi\u00f3n ucraniano con&hellip;<\/p>\n","protected":false},"author":1,"featured_media":0,"comment_status":"open","ping_status":"open","sticky":false,"template":"","format":"standard","meta":{"footnotes":""},"categories":[9],"tags":[],"class_list":["post-1531","post","type-post","status-publish","format-standard","hentry","category-internacional"],"yoast_head":"<!-- This site is optimized with the Yoast SEO plugin v27.5 - https:\/\/yoast.com\/product\/yoast-seo-wordpress\/ -->\n<title>AVI\u00d3N UCRANIANO CON 170 PERSONAS CHOC\u00d3 CERCA DE CAPITAL IRAN\u00cd - EL INFORMATIVO DE TAMAULIPAS<\/title>\n<meta name=\"description\" content=\"* La aeronave se habr\u00eda desplomado por problemas mec\u00e1nicos en el extremo suroccidental de Teher\u00e1n &nbsp; Un avi\u00f3n ucraniano con al menos 170 personas a\" \/>\n<meta name=\"robots\" content=\"index, follow, max-snippet:-1, max-image-preview:large, max-video-preview:-1\" \/>\n<link rel=\"canonical\" href=\"https:\/\/elinformativotam.com\/index.php\/2020\/01\/08\/avion-ucraniano-con-170-personas-choco-cerca-de-capital-irani\/\" \/>\n<meta property=\"og:locale\" content=\"es_MX\" \/>\n<meta property=\"og:type\" content=\"article\" \/>\n<meta property=\"og:title\" content=\"AVI\u00d3N UCRANIANO CON 170 PERSONAS CHOC\u00d3 CERCA DE CAPITAL IRAN\u00cd - EL INFORMATIVO DE TAMAULIPAS\" \/>\n<meta property=\"og:description\" content=\"* La aeronave se habr\u00eda desplomado por problemas mec\u00e1nicos en el extremo suroccidental de Teher\u00e1n &nbsp; Un avi\u00f3n ucraniano con al menos 170 personas a\" \/>\n<meta property=\"og:url\" content=\"https:\/\/elinformativotam.com\/index.php\/2020\/01\/08\/avion-ucraniano-con-170-personas-choco-cerca-de-capital-irani\/\" \/>\n<meta property=\"og:site_name\" content=\"EL INFORMATIVO DE TAMAULIPAS\" \/>\n<meta property=\"article:published_time\" content=\"2020-01-08T13:25:50+00:00\" \/>\n<meta property=\"article:modified_time\" content=\"2020-01-08T13:27:10+00:00\" \/>\n<meta property=\"og:image\" content=\"http:\/\/elinformativotam.com\/wp-content\/uploads\/2020\/01\/avion1-300x146.jpg\" \/>\n<meta name=\"author\" content=\"El Informativo Tam\" \/>\n<meta name=\"twitter:card\" content=\"summary_large_image\" \/>\n<meta name=\"twitter:label1\" content=\"Escrito por\" \/>\n\t<meta name=\"twitter:data1\" content=\"El Informativo Tam\" \/>\n\t<meta name=\"twitter:label2\" content=\"Tiempo de lectura\" \/>\n\t<meta name=\"twitter:data2\" content=\"1 minuto\" \/>\n<script type=\"application\/ld+json\" class=\"yoast-schema-graph\">{\"@context\":\"https:\\\/\\\/schema.org\",\"@graph\":[{\"@type\":\"Article\",\"@id\":\"https:\\\/\\\/elinformativotam.com\\\/index.php\\\/2020\\\/01\\\/08\\\/avion-ucraniano-con-170-personas-choco-cerca-de-capital-irani\\\/#article\",\"isPartOf\":{\"@id\":\"https:\\\/\\\/elinformativotam.com\\\/index.php\\\/2020\\\/01\\\/08\\\/avion-ucraniano-con-170-personas-choco-cerca-de-capital-irani\\\/\"},\"author\":{\"name\":\"El Informativo Tam\",\"@id\":\"https:\\\/\\\/elinformativotam.com\\\/#\\\/schema\\\/person\\\/78e08040eed0f6110f0c5f83b6153590\"},\"headline\":\"AVI\u00d3N UCRANIANO CON 170 PERSONAS CHOC\u00d3 CERCA DE CAPITAL IRAN\u00cd\",\"datePublished\":\"2020-01-08T13:25:50+00:00\",\"dateModified\":\"2020-01-08T13:27:10+00:00\",\"mainEntityOfPage\":{\"@id\":\"https:\\\/\\\/elinformativotam.com\\\/index.php\\\/2020\\\/01\\\/08\\\/avion-ucraniano-con-170-personas-choco-cerca-de-capital-irani\\\/\"},\"wordCount\":292,\"commentCount\":0,\"publisher\":{\"@id\":\"https:\\\/\\\/elinformativotam.com\\\/#organization\"},\"image\":{\"@id\":\"https:\\\/\\\/elinformativotam.com\\\/index.php\\\/2020\\\/01\\\/08\\\/avion-ucraniano-con-170-personas-choco-cerca-de-capital-irani\\\/#primaryimage\"},\"thumbnailUrl\":\"http:\\\/\\\/elinformativotam.com\\\/wp-content\\\/uploads\\\/2020\\\/01\\\/avion1-300x146.jpg\",\"articleSection\":[\"Internacional\"],\"inLanguage\":\"es\",\"potentialAction\":[{\"@type\":\"CommentAction\",\"name\":\"Comment\",\"target\":[\"https:\\\/\\\/elinformativotam.com\\\/index.php\\\/2020\\\/01\\\/08\\\/avion-ucraniano-con-170-personas-choco-cerca-de-capital-irani\\\/#respond\"]}]},{\"@type\":\"WebPage\",\"@id\":\"https:\\\/\\\/elinformativotam.com\\\/index.php\\\/2020\\\/01\\\/08\\\/avion-ucraniano-con-170-personas-choco-cerca-de-capital-irani\\\/\",\"url\":\"https:\\\/\\\/elinformativotam.com\\\/index.php\\\/2020\\\/01\\\/08\\\/avion-ucraniano-con-170-personas-choco-cerca-de-capital-irani\\\/\",\"name\":\"AVI\u00d3N UCRANIANO CON 170 PERSONAS CHOC\u00d3 CERCA DE CAPITAL IRAN\u00cd - EL INFORMATIVO DE TAMAULIPAS\",\"isPartOf\":{\"@id\":\"https:\\\/\\\/elinformativotam.com\\\/#website\"},\"primaryImageOfPage\":{\"@id\":\"https:\\\/\\\/elinformativotam.com\\\/index.php\\\/2020\\\/01\\\/08\\\/avion-ucraniano-con-170-personas-choco-cerca-de-capital-irani\\\/#primaryimage\"},\"image\":{\"@id\":\"https:\\\/\\\/elinformativotam.com\\\/index.php\\\/2020\\\/01\\\/08\\\/avion-ucraniano-con-170-personas-choco-cerca-de-capital-irani\\\/#primaryimage\"},\"thumbnailUrl\":\"http:\\\/\\\/elinformativotam.com\\\/wp-content\\\/uploads\\\/2020\\\/01\\\/avion1-300x146.jpg\",\"datePublished\":\"2020-01-08T13:25:50+00:00\",\"dateModified\":\"2020-01-08T13:27:10+00:00\",\"description\":\"* La aeronave se habr\u00eda desplomado por problemas mec\u00e1nicos en el extremo suroccidental de Teher\u00e1n &nbsp; Un avi\u00f3n ucraniano con al menos 170 personas a\",\"inLanguage\":\"es\",\"potentialAction\":[{\"@type\":\"ReadAction\",\"target\":[\"https:\\\/\\\/elinformativotam.com\\\/index.php\\\/2020\\\/01\\\/08\\\/avion-ucraniano-con-170-personas-choco-cerca-de-capital-irani\\\/\"]}]},{\"@type\":\"ImageObject\",\"inLanguage\":\"es\",\"@id\":\"https:\\\/\\\/elinformativotam.com\\\/index.php\\\/2020\\\/01\\\/08\\\/avion-ucraniano-con-170-personas-choco-cerca-de-capital-irani\\\/#primaryimage\",\"url\":\"http:\\\/\\\/elinformativotam.com\\\/wp-content\\\/uploads\\\/2020\\\/01\\\/avion1-300x146.jpg\",\"contentUrl\":\"http:\\\/\\\/elinformativotam.com\\\/wp-content\\\/uploads\\\/2020\\\/01\\\/avion1-300x146.jpg\"},{\"@type\":\"WebSite\",\"@id\":\"https:\\\/\\\/elinformativotam.com\\\/#website\",\"url\":\"https:\\\/\\\/elinformativotam.com\\\/\",\"name\":\"EL INFORMATIVO DE TAMAULIPAS\",\"description\":\"Desde la Zona Metropolitana Para Todo M\u00e9xico\",\"publisher\":{\"@id\":\"https:\\\/\\\/elinformativotam.com\\\/#organization\"},\"potentialAction\":[{\"@type\":\"SearchAction\",\"target\":{\"@type\":\"EntryPoint\",\"urlTemplate\":\"https:\\\/\\\/elinformativotam.com\\\/?s={search_term_string}\"},\"query-input\":{\"@type\":\"PropertyValueSpecification\",\"valueRequired\":true,\"valueName\":\"search_term_string\"}}],\"inLanguage\":\"es\"},{\"@type\":\"Organization\",\"@id\":\"https:\\\/\\\/elinformativotam.com\\\/#organization\",\"name\":\"EL INFORMATIVO DE TAMAULIPAS\",\"url\":\"https:\\\/\\\/elinformativotam.com\\\/\",\"logo\":{\"@type\":\"ImageObject\",\"inLanguage\":\"es\",\"@id\":\"https:\\\/\\\/elinformativotam.com\\\/#\\\/schema\\\/logo\\\/image\\\/\",\"url\":\"https:\\\/\\\/elinformativotam.com\\\/wp-content\\\/uploads\\\/2026\\\/02\\\/Cabezal.png\",\"contentUrl\":\"https:\\\/\\\/elinformativotam.com\\\/wp-content\\\/uploads\\\/2026\\\/02\\\/Cabezal.png\",\"width\":960,\"height\":640,\"caption\":\"EL INFORMATIVO DE TAMAULIPAS\"},\"image\":{\"@id\":\"https:\\\/\\\/elinformativotam.com\\\/#\\\/schema\\\/logo\\\/image\\\/\"}},{\"@type\":\"Person\",\"@id\":\"https:\\\/\\\/elinformativotam.com\\\/#\\\/schema\\\/person\\\/78e08040eed0f6110f0c5f83b6153590\",\"name\":\"El Informativo Tam\",\"image\":{\"@type\":\"ImageObject\",\"inLanguage\":\"es\",\"@id\":\"https:\\\/\\\/secure.gravatar.com\\\/avatar\\\/f3b7ad3af540688955925ac610647be00b0cf41feea9c4978b73a707ee86bc53?s=96&d=mm&r=g\",\"url\":\"https:\\\/\\\/secure.gravatar.com\\\/avatar\\\/f3b7ad3af540688955925ac610647be00b0cf41feea9c4978b73a707ee86bc53?s=96&d=mm&r=g\",\"contentUrl\":\"https:\\\/\\\/secure.gravatar.com\\\/avatar\\\/f3b7ad3af540688955925ac610647be00b0cf41feea9c4978b73a707ee86bc53?s=96&d=mm&r=g\",\"caption\":\"El Informativo Tam\"}}]}<\/script>\n<!-- \/ Yoast SEO plugin. -->","yoast_head_json":{"title":"AVI\u00d3N UCRANIANO CON 170 PERSONAS CHOC\u00d3 CERCA DE CAPITAL IRAN\u00cd - EL INFORMATIVO DE TAMAULIPAS","description":"* La aeronave se habr\u00eda desplomado por problemas mec\u00e1nicos en el extremo suroccidental de Teher\u00e1n &nbsp; Un avi\u00f3n ucraniano con al menos 170 personas a","robots":{"index":"index","follow":"follow","max-snippet":"max-snippet:-1","max-image-preview":"max-image-preview:large","max-video-preview":"max-video-preview:-1"},"canonical":"https:\/\/elinformativotam.com\/index.php\/2020\/01\/08\/avion-ucraniano-con-170-personas-choco-cerca-de-capital-irani\/","og_locale":"es_MX","og_type":"article","og_title":"AVI\u00d3N UCRANIANO CON 170 PERSONAS CHOC\u00d3 CERCA DE CAPITAL IRAN\u00cd - EL INFORMATIVO DE TAMAULIPAS","og_description":"* La aeronave se habr\u00eda desplomado por problemas mec\u00e1nicos en el extremo suroccidental de Teher\u00e1n &nbsp; Un avi\u00f3n ucraniano con al menos 170 personas a","og_url":"https:\/\/elinformativotam.com\/index.php\/2020\/01\/08\/avion-ucraniano-con-170-personas-choco-cerca-de-capital-irani\/","og_site_name":"EL INFORMATIVO DE TAMAULIPAS","article_published_time":"2020-01-08T13:25:50+00:00","article_modified_time":"2020-01-08T13:27:10+00:00","og_image":[{"url":"http:\/\/elinformativotam.com\/wp-content\/uploads\/2020\/01\/avion1-300x146.jpg","type":"","width":"","height":""}],"author":"El Informativo Tam","twitter_card":"summary_large_image","twitter_misc":{"Escrito por":"El Informativo Tam","Tiempo de lectura":"1 minuto"},"schema":{"@context":"https:\/\/schema.org","@graph":[{"@type":"Article","@id":"https:\/\/elinformativotam.com\/index.php\/2020\/01\/08\/avion-ucraniano-con-170-personas-choco-cerca-de-capital-irani\/#article","isPartOf":{"@id":"https:\/\/elinformativotam.com\/index.php\/2020\/01\/08\/avion-ucraniano-con-170-personas-choco-cerca-de-capital-irani\/"},"author":{"name":"El Informativo Tam","@id":"https:\/\/elinformativotam.com\/#\/schema\/person\/78e08040eed0f6110f0c5f83b6153590"},"headline":"AVI\u00d3N UCRANIANO CON 170 PERSONAS CHOC\u00d3 CERCA DE CAPITAL IRAN\u00cd","datePublished":"2020-01-08T13:25:50+00:00","dateModified":"2020-01-08T13:27:10+00:00","mainEntityOfPage":{"@id":"https:\/\/elinformativotam.com\/index.php\/2020\/01\/08\/avion-ucraniano-con-170-personas-choco-cerca-de-capital-irani\/"},"wordCount":292,"commentCount":0,"publisher":{"@id":"https:\/\/elinformativotam.com\/#organization"},"image":{"@id":"https:\/\/elinformativotam.com\/index.php\/2020\/01\/08\/avion-ucraniano-con-170-personas-choco-cerca-de-capital-irani\/#primaryimage"},"thumbnailUrl":"http:\/\/elinformativotam.com\/wp-content\/uploads\/2020\/01\/avion1-300x146.jpg","articleSection":["Internacional"],"inLanguage":"es","potentialAction":[{"@type":"CommentAction","name":"Comment","target":["https:\/\/elinformativotam.com\/index.php\/2020\/01\/08\/avion-ucraniano-con-170-personas-choco-cerca-de-capital-irani\/#respond"]}]},{"@type":"WebPage","@id":"https:\/\/elinformativotam.com\/index.php\/2020\/01\/08\/avion-ucraniano-con-170-personas-choco-cerca-de-capital-irani\/","url":"https:\/\/elinformativotam.com\/index.php\/2020\/01\/08\/avion-ucraniano-con-170-personas-choco-cerca-de-capital-irani\/","name":"AVI\u00d3N UCRANIANO CON 170 PERSONAS CHOC\u00d3 CERCA DE CAPITAL IRAN\u00cd - EL INFORMATIVO DE TAMAULIPAS","isPartOf":{"@id":"https:\/\/elinformativotam.com\/#website"},"primaryImageOfPage":{"@id":"https:\/\/elinformativotam.com\/index.php\/2020\/01\/08\/avion-ucraniano-con-170-personas-choco-cerca-de-capital-irani\/#primaryimage"},"image":{"@id":"https:\/\/elinformativotam.com\/index.php\/2020\/01\/08\/avion-ucraniano-con-170-personas-choco-cerca-de-capital-irani\/#primaryimage"},"thumbnailUrl":"http:\/\/elinformativotam.com\/wp-content\/uploads\/2020\/01\/avion1-300x146.jpg","datePublished":"2020-01-08T13:25:50+00:00","dateModified":"2020-01-08T13:27:10+00:00","description":"* La aeronave se habr\u00eda desplomado por problemas mec\u00e1nicos en el extremo suroccidental de Teher\u00e1n &nbsp; Un avi\u00f3n ucraniano con al menos 170 personas a","inLanguage":"es","potentialAction":[{"@type":"ReadAction","target":["https:\/\/elinformativotam.com\/index.php\/2020\/01\/08\/avion-ucraniano-con-170-personas-choco-cerca-de-capital-irani\/"]}]},{"@type":"ImageObject","inLanguage":"es","@id":"https:\/\/elinformativotam.com\/index.php\/2020\/01\/08\/avion-ucraniano-con-170-personas-choco-cerca-de-capital-irani\/#primaryimage","url":"http:\/\/elinformativotam.com\/wp-content\/uploads\/2020\/01\/avion1-300x146.jpg","contentUrl":"http:\/\/elinformativotam.com\/wp-content\/uploads\/2020\/01\/avion1-300x146.jpg"},{"@type":"WebSite","@id":"https:\/\/elinformativotam.com\/#website","url":"https:\/\/elinformativotam.com\/","name":"EL INFORMATIVO DE TAMAULIPAS","description":"Desde la Zona Metropolitana Para Todo M\u00e9xico","publisher":{"@id":"https:\/\/elinformativotam.com\/#organization"},"potentialAction":[{"@type":"SearchAction","target":{"@type":"EntryPoint","urlTemplate":"https:\/\/elinformativotam.com\/?s={search_term_string}"},"query-input":{"@type":"PropertyValueSpecification","valueRequired":true,"valueName":"search_term_string"}}],"inLanguage":"es"},{"@type":"Organization","@id":"https:\/\/elinformativotam.com\/#organization","name":"EL INFORMATIVO DE TAMAULIPAS","url":"https:\/\/elinformativotam.com\/","logo":{"@type":"ImageObject","inLanguage":"es","@id":"https:\/\/elinformativotam.com\/#\/schema\/logo\/image\/","url":"https:\/\/elinformativotam.com\/wp-content\/uploads\/2026\/02\/Cabezal.png","contentUrl":"https:\/\/elinformativotam.com\/wp-content\/uploads\/2026\/02\/Cabezal.png","width":960,"height":640,"caption":"EL INFORMATIVO DE TAMAULIPAS"},"image":{"@id":"https:\/\/elinformativotam.com\/#\/schema\/logo\/image\/"}},{"@type":"Person","@id":"https:\/\/elinformativotam.com\/#\/schema\/person\/78e08040eed0f6110f0c5f83b6153590","name":"El Informativo Tam","image":{"@type":"ImageObject","inLanguage":"es","@id":"https:\/\/secure.gravatar.com\/avatar\/f3b7ad3af540688955925ac610647be00b0cf41feea9c4978b73a707ee86bc53?s=96&d=mm&r=g","url":"https:\/\/secure.gravatar.com\/avatar\/f3b7ad3af540688955925ac610647be00b0cf41feea9c4978b73a707ee86bc53?s=96&d=mm&r=g","contentUrl":"https:\/\/secure.gravatar.com\/avatar\/f3b7ad3af540688955925ac610647be00b0cf41feea9c4978b73a707ee86bc53?s=96&d=mm&r=g","caption":"El Informativo Tam"}}]}},"_links":{"self":[{"href":"https:\/\/elinformativotam.com\/index.php\/wp-json\/wp\/v2\/posts\/1531","targetHints":{"allow":["GET"]}}],"collection":[{"href":"https:\/\/elinformativotam.com\/index.php\/wp-json\/wp\/v2\/posts"}],"about":[{"href":"https:\/\/elinformativotam.com\/index.php\/wp-json\/wp\/v2\/types\/post"}],"author":[{"embeddable":true,"href":"https:\/\/elinformativotam.com\/index.php\/wp-json\/wp\/v2\/users\/1"}],"replies":[{"embeddable":true,"href":"https:\/\/elinformativotam.com\/index.php\/wp-json\/wp\/v2\/comments?post=1531"}],"version-history":[{"count":0,"href":"https:\/\/elinformativotam.com\/index.php\/wp-json\/wp\/v2\/posts\/1531\/revisions"}],"wp:attachment":[{"href":"https:\/\/elinformativotam.com\/index.php\/wp-json\/wp\/v2\/media?parent=1531"}],"wp:term":[{"taxonomy":"category","embeddable":true,"href":"https:\/\/elinformativotam.com\/index.php\/wp-json\/wp\/v2\/categories?post=1531"},{"taxonomy":"post_tag","embeddable":true,"href":"https:\/\/elinformativotam.com\/index.php\/wp-json\/wp\/v2\/tags?post=1531"}],"curies":[{"name":"wp","href":"https:\/\/api.w.org\/{rel}","templated":true}]}}