{"id":1476,"date":"2020-01-07T07:00:32","date_gmt":"2020-01-07T13:00:32","guid":{"rendered":"http:\/\/elinformativotam.com\/?p=1476"},"modified":"2020-01-07T07:00:32","modified_gmt":"2020-01-07T13:00:32","slug":"anuncian-movilizacion-de-fuerzas-de-eu-en-irak-niegan-retirada","status":"publish","type":"post","link":"https:\/\/elinformativotam.com\/index.php\/2020\/01\/07\/anuncian-movilizacion-de-fuerzas-de-eu-en-irak-niegan-retirada\/","title":{"rendered":"ANUNCIAN MOVILIZACI\u00d3N DE FUERZAS DE EU EN IRAK; NIEGAN RETIRADA"},"content":{"rendered":"<h3><em><strong>*El Gobierno De Estados Unidos Env\u00edo Una Carta Al Ministerio De Defensa De Ir\u00e1n Anunciando La Movilizaci\u00f3n De Sus Tropas En Irak; Sin Embargo, Negaron Que Esto Se Tratara De Una Retirada.<\/strong><\/em><\/h3>\n<p>&nbsp;<\/p>\n<p>Este lunes, se hizo p\u00fablica la carta de Estados Unidos dando a conocer la movilizaci\u00f3n de sus tropas en Irak en &#8220;el transcurso de los pr\u00f3ximos d\u00edas y semanas&#8221;, sin especificar el fin de dicha movilizaci\u00f3n, explica la agencia EFE.<\/p>\n<p>&nbsp;<\/p>\n<p>\u201cEn debida deferencia a la soberan\u00eda de la Rep\u00fablica de Irak, y seg\u00fan lo solicitado por el Parlamento y el primer ministro iran\u00ed, la Coalici\u00f3n Internacional contra el Estado Isl\u00e1mico de Irak reubicar\u00e1 las fuerzas en el transcurso de los pr\u00f3ximos d\u00edas y semanas para prepararse para el desplazamiento posterior\u201d, se\u00f1al\u00f3 la misiva, difundida por medios estadounidenses.<\/p>\n<p>&nbsp;<\/p>\n<p>Esta decisi\u00f3n fue tomada en medio de la creciente tensi\u00f3n entre Ir\u00e1n y Estados Unidos luego del ataque a\u00e9reo que caus\u00f3 la muerte del general Qasem Soleimani y las posteriores manifestaciones de Ir\u00e1n como venganza ante el ataque.<\/p>\n<p><img loading=\"lazy\" decoding=\"async\" class=\"alignnone  wp-image-1478\" src=\"https:\/\/elinformativotam.com\/wp-content\/uploads\/2020\/01\/tropas-1-300x180.jpg\" alt=\"\" width=\"808\" height=\"485\" \/><\/p>\n<p><em><strong>Niegan Abandono de EU a Irak<\/strong><\/em><\/p>\n<p>Poco despu\u00e9s de darse a conocer el anuncio de la movilizaci\u00f3n de las tropas de Estados Unidos en Irak, el secretario de Defensa estadounidense, Mark Esper, ofreci\u00f3 una conferencia de prensa desde El Pent\u00e1gono.<\/p>\n<p>&nbsp;<\/p>\n<p>Ante los medios de comunicaci\u00f3n de Estados Unidos descart\u00f3 que las tropas fueran a abandonar Irak.<\/p>\n<p>&nbsp;<\/p>\n<p>&#8220;No ha ninguna decisi\u00f3n de abandonar Irak&#8221;, declar\u00f3, sin especificar si la movilizaci\u00f3n ser\u00eda o no un repliegue.<\/p>\n","protected":false},"excerpt":{"rendered":"<p>*El Gobierno De Estados Unidos Env\u00edo Una Carta Al Ministerio De Defensa De Ir\u00e1n Anunciando La Movilizaci\u00f3n De Sus Tropas&hellip;<\/p>\n","protected":false},"author":1,"featured_media":0,"comment_status":"open","ping_status":"open","sticky":false,"template":"","format":"standard","meta":{"footnotes":""},"categories":[9],"tags":[],"class_list":["post-1476","post","type-post","status-publish","format-standard","hentry","category-internacional"],"yoast_head":"<!-- This site is optimized with the Yoast SEO plugin v27.5 - https:\/\/yoast.com\/product\/yoast-seo-wordpress\/ -->\n<title>ANUNCIAN MOVILIZACI\u00d3N DE FUERZAS DE EU EN IRAK; NIEGAN RETIRADA - EL INFORMATIVO DE TAMAULIPAS<\/title>\n<meta name=\"description\" content=\"*El Gobierno De Estados Unidos Env\u00edo Una Carta Al Ministerio De Defensa De Ir\u00e1n Anunciando La Movilizaci\u00f3n De Sus Tropas En Irak; Sin Embargo, Negaron Que\" \/>\n<meta name=\"robots\" content=\"index, follow, max-snippet:-1, max-image-preview:large, max-video-preview:-1\" \/>\n<link rel=\"canonical\" href=\"https:\/\/elinformativotam.com\/index.php\/2020\/01\/07\/anuncian-movilizacion-de-fuerzas-de-eu-en-irak-niegan-retirada\/\" \/>\n<meta property=\"og:locale\" content=\"es_MX\" \/>\n<meta property=\"og:type\" content=\"article\" \/>\n<meta property=\"og:title\" content=\"ANUNCIAN MOVILIZACI\u00d3N DE FUERZAS DE EU EN IRAK; NIEGAN RETIRADA - EL INFORMATIVO DE TAMAULIPAS\" \/>\n<meta property=\"og:description\" content=\"*El Gobierno De Estados Unidos Env\u00edo Una Carta Al Ministerio De Defensa De Ir\u00e1n Anunciando La Movilizaci\u00f3n De Sus Tropas En Irak; Sin Embargo, Negaron Que\" \/>\n<meta property=\"og:url\" content=\"https:\/\/elinformativotam.com\/index.php\/2020\/01\/07\/anuncian-movilizacion-de-fuerzas-de-eu-en-irak-niegan-retirada\/\" \/>\n<meta property=\"og:site_name\" content=\"EL INFORMATIVO DE TAMAULIPAS\" \/>\n<meta property=\"article:published_time\" content=\"2020-01-07T13:00:32+00:00\" \/>\n<meta property=\"og:image\" content=\"http:\/\/elinformativotam.com\/wp-content\/uploads\/2020\/01\/tropas-1-300x180.jpg\" \/>\n<meta name=\"author\" content=\"El Informativo Tam\" \/>\n<meta name=\"twitter:card\" content=\"summary_large_image\" \/>\n<meta name=\"twitter:label1\" content=\"Escrito por\" \/>\n\t<meta name=\"twitter:data1\" content=\"El Informativo Tam\" \/>\n\t<meta name=\"twitter:label2\" content=\"Tiempo de lectura\" \/>\n\t<meta name=\"twitter:data2\" content=\"1 minuto\" \/>\n<script type=\"application\/ld+json\" class=\"yoast-schema-graph\">{\"@context\":\"https:\\\/\\\/schema.org\",\"@graph\":[{\"@type\":\"Article\",\"@id\":\"https:\\\/\\\/elinformativotam.com\\\/index.php\\\/2020\\\/01\\\/07\\\/anuncian-movilizacion-de-fuerzas-de-eu-en-irak-niegan-retirada\\\/#article\",\"isPartOf\":{\"@id\":\"https:\\\/\\\/elinformativotam.com\\\/index.php\\\/2020\\\/01\\\/07\\\/anuncian-movilizacion-de-fuerzas-de-eu-en-irak-niegan-retirada\\\/\"},\"author\":{\"name\":\"El Informativo Tam\",\"@id\":\"https:\\\/\\\/elinformativotam.com\\\/#\\\/schema\\\/person\\\/78e08040eed0f6110f0c5f83b6153590\"},\"headline\":\"ANUNCIAN MOVILIZACI\u00d3N DE FUERZAS DE EU EN IRAK; NIEGAN RETIRADA\",\"datePublished\":\"2020-01-07T13:00:32+00:00\",\"mainEntityOfPage\":{\"@id\":\"https:\\\/\\\/elinformativotam.com\\\/index.php\\\/2020\\\/01\\\/07\\\/anuncian-movilizacion-de-fuerzas-de-eu-en-irak-niegan-retirada\\\/\"},\"wordCount\":285,\"commentCount\":0,\"publisher\":{\"@id\":\"https:\\\/\\\/elinformativotam.com\\\/#organization\"},\"image\":{\"@id\":\"https:\\\/\\\/elinformativotam.com\\\/index.php\\\/2020\\\/01\\\/07\\\/anuncian-movilizacion-de-fuerzas-de-eu-en-irak-niegan-retirada\\\/#primaryimage\"},\"thumbnailUrl\":\"http:\\\/\\\/elinformativotam.com\\\/wp-content\\\/uploads\\\/2020\\\/01\\\/tropas-1-300x180.jpg\",\"articleSection\":[\"Internacional\"],\"inLanguage\":\"es\",\"potentialAction\":[{\"@type\":\"CommentAction\",\"name\":\"Comment\",\"target\":[\"https:\\\/\\\/elinformativotam.com\\\/index.php\\\/2020\\\/01\\\/07\\\/anuncian-movilizacion-de-fuerzas-de-eu-en-irak-niegan-retirada\\\/#respond\"]}]},{\"@type\":\"WebPage\",\"@id\":\"https:\\\/\\\/elinformativotam.com\\\/index.php\\\/2020\\\/01\\\/07\\\/anuncian-movilizacion-de-fuerzas-de-eu-en-irak-niegan-retirada\\\/\",\"url\":\"https:\\\/\\\/elinformativotam.com\\\/index.php\\\/2020\\\/01\\\/07\\\/anuncian-movilizacion-de-fuerzas-de-eu-en-irak-niegan-retirada\\\/\",\"name\":\"ANUNCIAN MOVILIZACI\u00d3N DE FUERZAS DE EU EN IRAK; NIEGAN RETIRADA - EL INFORMATIVO DE TAMAULIPAS\",\"isPartOf\":{\"@id\":\"https:\\\/\\\/elinformativotam.com\\\/#website\"},\"primaryImageOfPage\":{\"@id\":\"https:\\\/\\\/elinformativotam.com\\\/index.php\\\/2020\\\/01\\\/07\\\/anuncian-movilizacion-de-fuerzas-de-eu-en-irak-niegan-retirada\\\/#primaryimage\"},\"image\":{\"@id\":\"https:\\\/\\\/elinformativotam.com\\\/index.php\\\/2020\\\/01\\\/07\\\/anuncian-movilizacion-de-fuerzas-de-eu-en-irak-niegan-retirada\\\/#primaryimage\"},\"thumbnailUrl\":\"http:\\\/\\\/elinformativotam.com\\\/wp-content\\\/uploads\\\/2020\\\/01\\\/tropas-1-300x180.jpg\",\"datePublished\":\"2020-01-07T13:00:32+00:00\",\"description\":\"*El Gobierno De Estados Unidos Env\u00edo Una Carta Al Ministerio De Defensa De Ir\u00e1n Anunciando La Movilizaci\u00f3n De Sus Tropas En Irak; Sin Embargo, Negaron Que\",\"inLanguage\":\"es\",\"potentialAction\":[{\"@type\":\"ReadAction\",\"target\":[\"https:\\\/\\\/elinformativotam.com\\\/index.php\\\/2020\\\/01\\\/07\\\/anuncian-movilizacion-de-fuerzas-de-eu-en-irak-niegan-retirada\\\/\"]}]},{\"@type\":\"ImageObject\",\"inLanguage\":\"es\",\"@id\":\"https:\\\/\\\/elinformativotam.com\\\/index.php\\\/2020\\\/01\\\/07\\\/anuncian-movilizacion-de-fuerzas-de-eu-en-irak-niegan-retirada\\\/#primaryimage\",\"url\":\"http:\\\/\\\/elinformativotam.com\\\/wp-content\\\/uploads\\\/2020\\\/01\\\/tropas-1-300x180.jpg\",\"contentUrl\":\"http:\\\/\\\/elinformativotam.com\\\/wp-content\\\/uploads\\\/2020\\\/01\\\/tropas-1-300x180.jpg\"},{\"@type\":\"WebSite\",\"@id\":\"https:\\\/\\\/elinformativotam.com\\\/#website\",\"url\":\"https:\\\/\\\/elinformativotam.com\\\/\",\"name\":\"EL INFORMATIVO DE TAMAULIPAS\",\"description\":\"Desde la Zona Metropolitana Para Todo M\u00e9xico\",\"publisher\":{\"@id\":\"https:\\\/\\\/elinformativotam.com\\\/#organization\"},\"potentialAction\":[{\"@type\":\"SearchAction\",\"target\":{\"@type\":\"EntryPoint\",\"urlTemplate\":\"https:\\\/\\\/elinformativotam.com\\\/?s={search_term_string}\"},\"query-input\":{\"@type\":\"PropertyValueSpecification\",\"valueRequired\":true,\"valueName\":\"search_term_string\"}}],\"inLanguage\":\"es\"},{\"@type\":\"Organization\",\"@id\":\"https:\\\/\\\/elinformativotam.com\\\/#organization\",\"name\":\"EL INFORMATIVO DE TAMAULIPAS\",\"url\":\"https:\\\/\\\/elinformativotam.com\\\/\",\"logo\":{\"@type\":\"ImageObject\",\"inLanguage\":\"es\",\"@id\":\"https:\\\/\\\/elinformativotam.com\\\/#\\\/schema\\\/logo\\\/image\\\/\",\"url\":\"https:\\\/\\\/elinformativotam.com\\\/wp-content\\\/uploads\\\/2026\\\/02\\\/Cabezal.png\",\"contentUrl\":\"https:\\\/\\\/elinformativotam.com\\\/wp-content\\\/uploads\\\/2026\\\/02\\\/Cabezal.png\",\"width\":960,\"height\":640,\"caption\":\"EL INFORMATIVO DE TAMAULIPAS\"},\"image\":{\"@id\":\"https:\\\/\\\/elinformativotam.com\\\/#\\\/schema\\\/logo\\\/image\\\/\"}},{\"@type\":\"Person\",\"@id\":\"https:\\\/\\\/elinformativotam.com\\\/#\\\/schema\\\/person\\\/78e08040eed0f6110f0c5f83b6153590\",\"name\":\"El Informativo Tam\",\"image\":{\"@type\":\"ImageObject\",\"inLanguage\":\"es\",\"@id\":\"https:\\\/\\\/secure.gravatar.com\\\/avatar\\\/f3b7ad3af540688955925ac610647be00b0cf41feea9c4978b73a707ee86bc53?s=96&d=mm&r=g\",\"url\":\"https:\\\/\\\/secure.gravatar.com\\\/avatar\\\/f3b7ad3af540688955925ac610647be00b0cf41feea9c4978b73a707ee86bc53?s=96&d=mm&r=g\",\"contentUrl\":\"https:\\\/\\\/secure.gravatar.com\\\/avatar\\\/f3b7ad3af540688955925ac610647be00b0cf41feea9c4978b73a707ee86bc53?s=96&d=mm&r=g\",\"caption\":\"El Informativo Tam\"}}]}<\/script>\n<!-- \/ Yoast SEO plugin. -->","yoast_head_json":{"title":"ANUNCIAN MOVILIZACI\u00d3N DE FUERZAS DE EU EN IRAK; NIEGAN RETIRADA - EL INFORMATIVO DE TAMAULIPAS","description":"*El Gobierno De Estados Unidos Env\u00edo Una Carta Al Ministerio De Defensa De Ir\u00e1n Anunciando La Movilizaci\u00f3n De Sus Tropas En Irak; Sin Embargo, Negaron Que","robots":{"index":"index","follow":"follow","max-snippet":"max-snippet:-1","max-image-preview":"max-image-preview:large","max-video-preview":"max-video-preview:-1"},"canonical":"https:\/\/elinformativotam.com\/index.php\/2020\/01\/07\/anuncian-movilizacion-de-fuerzas-de-eu-en-irak-niegan-retirada\/","og_locale":"es_MX","og_type":"article","og_title":"ANUNCIAN MOVILIZACI\u00d3N DE FUERZAS DE EU EN IRAK; NIEGAN RETIRADA - EL INFORMATIVO DE TAMAULIPAS","og_description":"*El Gobierno De Estados Unidos Env\u00edo Una Carta Al Ministerio De Defensa De Ir\u00e1n Anunciando La Movilizaci\u00f3n De Sus Tropas En Irak; Sin Embargo, Negaron Que","og_url":"https:\/\/elinformativotam.com\/index.php\/2020\/01\/07\/anuncian-movilizacion-de-fuerzas-de-eu-en-irak-niegan-retirada\/","og_site_name":"EL INFORMATIVO DE TAMAULIPAS","article_published_time":"2020-01-07T13:00:32+00:00","og_image":[{"url":"http:\/\/elinformativotam.com\/wp-content\/uploads\/2020\/01\/tropas-1-300x180.jpg","type":"","width":"","height":""}],"author":"El Informativo Tam","twitter_card":"summary_large_image","twitter_misc":{"Escrito por":"El Informativo Tam","Tiempo de lectura":"1 minuto"},"schema":{"@context":"https:\/\/schema.org","@graph":[{"@type":"Article","@id":"https:\/\/elinformativotam.com\/index.php\/2020\/01\/07\/anuncian-movilizacion-de-fuerzas-de-eu-en-irak-niegan-retirada\/#article","isPartOf":{"@id":"https:\/\/elinformativotam.com\/index.php\/2020\/01\/07\/anuncian-movilizacion-de-fuerzas-de-eu-en-irak-niegan-retirada\/"},"author":{"name":"El Informativo Tam","@id":"https:\/\/elinformativotam.com\/#\/schema\/person\/78e08040eed0f6110f0c5f83b6153590"},"headline":"ANUNCIAN MOVILIZACI\u00d3N DE FUERZAS DE EU EN IRAK; NIEGAN RETIRADA","datePublished":"2020-01-07T13:00:32+00:00","mainEntityOfPage":{"@id":"https:\/\/elinformativotam.com\/index.php\/2020\/01\/07\/anuncian-movilizacion-de-fuerzas-de-eu-en-irak-niegan-retirada\/"},"wordCount":285,"commentCount":0,"publisher":{"@id":"https:\/\/elinformativotam.com\/#organization"},"image":{"@id":"https:\/\/elinformativotam.com\/index.php\/2020\/01\/07\/anuncian-movilizacion-de-fuerzas-de-eu-en-irak-niegan-retirada\/#primaryimage"},"thumbnailUrl":"http:\/\/elinformativotam.com\/wp-content\/uploads\/2020\/01\/tropas-1-300x180.jpg","articleSection":["Internacional"],"inLanguage":"es","potentialAction":[{"@type":"CommentAction","name":"Comment","target":["https:\/\/elinformativotam.com\/index.php\/2020\/01\/07\/anuncian-movilizacion-de-fuerzas-de-eu-en-irak-niegan-retirada\/#respond"]}]},{"@type":"WebPage","@id":"https:\/\/elinformativotam.com\/index.php\/2020\/01\/07\/anuncian-movilizacion-de-fuerzas-de-eu-en-irak-niegan-retirada\/","url":"https:\/\/elinformativotam.com\/index.php\/2020\/01\/07\/anuncian-movilizacion-de-fuerzas-de-eu-en-irak-niegan-retirada\/","name":"ANUNCIAN MOVILIZACI\u00d3N DE FUERZAS DE EU EN IRAK; NIEGAN RETIRADA - EL INFORMATIVO DE TAMAULIPAS","isPartOf":{"@id":"https:\/\/elinformativotam.com\/#website"},"primaryImageOfPage":{"@id":"https:\/\/elinformativotam.com\/index.php\/2020\/01\/07\/anuncian-movilizacion-de-fuerzas-de-eu-en-irak-niegan-retirada\/#primaryimage"},"image":{"@id":"https:\/\/elinformativotam.com\/index.php\/2020\/01\/07\/anuncian-movilizacion-de-fuerzas-de-eu-en-irak-niegan-retirada\/#primaryimage"},"thumbnailUrl":"http:\/\/elinformativotam.com\/wp-content\/uploads\/2020\/01\/tropas-1-300x180.jpg","datePublished":"2020-01-07T13:00:32+00:00","description":"*El Gobierno De Estados Unidos Env\u00edo Una Carta Al Ministerio De Defensa De Ir\u00e1n Anunciando La Movilizaci\u00f3n De Sus Tropas En Irak; Sin Embargo, Negaron Que","inLanguage":"es","potentialAction":[{"@type":"ReadAction","target":["https:\/\/elinformativotam.com\/index.php\/2020\/01\/07\/anuncian-movilizacion-de-fuerzas-de-eu-en-irak-niegan-retirada\/"]}]},{"@type":"ImageObject","inLanguage":"es","@id":"https:\/\/elinformativotam.com\/index.php\/2020\/01\/07\/anuncian-movilizacion-de-fuerzas-de-eu-en-irak-niegan-retirada\/#primaryimage","url":"http:\/\/elinformativotam.com\/wp-content\/uploads\/2020\/01\/tropas-1-300x180.jpg","contentUrl":"http:\/\/elinformativotam.com\/wp-content\/uploads\/2020\/01\/tropas-1-300x180.jpg"},{"@type":"WebSite","@id":"https:\/\/elinformativotam.com\/#website","url":"https:\/\/elinformativotam.com\/","name":"EL INFORMATIVO DE TAMAULIPAS","description":"Desde la Zona Metropolitana Para Todo M\u00e9xico","publisher":{"@id":"https:\/\/elinformativotam.com\/#organization"},"potentialAction":[{"@type":"SearchAction","target":{"@type":"EntryPoint","urlTemplate":"https:\/\/elinformativotam.com\/?s={search_term_string}"},"query-input":{"@type":"PropertyValueSpecification","valueRequired":true,"valueName":"search_term_string"}}],"inLanguage":"es"},{"@type":"Organization","@id":"https:\/\/elinformativotam.com\/#organization","name":"EL INFORMATIVO DE TAMAULIPAS","url":"https:\/\/elinformativotam.com\/","logo":{"@type":"ImageObject","inLanguage":"es","@id":"https:\/\/elinformativotam.com\/#\/schema\/logo\/image\/","url":"https:\/\/elinformativotam.com\/wp-content\/uploads\/2026\/02\/Cabezal.png","contentUrl":"https:\/\/elinformativotam.com\/wp-content\/uploads\/2026\/02\/Cabezal.png","width":960,"height":640,"caption":"EL INFORMATIVO DE TAMAULIPAS"},"image":{"@id":"https:\/\/elinformativotam.com\/#\/schema\/logo\/image\/"}},{"@type":"Person","@id":"https:\/\/elinformativotam.com\/#\/schema\/person\/78e08040eed0f6110f0c5f83b6153590","name":"El Informativo Tam","image":{"@type":"ImageObject","inLanguage":"es","@id":"https:\/\/secure.gravatar.com\/avatar\/f3b7ad3af540688955925ac610647be00b0cf41feea9c4978b73a707ee86bc53?s=96&d=mm&r=g","url":"https:\/\/secure.gravatar.com\/avatar\/f3b7ad3af540688955925ac610647be00b0cf41feea9c4978b73a707ee86bc53?s=96&d=mm&r=g","contentUrl":"https:\/\/secure.gravatar.com\/avatar\/f3b7ad3af540688955925ac610647be00b0cf41feea9c4978b73a707ee86bc53?s=96&d=mm&r=g","caption":"El Informativo Tam"}}]}},"_links":{"self":[{"href":"https:\/\/elinformativotam.com\/index.php\/wp-json\/wp\/v2\/posts\/1476","targetHints":{"allow":["GET"]}}],"collection":[{"href":"https:\/\/elinformativotam.com\/index.php\/wp-json\/wp\/v2\/posts"}],"about":[{"href":"https:\/\/elinformativotam.com\/index.php\/wp-json\/wp\/v2\/types\/post"}],"author":[{"embeddable":true,"href":"https:\/\/elinformativotam.com\/index.php\/wp-json\/wp\/v2\/users\/1"}],"replies":[{"embeddable":true,"href":"https:\/\/elinformativotam.com\/index.php\/wp-json\/wp\/v2\/comments?post=1476"}],"version-history":[{"count":0,"href":"https:\/\/elinformativotam.com\/index.php\/wp-json\/wp\/v2\/posts\/1476\/revisions"}],"wp:attachment":[{"href":"https:\/\/elinformativotam.com\/index.php\/wp-json\/wp\/v2\/media?parent=1476"}],"wp:term":[{"taxonomy":"category","embeddable":true,"href":"https:\/\/elinformativotam.com\/index.php\/wp-json\/wp\/v2\/categories?post=1476"},{"taxonomy":"post_tag","embeddable":true,"href":"https:\/\/elinformativotam.com\/index.php\/wp-json\/wp\/v2\/tags?post=1476"}],"curies":[{"name":"wp","href":"https:\/\/api.w.org\/{rel}","templated":true}]}}