{"id":1447,"date":"2020-01-06T07:27:31","date_gmt":"2020-01-06T13:27:31","guid":{"rendered":"http:\/\/elinformativotam.com\/?p=1447"},"modified":"2020-01-06T07:27:31","modified_gmt":"2020-01-06T13:27:31","slug":"miles-de-familias-tampiquenas-disfrutaron-un-espectacular-dia-de-reyes","status":"publish","type":"post","link":"https:\/\/elinformativotam.com\/index.php\/2020\/01\/06\/miles-de-familias-tampiquenas-disfrutaron-un-espectacular-dia-de-reyes\/","title":{"rendered":"MILES DE FAMILIAS TAMPIQUE\u00d1AS DISFRUTARON UN ESPECTACULAR D\u00cdA DE REYES"},"content":{"rendered":"<h3><em><strong>*Chucho Nader Y A\u00edda F\u00e9res De Nader Brindaron Alegr\u00eda A Las Ni\u00f1as Y Ni\u00f1os Con Este Tradicional Festejo<\/strong><\/em><\/h3>\n<p>&nbsp;<\/p>\n<p>En un plet\u00f3rico Auditorio Municipal, miles de familias tampique\u00f1as disfrutaron, la ma\u00f1ana de este domingo, el Festival de D\u00eda de Reyes organizado por el Sistema DIF Tampico y el Gobierno Municipal.<\/p>\n<p>&nbsp;<\/p>\n<p>La espectacular celebraci\u00f3n fue encabezada por el Presidente Municipal Chucho Nader y su esposa, A\u00edda F\u00e9res de Nader, Presidenta del Sistema para el Desarrollo Integral de la Familia, quienes sorprendieron a los miles de chiquitines con una infinidad de regalos entre bicicletas, triciclos, scooters, mu\u00f1ecas y balones; dibujando felicidad en el rostro de los infantes.<\/p>\n<p>&nbsp;<\/p>\n<p>El complemento musical de este tradicional festejo, estuvo a cargo de \u201cTempus Quartet\u201d y el show infantil de \u201cOrata la Loka\u201d, que brindaron entretenimiento y diversi\u00f3n a todos los asistentes, en especial a las ni\u00f1as y ni\u00f1os.<\/p>\n<p>&nbsp;<\/p>\n<p>En su mensaje, la Presidenta del sistema DIF, A\u00edda F\u00e9res de Nader dese\u00f3 que el 2020 sea un a\u00f1o de armon\u00eda en los hogares y que las familias se mantengan unidas.<\/p>\n<p>&nbsp;<\/p>\n<p>\u201cDIF somos todos y queremos que las familias tampique\u00f1as sigan estando unidas; que ese amor y esa armon\u00eda que nos brind\u00f3 el esp\u00edritu en Navidad siga estando en sus corazones. Para nosotros es muy importante la integraci\u00f3n de las familias, por eso les traemos este espect\u00e1culo, para que se diviertan, canten, bailen, y disfruten este d\u00eda tan especial\u201d, dijo.<\/p>\n<p><img loading=\"lazy\" decoding=\"async\" class=\"alignnone  wp-image-1449\" src=\"https:\/\/elinformativotam.com\/wp-content\/uploads\/2020\/01\/nader-300x200.jpg\" alt=\"\" width=\"758\" height=\"505\" \/><\/p>\n<p>Agradeci\u00f3 adem\u00e1s a empresarios, servidores p\u00fablicos y personas de buen coraz\u00f3n que coadyuvaron para que el n\u00famero de regalos superara los trescientos.<\/p>\n<p>&nbsp;<\/p>\n<p>Por su parte, Chucho Nader reconoci\u00f3 la labor del organismo social por generar entornos de convivencia e integraci\u00f3n familiar a trav\u00e9s de la preservaci\u00f3n de la cultura y las tradiciones.<\/p>\n<p>&nbsp;<\/p>\n<p>\u201cEl d\u00eda de hoy el Sistema DIF Tampico que representa mi esposa A\u00edda, ha hecho un gran esfuerzo, una gran labor de organizar este evento para que ustedes la pasen contentos y felices; muchas gracias por estar aqu\u00ed, y les deseamos un feliz a\u00f1o 2020; que sea de grandes \u00e9xitos, alegr\u00eda, y sobre todo mucha salud, paz y bendiciones para todos ustedes\u201d, expres\u00f3.<\/p>\n<p>&nbsp;<\/p>\n<p>Las ni\u00f1as y ni\u00f1os asistentes, que recibieron su correspondiente bolsita de golosinas, disfrutaron el show musical, donde tuvieron la oportunidad de cantar, bailar y divertirse.<\/p>\n<p>&nbsp;<\/p>\n","protected":false},"excerpt":{"rendered":"<p>*Chucho Nader Y A\u00edda F\u00e9res De Nader Brindaron Alegr\u00eda A Las Ni\u00f1as Y Ni\u00f1os Con Este Tradicional Festejo &nbsp; En&hellip;<\/p>\n","protected":false},"author":1,"featured_media":0,"comment_status":"open","ping_status":"open","sticky":false,"template":"","format":"standard","meta":{"footnotes":""},"categories":[3],"tags":[],"class_list":["post-1447","post","type-post","status-publish","format-standard","hentry","category-tampico"],"yoast_head":"<!-- This site is optimized with the Yoast SEO plugin v27.5 - https:\/\/yoast.com\/product\/yoast-seo-wordpress\/ -->\n<title>MILES DE FAMILIAS TAMPIQUE\u00d1AS DISFRUTARON UN ESPECTACULAR D\u00cdA DE REYES - EL INFORMATIVO DE TAMAULIPAS<\/title>\n<meta name=\"description\" content=\"*Chucho Nader Y A\u00edda F\u00e9res De Nader Brindaron Alegr\u00eda A Las Ni\u00f1as Y Ni\u00f1os Con Este Tradicional Festejo &nbsp; En un plet\u00f3rico Auditorio Municipal, miles\" \/>\n<meta name=\"robots\" content=\"index, follow, max-snippet:-1, max-image-preview:large, max-video-preview:-1\" \/>\n<link rel=\"canonical\" href=\"https:\/\/elinformativotam.com\/index.php\/2020\/01\/06\/miles-de-familias-tampiquenas-disfrutaron-un-espectacular-dia-de-reyes\/\" \/>\n<meta property=\"og:locale\" content=\"es_MX\" \/>\n<meta property=\"og:type\" content=\"article\" \/>\n<meta property=\"og:title\" content=\"MILES DE FAMILIAS TAMPIQUE\u00d1AS DISFRUTARON UN ESPECTACULAR D\u00cdA DE REYES - EL INFORMATIVO DE TAMAULIPAS\" \/>\n<meta property=\"og:description\" content=\"*Chucho Nader Y A\u00edda F\u00e9res De Nader Brindaron Alegr\u00eda A Las Ni\u00f1as Y Ni\u00f1os Con Este Tradicional Festejo &nbsp; En un plet\u00f3rico Auditorio Municipal, miles\" \/>\n<meta property=\"og:url\" content=\"https:\/\/elinformativotam.com\/index.php\/2020\/01\/06\/miles-de-familias-tampiquenas-disfrutaron-un-espectacular-dia-de-reyes\/\" \/>\n<meta property=\"og:site_name\" content=\"EL INFORMATIVO DE TAMAULIPAS\" \/>\n<meta property=\"article:published_time\" content=\"2020-01-06T13:27:31+00:00\" \/>\n<meta property=\"og:image\" content=\"http:\/\/elinformativotam.com\/wp-content\/uploads\/2020\/01\/nader-300x200.jpg\" \/>\n<meta name=\"author\" content=\"El Informativo Tam\" \/>\n<meta name=\"twitter:card\" content=\"summary_large_image\" \/>\n<meta name=\"twitter:label1\" content=\"Escrito por\" \/>\n\t<meta name=\"twitter:data1\" content=\"El Informativo Tam\" \/>\n\t<meta name=\"twitter:label2\" content=\"Tiempo de lectura\" \/>\n\t<meta name=\"twitter:data2\" content=\"2 minutos\" \/>\n<script type=\"application\/ld+json\" class=\"yoast-schema-graph\">{\"@context\":\"https:\\\/\\\/schema.org\",\"@graph\":[{\"@type\":\"Article\",\"@id\":\"https:\\\/\\\/elinformativotam.com\\\/index.php\\\/2020\\\/01\\\/06\\\/miles-de-familias-tampiquenas-disfrutaron-un-espectacular-dia-de-reyes\\\/#article\",\"isPartOf\":{\"@id\":\"https:\\\/\\\/elinformativotam.com\\\/index.php\\\/2020\\\/01\\\/06\\\/miles-de-familias-tampiquenas-disfrutaron-un-espectacular-dia-de-reyes\\\/\"},\"author\":{\"name\":\"El Informativo Tam\",\"@id\":\"https:\\\/\\\/elinformativotam.com\\\/#\\\/schema\\\/person\\\/78e08040eed0f6110f0c5f83b6153590\"},\"headline\":\"MILES DE FAMILIAS TAMPIQUE\u00d1AS DISFRUTARON UN ESPECTACULAR D\u00cdA DE REYES\",\"datePublished\":\"2020-01-06T13:27:31+00:00\",\"mainEntityOfPage\":{\"@id\":\"https:\\\/\\\/elinformativotam.com\\\/index.php\\\/2020\\\/01\\\/06\\\/miles-de-familias-tampiquenas-disfrutaron-un-espectacular-dia-de-reyes\\\/\"},\"wordCount\":429,\"commentCount\":0,\"publisher\":{\"@id\":\"https:\\\/\\\/elinformativotam.com\\\/#organization\"},\"image\":{\"@id\":\"https:\\\/\\\/elinformativotam.com\\\/index.php\\\/2020\\\/01\\\/06\\\/miles-de-familias-tampiquenas-disfrutaron-un-espectacular-dia-de-reyes\\\/#primaryimage\"},\"thumbnailUrl\":\"http:\\\/\\\/elinformativotam.com\\\/wp-content\\\/uploads\\\/2020\\\/01\\\/nader-300x200.jpg\",\"articleSection\":[\"Tampico\"],\"inLanguage\":\"es\",\"potentialAction\":[{\"@type\":\"CommentAction\",\"name\":\"Comment\",\"target\":[\"https:\\\/\\\/elinformativotam.com\\\/index.php\\\/2020\\\/01\\\/06\\\/miles-de-familias-tampiquenas-disfrutaron-un-espectacular-dia-de-reyes\\\/#respond\"]}]},{\"@type\":\"WebPage\",\"@id\":\"https:\\\/\\\/elinformativotam.com\\\/index.php\\\/2020\\\/01\\\/06\\\/miles-de-familias-tampiquenas-disfrutaron-un-espectacular-dia-de-reyes\\\/\",\"url\":\"https:\\\/\\\/elinformativotam.com\\\/index.php\\\/2020\\\/01\\\/06\\\/miles-de-familias-tampiquenas-disfrutaron-un-espectacular-dia-de-reyes\\\/\",\"name\":\"MILES DE FAMILIAS TAMPIQUE\u00d1AS DISFRUTARON UN ESPECTACULAR D\u00cdA DE REYES - EL INFORMATIVO DE TAMAULIPAS\",\"isPartOf\":{\"@id\":\"https:\\\/\\\/elinformativotam.com\\\/#website\"},\"primaryImageOfPage\":{\"@id\":\"https:\\\/\\\/elinformativotam.com\\\/index.php\\\/2020\\\/01\\\/06\\\/miles-de-familias-tampiquenas-disfrutaron-un-espectacular-dia-de-reyes\\\/#primaryimage\"},\"image\":{\"@id\":\"https:\\\/\\\/elinformativotam.com\\\/index.php\\\/2020\\\/01\\\/06\\\/miles-de-familias-tampiquenas-disfrutaron-un-espectacular-dia-de-reyes\\\/#primaryimage\"},\"thumbnailUrl\":\"http:\\\/\\\/elinformativotam.com\\\/wp-content\\\/uploads\\\/2020\\\/01\\\/nader-300x200.jpg\",\"datePublished\":\"2020-01-06T13:27:31+00:00\",\"description\":\"*Chucho Nader Y A\u00edda F\u00e9res De Nader Brindaron Alegr\u00eda A Las Ni\u00f1as Y Ni\u00f1os Con Este Tradicional Festejo &nbsp; En un plet\u00f3rico Auditorio Municipal, miles\",\"inLanguage\":\"es\",\"potentialAction\":[{\"@type\":\"ReadAction\",\"target\":[\"https:\\\/\\\/elinformativotam.com\\\/index.php\\\/2020\\\/01\\\/06\\\/miles-de-familias-tampiquenas-disfrutaron-un-espectacular-dia-de-reyes\\\/\"]}]},{\"@type\":\"ImageObject\",\"inLanguage\":\"es\",\"@id\":\"https:\\\/\\\/elinformativotam.com\\\/index.php\\\/2020\\\/01\\\/06\\\/miles-de-familias-tampiquenas-disfrutaron-un-espectacular-dia-de-reyes\\\/#primaryimage\",\"url\":\"http:\\\/\\\/elinformativotam.com\\\/wp-content\\\/uploads\\\/2020\\\/01\\\/nader-300x200.jpg\",\"contentUrl\":\"http:\\\/\\\/elinformativotam.com\\\/wp-content\\\/uploads\\\/2020\\\/01\\\/nader-300x200.jpg\"},{\"@type\":\"WebSite\",\"@id\":\"https:\\\/\\\/elinformativotam.com\\\/#website\",\"url\":\"https:\\\/\\\/elinformativotam.com\\\/\",\"name\":\"EL INFORMATIVO DE TAMAULIPAS\",\"description\":\"Desde la Zona Metropolitana Para Todo M\u00e9xico\",\"publisher\":{\"@id\":\"https:\\\/\\\/elinformativotam.com\\\/#organization\"},\"potentialAction\":[{\"@type\":\"SearchAction\",\"target\":{\"@type\":\"EntryPoint\",\"urlTemplate\":\"https:\\\/\\\/elinformativotam.com\\\/?s={search_term_string}\"},\"query-input\":{\"@type\":\"PropertyValueSpecification\",\"valueRequired\":true,\"valueName\":\"search_term_string\"}}],\"inLanguage\":\"es\"},{\"@type\":\"Organization\",\"@id\":\"https:\\\/\\\/elinformativotam.com\\\/#organization\",\"name\":\"EL INFORMATIVO DE TAMAULIPAS\",\"url\":\"https:\\\/\\\/elinformativotam.com\\\/\",\"logo\":{\"@type\":\"ImageObject\",\"inLanguage\":\"es\",\"@id\":\"https:\\\/\\\/elinformativotam.com\\\/#\\\/schema\\\/logo\\\/image\\\/\",\"url\":\"https:\\\/\\\/elinformativotam.com\\\/wp-content\\\/uploads\\\/2026\\\/02\\\/Cabezal.png\",\"contentUrl\":\"https:\\\/\\\/elinformativotam.com\\\/wp-content\\\/uploads\\\/2026\\\/02\\\/Cabezal.png\",\"width\":960,\"height\":640,\"caption\":\"EL INFORMATIVO DE TAMAULIPAS\"},\"image\":{\"@id\":\"https:\\\/\\\/elinformativotam.com\\\/#\\\/schema\\\/logo\\\/image\\\/\"}},{\"@type\":\"Person\",\"@id\":\"https:\\\/\\\/elinformativotam.com\\\/#\\\/schema\\\/person\\\/78e08040eed0f6110f0c5f83b6153590\",\"name\":\"El Informativo Tam\",\"image\":{\"@type\":\"ImageObject\",\"inLanguage\":\"es\",\"@id\":\"https:\\\/\\\/secure.gravatar.com\\\/avatar\\\/f3b7ad3af540688955925ac610647be00b0cf41feea9c4978b73a707ee86bc53?s=96&d=mm&r=g\",\"url\":\"https:\\\/\\\/secure.gravatar.com\\\/avatar\\\/f3b7ad3af540688955925ac610647be00b0cf41feea9c4978b73a707ee86bc53?s=96&d=mm&r=g\",\"contentUrl\":\"https:\\\/\\\/secure.gravatar.com\\\/avatar\\\/f3b7ad3af540688955925ac610647be00b0cf41feea9c4978b73a707ee86bc53?s=96&d=mm&r=g\",\"caption\":\"El Informativo Tam\"}}]}<\/script>\n<!-- \/ Yoast SEO plugin. -->","yoast_head_json":{"title":"MILES DE FAMILIAS TAMPIQUE\u00d1AS DISFRUTARON UN ESPECTACULAR D\u00cdA DE REYES - EL INFORMATIVO DE TAMAULIPAS","description":"*Chucho Nader Y A\u00edda F\u00e9res De Nader Brindaron Alegr\u00eda A Las Ni\u00f1as Y Ni\u00f1os Con Este Tradicional Festejo &nbsp; En un plet\u00f3rico Auditorio Municipal, miles","robots":{"index":"index","follow":"follow","max-snippet":"max-snippet:-1","max-image-preview":"max-image-preview:large","max-video-preview":"max-video-preview:-1"},"canonical":"https:\/\/elinformativotam.com\/index.php\/2020\/01\/06\/miles-de-familias-tampiquenas-disfrutaron-un-espectacular-dia-de-reyes\/","og_locale":"es_MX","og_type":"article","og_title":"MILES DE FAMILIAS TAMPIQUE\u00d1AS DISFRUTARON UN ESPECTACULAR D\u00cdA DE REYES - EL INFORMATIVO DE TAMAULIPAS","og_description":"*Chucho Nader Y A\u00edda F\u00e9res De Nader Brindaron Alegr\u00eda A Las Ni\u00f1as Y Ni\u00f1os Con Este Tradicional Festejo &nbsp; En un plet\u00f3rico Auditorio Municipal, miles","og_url":"https:\/\/elinformativotam.com\/index.php\/2020\/01\/06\/miles-de-familias-tampiquenas-disfrutaron-un-espectacular-dia-de-reyes\/","og_site_name":"EL INFORMATIVO DE TAMAULIPAS","article_published_time":"2020-01-06T13:27:31+00:00","og_image":[{"url":"http:\/\/elinformativotam.com\/wp-content\/uploads\/2020\/01\/nader-300x200.jpg","type":"","width":"","height":""}],"author":"El Informativo Tam","twitter_card":"summary_large_image","twitter_misc":{"Escrito por":"El Informativo Tam","Tiempo de lectura":"2 minutos"},"schema":{"@context":"https:\/\/schema.org","@graph":[{"@type":"Article","@id":"https:\/\/elinformativotam.com\/index.php\/2020\/01\/06\/miles-de-familias-tampiquenas-disfrutaron-un-espectacular-dia-de-reyes\/#article","isPartOf":{"@id":"https:\/\/elinformativotam.com\/index.php\/2020\/01\/06\/miles-de-familias-tampiquenas-disfrutaron-un-espectacular-dia-de-reyes\/"},"author":{"name":"El Informativo Tam","@id":"https:\/\/elinformativotam.com\/#\/schema\/person\/78e08040eed0f6110f0c5f83b6153590"},"headline":"MILES DE FAMILIAS TAMPIQUE\u00d1AS DISFRUTARON UN ESPECTACULAR D\u00cdA DE REYES","datePublished":"2020-01-06T13:27:31+00:00","mainEntityOfPage":{"@id":"https:\/\/elinformativotam.com\/index.php\/2020\/01\/06\/miles-de-familias-tampiquenas-disfrutaron-un-espectacular-dia-de-reyes\/"},"wordCount":429,"commentCount":0,"publisher":{"@id":"https:\/\/elinformativotam.com\/#organization"},"image":{"@id":"https:\/\/elinformativotam.com\/index.php\/2020\/01\/06\/miles-de-familias-tampiquenas-disfrutaron-un-espectacular-dia-de-reyes\/#primaryimage"},"thumbnailUrl":"http:\/\/elinformativotam.com\/wp-content\/uploads\/2020\/01\/nader-300x200.jpg","articleSection":["Tampico"],"inLanguage":"es","potentialAction":[{"@type":"CommentAction","name":"Comment","target":["https:\/\/elinformativotam.com\/index.php\/2020\/01\/06\/miles-de-familias-tampiquenas-disfrutaron-un-espectacular-dia-de-reyes\/#respond"]}]},{"@type":"WebPage","@id":"https:\/\/elinformativotam.com\/index.php\/2020\/01\/06\/miles-de-familias-tampiquenas-disfrutaron-un-espectacular-dia-de-reyes\/","url":"https:\/\/elinformativotam.com\/index.php\/2020\/01\/06\/miles-de-familias-tampiquenas-disfrutaron-un-espectacular-dia-de-reyes\/","name":"MILES DE FAMILIAS TAMPIQUE\u00d1AS DISFRUTARON UN ESPECTACULAR D\u00cdA DE REYES - EL INFORMATIVO DE TAMAULIPAS","isPartOf":{"@id":"https:\/\/elinformativotam.com\/#website"},"primaryImageOfPage":{"@id":"https:\/\/elinformativotam.com\/index.php\/2020\/01\/06\/miles-de-familias-tampiquenas-disfrutaron-un-espectacular-dia-de-reyes\/#primaryimage"},"image":{"@id":"https:\/\/elinformativotam.com\/index.php\/2020\/01\/06\/miles-de-familias-tampiquenas-disfrutaron-un-espectacular-dia-de-reyes\/#primaryimage"},"thumbnailUrl":"http:\/\/elinformativotam.com\/wp-content\/uploads\/2020\/01\/nader-300x200.jpg","datePublished":"2020-01-06T13:27:31+00:00","description":"*Chucho Nader Y A\u00edda F\u00e9res De Nader Brindaron Alegr\u00eda A Las Ni\u00f1as Y Ni\u00f1os Con Este Tradicional Festejo &nbsp; En un plet\u00f3rico Auditorio Municipal, miles","inLanguage":"es","potentialAction":[{"@type":"ReadAction","target":["https:\/\/elinformativotam.com\/index.php\/2020\/01\/06\/miles-de-familias-tampiquenas-disfrutaron-un-espectacular-dia-de-reyes\/"]}]},{"@type":"ImageObject","inLanguage":"es","@id":"https:\/\/elinformativotam.com\/index.php\/2020\/01\/06\/miles-de-familias-tampiquenas-disfrutaron-un-espectacular-dia-de-reyes\/#primaryimage","url":"http:\/\/elinformativotam.com\/wp-content\/uploads\/2020\/01\/nader-300x200.jpg","contentUrl":"http:\/\/elinformativotam.com\/wp-content\/uploads\/2020\/01\/nader-300x200.jpg"},{"@type":"WebSite","@id":"https:\/\/elinformativotam.com\/#website","url":"https:\/\/elinformativotam.com\/","name":"EL INFORMATIVO DE TAMAULIPAS","description":"Desde la Zona Metropolitana Para Todo M\u00e9xico","publisher":{"@id":"https:\/\/elinformativotam.com\/#organization"},"potentialAction":[{"@type":"SearchAction","target":{"@type":"EntryPoint","urlTemplate":"https:\/\/elinformativotam.com\/?s={search_term_string}"},"query-input":{"@type":"PropertyValueSpecification","valueRequired":true,"valueName":"search_term_string"}}],"inLanguage":"es"},{"@type":"Organization","@id":"https:\/\/elinformativotam.com\/#organization","name":"EL INFORMATIVO DE TAMAULIPAS","url":"https:\/\/elinformativotam.com\/","logo":{"@type":"ImageObject","inLanguage":"es","@id":"https:\/\/elinformativotam.com\/#\/schema\/logo\/image\/","url":"https:\/\/elinformativotam.com\/wp-content\/uploads\/2026\/02\/Cabezal.png","contentUrl":"https:\/\/elinformativotam.com\/wp-content\/uploads\/2026\/02\/Cabezal.png","width":960,"height":640,"caption":"EL INFORMATIVO DE TAMAULIPAS"},"image":{"@id":"https:\/\/elinformativotam.com\/#\/schema\/logo\/image\/"}},{"@type":"Person","@id":"https:\/\/elinformativotam.com\/#\/schema\/person\/78e08040eed0f6110f0c5f83b6153590","name":"El Informativo Tam","image":{"@type":"ImageObject","inLanguage":"es","@id":"https:\/\/secure.gravatar.com\/avatar\/f3b7ad3af540688955925ac610647be00b0cf41feea9c4978b73a707ee86bc53?s=96&d=mm&r=g","url":"https:\/\/secure.gravatar.com\/avatar\/f3b7ad3af540688955925ac610647be00b0cf41feea9c4978b73a707ee86bc53?s=96&d=mm&r=g","contentUrl":"https:\/\/secure.gravatar.com\/avatar\/f3b7ad3af540688955925ac610647be00b0cf41feea9c4978b73a707ee86bc53?s=96&d=mm&r=g","caption":"El Informativo Tam"}}]}},"_links":{"self":[{"href":"https:\/\/elinformativotam.com\/index.php\/wp-json\/wp\/v2\/posts\/1447","targetHints":{"allow":["GET"]}}],"collection":[{"href":"https:\/\/elinformativotam.com\/index.php\/wp-json\/wp\/v2\/posts"}],"about":[{"href":"https:\/\/elinformativotam.com\/index.php\/wp-json\/wp\/v2\/types\/post"}],"author":[{"embeddable":true,"href":"https:\/\/elinformativotam.com\/index.php\/wp-json\/wp\/v2\/users\/1"}],"replies":[{"embeddable":true,"href":"https:\/\/elinformativotam.com\/index.php\/wp-json\/wp\/v2\/comments?post=1447"}],"version-history":[{"count":0,"href":"https:\/\/elinformativotam.com\/index.php\/wp-json\/wp\/v2\/posts\/1447\/revisions"}],"wp:attachment":[{"href":"https:\/\/elinformativotam.com\/index.php\/wp-json\/wp\/v2\/media?parent=1447"}],"wp:term":[{"taxonomy":"category","embeddable":true,"href":"https:\/\/elinformativotam.com\/index.php\/wp-json\/wp\/v2\/categories?post=1447"},{"taxonomy":"post_tag","embeddable":true,"href":"https:\/\/elinformativotam.com\/index.php\/wp-json\/wp\/v2\/tags?post=1447"}],"curies":[{"name":"wp","href":"https:\/\/api.w.org\/{rel}","templated":true}]}}