{"id":133,"date":"2019-10-07T19:48:48","date_gmt":"2019-10-08T01:48:48","guid":{"rendered":"http:\/\/elinformativotam.com\/?p=133"},"modified":"2019-10-07T19:55:24","modified_gmt":"2019-10-08T01:55:24","slug":"preparan-primer-informe-de-gobierno-innovador","status":"publish","type":"post","link":"https:\/\/elinformativotam.com\/index.php\/2019\/10\/07\/preparan-primer-informe-de-gobierno-innovador\/","title":{"rendered":"Preparan Primer Informe de Gobierno  \u2018innovador\u2019"},"content":{"rendered":"\n<p>El \u201cPrimer Informe de Gobierno\u201d del gobernador cuitl\u00e1huac Garc\u00eda Jim\u00e9nez ser\u00e1 innovador y contar\u00e1 con la informaci\u00f3n de la inter-relaci\u00f3n entre las acciones de las secretarias para resolver las problem\u00e1ticas de la entidad, adelant\u00f3 la titular del Programa de Gobierno Waltraud Mart\u00ednez Olvera.<\/p>\n\n\n\n<p>La funcionaria estatal manifest\u00f3 que a diferencia de los informes de otros gobernadores, en esta administraci\u00f3n se contar\u00e1 con anexo espec\u00edfico donde se incluir\u00e1n los avances de la Agenda 20\/30.<\/p>\n\n\n\n<p>\u201cVamos a integrar un peque\u00f1o anexo de la agenda 20\/30 con este sistema de seguimiento para poder dar objetivamente evidencia de los avances logrados, ahora no estaremos hablando de acciones segregadas, sino de la interrelaci\u00f3n de las secretar\u00edas para atender las problem\u00e1ticas. El Informe de Gobierno viene en otro esquema, m\u00e1s f\u00e1cil de leer\u201d, puntualiz\u00f3.<\/p>\n\n\n\n<p>Y es que adelant\u00f3 que se trabaja en el documento que de a conocer a la poblaci\u00f3n las acciones que lleva a cabo el Estado, mismas que generan un impacto positivo para la poblaci\u00f3n.<\/p>\n\n\n\n<p>\u201cQueremos entregar un informe con acciones de impacto, es decir vamos claramente a reportar que nos dicen los indicadores de las instancias externas a gobierno del Estado y en un an\u00e1lisis sobre las acciones que aqu\u00ed mismo se han hecho\u201d, detall\u00f3.<\/p>\n\n\n\n<p>Mart\u00ednez Olvera se\u00f1al\u00f3 que el \u201cPrimer Informe de Gobierno\u201d de la presente administraci\u00f3n, dejar\u00e1 atr\u00e1s la informaci\u00f3n operativa y se concretar\u00e1 en los datos que la poblaci\u00f3n quiere saber.<\/p>\n\n\n\n<p>\u201cEl esquema del Informe de Gobierno ser\u00e1 novedoso, es decir ven\u00edamos teniendo informes muy complejos de leer que nada m\u00e1s hablaban de acciones de un sector y demasiado operativas, que no necesitamos saber los ciudadanos, necesitamos saber cu\u00e1l es el impacto\u201d, apunt\u00f3.<\/p>\n\n\n\n<p>Es as\u00ed que se trabaja en coordinaci\u00f3n con todas las dependencias del Estado, para contar en tiempo y forma con la informaci\u00f3n para concluir el documento que se entregar\u00e1 el pr\u00f3ximo 15 de noviembre ante el Congreso local.<\/p>\n","protected":false},"excerpt":{"rendered":"<p>El \u201cPrimer Informe de Gobierno\u201d del gobernador cuitl\u00e1huac Garc\u00eda Jim\u00e9nez ser\u00e1 innovador y contar\u00e1 con la informaci\u00f3n de la inter-relaci\u00f3n&hellip;<\/p>\n","protected":false},"author":1,"featured_media":0,"comment_status":"open","ping_status":"open","sticky":false,"template":"","format":"standard","meta":{"footnotes":""},"categories":[7],"tags":[],"class_list":["post-133","post","type-post","status-publish","format-standard","hentry","category-nacional"],"yoast_head":"<!-- This site is optimized with the Yoast SEO plugin v27.5 - https:\/\/yoast.com\/product\/yoast-seo-wordpress\/ -->\n<title>Preparan Primer Informe de Gobierno \u2018innovador\u2019 - EL INFORMATIVO DE TAMAULIPAS<\/title>\n<meta name=\"description\" content=\"El \u201cPrimer Informe de Gobierno\u201d del gobernador cuitl\u00e1huac Garc\u00eda Jim\u00e9nez ser\u00e1 innovador y contar\u00e1 con la informaci\u00f3n de la inter-relaci\u00f3n entre las\" \/>\n<meta name=\"robots\" content=\"index, follow, max-snippet:-1, max-image-preview:large, max-video-preview:-1\" \/>\n<link rel=\"canonical\" href=\"https:\/\/elinformativotam.com\/index.php\/2019\/10\/07\/preparan-primer-informe-de-gobierno-innovador\/\" \/>\n<meta property=\"og:locale\" content=\"es_MX\" \/>\n<meta property=\"og:type\" content=\"article\" \/>\n<meta property=\"og:title\" content=\"Preparan Primer Informe de Gobierno \u2018innovador\u2019 - EL INFORMATIVO DE TAMAULIPAS\" \/>\n<meta property=\"og:description\" content=\"El \u201cPrimer Informe de Gobierno\u201d del gobernador cuitl\u00e1huac Garc\u00eda Jim\u00e9nez ser\u00e1 innovador y contar\u00e1 con la informaci\u00f3n de la inter-relaci\u00f3n entre las\" \/>\n<meta property=\"og:url\" content=\"https:\/\/elinformativotam.com\/index.php\/2019\/10\/07\/preparan-primer-informe-de-gobierno-innovador\/\" \/>\n<meta property=\"og:site_name\" content=\"EL INFORMATIVO DE TAMAULIPAS\" \/>\n<meta property=\"article:published_time\" content=\"2019-10-08T01:48:48+00:00\" \/>\n<meta property=\"article:modified_time\" content=\"2019-10-08T01:55:24+00:00\" \/>\n<meta name=\"author\" content=\"El Informativo Tam\" \/>\n<meta name=\"twitter:card\" content=\"summary_large_image\" \/>\n<meta name=\"twitter:label1\" content=\"Escrito por\" \/>\n\t<meta name=\"twitter:data1\" content=\"El Informativo Tam\" \/>\n\t<meta name=\"twitter:label2\" content=\"Tiempo de lectura\" \/>\n\t<meta name=\"twitter:data2\" content=\"2 minutos\" \/>\n<script type=\"application\/ld+json\" class=\"yoast-schema-graph\">{\"@context\":\"https:\\\/\\\/schema.org\",\"@graph\":[{\"@type\":\"Article\",\"@id\":\"https:\\\/\\\/elinformativotam.com\\\/index.php\\\/2019\\\/10\\\/07\\\/preparan-primer-informe-de-gobierno-innovador\\\/#article\",\"isPartOf\":{\"@id\":\"https:\\\/\\\/elinformativotam.com\\\/index.php\\\/2019\\\/10\\\/07\\\/preparan-primer-informe-de-gobierno-innovador\\\/\"},\"author\":{\"name\":\"El Informativo Tam\",\"@id\":\"https:\\\/\\\/elinformativotam.com\\\/#\\\/schema\\\/person\\\/78e08040eed0f6110f0c5f83b6153590\"},\"headline\":\"Preparan Primer Informe de Gobierno \u2018innovador\u2019\",\"datePublished\":\"2019-10-08T01:48:48+00:00\",\"dateModified\":\"2019-10-08T01:55:24+00:00\",\"mainEntityOfPage\":{\"@id\":\"https:\\\/\\\/elinformativotam.com\\\/index.php\\\/2019\\\/10\\\/07\\\/preparan-primer-informe-de-gobierno-innovador\\\/\"},\"wordCount\":346,\"commentCount\":0,\"publisher\":{\"@id\":\"https:\\\/\\\/elinformativotam.com\\\/#organization\"},\"articleSection\":[\"Nacional\"],\"inLanguage\":\"es\",\"potentialAction\":[{\"@type\":\"CommentAction\",\"name\":\"Comment\",\"target\":[\"https:\\\/\\\/elinformativotam.com\\\/index.php\\\/2019\\\/10\\\/07\\\/preparan-primer-informe-de-gobierno-innovador\\\/#respond\"]}]},{\"@type\":\"WebPage\",\"@id\":\"https:\\\/\\\/elinformativotam.com\\\/index.php\\\/2019\\\/10\\\/07\\\/preparan-primer-informe-de-gobierno-innovador\\\/\",\"url\":\"https:\\\/\\\/elinformativotam.com\\\/index.php\\\/2019\\\/10\\\/07\\\/preparan-primer-informe-de-gobierno-innovador\\\/\",\"name\":\"Preparan Primer Informe de Gobierno \u2018innovador\u2019 - EL INFORMATIVO DE TAMAULIPAS\",\"isPartOf\":{\"@id\":\"https:\\\/\\\/elinformativotam.com\\\/#website\"},\"datePublished\":\"2019-10-08T01:48:48+00:00\",\"dateModified\":\"2019-10-08T01:55:24+00:00\",\"description\":\"El \u201cPrimer Informe de Gobierno\u201d del gobernador cuitl\u00e1huac Garc\u00eda Jim\u00e9nez ser\u00e1 innovador y contar\u00e1 con la informaci\u00f3n de la inter-relaci\u00f3n entre las\",\"inLanguage\":\"es\",\"potentialAction\":[{\"@type\":\"ReadAction\",\"target\":[\"https:\\\/\\\/elinformativotam.com\\\/index.php\\\/2019\\\/10\\\/07\\\/preparan-primer-informe-de-gobierno-innovador\\\/\"]}]},{\"@type\":\"WebSite\",\"@id\":\"https:\\\/\\\/elinformativotam.com\\\/#website\",\"url\":\"https:\\\/\\\/elinformativotam.com\\\/\",\"name\":\"EL INFORMATIVO DE TAMAULIPAS\",\"description\":\"Desde la Zona Metropolitana Para Todo M\u00e9xico\",\"publisher\":{\"@id\":\"https:\\\/\\\/elinformativotam.com\\\/#organization\"},\"potentialAction\":[{\"@type\":\"SearchAction\",\"target\":{\"@type\":\"EntryPoint\",\"urlTemplate\":\"https:\\\/\\\/elinformativotam.com\\\/?s={search_term_string}\"},\"query-input\":{\"@type\":\"PropertyValueSpecification\",\"valueRequired\":true,\"valueName\":\"search_term_string\"}}],\"inLanguage\":\"es\"},{\"@type\":\"Organization\",\"@id\":\"https:\\\/\\\/elinformativotam.com\\\/#organization\",\"name\":\"EL INFORMATIVO DE TAMAULIPAS\",\"url\":\"https:\\\/\\\/elinformativotam.com\\\/\",\"logo\":{\"@type\":\"ImageObject\",\"inLanguage\":\"es\",\"@id\":\"https:\\\/\\\/elinformativotam.com\\\/#\\\/schema\\\/logo\\\/image\\\/\",\"url\":\"https:\\\/\\\/elinformativotam.com\\\/wp-content\\\/uploads\\\/2026\\\/02\\\/Cabezal.png\",\"contentUrl\":\"https:\\\/\\\/elinformativotam.com\\\/wp-content\\\/uploads\\\/2026\\\/02\\\/Cabezal.png\",\"width\":960,\"height\":640,\"caption\":\"EL INFORMATIVO DE TAMAULIPAS\"},\"image\":{\"@id\":\"https:\\\/\\\/elinformativotam.com\\\/#\\\/schema\\\/logo\\\/image\\\/\"}},{\"@type\":\"Person\",\"@id\":\"https:\\\/\\\/elinformativotam.com\\\/#\\\/schema\\\/person\\\/78e08040eed0f6110f0c5f83b6153590\",\"name\":\"El Informativo Tam\",\"image\":{\"@type\":\"ImageObject\",\"inLanguage\":\"es\",\"@id\":\"https:\\\/\\\/secure.gravatar.com\\\/avatar\\\/f3b7ad3af540688955925ac610647be00b0cf41feea9c4978b73a707ee86bc53?s=96&d=mm&r=g\",\"url\":\"https:\\\/\\\/secure.gravatar.com\\\/avatar\\\/f3b7ad3af540688955925ac610647be00b0cf41feea9c4978b73a707ee86bc53?s=96&d=mm&r=g\",\"contentUrl\":\"https:\\\/\\\/secure.gravatar.com\\\/avatar\\\/f3b7ad3af540688955925ac610647be00b0cf41feea9c4978b73a707ee86bc53?s=96&d=mm&r=g\",\"caption\":\"El Informativo Tam\"}}]}<\/script>\n<!-- \/ Yoast SEO plugin. -->","yoast_head_json":{"title":"Preparan Primer Informe de Gobierno \u2018innovador\u2019 - EL INFORMATIVO DE TAMAULIPAS","description":"El \u201cPrimer Informe de Gobierno\u201d del gobernador cuitl\u00e1huac Garc\u00eda Jim\u00e9nez ser\u00e1 innovador y contar\u00e1 con la informaci\u00f3n de la inter-relaci\u00f3n entre las","robots":{"index":"index","follow":"follow","max-snippet":"max-snippet:-1","max-image-preview":"max-image-preview:large","max-video-preview":"max-video-preview:-1"},"canonical":"https:\/\/elinformativotam.com\/index.php\/2019\/10\/07\/preparan-primer-informe-de-gobierno-innovador\/","og_locale":"es_MX","og_type":"article","og_title":"Preparan Primer Informe de Gobierno \u2018innovador\u2019 - EL INFORMATIVO DE TAMAULIPAS","og_description":"El \u201cPrimer Informe de Gobierno\u201d del gobernador cuitl\u00e1huac Garc\u00eda Jim\u00e9nez ser\u00e1 innovador y contar\u00e1 con la informaci\u00f3n de la inter-relaci\u00f3n entre las","og_url":"https:\/\/elinformativotam.com\/index.php\/2019\/10\/07\/preparan-primer-informe-de-gobierno-innovador\/","og_site_name":"EL INFORMATIVO DE TAMAULIPAS","article_published_time":"2019-10-08T01:48:48+00:00","article_modified_time":"2019-10-08T01:55:24+00:00","author":"El Informativo Tam","twitter_card":"summary_large_image","twitter_misc":{"Escrito por":"El Informativo Tam","Tiempo de lectura":"2 minutos"},"schema":{"@context":"https:\/\/schema.org","@graph":[{"@type":"Article","@id":"https:\/\/elinformativotam.com\/index.php\/2019\/10\/07\/preparan-primer-informe-de-gobierno-innovador\/#article","isPartOf":{"@id":"https:\/\/elinformativotam.com\/index.php\/2019\/10\/07\/preparan-primer-informe-de-gobierno-innovador\/"},"author":{"name":"El Informativo Tam","@id":"https:\/\/elinformativotam.com\/#\/schema\/person\/78e08040eed0f6110f0c5f83b6153590"},"headline":"Preparan Primer Informe de Gobierno \u2018innovador\u2019","datePublished":"2019-10-08T01:48:48+00:00","dateModified":"2019-10-08T01:55:24+00:00","mainEntityOfPage":{"@id":"https:\/\/elinformativotam.com\/index.php\/2019\/10\/07\/preparan-primer-informe-de-gobierno-innovador\/"},"wordCount":346,"commentCount":0,"publisher":{"@id":"https:\/\/elinformativotam.com\/#organization"},"articleSection":["Nacional"],"inLanguage":"es","potentialAction":[{"@type":"CommentAction","name":"Comment","target":["https:\/\/elinformativotam.com\/index.php\/2019\/10\/07\/preparan-primer-informe-de-gobierno-innovador\/#respond"]}]},{"@type":"WebPage","@id":"https:\/\/elinformativotam.com\/index.php\/2019\/10\/07\/preparan-primer-informe-de-gobierno-innovador\/","url":"https:\/\/elinformativotam.com\/index.php\/2019\/10\/07\/preparan-primer-informe-de-gobierno-innovador\/","name":"Preparan Primer Informe de Gobierno \u2018innovador\u2019 - EL INFORMATIVO DE TAMAULIPAS","isPartOf":{"@id":"https:\/\/elinformativotam.com\/#website"},"datePublished":"2019-10-08T01:48:48+00:00","dateModified":"2019-10-08T01:55:24+00:00","description":"El \u201cPrimer Informe de Gobierno\u201d del gobernador cuitl\u00e1huac Garc\u00eda Jim\u00e9nez ser\u00e1 innovador y contar\u00e1 con la informaci\u00f3n de la inter-relaci\u00f3n entre las","inLanguage":"es","potentialAction":[{"@type":"ReadAction","target":["https:\/\/elinformativotam.com\/index.php\/2019\/10\/07\/preparan-primer-informe-de-gobierno-innovador\/"]}]},{"@type":"WebSite","@id":"https:\/\/elinformativotam.com\/#website","url":"https:\/\/elinformativotam.com\/","name":"EL INFORMATIVO DE TAMAULIPAS","description":"Desde la Zona Metropolitana Para Todo M\u00e9xico","publisher":{"@id":"https:\/\/elinformativotam.com\/#organization"},"potentialAction":[{"@type":"SearchAction","target":{"@type":"EntryPoint","urlTemplate":"https:\/\/elinformativotam.com\/?s={search_term_string}"},"query-input":{"@type":"PropertyValueSpecification","valueRequired":true,"valueName":"search_term_string"}}],"inLanguage":"es"},{"@type":"Organization","@id":"https:\/\/elinformativotam.com\/#organization","name":"EL INFORMATIVO DE TAMAULIPAS","url":"https:\/\/elinformativotam.com\/","logo":{"@type":"ImageObject","inLanguage":"es","@id":"https:\/\/elinformativotam.com\/#\/schema\/logo\/image\/","url":"https:\/\/elinformativotam.com\/wp-content\/uploads\/2026\/02\/Cabezal.png","contentUrl":"https:\/\/elinformativotam.com\/wp-content\/uploads\/2026\/02\/Cabezal.png","width":960,"height":640,"caption":"EL INFORMATIVO DE TAMAULIPAS"},"image":{"@id":"https:\/\/elinformativotam.com\/#\/schema\/logo\/image\/"}},{"@type":"Person","@id":"https:\/\/elinformativotam.com\/#\/schema\/person\/78e08040eed0f6110f0c5f83b6153590","name":"El Informativo Tam","image":{"@type":"ImageObject","inLanguage":"es","@id":"https:\/\/secure.gravatar.com\/avatar\/f3b7ad3af540688955925ac610647be00b0cf41feea9c4978b73a707ee86bc53?s=96&d=mm&r=g","url":"https:\/\/secure.gravatar.com\/avatar\/f3b7ad3af540688955925ac610647be00b0cf41feea9c4978b73a707ee86bc53?s=96&d=mm&r=g","contentUrl":"https:\/\/secure.gravatar.com\/avatar\/f3b7ad3af540688955925ac610647be00b0cf41feea9c4978b73a707ee86bc53?s=96&d=mm&r=g","caption":"El Informativo Tam"}}]}},"_links":{"self":[{"href":"https:\/\/elinformativotam.com\/index.php\/wp-json\/wp\/v2\/posts\/133","targetHints":{"allow":["GET"]}}],"collection":[{"href":"https:\/\/elinformativotam.com\/index.php\/wp-json\/wp\/v2\/posts"}],"about":[{"href":"https:\/\/elinformativotam.com\/index.php\/wp-json\/wp\/v2\/types\/post"}],"author":[{"embeddable":true,"href":"https:\/\/elinformativotam.com\/index.php\/wp-json\/wp\/v2\/users\/1"}],"replies":[{"embeddable":true,"href":"https:\/\/elinformativotam.com\/index.php\/wp-json\/wp\/v2\/comments?post=133"}],"version-history":[{"count":0,"href":"https:\/\/elinformativotam.com\/index.php\/wp-json\/wp\/v2\/posts\/133\/revisions"}],"wp:attachment":[{"href":"https:\/\/elinformativotam.com\/index.php\/wp-json\/wp\/v2\/media?parent=133"}],"wp:term":[{"taxonomy":"category","embeddable":true,"href":"https:\/\/elinformativotam.com\/index.php\/wp-json\/wp\/v2\/categories?post=133"},{"taxonomy":"post_tag","embeddable":true,"href":"https:\/\/elinformativotam.com\/index.php\/wp-json\/wp\/v2\/tags?post=133"}],"curies":[{"name":"wp","href":"https:\/\/api.w.org\/{rel}","templated":true}]}}